{"id":2238,"date":"2023-11-12T14:49:42","date_gmt":"2023-11-12T17:49:42","guid":{"rendered":"https:\/\/www.odonto.ufmg.br\/teleodontologia\/?p=2238"},"modified":"2023-11-12T14:49:42","modified_gmt":"2023-11-12T17:49:42","slug":"perfil-dos-pacientes-com-necessidades-especiais-de-uma-clinica-de-odontopediatria","status":"publish","type":"post","link":"https:\/\/www.odonto.ufmg.br\/teleodontologia\/2023\/11\/12\/perfil-dos-pacientes-com-necessidades-especiais-de-uma-clinica-de-odontopediatria\/","title":{"rendered":"PERFIL DOS PACIENTES COM NECESSIDADES  ESPECIAIS DE UMA CL\u00cdNICA DE ODONTOPEDIATRIA"},"content":{"rendered":"<section  class='av_textblock_section av-6ik6xa-68009e3dff63a63d924efdfc87e0e2ea '   itemscope=\"itemscope\" itemtype=\"https:\/\/schema.org\/BlogPosting\" itemprop=\"blogPost\" ><div class='avia_textblock'  itemprop=\"text\" ><p>Pacientes com necessidades especiais (PNE) s\u00e3o indiv\u00edduos que apresentam altera\u00e7\u00f5es mentais, f\u00edsicas, org\u00e2nicas, sociais e\/ou comportamentais e necessitam de atendimento diferenciado por um per\u00edodo ou por toda sua vida, estabelecendo, desta maneira, o direito a uma vida digna. Em 2001, o Conselho Federal de Odontologia (CFO), na resolu\u00e7\u00e3o 22, reconheceu a Odontologia para Pacientes com Necessidades Especiais como a especialidade que tem por objetivo o diagn\u00f3stico, a preven\u00e7\u00e3o, o tratamento e o controle dos problemas de sa\u00fade bucal dos pacientes que apresentam uma complexidade no sistema biol\u00f3gico e\/ou psicol\u00f3gico e\/ou social, bem como percep\u00e7\u00e3o e atua\u00e7\u00e3o dentro de uma estrutura transdisciplinar com outros profissionais de sa\u00fade e de \u00e1reas correlatas.<\/p>\n<\/div><\/section>\n<section  class='av_textblock_section av-3siqqm-3138b5d3a4186d9bb5483e42953781bf '   itemscope=\"itemscope\" itemtype=\"https:\/\/schema.org\/BlogPosting\" itemprop=\"blogPost\" ><div class='avia_textblock'  itemprop=\"text\" ><p>Se estiver com problemas para visualizar o arquivo,\u00a0<a href=\"https:\/\/www.odonto.ufmg.br\/teleodontologia\/wp-content\/uploads\/sites\/24\/2023\/11\/perfil-dos-pacientes-com-necessidades-especiais-de-uma-clinica-de-odontopediatria.pdf\" target=\"_blank\" rel=\"nofollow noopener\">clique aqui<\/a><\/p>\n<\/div><\/section>\n<section  class='av_textblock_section av-2hsfgu-940e0f4276d30a1c2843b5f1398dab89 '   itemscope=\"itemscope\" itemtype=\"https:\/\/schema.org\/BlogPosting\" itemprop=\"blogPost\" ><div class='avia_textblock'  itemprop=\"text\" ><\/div><\/section>\n","protected":false},"excerpt":{"rendered":"","protected":false},"author":21,"featured_media":0,"comment_status":"closed","ping_status":"closed","sticky":false,"template":"","format":"standard","meta":{"inline_featured_image":false,"footnotes":""},"categories":[19],"tags":[],"class_list":["post-2238","post","type-post","status-publish","format-standard","hentry","category-artigos"],"yoast_head":"<!-- This site is optimized with the Yoast SEO plugin v27.5 - https:\/\/yoast.com\/product\/yoast-seo-wordpress\/ -->\n<title>PERFIL DOS PACIENTES COM NECESSIDADES ESPECIAIS DE UMA CL\u00cdNICA DE ODONTOPEDIATRIA - Projeto Teleodontologia<\/title>\n<meta name=\"robots\" content=\"index, follow, max-snippet:-1, max-image-preview:large, max-video-preview:-1\" \/>\n<link rel=\"canonical\" href=\"https:\/\/www.odonto.ufmg.br\/teleodontologia\/2023\/11\/12\/perfil-dos-pacientes-com-necessidades-especiais-de-uma-clinica-de-odontopediatria\/\" \/>\n<meta property=\"og:locale\" content=\"pt_BR\" \/>\n<meta property=\"og:type\" content=\"article\" \/>\n<meta property=\"og:title\" content=\"PERFIL DOS PACIENTES COM NECESSIDADES ESPECIAIS DE UMA CL\u00cdNICA DE ODONTOPEDIATRIA - Projeto Teleodontologia\" \/>\n<meta property=\"og:url\" content=\"https:\/\/www.odonto.ufmg.br\/teleodontologia\/2023\/11\/12\/perfil-dos-pacientes-com-necessidades-especiais-de-uma-clinica-de-odontopediatria\/\" \/>\n<meta property=\"og:site_name\" content=\"Projeto Teleodontologia\" \/>\n<meta property=\"article:published_time\" content=\"2023-11-12T17:49:42+00:00\" \/>\n<meta name=\"author\" content=\"teleodonto\" \/>\n<meta name=\"twitter:card\" content=\"summary_large_image\" \/>\n<meta name=\"twitter:label1\" content=\"Escrito por\" \/>\n\t<meta name=\"twitter:data1\" content=\"teleodonto\" \/>\n\t<meta name=\"twitter:label2\" content=\"Est. tempo de leitura\" \/>\n\t<meta name=\"twitter:data2\" content=\"1 minuto\" \/>\n<script type=\"application\/ld+json\" class=\"yoast-schema-graph\">{\"@context\":\"https:\\\/\\\/schema.org\",\"@graph\":[{\"@type\":\"Article\",\"@id\":\"https:\\\/\\\/www.odonto.ufmg.br\\\/teleodontologia\\\/2023\\\/11\\\/12\\\/perfil-dos-pacientes-com-necessidades-especiais-de-uma-clinica-de-odontopediatria\\\/#article\",\"isPartOf\":{\"@id\":\"https:\\\/\\\/www.odonto.ufmg.br\\\/teleodontologia\\\/2023\\\/11\\\/12\\\/perfil-dos-pacientes-com-necessidades-especiais-de-uma-clinica-de-odontopediatria\\\/\"},\"author\":{\"name\":\"teleodonto\",\"@id\":\"https:\\\/\\\/www.odonto.ufmg.br\\\/teleodontologia\\\/#\\\/schema\\\/person\\\/7ea5ee2775c4328ec297649f96d048be\"},\"headline\":\"PERFIL DOS PACIENTES COM NECESSIDADES ESPECIAIS DE UMA CL\u00cdNICA DE ODONTOPEDIATRIA\",\"datePublished\":\"2023-11-12T17:49:42+00:00\",\"mainEntityOfPage\":{\"@id\":\"https:\\\/\\\/www.odonto.ufmg.br\\\/teleodontologia\\\/2023\\\/11\\\/12\\\/perfil-dos-pacientes-com-necessidades-especiais-de-uma-clinica-de-odontopediatria\\\/\"},\"wordCount\":257,\"articleSection\":[\"artigos\"],\"inLanguage\":\"pt-BR\"},{\"@type\":\"WebPage\",\"@id\":\"https:\\\/\\\/www.odonto.ufmg.br\\\/teleodontologia\\\/2023\\\/11\\\/12\\\/perfil-dos-pacientes-com-necessidades-especiais-de-uma-clinica-de-odontopediatria\\\/\",\"url\":\"https:\\\/\\\/www.odonto.ufmg.br\\\/teleodontologia\\\/2023\\\/11\\\/12\\\/perfil-dos-pacientes-com-necessidades-especiais-de-uma-clinica-de-odontopediatria\\\/\",\"name\":\"PERFIL DOS PACIENTES COM NECESSIDADES ESPECIAIS DE UMA CL\u00cdNICA DE ODONTOPEDIATRIA - Projeto Teleodontologia\",\"isPartOf\":{\"@id\":\"https:\\\/\\\/www.odonto.ufmg.br\\\/teleodontologia\\\/#website\"},\"datePublished\":\"2023-11-12T17:49:42+00:00\",\"author\":{\"@id\":\"https:\\\/\\\/www.odonto.ufmg.br\\\/teleodontologia\\\/#\\\/schema\\\/person\\\/7ea5ee2775c4328ec297649f96d048be\"},\"breadcrumb\":{\"@id\":\"https:\\\/\\\/www.odonto.ufmg.br\\\/teleodontologia\\\/2023\\\/11\\\/12\\\/perfil-dos-pacientes-com-necessidades-especiais-de-uma-clinica-de-odontopediatria\\\/#breadcrumb\"},\"inLanguage\":\"pt-BR\",\"potentialAction\":[{\"@type\":\"ReadAction\",\"target\":[\"https:\\\/\\\/www.odonto.ufmg.br\\\/teleodontologia\\\/2023\\\/11\\\/12\\\/perfil-dos-pacientes-com-necessidades-especiais-de-uma-clinica-de-odontopediatria\\\/\"]}]},{\"@type\":\"BreadcrumbList\",\"@id\":\"https:\\\/\\\/www.odonto.ufmg.br\\\/teleodontologia\\\/2023\\\/11\\\/12\\\/perfil-dos-pacientes-com-necessidades-especiais-de-uma-clinica-de-odontopediatria\\\/#breadcrumb\",\"itemListElement\":[{\"@type\":\"ListItem\",\"position\":1,\"name\":\"In\u00edcio\",\"item\":\"https:\\\/\\\/www.odonto.ufmg.br\\\/teleodontologia\\\/home\\\/\"},{\"@type\":\"ListItem\",\"position\":2,\"name\":\"PERFIL DOS PACIENTES COM NECESSIDADES ESPECIAIS DE UMA CL\u00cdNICA DE ODONTOPEDIATRIA\"}]},{\"@type\":\"WebSite\",\"@id\":\"https:\\\/\\\/www.odonto.ufmg.br\\\/teleodontologia\\\/#website\",\"url\":\"https:\\\/\\\/www.odonto.ufmg.br\\\/teleodontologia\\\/\",\"name\":\"Projeto Teleodontologia\",\"description\":\"Biblioteca Virtual\",\"potentialAction\":[{\"@type\":\"SearchAction\",\"target\":{\"@type\":\"EntryPoint\",\"urlTemplate\":\"https:\\\/\\\/www.odonto.ufmg.br\\\/teleodontologia\\\/?s={search_term_string}\"},\"query-input\":{\"@type\":\"PropertyValueSpecification\",\"valueRequired\":true,\"valueName\":\"search_term_string\"}}],\"inLanguage\":\"pt-BR\"},{\"@type\":\"Person\",\"@id\":\"https:\\\/\\\/www.odonto.ufmg.br\\\/teleodontologia\\\/#\\\/schema\\\/person\\\/7ea5ee2775c4328ec297649f96d048be\",\"name\":\"teleodonto\",\"image\":{\"@type\":\"ImageObject\",\"inLanguage\":\"pt-BR\",\"@id\":\"https:\\\/\\\/secure.gravatar.com\\\/avatar\\\/8367645bd90e7b27a4b23ac613cbeff25c9fa8027ff81c8d24437078cd6ff8dc?s=96&d=mm&r=g\",\"url\":\"https:\\\/\\\/secure.gravatar.com\\\/avatar\\\/8367645bd90e7b27a4b23ac613cbeff25c9fa8027ff81c8d24437078cd6ff8dc?s=96&d=mm&r=g\",\"contentUrl\":\"https:\\\/\\\/secure.gravatar.com\\\/avatar\\\/8367645bd90e7b27a4b23ac613cbeff25c9fa8027ff81c8d24437078cd6ff8dc?s=96&d=mm&r=g\",\"caption\":\"teleodonto\"},\"url\":\"https:\\\/\\\/www.odonto.ufmg.br\\\/teleodontologia\\\/author\\\/teleodonto\\\/\"}]}<\/script>\n<!-- \/ Yoast SEO plugin. -->","yoast_head_json":{"title":"PERFIL DOS PACIENTES COM NECESSIDADES ESPECIAIS DE UMA CL\u00cdNICA DE ODONTOPEDIATRIA - Projeto Teleodontologia","robots":{"index":"index","follow":"follow","max-snippet":"max-snippet:-1","max-image-preview":"max-image-preview:large","max-video-preview":"max-video-preview:-1"},"canonical":"https:\/\/www.odonto.ufmg.br\/teleodontologia\/2023\/11\/12\/perfil-dos-pacientes-com-necessidades-especiais-de-uma-clinica-de-odontopediatria\/","og_locale":"pt_BR","og_type":"article","og_title":"PERFIL DOS PACIENTES COM NECESSIDADES ESPECIAIS DE UMA CL\u00cdNICA DE ODONTOPEDIATRIA - Projeto Teleodontologia","og_url":"https:\/\/www.odonto.ufmg.br\/teleodontologia\/2023\/11\/12\/perfil-dos-pacientes-com-necessidades-especiais-de-uma-clinica-de-odontopediatria\/","og_site_name":"Projeto Teleodontologia","article_published_time":"2023-11-12T17:49:42+00:00","author":"teleodonto","twitter_card":"summary_large_image","twitter_misc":{"Escrito por":"teleodonto","Est. tempo de leitura":"1 minuto"},"schema":{"@context":"https:\/\/schema.org","@graph":[{"@type":"Article","@id":"https:\/\/www.odonto.ufmg.br\/teleodontologia\/2023\/11\/12\/perfil-dos-pacientes-com-necessidades-especiais-de-uma-clinica-de-odontopediatria\/#article","isPartOf":{"@id":"https:\/\/www.odonto.ufmg.br\/teleodontologia\/2023\/11\/12\/perfil-dos-pacientes-com-necessidades-especiais-de-uma-clinica-de-odontopediatria\/"},"author":{"name":"teleodonto","@id":"https:\/\/www.odonto.ufmg.br\/teleodontologia\/#\/schema\/person\/7ea5ee2775c4328ec297649f96d048be"},"headline":"PERFIL DOS PACIENTES COM NECESSIDADES ESPECIAIS DE UMA CL\u00cdNICA DE ODONTOPEDIATRIA","datePublished":"2023-11-12T17:49:42+00:00","mainEntityOfPage":{"@id":"https:\/\/www.odonto.ufmg.br\/teleodontologia\/2023\/11\/12\/perfil-dos-pacientes-com-necessidades-especiais-de-uma-clinica-de-odontopediatria\/"},"wordCount":257,"articleSection":["artigos"],"inLanguage":"pt-BR"},{"@type":"WebPage","@id":"https:\/\/www.odonto.ufmg.br\/teleodontologia\/2023\/11\/12\/perfil-dos-pacientes-com-necessidades-especiais-de-uma-clinica-de-odontopediatria\/","url":"https:\/\/www.odonto.ufmg.br\/teleodontologia\/2023\/11\/12\/perfil-dos-pacientes-com-necessidades-especiais-de-uma-clinica-de-odontopediatria\/","name":"PERFIL DOS PACIENTES COM NECESSIDADES ESPECIAIS DE UMA CL\u00cdNICA DE ODONTOPEDIATRIA - Projeto Teleodontologia","isPartOf":{"@id":"https:\/\/www.odonto.ufmg.br\/teleodontologia\/#website"},"datePublished":"2023-11-12T17:49:42+00:00","author":{"@id":"https:\/\/www.odonto.ufmg.br\/teleodontologia\/#\/schema\/person\/7ea5ee2775c4328ec297649f96d048be"},"breadcrumb":{"@id":"https:\/\/www.odonto.ufmg.br\/teleodontologia\/2023\/11\/12\/perfil-dos-pacientes-com-necessidades-especiais-de-uma-clinica-de-odontopediatria\/#breadcrumb"},"inLanguage":"pt-BR","potentialAction":[{"@type":"ReadAction","target":["https:\/\/www.odonto.ufmg.br\/teleodontologia\/2023\/11\/12\/perfil-dos-pacientes-com-necessidades-especiais-de-uma-clinica-de-odontopediatria\/"]}]},{"@type":"BreadcrumbList","@id":"https:\/\/www.odonto.ufmg.br\/teleodontologia\/2023\/11\/12\/perfil-dos-pacientes-com-necessidades-especiais-de-uma-clinica-de-odontopediatria\/#breadcrumb","itemListElement":[{"@type":"ListItem","position":1,"name":"In\u00edcio","item":"https:\/\/www.odonto.ufmg.br\/teleodontologia\/home\/"},{"@type":"ListItem","position":2,"name":"PERFIL DOS PACIENTES COM NECESSIDADES ESPECIAIS DE UMA CL\u00cdNICA DE ODONTOPEDIATRIA"}]},{"@type":"WebSite","@id":"https:\/\/www.odonto.ufmg.br\/teleodontologia\/#website","url":"https:\/\/www.odonto.ufmg.br\/teleodontologia\/","name":"Projeto Teleodontologia","description":"Biblioteca Virtual","potentialAction":[{"@type":"SearchAction","target":{"@type":"EntryPoint","urlTemplate":"https:\/\/www.odonto.ufmg.br\/teleodontologia\/?s={search_term_string}"},"query-input":{"@type":"PropertyValueSpecification","valueRequired":true,"valueName":"search_term_string"}}],"inLanguage":"pt-BR"},{"@type":"Person","@id":"https:\/\/www.odonto.ufmg.br\/teleodontologia\/#\/schema\/person\/7ea5ee2775c4328ec297649f96d048be","name":"teleodonto","image":{"@type":"ImageObject","inLanguage":"pt-BR","@id":"https:\/\/secure.gravatar.com\/avatar\/8367645bd90e7b27a4b23ac613cbeff25c9fa8027ff81c8d24437078cd6ff8dc?s=96&d=mm&r=g","url":"https:\/\/secure.gravatar.com\/avatar\/8367645bd90e7b27a4b23ac613cbeff25c9fa8027ff81c8d24437078cd6ff8dc?s=96&d=mm&r=g","contentUrl":"https:\/\/secure.gravatar.com\/avatar\/8367645bd90e7b27a4b23ac613cbeff25c9fa8027ff81c8d24437078cd6ff8dc?s=96&d=mm&r=g","caption":"teleodonto"},"url":"https:\/\/www.odonto.ufmg.br\/teleodontologia\/author\/teleodonto\/"}]}},"_links":{"self":[{"href":"https:\/\/www.odonto.ufmg.br\/teleodontologia\/wp-json\/wp\/v2\/posts\/2238","targetHints":{"allow":["GET"]}}],"collection":[{"href":"https:\/\/www.odonto.ufmg.br\/teleodontologia\/wp-json\/wp\/v2\/posts"}],"about":[{"href":"https:\/\/www.odonto.ufmg.br\/teleodontologia\/wp-json\/wp\/v2\/types\/post"}],"author":[{"embeddable":true,"href":"https:\/\/www.odonto.ufmg.br\/teleodontologia\/wp-json\/wp\/v2\/users\/21"}],"replies":[{"embeddable":true,"href":"https:\/\/www.odonto.ufmg.br\/teleodontologia\/wp-json\/wp\/v2\/comments?post=2238"}],"version-history":[{"count":3,"href":"https:\/\/www.odonto.ufmg.br\/teleodontologia\/wp-json\/wp\/v2\/posts\/2238\/revisions"}],"predecessor-version":[{"id":2243,"href":"https:\/\/www.odonto.ufmg.br\/teleodontologia\/wp-json\/wp\/v2\/posts\/2238\/revisions\/2243"}],"wp:attachment":[{"href":"https:\/\/www.odonto.ufmg.br\/teleodontologia\/wp-json\/wp\/v2\/media?parent=2238"}],"wp:term":[{"taxonomy":"category","embeddable":true,"href":"https:\/\/www.odonto.ufmg.br\/teleodontologia\/wp-json\/wp\/v2\/categories?post=2238"},{"taxonomy":"post_tag","embeddable":true,"href":"https:\/\/www.odonto.ufmg.br\/teleodontologia\/wp-json\/wp\/v2\/tags?post=2238"}],"curies":[{"name":"wp","href":"https:\/\/api.w.org\/{rel}","templated":true}]}}