{"id":2229,"date":"2023-10-28T17:45:31","date_gmt":"2023-10-28T20:45:31","guid":{"rendered":"https:\/\/www.odonto.ufmg.br\/teleodontologia\/?p=2229"},"modified":"2023-10-28T17:45:31","modified_gmt":"2023-10-28T20:45:31","slug":"uma-analise-critica-dos-sistemas-de-classificacao-sobre-o-bruxismo-implicacoes-com-o-diagnostico-severidade-e-tratamento-dos-sinais-e-sintomas-de-dtm-associados-com-o-habito","status":"publish","type":"post","link":"https:\/\/www.odonto.ufmg.br\/teleodontologia\/2023\/10\/28\/uma-analise-critica-dos-sistemas-de-classificacao-sobre-o-bruxismo-implicacoes-com-o-diagnostico-severidade-e-tratamento-dos-sinais-e-sintomas-de-dtm-associados-com-o-habito\/","title":{"rendered":"Uma an\u00e1lise cr\u00edtica dos sistemas  de classifica\u00e7\u00e3o sobre o bruxismo:  implica\u00e7\u00f5es com o diagn\u00f3stico, severidade  e tratamento dos sinais e sintomas de  DTM associados com o h\u00e1bito"},"content":{"rendered":"<section  class='av_textblock_section av-loaifm0w-dfc244d5014bcadac325c1b2e9708164 '   itemscope=\"itemscope\" itemtype=\"https:\/\/schema.org\/BlogPosting\" itemprop=\"blogPost\" ><div class='avia_textblock'  itemprop=\"text\" ><p>A finalidade desta pesquisa foi revisar os sistemas de classifica\u00e7\u00e3o do bruxismo e verificar os sistemas mais interessantes em termos de aplica\u00e7\u00f5es cl\u00ednicas. A literatura dos \u00faltimos 35 anos foi revisada e os sistemas de classifica\u00e7\u00e3o mais completos foram examinados. Os resultados indicam que os sistemas de classifica\u00e7\u00e3o avaliados neste contexto analisaram principalmente o bruxismo relacionado com fatores da personalidade (bruxismo com tens\u00e3o, bruxismo sem tens\u00e3o), a parte do dia em que ocorre (bruxismo diurno e bruxismo noturno), a severidade com base na avalia\u00e7\u00e3o eletromiogr\u00e1fica (bruxismo severo e bruxismo menos severo), a severidade do bruxismo e fatore psicol\u00f3gicos (bruxismo ao dormir, bruxismo destrutivo e bruxismo com depress\u00e3o), a presen\u00e7a ou aus\u00eancia de dor (bruxismo com dor e bruxismo sem dor) e, finalmente, a associa\u00e7\u00e3o do h\u00e1bito com o n\u00famero de sinais e sintomas (bruxismo leve, moderado e severo).<\/p>\n<\/div><\/section>\n<section  class='av_textblock_section av-loaigfr8-fcb96f2977aa0d53f1a29aff3b27c4ad '   itemscope=\"itemscope\" itemtype=\"https:\/\/schema.org\/BlogPosting\" itemprop=\"blogPost\" ><div class='avia_textblock'  itemprop=\"text\" ><p>Se estiver com problemas para visualizar o arquivo,\u00a0<a href=\"https:\/\/www.odonto.ufmg.br\/teleodontologia\/wp-content\/uploads\/sites\/24\/2023\/10\/Uma-Analise-Critica-Dos-Sistemas-De-Classificacao-Sobre-O-Bruxismo_2002.pdf\" target=\"_blank\" rel=\"nofollow noopener\">clique aqui<\/a><\/p>\n<\/div><\/section>\n<section  class='av_textblock_section av-loaih94w-b688d2d4a6daa5941676b13d77666848 '   itemscope=\"itemscope\" itemtype=\"https:\/\/schema.org\/BlogPosting\" itemprop=\"blogPost\" ><div class='avia_textblock'  itemprop=\"text\" ><\/div><\/section>\n","protected":false},"excerpt":{"rendered":"","protected":false},"author":21,"featured_media":0,"comment_status":"closed","ping_status":"closed","sticky":false,"template":"","format":"standard","meta":{"inline_featured_image":false,"footnotes":""},"categories":[19],"tags":[],"class_list":["post-2229","post","type-post","status-publish","format-standard","hentry","category-artigos"],"yoast_head":"<!-- This site is optimized with the Yoast SEO plugin v27.5 - https:\/\/yoast.com\/product\/yoast-seo-wordpress\/ -->\n<title>Uma an\u00e1lise cr\u00edtica dos sistemas de classifica\u00e7\u00e3o sobre o bruxismo: implica\u00e7\u00f5es com o diagn\u00f3stico, severidade e tratamento dos sinais e sintomas de DTM associados com o h\u00e1bito - Projeto Teleodontologia<\/title>\n<meta name=\"robots\" content=\"index, follow, max-snippet:-1, max-image-preview:large, max-video-preview:-1\" \/>\n<link rel=\"canonical\" href=\"https:\/\/www.odonto.ufmg.br\/teleodontologia\/2023\/10\/28\/uma-analise-critica-dos-sistemas-de-classificacao-sobre-o-bruxismo-implicacoes-com-o-diagnostico-severidade-e-tratamento-dos-sinais-e-sintomas-de-dtm-associados-com-o-habito\/\" \/>\n<meta property=\"og:locale\" content=\"pt_BR\" \/>\n<meta property=\"og:type\" content=\"article\" \/>\n<meta property=\"og:title\" content=\"Uma an\u00e1lise cr\u00edtica dos sistemas de classifica\u00e7\u00e3o sobre o bruxismo: implica\u00e7\u00f5es com o diagn\u00f3stico, severidade e tratamento dos sinais e sintomas de DTM associados com o h\u00e1bito - Projeto Teleodontologia\" \/>\n<meta property=\"og:url\" content=\"https:\/\/www.odonto.ufmg.br\/teleodontologia\/2023\/10\/28\/uma-analise-critica-dos-sistemas-de-classificacao-sobre-o-bruxismo-implicacoes-com-o-diagnostico-severidade-e-tratamento-dos-sinais-e-sintomas-de-dtm-associados-com-o-habito\/\" \/>\n<meta property=\"og:site_name\" content=\"Projeto Teleodontologia\" \/>\n<meta property=\"article:published_time\" content=\"2023-10-28T20:45:31+00:00\" \/>\n<meta name=\"author\" content=\"teleodonto\" \/>\n<meta name=\"twitter:card\" content=\"summary_large_image\" \/>\n<meta name=\"twitter:label1\" content=\"Escrito por\" \/>\n\t<meta name=\"twitter:data1\" content=\"teleodonto\" \/>\n\t<meta name=\"twitter:label2\" content=\"Est. tempo de leitura\" \/>\n\t<meta name=\"twitter:data2\" content=\"2 minutos\" \/>\n<script type=\"application\/ld+json\" class=\"yoast-schema-graph\">{\"@context\":\"https:\\\/\\\/schema.org\",\"@graph\":[{\"@type\":\"Article\",\"@id\":\"https:\\\/\\\/www.odonto.ufmg.br\\\/teleodontologia\\\/2023\\\/10\\\/28\\\/uma-analise-critica-dos-sistemas-de-classificacao-sobre-o-bruxismo-implicacoes-com-o-diagnostico-severidade-e-tratamento-dos-sinais-e-sintomas-de-dtm-associados-com-o-habito\\\/#article\",\"isPartOf\":{\"@id\":\"https:\\\/\\\/www.odonto.ufmg.br\\\/teleodontologia\\\/2023\\\/10\\\/28\\\/uma-analise-critica-dos-sistemas-de-classificacao-sobre-o-bruxismo-implicacoes-com-o-diagnostico-severidade-e-tratamento-dos-sinais-e-sintomas-de-dtm-associados-com-o-habito\\\/\"},\"author\":{\"name\":\"teleodonto\",\"@id\":\"https:\\\/\\\/www.odonto.ufmg.br\\\/teleodontologia\\\/#\\\/schema\\\/person\\\/7ea5ee2775c4328ec297649f96d048be\"},\"headline\":\"Uma an\u00e1lise cr\u00edtica dos sistemas de classifica\u00e7\u00e3o sobre o bruxismo: implica\u00e7\u00f5es com o diagn\u00f3stico, severidade e tratamento dos sinais e sintomas de DTM associados com o h\u00e1bito\",\"datePublished\":\"2023-10-28T20:45:31+00:00\",\"mainEntityOfPage\":{\"@id\":\"https:\\\/\\\/www.odonto.ufmg.br\\\/teleodontologia\\\/2023\\\/10\\\/28\\\/uma-analise-critica-dos-sistemas-de-classificacao-sobre-o-bruxismo-implicacoes-com-o-diagnostico-severidade-e-tratamento-dos-sinais-e-sintomas-de-dtm-associados-com-o-habito\\\/\"},\"wordCount\":303,\"articleSection\":[\"artigos\"],\"inLanguage\":\"pt-BR\"},{\"@type\":\"WebPage\",\"@id\":\"https:\\\/\\\/www.odonto.ufmg.br\\\/teleodontologia\\\/2023\\\/10\\\/28\\\/uma-analise-critica-dos-sistemas-de-classificacao-sobre-o-bruxismo-implicacoes-com-o-diagnostico-severidade-e-tratamento-dos-sinais-e-sintomas-de-dtm-associados-com-o-habito\\\/\",\"url\":\"https:\\\/\\\/www.odonto.ufmg.br\\\/teleodontologia\\\/2023\\\/10\\\/28\\\/uma-analise-critica-dos-sistemas-de-classificacao-sobre-o-bruxismo-implicacoes-com-o-diagnostico-severidade-e-tratamento-dos-sinais-e-sintomas-de-dtm-associados-com-o-habito\\\/\",\"name\":\"Uma an\u00e1lise cr\u00edtica dos sistemas de classifica\u00e7\u00e3o sobre o bruxismo: implica\u00e7\u00f5es com o diagn\u00f3stico, severidade e tratamento dos sinais e sintomas de DTM associados com o h\u00e1bito - Projeto Teleodontologia\",\"isPartOf\":{\"@id\":\"https:\\\/\\\/www.odonto.ufmg.br\\\/teleodontologia\\\/#website\"},\"datePublished\":\"2023-10-28T20:45:31+00:00\",\"author\":{\"@id\":\"https:\\\/\\\/www.odonto.ufmg.br\\\/teleodontologia\\\/#\\\/schema\\\/person\\\/7ea5ee2775c4328ec297649f96d048be\"},\"breadcrumb\":{\"@id\":\"https:\\\/\\\/www.odonto.ufmg.br\\\/teleodontologia\\\/2023\\\/10\\\/28\\\/uma-analise-critica-dos-sistemas-de-classificacao-sobre-o-bruxismo-implicacoes-com-o-diagnostico-severidade-e-tratamento-dos-sinais-e-sintomas-de-dtm-associados-com-o-habito\\\/#breadcrumb\"},\"inLanguage\":\"pt-BR\",\"potentialAction\":[{\"@type\":\"ReadAction\",\"target\":[\"https:\\\/\\\/www.odonto.ufmg.br\\\/teleodontologia\\\/2023\\\/10\\\/28\\\/uma-analise-critica-dos-sistemas-de-classificacao-sobre-o-bruxismo-implicacoes-com-o-diagnostico-severidade-e-tratamento-dos-sinais-e-sintomas-de-dtm-associados-com-o-habito\\\/\"]}]},{\"@type\":\"BreadcrumbList\",\"@id\":\"https:\\\/\\\/www.odonto.ufmg.br\\\/teleodontologia\\\/2023\\\/10\\\/28\\\/uma-analise-critica-dos-sistemas-de-classificacao-sobre-o-bruxismo-implicacoes-com-o-diagnostico-severidade-e-tratamento-dos-sinais-e-sintomas-de-dtm-associados-com-o-habito\\\/#breadcrumb\",\"itemListElement\":[{\"@type\":\"ListItem\",\"position\":1,\"name\":\"In\u00edcio\",\"item\":\"https:\\\/\\\/www.odonto.ufmg.br\\\/teleodontologia\\\/home\\\/\"},{\"@type\":\"ListItem\",\"position\":2,\"name\":\"Uma an\u00e1lise cr\u00edtica dos sistemas de classifica\u00e7\u00e3o sobre o bruxismo: implica\u00e7\u00f5es com o diagn\u00f3stico, severidade e tratamento dos sinais e sintomas de DTM associados com o h\u00e1bito\"}]},{\"@type\":\"WebSite\",\"@id\":\"https:\\\/\\\/www.odonto.ufmg.br\\\/teleodontologia\\\/#website\",\"url\":\"https:\\\/\\\/www.odonto.ufmg.br\\\/teleodontologia\\\/\",\"name\":\"Projeto Teleodontologia\",\"description\":\"Biblioteca Virtual\",\"potentialAction\":[{\"@type\":\"SearchAction\",\"target\":{\"@type\":\"EntryPoint\",\"urlTemplate\":\"https:\\\/\\\/www.odonto.ufmg.br\\\/teleodontologia\\\/?s={search_term_string}\"},\"query-input\":{\"@type\":\"PropertyValueSpecification\",\"valueRequired\":true,\"valueName\":\"search_term_string\"}}],\"inLanguage\":\"pt-BR\"},{\"@type\":\"Person\",\"@id\":\"https:\\\/\\\/www.odonto.ufmg.br\\\/teleodontologia\\\/#\\\/schema\\\/person\\\/7ea5ee2775c4328ec297649f96d048be\",\"name\":\"teleodonto\",\"image\":{\"@type\":\"ImageObject\",\"inLanguage\":\"pt-BR\",\"@id\":\"https:\\\/\\\/secure.gravatar.com\\\/avatar\\\/8367645bd90e7b27a4b23ac613cbeff25c9fa8027ff81c8d24437078cd6ff8dc?s=96&d=mm&r=g\",\"url\":\"https:\\\/\\\/secure.gravatar.com\\\/avatar\\\/8367645bd90e7b27a4b23ac613cbeff25c9fa8027ff81c8d24437078cd6ff8dc?s=96&d=mm&r=g\",\"contentUrl\":\"https:\\\/\\\/secure.gravatar.com\\\/avatar\\\/8367645bd90e7b27a4b23ac613cbeff25c9fa8027ff81c8d24437078cd6ff8dc?s=96&d=mm&r=g\",\"caption\":\"teleodonto\"},\"url\":\"https:\\\/\\\/www.odonto.ufmg.br\\\/teleodontologia\\\/author\\\/teleodonto\\\/\"}]}<\/script>\n<!-- \/ Yoast SEO plugin. -->","yoast_head_json":{"title":"Uma an\u00e1lise cr\u00edtica dos sistemas de classifica\u00e7\u00e3o sobre o bruxismo: implica\u00e7\u00f5es com o diagn\u00f3stico, severidade e tratamento dos sinais e sintomas de DTM associados com o h\u00e1bito - Projeto Teleodontologia","robots":{"index":"index","follow":"follow","max-snippet":"max-snippet:-1","max-image-preview":"max-image-preview:large","max-video-preview":"max-video-preview:-1"},"canonical":"https:\/\/www.odonto.ufmg.br\/teleodontologia\/2023\/10\/28\/uma-analise-critica-dos-sistemas-de-classificacao-sobre-o-bruxismo-implicacoes-com-o-diagnostico-severidade-e-tratamento-dos-sinais-e-sintomas-de-dtm-associados-com-o-habito\/","og_locale":"pt_BR","og_type":"article","og_title":"Uma an\u00e1lise cr\u00edtica dos sistemas de classifica\u00e7\u00e3o sobre o bruxismo: implica\u00e7\u00f5es com o diagn\u00f3stico, severidade e tratamento dos sinais e sintomas de DTM associados com o h\u00e1bito - Projeto Teleodontologia","og_url":"https:\/\/www.odonto.ufmg.br\/teleodontologia\/2023\/10\/28\/uma-analise-critica-dos-sistemas-de-classificacao-sobre-o-bruxismo-implicacoes-com-o-diagnostico-severidade-e-tratamento-dos-sinais-e-sintomas-de-dtm-associados-com-o-habito\/","og_site_name":"Projeto Teleodontologia","article_published_time":"2023-10-28T20:45:31+00:00","author":"teleodonto","twitter_card":"summary_large_image","twitter_misc":{"Escrito por":"teleodonto","Est. tempo de leitura":"2 minutos"},"schema":{"@context":"https:\/\/schema.org","@graph":[{"@type":"Article","@id":"https:\/\/www.odonto.ufmg.br\/teleodontologia\/2023\/10\/28\/uma-analise-critica-dos-sistemas-de-classificacao-sobre-o-bruxismo-implicacoes-com-o-diagnostico-severidade-e-tratamento-dos-sinais-e-sintomas-de-dtm-associados-com-o-habito\/#article","isPartOf":{"@id":"https:\/\/www.odonto.ufmg.br\/teleodontologia\/2023\/10\/28\/uma-analise-critica-dos-sistemas-de-classificacao-sobre-o-bruxismo-implicacoes-com-o-diagnostico-severidade-e-tratamento-dos-sinais-e-sintomas-de-dtm-associados-com-o-habito\/"},"author":{"name":"teleodonto","@id":"https:\/\/www.odonto.ufmg.br\/teleodontologia\/#\/schema\/person\/7ea5ee2775c4328ec297649f96d048be"},"headline":"Uma an\u00e1lise cr\u00edtica dos sistemas de classifica\u00e7\u00e3o sobre o bruxismo: implica\u00e7\u00f5es com o diagn\u00f3stico, severidade e tratamento dos sinais e sintomas de DTM associados com o h\u00e1bito","datePublished":"2023-10-28T20:45:31+00:00","mainEntityOfPage":{"@id":"https:\/\/www.odonto.ufmg.br\/teleodontologia\/2023\/10\/28\/uma-analise-critica-dos-sistemas-de-classificacao-sobre-o-bruxismo-implicacoes-com-o-diagnostico-severidade-e-tratamento-dos-sinais-e-sintomas-de-dtm-associados-com-o-habito\/"},"wordCount":303,"articleSection":["artigos"],"inLanguage":"pt-BR"},{"@type":"WebPage","@id":"https:\/\/www.odonto.ufmg.br\/teleodontologia\/2023\/10\/28\/uma-analise-critica-dos-sistemas-de-classificacao-sobre-o-bruxismo-implicacoes-com-o-diagnostico-severidade-e-tratamento-dos-sinais-e-sintomas-de-dtm-associados-com-o-habito\/","url":"https:\/\/www.odonto.ufmg.br\/teleodontologia\/2023\/10\/28\/uma-analise-critica-dos-sistemas-de-classificacao-sobre-o-bruxismo-implicacoes-com-o-diagnostico-severidade-e-tratamento-dos-sinais-e-sintomas-de-dtm-associados-com-o-habito\/","name":"Uma an\u00e1lise cr\u00edtica dos sistemas de classifica\u00e7\u00e3o sobre o bruxismo: implica\u00e7\u00f5es com o diagn\u00f3stico, severidade e tratamento dos sinais e sintomas de DTM associados com o h\u00e1bito - Projeto Teleodontologia","isPartOf":{"@id":"https:\/\/www.odonto.ufmg.br\/teleodontologia\/#website"},"datePublished":"2023-10-28T20:45:31+00:00","author":{"@id":"https:\/\/www.odonto.ufmg.br\/teleodontologia\/#\/schema\/person\/7ea5ee2775c4328ec297649f96d048be"},"breadcrumb":{"@id":"https:\/\/www.odonto.ufmg.br\/teleodontologia\/2023\/10\/28\/uma-analise-critica-dos-sistemas-de-classificacao-sobre-o-bruxismo-implicacoes-com-o-diagnostico-severidade-e-tratamento-dos-sinais-e-sintomas-de-dtm-associados-com-o-habito\/#breadcrumb"},"inLanguage":"pt-BR","potentialAction":[{"@type":"ReadAction","target":["https:\/\/www.odonto.ufmg.br\/teleodontologia\/2023\/10\/28\/uma-analise-critica-dos-sistemas-de-classificacao-sobre-o-bruxismo-implicacoes-com-o-diagnostico-severidade-e-tratamento-dos-sinais-e-sintomas-de-dtm-associados-com-o-habito\/"]}]},{"@type":"BreadcrumbList","@id":"https:\/\/www.odonto.ufmg.br\/teleodontologia\/2023\/10\/28\/uma-analise-critica-dos-sistemas-de-classificacao-sobre-o-bruxismo-implicacoes-com-o-diagnostico-severidade-e-tratamento-dos-sinais-e-sintomas-de-dtm-associados-com-o-habito\/#breadcrumb","itemListElement":[{"@type":"ListItem","position":1,"name":"In\u00edcio","item":"https:\/\/www.odonto.ufmg.br\/teleodontologia\/home\/"},{"@type":"ListItem","position":2,"name":"Uma an\u00e1lise cr\u00edtica dos sistemas de classifica\u00e7\u00e3o sobre o bruxismo: implica\u00e7\u00f5es com o diagn\u00f3stico, severidade e tratamento dos sinais e sintomas de DTM associados com o h\u00e1bito"}]},{"@type":"WebSite","@id":"https:\/\/www.odonto.ufmg.br\/teleodontologia\/#website","url":"https:\/\/www.odonto.ufmg.br\/teleodontologia\/","name":"Projeto Teleodontologia","description":"Biblioteca Virtual","potentialAction":[{"@type":"SearchAction","target":{"@type":"EntryPoint","urlTemplate":"https:\/\/www.odonto.ufmg.br\/teleodontologia\/?s={search_term_string}"},"query-input":{"@type":"PropertyValueSpecification","valueRequired":true,"valueName":"search_term_string"}}],"inLanguage":"pt-BR"},{"@type":"Person","@id":"https:\/\/www.odonto.ufmg.br\/teleodontologia\/#\/schema\/person\/7ea5ee2775c4328ec297649f96d048be","name":"teleodonto","image":{"@type":"ImageObject","inLanguage":"pt-BR","@id":"https:\/\/secure.gravatar.com\/avatar\/8367645bd90e7b27a4b23ac613cbeff25c9fa8027ff81c8d24437078cd6ff8dc?s=96&d=mm&r=g","url":"https:\/\/secure.gravatar.com\/avatar\/8367645bd90e7b27a4b23ac613cbeff25c9fa8027ff81c8d24437078cd6ff8dc?s=96&d=mm&r=g","contentUrl":"https:\/\/secure.gravatar.com\/avatar\/8367645bd90e7b27a4b23ac613cbeff25c9fa8027ff81c8d24437078cd6ff8dc?s=96&d=mm&r=g","caption":"teleodonto"},"url":"https:\/\/www.odonto.ufmg.br\/teleodontologia\/author\/teleodonto\/"}]}},"_links":{"self":[{"href":"https:\/\/www.odonto.ufmg.br\/teleodontologia\/wp-json\/wp\/v2\/posts\/2229","targetHints":{"allow":["GET"]}}],"collection":[{"href":"https:\/\/www.odonto.ufmg.br\/teleodontologia\/wp-json\/wp\/v2\/posts"}],"about":[{"href":"https:\/\/www.odonto.ufmg.br\/teleodontologia\/wp-json\/wp\/v2\/types\/post"}],"author":[{"embeddable":true,"href":"https:\/\/www.odonto.ufmg.br\/teleodontologia\/wp-json\/wp\/v2\/users\/21"}],"replies":[{"embeddable":true,"href":"https:\/\/www.odonto.ufmg.br\/teleodontologia\/wp-json\/wp\/v2\/comments?post=2229"}],"version-history":[{"count":2,"href":"https:\/\/www.odonto.ufmg.br\/teleodontologia\/wp-json\/wp\/v2\/posts\/2229\/revisions"}],"predecessor-version":[{"id":2232,"href":"https:\/\/www.odonto.ufmg.br\/teleodontologia\/wp-json\/wp\/v2\/posts\/2229\/revisions\/2232"}],"wp:attachment":[{"href":"https:\/\/www.odonto.ufmg.br\/teleodontologia\/wp-json\/wp\/v2\/media?parent=2229"}],"wp:term":[{"taxonomy":"category","embeddable":true,"href":"https:\/\/www.odonto.ufmg.br\/teleodontologia\/wp-json\/wp\/v2\/categories?post=2229"},{"taxonomy":"post_tag","embeddable":true,"href":"https:\/\/www.odonto.ufmg.br\/teleodontologia\/wp-json\/wp\/v2\/tags?post=2229"}],"curies":[{"name":"wp","href":"https:\/\/api.w.org\/{rel}","templated":true}]}}