{"id":2212,"date":"2023-10-14T20:03:36","date_gmt":"2023-10-14T23:03:36","guid":{"rendered":"https:\/\/www.odonto.ufmg.br\/teleodontologia\/?p=2212"},"modified":"2023-10-14T20:03:36","modified_gmt":"2023-10-14T23:03:36","slug":"inflamacao-sistemica-causada-pela-periodontite-cronica-em-pacientes-vitimas-de-ataque-cardiaco-isquemico-agudo","status":"publish","type":"post","link":"https:\/\/www.odonto.ufmg.br\/teleodontologia\/2023\/10\/14\/inflamacao-sistemica-causada-pela-periodontite-cronica-em-pacientes-vitimas-de-ataque-cardiaco-isquemico-agudo\/","title":{"rendered":"Inflama\u00e7\u00e3o sist\u00eamica causada pela periodontite cr\u00f4nica em pacientes v\u00edtimas de ataque card\u00edaco isqu\u00eamico agudo"},"content":{"rendered":"<section  class='av_textblock_section av-lnqn7ir3-c2b1b0919ec0dfb14c9263174c932bef '   itemscope=\"itemscope\" itemtype=\"https:\/\/schema.org\/BlogPosting\" itemprop=\"blogPost\" ><div class='avia_textblock'  itemprop=\"text\" ><p>O estudo abaixo objetivou aprofundar sobre os processos inflamat\u00f3rios e infecciosos mediados<br \/>\npor bact\u00e9rias em s\u00edtios distantes, os quais t\u00eam sido descritos como fator de risco \u00e0 doen\u00e7a coronariana isqu\u00eamica aguda (DCIA).<\/p>\n<\/div><\/section>\n<section  class='av_textblock_section av-lnqn882p-8539f687848674cf18b4d35503d5d403 '   itemscope=\"itemscope\" itemtype=\"https:\/\/schema.org\/BlogPosting\" itemprop=\"blogPost\" ><div class='avia_textblock'  itemprop=\"text\" ><p>Se estiver com problemas para visualizar o arquivo,\u00a0<a href=\"https:\/\/www.odonto.ufmg.br\/teleodontologia\/wp-content\/uploads\/sites\/24\/2023\/10\/Inflamacao-Sistemica-Causada-Pela-Periodontite-Cronica-Em-Pacientes-Vitimas-De-Ataque-Cardiaco-Isquemico-Agudo_2010.pdf\" target=\"_blank\" rel=\"nofollow noopener\">clique aqui<\/a><\/p>\n<\/div><\/section>\n<section  class='av_textblock_section av-lnqn8vzf-4655934f90a02a33a892b413fd04ccd8 '   itemscope=\"itemscope\" itemtype=\"https:\/\/schema.org\/BlogPosting\" itemprop=\"blogPost\" ><div class='avia_textblock'  itemprop=\"text\" ><\/div><\/section>\n","protected":false},"excerpt":{"rendered":"","protected":false},"author":21,"featured_media":0,"comment_status":"closed","ping_status":"closed","sticky":false,"template":"","format":"standard","meta":{"inline_featured_image":false,"footnotes":""},"categories":[19],"tags":[],"class_list":["post-2212","post","type-post","status-publish","format-standard","hentry","category-artigos"],"yoast_head":"<!-- This site is optimized with the Yoast SEO plugin v27.5 - https:\/\/yoast.com\/product\/yoast-seo-wordpress\/ -->\n<title>Inflama\u00e7\u00e3o sist\u00eamica causada pela periodontite cr\u00f4nica em pacientes v\u00edtimas de ataque card\u00edaco isqu\u00eamico agudo - Projeto Teleodontologia<\/title>\n<meta name=\"robots\" content=\"index, follow, max-snippet:-1, max-image-preview:large, max-video-preview:-1\" \/>\n<link rel=\"canonical\" href=\"https:\/\/www.odonto.ufmg.br\/teleodontologia\/2023\/10\/14\/inflamacao-sistemica-causada-pela-periodontite-cronica-em-pacientes-vitimas-de-ataque-cardiaco-isquemico-agudo\/\" \/>\n<meta property=\"og:locale\" content=\"pt_BR\" \/>\n<meta property=\"og:type\" content=\"article\" \/>\n<meta property=\"og:title\" content=\"Inflama\u00e7\u00e3o sist\u00eamica causada pela periodontite cr\u00f4nica em pacientes v\u00edtimas de ataque card\u00edaco isqu\u00eamico agudo - Projeto Teleodontologia\" \/>\n<meta property=\"og:url\" content=\"https:\/\/www.odonto.ufmg.br\/teleodontologia\/2023\/10\/14\/inflamacao-sistemica-causada-pela-periodontite-cronica-em-pacientes-vitimas-de-ataque-cardiaco-isquemico-agudo\/\" \/>\n<meta property=\"og:site_name\" content=\"Projeto Teleodontologia\" \/>\n<meta property=\"article:published_time\" content=\"2023-10-14T23:03:36+00:00\" \/>\n<meta name=\"author\" content=\"teleodonto\" \/>\n<meta name=\"twitter:card\" content=\"summary_large_image\" \/>\n<meta name=\"twitter:label1\" content=\"Escrito por\" \/>\n\t<meta name=\"twitter:data1\" content=\"teleodonto\" \/>\n\t<meta name=\"twitter:label2\" content=\"Est. tempo de leitura\" \/>\n\t<meta name=\"twitter:data2\" content=\"1 minuto\" \/>\n<script type=\"application\/ld+json\" class=\"yoast-schema-graph\">{\"@context\":\"https:\\\/\\\/schema.org\",\"@graph\":[{\"@type\":\"Article\",\"@id\":\"https:\\\/\\\/www.odonto.ufmg.br\\\/teleodontologia\\\/2023\\\/10\\\/14\\\/inflamacao-sistemica-causada-pela-periodontite-cronica-em-pacientes-vitimas-de-ataque-cardiaco-isquemico-agudo\\\/#article\",\"isPartOf\":{\"@id\":\"https:\\\/\\\/www.odonto.ufmg.br\\\/teleodontologia\\\/2023\\\/10\\\/14\\\/inflamacao-sistemica-causada-pela-periodontite-cronica-em-pacientes-vitimas-de-ataque-cardiaco-isquemico-agudo\\\/\"},\"author\":{\"name\":\"teleodonto\",\"@id\":\"https:\\\/\\\/www.odonto.ufmg.br\\\/teleodontologia\\\/#\\\/schema\\\/person\\\/7ea5ee2775c4328ec297649f96d048be\"},\"headline\":\"Inflama\u00e7\u00e3o sist\u00eamica causada pela periodontite cr\u00f4nica em pacientes v\u00edtimas de ataque card\u00edaco isqu\u00eamico agudo\",\"datePublished\":\"2023-10-14T23:03:36+00:00\",\"mainEntityOfPage\":{\"@id\":\"https:\\\/\\\/www.odonto.ufmg.br\\\/teleodontologia\\\/2023\\\/10\\\/14\\\/inflamacao-sistemica-causada-pela-periodontite-cronica-em-pacientes-vitimas-de-ataque-cardiaco-isquemico-agudo\\\/\"},\"wordCount\":175,\"articleSection\":[\"artigos\"],\"inLanguage\":\"pt-BR\"},{\"@type\":\"WebPage\",\"@id\":\"https:\\\/\\\/www.odonto.ufmg.br\\\/teleodontologia\\\/2023\\\/10\\\/14\\\/inflamacao-sistemica-causada-pela-periodontite-cronica-em-pacientes-vitimas-de-ataque-cardiaco-isquemico-agudo\\\/\",\"url\":\"https:\\\/\\\/www.odonto.ufmg.br\\\/teleodontologia\\\/2023\\\/10\\\/14\\\/inflamacao-sistemica-causada-pela-periodontite-cronica-em-pacientes-vitimas-de-ataque-cardiaco-isquemico-agudo\\\/\",\"name\":\"Inflama\u00e7\u00e3o sist\u00eamica causada pela periodontite cr\u00f4nica em pacientes v\u00edtimas de ataque card\u00edaco isqu\u00eamico agudo - Projeto Teleodontologia\",\"isPartOf\":{\"@id\":\"https:\\\/\\\/www.odonto.ufmg.br\\\/teleodontologia\\\/#website\"},\"datePublished\":\"2023-10-14T23:03:36+00:00\",\"author\":{\"@id\":\"https:\\\/\\\/www.odonto.ufmg.br\\\/teleodontologia\\\/#\\\/schema\\\/person\\\/7ea5ee2775c4328ec297649f96d048be\"},\"breadcrumb\":{\"@id\":\"https:\\\/\\\/www.odonto.ufmg.br\\\/teleodontologia\\\/2023\\\/10\\\/14\\\/inflamacao-sistemica-causada-pela-periodontite-cronica-em-pacientes-vitimas-de-ataque-cardiaco-isquemico-agudo\\\/#breadcrumb\"},\"inLanguage\":\"pt-BR\",\"potentialAction\":[{\"@type\":\"ReadAction\",\"target\":[\"https:\\\/\\\/www.odonto.ufmg.br\\\/teleodontologia\\\/2023\\\/10\\\/14\\\/inflamacao-sistemica-causada-pela-periodontite-cronica-em-pacientes-vitimas-de-ataque-cardiaco-isquemico-agudo\\\/\"]}]},{\"@type\":\"BreadcrumbList\",\"@id\":\"https:\\\/\\\/www.odonto.ufmg.br\\\/teleodontologia\\\/2023\\\/10\\\/14\\\/inflamacao-sistemica-causada-pela-periodontite-cronica-em-pacientes-vitimas-de-ataque-cardiaco-isquemico-agudo\\\/#breadcrumb\",\"itemListElement\":[{\"@type\":\"ListItem\",\"position\":1,\"name\":\"In\u00edcio\",\"item\":\"https:\\\/\\\/www.odonto.ufmg.br\\\/teleodontologia\\\/home\\\/\"},{\"@type\":\"ListItem\",\"position\":2,\"name\":\"Inflama\u00e7\u00e3o sist\u00eamica causada pela periodontite cr\u00f4nica em pacientes v\u00edtimas de ataque card\u00edaco isqu\u00eamico agudo\"}]},{\"@type\":\"WebSite\",\"@id\":\"https:\\\/\\\/www.odonto.ufmg.br\\\/teleodontologia\\\/#website\",\"url\":\"https:\\\/\\\/www.odonto.ufmg.br\\\/teleodontologia\\\/\",\"name\":\"Projeto Teleodontologia\",\"description\":\"Biblioteca Virtual\",\"potentialAction\":[{\"@type\":\"SearchAction\",\"target\":{\"@type\":\"EntryPoint\",\"urlTemplate\":\"https:\\\/\\\/www.odonto.ufmg.br\\\/teleodontologia\\\/?s={search_term_string}\"},\"query-input\":{\"@type\":\"PropertyValueSpecification\",\"valueRequired\":true,\"valueName\":\"search_term_string\"}}],\"inLanguage\":\"pt-BR\"},{\"@type\":\"Person\",\"@id\":\"https:\\\/\\\/www.odonto.ufmg.br\\\/teleodontologia\\\/#\\\/schema\\\/person\\\/7ea5ee2775c4328ec297649f96d048be\",\"name\":\"teleodonto\",\"image\":{\"@type\":\"ImageObject\",\"inLanguage\":\"pt-BR\",\"@id\":\"https:\\\/\\\/secure.gravatar.com\\\/avatar\\\/8367645bd90e7b27a4b23ac613cbeff25c9fa8027ff81c8d24437078cd6ff8dc?s=96&d=mm&r=g\",\"url\":\"https:\\\/\\\/secure.gravatar.com\\\/avatar\\\/8367645bd90e7b27a4b23ac613cbeff25c9fa8027ff81c8d24437078cd6ff8dc?s=96&d=mm&r=g\",\"contentUrl\":\"https:\\\/\\\/secure.gravatar.com\\\/avatar\\\/8367645bd90e7b27a4b23ac613cbeff25c9fa8027ff81c8d24437078cd6ff8dc?s=96&d=mm&r=g\",\"caption\":\"teleodonto\"},\"url\":\"https:\\\/\\\/www.odonto.ufmg.br\\\/teleodontologia\\\/author\\\/teleodonto\\\/\"}]}<\/script>\n<!-- \/ Yoast SEO plugin. -->","yoast_head_json":{"title":"Inflama\u00e7\u00e3o sist\u00eamica causada pela periodontite cr\u00f4nica em pacientes v\u00edtimas de ataque card\u00edaco isqu\u00eamico agudo - Projeto Teleodontologia","robots":{"index":"index","follow":"follow","max-snippet":"max-snippet:-1","max-image-preview":"max-image-preview:large","max-video-preview":"max-video-preview:-1"},"canonical":"https:\/\/www.odonto.ufmg.br\/teleodontologia\/2023\/10\/14\/inflamacao-sistemica-causada-pela-periodontite-cronica-em-pacientes-vitimas-de-ataque-cardiaco-isquemico-agudo\/","og_locale":"pt_BR","og_type":"article","og_title":"Inflama\u00e7\u00e3o sist\u00eamica causada pela periodontite cr\u00f4nica em pacientes v\u00edtimas de ataque card\u00edaco isqu\u00eamico agudo - Projeto Teleodontologia","og_url":"https:\/\/www.odonto.ufmg.br\/teleodontologia\/2023\/10\/14\/inflamacao-sistemica-causada-pela-periodontite-cronica-em-pacientes-vitimas-de-ataque-cardiaco-isquemico-agudo\/","og_site_name":"Projeto Teleodontologia","article_published_time":"2023-10-14T23:03:36+00:00","author":"teleodonto","twitter_card":"summary_large_image","twitter_misc":{"Escrito por":"teleodonto","Est. tempo de leitura":"1 minuto"},"schema":{"@context":"https:\/\/schema.org","@graph":[{"@type":"Article","@id":"https:\/\/www.odonto.ufmg.br\/teleodontologia\/2023\/10\/14\/inflamacao-sistemica-causada-pela-periodontite-cronica-em-pacientes-vitimas-de-ataque-cardiaco-isquemico-agudo\/#article","isPartOf":{"@id":"https:\/\/www.odonto.ufmg.br\/teleodontologia\/2023\/10\/14\/inflamacao-sistemica-causada-pela-periodontite-cronica-em-pacientes-vitimas-de-ataque-cardiaco-isquemico-agudo\/"},"author":{"name":"teleodonto","@id":"https:\/\/www.odonto.ufmg.br\/teleodontologia\/#\/schema\/person\/7ea5ee2775c4328ec297649f96d048be"},"headline":"Inflama\u00e7\u00e3o sist\u00eamica causada pela periodontite cr\u00f4nica em pacientes v\u00edtimas de ataque card\u00edaco isqu\u00eamico agudo","datePublished":"2023-10-14T23:03:36+00:00","mainEntityOfPage":{"@id":"https:\/\/www.odonto.ufmg.br\/teleodontologia\/2023\/10\/14\/inflamacao-sistemica-causada-pela-periodontite-cronica-em-pacientes-vitimas-de-ataque-cardiaco-isquemico-agudo\/"},"wordCount":175,"articleSection":["artigos"],"inLanguage":"pt-BR"},{"@type":"WebPage","@id":"https:\/\/www.odonto.ufmg.br\/teleodontologia\/2023\/10\/14\/inflamacao-sistemica-causada-pela-periodontite-cronica-em-pacientes-vitimas-de-ataque-cardiaco-isquemico-agudo\/","url":"https:\/\/www.odonto.ufmg.br\/teleodontologia\/2023\/10\/14\/inflamacao-sistemica-causada-pela-periodontite-cronica-em-pacientes-vitimas-de-ataque-cardiaco-isquemico-agudo\/","name":"Inflama\u00e7\u00e3o sist\u00eamica causada pela periodontite cr\u00f4nica em pacientes v\u00edtimas de ataque card\u00edaco isqu\u00eamico agudo - Projeto Teleodontologia","isPartOf":{"@id":"https:\/\/www.odonto.ufmg.br\/teleodontologia\/#website"},"datePublished":"2023-10-14T23:03:36+00:00","author":{"@id":"https:\/\/www.odonto.ufmg.br\/teleodontologia\/#\/schema\/person\/7ea5ee2775c4328ec297649f96d048be"},"breadcrumb":{"@id":"https:\/\/www.odonto.ufmg.br\/teleodontologia\/2023\/10\/14\/inflamacao-sistemica-causada-pela-periodontite-cronica-em-pacientes-vitimas-de-ataque-cardiaco-isquemico-agudo\/#breadcrumb"},"inLanguage":"pt-BR","potentialAction":[{"@type":"ReadAction","target":["https:\/\/www.odonto.ufmg.br\/teleodontologia\/2023\/10\/14\/inflamacao-sistemica-causada-pela-periodontite-cronica-em-pacientes-vitimas-de-ataque-cardiaco-isquemico-agudo\/"]}]},{"@type":"BreadcrumbList","@id":"https:\/\/www.odonto.ufmg.br\/teleodontologia\/2023\/10\/14\/inflamacao-sistemica-causada-pela-periodontite-cronica-em-pacientes-vitimas-de-ataque-cardiaco-isquemico-agudo\/#breadcrumb","itemListElement":[{"@type":"ListItem","position":1,"name":"In\u00edcio","item":"https:\/\/www.odonto.ufmg.br\/teleodontologia\/home\/"},{"@type":"ListItem","position":2,"name":"Inflama\u00e7\u00e3o sist\u00eamica causada pela periodontite cr\u00f4nica em pacientes v\u00edtimas de ataque card\u00edaco isqu\u00eamico agudo"}]},{"@type":"WebSite","@id":"https:\/\/www.odonto.ufmg.br\/teleodontologia\/#website","url":"https:\/\/www.odonto.ufmg.br\/teleodontologia\/","name":"Projeto Teleodontologia","description":"Biblioteca Virtual","potentialAction":[{"@type":"SearchAction","target":{"@type":"EntryPoint","urlTemplate":"https:\/\/www.odonto.ufmg.br\/teleodontologia\/?s={search_term_string}"},"query-input":{"@type":"PropertyValueSpecification","valueRequired":true,"valueName":"search_term_string"}}],"inLanguage":"pt-BR"},{"@type":"Person","@id":"https:\/\/www.odonto.ufmg.br\/teleodontologia\/#\/schema\/person\/7ea5ee2775c4328ec297649f96d048be","name":"teleodonto","image":{"@type":"ImageObject","inLanguage":"pt-BR","@id":"https:\/\/secure.gravatar.com\/avatar\/8367645bd90e7b27a4b23ac613cbeff25c9fa8027ff81c8d24437078cd6ff8dc?s=96&d=mm&r=g","url":"https:\/\/secure.gravatar.com\/avatar\/8367645bd90e7b27a4b23ac613cbeff25c9fa8027ff81c8d24437078cd6ff8dc?s=96&d=mm&r=g","contentUrl":"https:\/\/secure.gravatar.com\/avatar\/8367645bd90e7b27a4b23ac613cbeff25c9fa8027ff81c8d24437078cd6ff8dc?s=96&d=mm&r=g","caption":"teleodonto"},"url":"https:\/\/www.odonto.ufmg.br\/teleodontologia\/author\/teleodonto\/"}]}},"_links":{"self":[{"href":"https:\/\/www.odonto.ufmg.br\/teleodontologia\/wp-json\/wp\/v2\/posts\/2212","targetHints":{"allow":["GET"]}}],"collection":[{"href":"https:\/\/www.odonto.ufmg.br\/teleodontologia\/wp-json\/wp\/v2\/posts"}],"about":[{"href":"https:\/\/www.odonto.ufmg.br\/teleodontologia\/wp-json\/wp\/v2\/types\/post"}],"author":[{"embeddable":true,"href":"https:\/\/www.odonto.ufmg.br\/teleodontologia\/wp-json\/wp\/v2\/users\/21"}],"replies":[{"embeddable":true,"href":"https:\/\/www.odonto.ufmg.br\/teleodontologia\/wp-json\/wp\/v2\/comments?post=2212"}],"version-history":[{"count":2,"href":"https:\/\/www.odonto.ufmg.br\/teleodontologia\/wp-json\/wp\/v2\/posts\/2212\/revisions"}],"predecessor-version":[{"id":2215,"href":"https:\/\/www.odonto.ufmg.br\/teleodontologia\/wp-json\/wp\/v2\/posts\/2212\/revisions\/2215"}],"wp:attachment":[{"href":"https:\/\/www.odonto.ufmg.br\/teleodontologia\/wp-json\/wp\/v2\/media?parent=2212"}],"wp:term":[{"taxonomy":"category","embeddable":true,"href":"https:\/\/www.odonto.ufmg.br\/teleodontologia\/wp-json\/wp\/v2\/categories?post=2212"},{"taxonomy":"post_tag","embeddable":true,"href":"https:\/\/www.odonto.ufmg.br\/teleodontologia\/wp-json\/wp\/v2\/tags?post=2212"}],"curies":[{"name":"wp","href":"https:\/\/api.w.org\/{rel}","templated":true}]}}