{"id":1636,"date":"2022-01-17T10:10:00","date_gmt":"2022-01-17T13:10:00","guid":{"rendered":"https:\/\/www.odonto.ufmg.br\/teleodonto\/?p=1636"},"modified":"2022-01-17T10:10:00","modified_gmt":"2022-01-17T13:10:00","slug":"teleodontologia-em-minas-gerais-situacao-atual-e-desafios","status":"publish","type":"post","link":"https:\/\/www.odonto.ufmg.br\/teleodontologia\/2022\/01\/17\/teleodontologia-em-minas-gerais-situacao-atual-e-desafios\/","title":{"rendered":"Teleodontologia em Minas Gerais: situa\u00e7\u00e3o atual e desafios"},"content":{"rendered":"<section  class='av_textblock_section av-kyipf2wk-e6942c8d7c71dcaa2c1c3e5b979c5d60 '   itemscope=\"itemscope\" itemtype=\"https:\/\/schema.org\/BlogPosting\" itemprop=\"blogPost\" ><div class='avia_textblock'  itemprop=\"text\" ><p>O projeto de Teleodontologia da Faculdade de Odontologia da Universidade Federal de Minas Gerais, em 2016, atingiu 111 munic\u00edpios do estado, sendo realizadas 18 webconfer\u00eancias, com 974 participantes e 298 teleconsultorias. A Videoteca Virtual teve, em m\u00e9dia, 70 acessos mensais. Para ampliar a cobertura deve-se garantir o hor\u00e1rio de trabalho protegido para os profissionais participarem de atividades de educa\u00e7\u00e3o permanente.<\/p>\n<\/div><\/section>\n<section  class='av_textblock_section av-kyipfi4h-341f6507e36e1db7b2e5857e5fb53d18 '   itemscope=\"itemscope\" itemtype=\"https:\/\/schema.org\/BlogPosting\" itemprop=\"blogPost\" ><div class='avia_textblock'  itemprop=\"text\" ><p>Se estiver com problemas para visualizar o arquivo,\u00a0<a href=\"https:\/\/www.odonto.ufmg.br\/teleodonto\/wp-content\/uploads\/sites\/24\/2022\/01\/Artigo-Teleodontologia-em-MG-situacao-atual-e-desafios.pdf\" target=\"_blank\" rel=\"nofollow noopener\">clique aqui<\/a><\/p>\n<\/div><\/section>\n<section  class='av_textblock_section av-kyipfpf1-b0cb556f70252a07b2fb40ca2d3517c8 '   itemscope=\"itemscope\" itemtype=\"https:\/\/schema.org\/BlogPosting\" itemprop=\"blogPost\" ><div class='avia_textblock'  itemprop=\"text\" ><p><iframe style=\"width: 100%; height: 800px; border: none;\" src=\"https:\/\/docs.google.com\/gview?url=https:\/\/www.odonto.ufmg.br\/teleodonto\/wp-content\/uploads\/sites\/24\/2022\/01\/Artigo-Teleodontologia-em-MG-situacao-atual-e-desafios.pdf&amp;embedded=true\" width=\"300\" height=\"150\"><\/iframe><\/p>\n<\/div><\/section>\n","protected":false},"excerpt":{"rendered":"","protected":false},"author":5,"featured_media":0,"comment_status":"open","ping_status":"open","sticky":false,"template":"","format":"standard","meta":{"inline_featured_image":false,"footnotes":""},"categories":[19],"tags":[],"class_list":["post-1636","post","type-post","status-publish","format-standard","hentry","category-artigos"],"yoast_head":"<!-- This site is optimized with the Yoast SEO plugin v27.5 - https:\/\/yoast.com\/product\/yoast-seo-wordpress\/ -->\n<title>Teleodontologia em Minas Gerais: situa\u00e7\u00e3o atual e desafios - Projeto Teleodontologia<\/title>\n<meta name=\"robots\" content=\"index, follow, max-snippet:-1, max-image-preview:large, max-video-preview:-1\" \/>\n<link rel=\"canonical\" href=\"https:\/\/www.odonto.ufmg.br\/teleodontologia\/2022\/01\/17\/teleodontologia-em-minas-gerais-situacao-atual-e-desafios\/\" \/>\n<meta property=\"og:locale\" content=\"pt_BR\" \/>\n<meta property=\"og:type\" content=\"article\" \/>\n<meta property=\"og:title\" content=\"Teleodontologia em Minas Gerais: situa\u00e7\u00e3o atual e desafios - Projeto Teleodontologia\" \/>\n<meta property=\"og:url\" content=\"https:\/\/www.odonto.ufmg.br\/teleodontologia\/2022\/01\/17\/teleodontologia-em-minas-gerais-situacao-atual-e-desafios\/\" \/>\n<meta property=\"og:site_name\" content=\"Projeto Teleodontologia\" \/>\n<meta property=\"article:published_time\" content=\"2022-01-17T13:10:00+00:00\" \/>\n<meta name=\"author\" content=\"cristiano\" \/>\n<meta name=\"twitter:card\" content=\"summary_large_image\" \/>\n<meta name=\"twitter:label1\" content=\"Escrito por\" \/>\n\t<meta name=\"twitter:data1\" content=\"cristiano\" \/>\n\t<meta name=\"twitter:label2\" content=\"Est. tempo de leitura\" \/>\n\t<meta name=\"twitter:data2\" content=\"1 minuto\" \/>\n<script type=\"application\/ld+json\" class=\"yoast-schema-graph\">{\"@context\":\"https:\\\/\\\/schema.org\",\"@graph\":[{\"@type\":\"Article\",\"@id\":\"https:\\\/\\\/www.odonto.ufmg.br\\\/teleodontologia\\\/2022\\\/01\\\/17\\\/teleodontologia-em-minas-gerais-situacao-atual-e-desafios\\\/#article\",\"isPartOf\":{\"@id\":\"https:\\\/\\\/www.odonto.ufmg.br\\\/teleodontologia\\\/2022\\\/01\\\/17\\\/teleodontologia-em-minas-gerais-situacao-atual-e-desafios\\\/\"},\"author\":{\"name\":\"cristiano\",\"@id\":\"https:\\\/\\\/www.odonto.ufmg.br\\\/teleodontologia\\\/#\\\/schema\\\/person\\\/25c8dccfb2b8a933d4c9cacb1f1bf0db\"},\"headline\":\"Teleodontologia em Minas Gerais: situa\u00e7\u00e3o atual e desafios\",\"datePublished\":\"2022-01-17T13:10:00+00:00\",\"mainEntityOfPage\":{\"@id\":\"https:\\\/\\\/www.odonto.ufmg.br\\\/teleodontologia\\\/2022\\\/01\\\/17\\\/teleodontologia-em-minas-gerais-situacao-atual-e-desafios\\\/\"},\"wordCount\":152,\"commentCount\":0,\"articleSection\":[\"artigos\"],\"inLanguage\":\"pt-BR\"},{\"@type\":\"WebPage\",\"@id\":\"https:\\\/\\\/www.odonto.ufmg.br\\\/teleodontologia\\\/2022\\\/01\\\/17\\\/teleodontologia-em-minas-gerais-situacao-atual-e-desafios\\\/\",\"url\":\"https:\\\/\\\/www.odonto.ufmg.br\\\/teleodontologia\\\/2022\\\/01\\\/17\\\/teleodontologia-em-minas-gerais-situacao-atual-e-desafios\\\/\",\"name\":\"Teleodontologia em Minas Gerais: situa\u00e7\u00e3o atual e desafios - Projeto Teleodontologia\",\"isPartOf\":{\"@id\":\"https:\\\/\\\/www.odonto.ufmg.br\\\/teleodontologia\\\/#website\"},\"datePublished\":\"2022-01-17T13:10:00+00:00\",\"author\":{\"@id\":\"https:\\\/\\\/www.odonto.ufmg.br\\\/teleodontologia\\\/#\\\/schema\\\/person\\\/25c8dccfb2b8a933d4c9cacb1f1bf0db\"},\"breadcrumb\":{\"@id\":\"https:\\\/\\\/www.odonto.ufmg.br\\\/teleodontologia\\\/2022\\\/01\\\/17\\\/teleodontologia-em-minas-gerais-situacao-atual-e-desafios\\\/#breadcrumb\"},\"inLanguage\":\"pt-BR\",\"potentialAction\":[{\"@type\":\"ReadAction\",\"target\":[\"https:\\\/\\\/www.odonto.ufmg.br\\\/teleodontologia\\\/2022\\\/01\\\/17\\\/teleodontologia-em-minas-gerais-situacao-atual-e-desafios\\\/\"]}]},{\"@type\":\"BreadcrumbList\",\"@id\":\"https:\\\/\\\/www.odonto.ufmg.br\\\/teleodontologia\\\/2022\\\/01\\\/17\\\/teleodontologia-em-minas-gerais-situacao-atual-e-desafios\\\/#breadcrumb\",\"itemListElement\":[{\"@type\":\"ListItem\",\"position\":1,\"name\":\"In\u00edcio\",\"item\":\"https:\\\/\\\/www.odonto.ufmg.br\\\/teleodontologia\\\/home\\\/\"},{\"@type\":\"ListItem\",\"position\":2,\"name\":\"Teleodontologia em Minas Gerais: situa\u00e7\u00e3o atual e desafios\"}]},{\"@type\":\"WebSite\",\"@id\":\"https:\\\/\\\/www.odonto.ufmg.br\\\/teleodontologia\\\/#website\",\"url\":\"https:\\\/\\\/www.odonto.ufmg.br\\\/teleodontologia\\\/\",\"name\":\"Projeto Teleodontologia\",\"description\":\"Biblioteca Virtual\",\"potentialAction\":[{\"@type\":\"SearchAction\",\"target\":{\"@type\":\"EntryPoint\",\"urlTemplate\":\"https:\\\/\\\/www.odonto.ufmg.br\\\/teleodontologia\\\/?s={search_term_string}\"},\"query-input\":{\"@type\":\"PropertyValueSpecification\",\"valueRequired\":true,\"valueName\":\"search_term_string\"}}],\"inLanguage\":\"pt-BR\"},{\"@type\":\"Person\",\"@id\":\"https:\\\/\\\/www.odonto.ufmg.br\\\/teleodontologia\\\/#\\\/schema\\\/person\\\/25c8dccfb2b8a933d4c9cacb1f1bf0db\",\"name\":\"cristiano\",\"image\":{\"@type\":\"ImageObject\",\"inLanguage\":\"pt-BR\",\"@id\":\"https:\\\/\\\/secure.gravatar.com\\\/avatar\\\/3ca61e4454966479a762b9f7682317c841b3f6d64d4eaeb9737c72573dfea596?s=96&d=mm&r=g\",\"url\":\"https:\\\/\\\/secure.gravatar.com\\\/avatar\\\/3ca61e4454966479a762b9f7682317c841b3f6d64d4eaeb9737c72573dfea596?s=96&d=mm&r=g\",\"contentUrl\":\"https:\\\/\\\/secure.gravatar.com\\\/avatar\\\/3ca61e4454966479a762b9f7682317c841b3f6d64d4eaeb9737c72573dfea596?s=96&d=mm&r=g\",\"caption\":\"cristiano\"},\"url\":\"https:\\\/\\\/www.odonto.ufmg.br\\\/teleodontologia\\\/author\\\/cristiano\\\/\"}]}<\/script>\n<!-- \/ Yoast SEO plugin. -->","yoast_head_json":{"title":"Teleodontologia em Minas Gerais: situa\u00e7\u00e3o atual e desafios - Projeto Teleodontologia","robots":{"index":"index","follow":"follow","max-snippet":"max-snippet:-1","max-image-preview":"max-image-preview:large","max-video-preview":"max-video-preview:-1"},"canonical":"https:\/\/www.odonto.ufmg.br\/teleodontologia\/2022\/01\/17\/teleodontologia-em-minas-gerais-situacao-atual-e-desafios\/","og_locale":"pt_BR","og_type":"article","og_title":"Teleodontologia em Minas Gerais: situa\u00e7\u00e3o atual e desafios - Projeto Teleodontologia","og_url":"https:\/\/www.odonto.ufmg.br\/teleodontologia\/2022\/01\/17\/teleodontologia-em-minas-gerais-situacao-atual-e-desafios\/","og_site_name":"Projeto Teleodontologia","article_published_time":"2022-01-17T13:10:00+00:00","author":"cristiano","twitter_card":"summary_large_image","twitter_misc":{"Escrito por":"cristiano","Est. tempo de leitura":"1 minuto"},"schema":{"@context":"https:\/\/schema.org","@graph":[{"@type":"Article","@id":"https:\/\/www.odonto.ufmg.br\/teleodontologia\/2022\/01\/17\/teleodontologia-em-minas-gerais-situacao-atual-e-desafios\/#article","isPartOf":{"@id":"https:\/\/www.odonto.ufmg.br\/teleodontologia\/2022\/01\/17\/teleodontologia-em-minas-gerais-situacao-atual-e-desafios\/"},"author":{"name":"cristiano","@id":"https:\/\/www.odonto.ufmg.br\/teleodontologia\/#\/schema\/person\/25c8dccfb2b8a933d4c9cacb1f1bf0db"},"headline":"Teleodontologia em Minas Gerais: situa\u00e7\u00e3o atual e desafios","datePublished":"2022-01-17T13:10:00+00:00","mainEntityOfPage":{"@id":"https:\/\/www.odonto.ufmg.br\/teleodontologia\/2022\/01\/17\/teleodontologia-em-minas-gerais-situacao-atual-e-desafios\/"},"wordCount":152,"commentCount":0,"articleSection":["artigos"],"inLanguage":"pt-BR"},{"@type":"WebPage","@id":"https:\/\/www.odonto.ufmg.br\/teleodontologia\/2022\/01\/17\/teleodontologia-em-minas-gerais-situacao-atual-e-desafios\/","url":"https:\/\/www.odonto.ufmg.br\/teleodontologia\/2022\/01\/17\/teleodontologia-em-minas-gerais-situacao-atual-e-desafios\/","name":"Teleodontologia em Minas Gerais: situa\u00e7\u00e3o atual e desafios - Projeto Teleodontologia","isPartOf":{"@id":"https:\/\/www.odonto.ufmg.br\/teleodontologia\/#website"},"datePublished":"2022-01-17T13:10:00+00:00","author":{"@id":"https:\/\/www.odonto.ufmg.br\/teleodontologia\/#\/schema\/person\/25c8dccfb2b8a933d4c9cacb1f1bf0db"},"breadcrumb":{"@id":"https:\/\/www.odonto.ufmg.br\/teleodontologia\/2022\/01\/17\/teleodontologia-em-minas-gerais-situacao-atual-e-desafios\/#breadcrumb"},"inLanguage":"pt-BR","potentialAction":[{"@type":"ReadAction","target":["https:\/\/www.odonto.ufmg.br\/teleodontologia\/2022\/01\/17\/teleodontologia-em-minas-gerais-situacao-atual-e-desafios\/"]}]},{"@type":"BreadcrumbList","@id":"https:\/\/www.odonto.ufmg.br\/teleodontologia\/2022\/01\/17\/teleodontologia-em-minas-gerais-situacao-atual-e-desafios\/#breadcrumb","itemListElement":[{"@type":"ListItem","position":1,"name":"In\u00edcio","item":"https:\/\/www.odonto.ufmg.br\/teleodontologia\/home\/"},{"@type":"ListItem","position":2,"name":"Teleodontologia em Minas Gerais: situa\u00e7\u00e3o atual e desafios"}]},{"@type":"WebSite","@id":"https:\/\/www.odonto.ufmg.br\/teleodontologia\/#website","url":"https:\/\/www.odonto.ufmg.br\/teleodontologia\/","name":"Projeto Teleodontologia","description":"Biblioteca Virtual","potentialAction":[{"@type":"SearchAction","target":{"@type":"EntryPoint","urlTemplate":"https:\/\/www.odonto.ufmg.br\/teleodontologia\/?s={search_term_string}"},"query-input":{"@type":"PropertyValueSpecification","valueRequired":true,"valueName":"search_term_string"}}],"inLanguage":"pt-BR"},{"@type":"Person","@id":"https:\/\/www.odonto.ufmg.br\/teleodontologia\/#\/schema\/person\/25c8dccfb2b8a933d4c9cacb1f1bf0db","name":"cristiano","image":{"@type":"ImageObject","inLanguage":"pt-BR","@id":"https:\/\/secure.gravatar.com\/avatar\/3ca61e4454966479a762b9f7682317c841b3f6d64d4eaeb9737c72573dfea596?s=96&d=mm&r=g","url":"https:\/\/secure.gravatar.com\/avatar\/3ca61e4454966479a762b9f7682317c841b3f6d64d4eaeb9737c72573dfea596?s=96&d=mm&r=g","contentUrl":"https:\/\/secure.gravatar.com\/avatar\/3ca61e4454966479a762b9f7682317c841b3f6d64d4eaeb9737c72573dfea596?s=96&d=mm&r=g","caption":"cristiano"},"url":"https:\/\/www.odonto.ufmg.br\/teleodontologia\/author\/cristiano\/"}]}},"_links":{"self":[{"href":"https:\/\/www.odonto.ufmg.br\/teleodontologia\/wp-json\/wp\/v2\/posts\/1636","targetHints":{"allow":["GET"]}}],"collection":[{"href":"https:\/\/www.odonto.ufmg.br\/teleodontologia\/wp-json\/wp\/v2\/posts"}],"about":[{"href":"https:\/\/www.odonto.ufmg.br\/teleodontologia\/wp-json\/wp\/v2\/types\/post"}],"author":[{"embeddable":true,"href":"https:\/\/www.odonto.ufmg.br\/teleodontologia\/wp-json\/wp\/v2\/users\/5"}],"replies":[{"embeddable":true,"href":"https:\/\/www.odonto.ufmg.br\/teleodontologia\/wp-json\/wp\/v2\/comments?post=1636"}],"version-history":[{"count":2,"href":"https:\/\/www.odonto.ufmg.br\/teleodontologia\/wp-json\/wp\/v2\/posts\/1636\/revisions"}],"predecessor-version":[{"id":1783,"href":"https:\/\/www.odonto.ufmg.br\/teleodontologia\/wp-json\/wp\/v2\/posts\/1636\/revisions\/1783"}],"wp:attachment":[{"href":"https:\/\/www.odonto.ufmg.br\/teleodontologia\/wp-json\/wp\/v2\/media?parent=1636"}],"wp:term":[{"taxonomy":"category","embeddable":true,"href":"https:\/\/www.odonto.ufmg.br\/teleodontologia\/wp-json\/wp\/v2\/categories?post=1636"},{"taxonomy":"post_tag","embeddable":true,"href":"https:\/\/www.odonto.ufmg.br\/teleodontologia\/wp-json\/wp\/v2\/tags?post=1636"}],"curies":[{"name":"wp","href":"https:\/\/api.w.org\/{rel}","templated":true}]}}