{"id":4262,"date":"2026-03-04T10:21:43","date_gmt":"2026-03-04T13:21:43","guid":{"rendered":"https:\/\/www.odonto.ufmg.br\/sca\/?p=4262"},"modified":"2026-03-04T10:21:43","modified_gmt":"2026-03-04T13:21:43","slug":"publicado-edital-de-selecao-de-monitores-de-pos-graduacao-2","status":"publish","type":"post","link":"https:\/\/www.odonto.ufmg.br\/sca\/noticias\/publicado-edital-de-selecao-de-monitores-de-pos-graduacao-2\/","title":{"rendered":"Publicado edital de sele\u00e7\u00e3o de monitores de p\u00f3s-gradua\u00e7\u00e3o."},"content":{"rendered":"\n<p>Clique <a href=\"https:\/\/www.odonto.ufmg.br\/sca\/wp-content\/uploads\/sites\/6\/2026\/03\/1_26_Edital-Selecao-de-Monitores-PG-SCA.pdf\">aqui<\/a> para ter acesso ao documento.<\/p>\n","protected":false},"excerpt":{"rendered":"<p>Clique aqui para ter acesso ao documento.<\/p>\n","protected":false},"author":19,"featured_media":0,"comment_status":"closed","ping_status":"closed","sticky":false,"template":"","format":"standard","meta":{"inline_featured_image":false,"footnotes":""},"categories":[1],"tags":[],"class_list":["post-4262","post","type-post","status-publish","format-standard","hentry","category-noticias"],"yoast_head":"<!-- This site is optimized with the Yoast SEO plugin v27.5 - https:\/\/yoast.com\/product\/yoast-seo-wordpress\/ -->\n<title>Publicado edital de sele\u00e7\u00e3o de monitores de p\u00f3s-gradua\u00e7\u00e3o. - Departamento de Sa\u00fade Bucal da Crian\u00e7a e do Adolescente<\/title>\n<meta name=\"robots\" content=\"index, follow, max-snippet:-1, max-image-preview:large, max-video-preview:-1\" \/>\n<link rel=\"canonical\" href=\"https:\/\/www.odonto.ufmg.br\/sca\/noticias\/publicado-edital-de-selecao-de-monitores-de-pos-graduacao-2\/\" \/>\n<meta property=\"og:locale\" content=\"pt_BR\" \/>\n<meta property=\"og:type\" content=\"article\" \/>\n<meta property=\"og:title\" content=\"Publicado edital de sele\u00e7\u00e3o de monitores de p\u00f3s-gradua\u00e7\u00e3o. - Departamento de Sa\u00fade Bucal da Crian\u00e7a e do Adolescente\" \/>\n<meta property=\"og:description\" content=\"Clique aqui para ter acesso ao documento.\" \/>\n<meta property=\"og:url\" content=\"https:\/\/www.odonto.ufmg.br\/sca\/noticias\/publicado-edital-de-selecao-de-monitores-de-pos-graduacao-2\/\" \/>\n<meta property=\"og:site_name\" content=\"Departamento de Sa\u00fade Bucal da Crian\u00e7a e do Adolescente\" \/>\n<meta property=\"article:publisher\" content=\"https:\/\/www.facebook.com\/faoufmg\" \/>\n<meta property=\"article:published_time\" content=\"2026-03-04T13:21:43+00:00\" \/>\n<meta name=\"author\" content=\"ricardo\" \/>\n<meta name=\"twitter:card\" content=\"summary_large_image\" \/>\n<meta name=\"twitter:label1\" content=\"Escrito por\" \/>\n\t<meta name=\"twitter:data1\" content=\"ricardo\" \/>\n\t<meta name=\"twitter:label2\" content=\"Est. tempo de leitura\" \/>\n\t<meta name=\"twitter:data2\" content=\"1 minuto\" \/>\n<script type=\"application\/ld+json\" class=\"yoast-schema-graph\">{\"@context\":\"https:\\\/\\\/schema.org\",\"@graph\":[{\"@type\":\"Article\",\"@id\":\"https:\\\/\\\/www.odonto.ufmg.br\\\/sca\\\/noticias\\\/publicado-edital-de-selecao-de-monitores-de-pos-graduacao-2\\\/#article\",\"isPartOf\":{\"@id\":\"https:\\\/\\\/www.odonto.ufmg.br\\\/sca\\\/noticias\\\/publicado-edital-de-selecao-de-monitores-de-pos-graduacao-2\\\/\"},\"author\":{\"name\":\"ricardo\",\"@id\":\"https:\\\/\\\/www.odonto.ufmg.br\\\/sca\\\/#\\\/schema\\\/person\\\/9efc25aa6cad43f596fd4f185c2f0ccb\"},\"headline\":\"Publicado edital de sele\u00e7\u00e3o de monitores de p\u00f3s-gradua\u00e7\u00e3o.\",\"datePublished\":\"2026-03-04T13:21:43+00:00\",\"mainEntityOfPage\":{\"@id\":\"https:\\\/\\\/www.odonto.ufmg.br\\\/sca\\\/noticias\\\/publicado-edital-de-selecao-de-monitores-de-pos-graduacao-2\\\/\"},\"wordCount\":18,\"publisher\":{\"@id\":\"https:\\\/\\\/www.odonto.ufmg.br\\\/sca\\\/#organization\"},\"articleSection\":[\"Not\u00edcias\"],\"inLanguage\":\"pt-BR\"},{\"@type\":\"WebPage\",\"@id\":\"https:\\\/\\\/www.odonto.ufmg.br\\\/sca\\\/noticias\\\/publicado-edital-de-selecao-de-monitores-de-pos-graduacao-2\\\/\",\"url\":\"https:\\\/\\\/www.odonto.ufmg.br\\\/sca\\\/noticias\\\/publicado-edital-de-selecao-de-monitores-de-pos-graduacao-2\\\/\",\"name\":\"Publicado edital de sele\u00e7\u00e3o de monitores de p\u00f3s-gradua\u00e7\u00e3o. - Departamento de Sa\u00fade Bucal da Crian\u00e7a e do Adolescente\",\"isPartOf\":{\"@id\":\"https:\\\/\\\/www.odonto.ufmg.br\\\/sca\\\/#website\"},\"datePublished\":\"2026-03-04T13:21:43+00:00\",\"breadcrumb\":{\"@id\":\"https:\\\/\\\/www.odonto.ufmg.br\\\/sca\\\/noticias\\\/publicado-edital-de-selecao-de-monitores-de-pos-graduacao-2\\\/#breadcrumb\"},\"inLanguage\":\"pt-BR\",\"potentialAction\":[{\"@type\":\"ReadAction\",\"target\":[\"https:\\\/\\\/www.odonto.ufmg.br\\\/sca\\\/noticias\\\/publicado-edital-de-selecao-de-monitores-de-pos-graduacao-2\\\/\"]}]},{\"@type\":\"BreadcrumbList\",\"@id\":\"https:\\\/\\\/www.odonto.ufmg.br\\\/sca\\\/noticias\\\/publicado-edital-de-selecao-de-monitores-de-pos-graduacao-2\\\/#breadcrumb\",\"itemListElement\":[{\"@type\":\"ListItem\",\"position\":1,\"name\":\"In\u00edcio\",\"item\":\"https:\\\/\\\/www.odonto.ufmg.br\\\/sca\\\/inicio\\\/\"},{\"@type\":\"ListItem\",\"position\":2,\"name\":\"Publicado edital de sele\u00e7\u00e3o de monitores de p\u00f3s-gradua\u00e7\u00e3o.\"}]},{\"@type\":\"WebSite\",\"@id\":\"https:\\\/\\\/www.odonto.ufmg.br\\\/sca\\\/#website\",\"url\":\"https:\\\/\\\/www.odonto.ufmg.br\\\/sca\\\/\",\"name\":\"Departamento de Sa\u00fade Bucal da Crian\u00e7a e do Adolescente\",\"description\":\"Faculdade de Odontologia - Universidade Federal de Minas Gerais\",\"publisher\":{\"@id\":\"https:\\\/\\\/www.odonto.ufmg.br\\\/sca\\\/#organization\"},\"potentialAction\":[{\"@type\":\"SearchAction\",\"target\":{\"@type\":\"EntryPoint\",\"urlTemplate\":\"https:\\\/\\\/www.odonto.ufmg.br\\\/sca\\\/?s={search_term_string}\"},\"query-input\":{\"@type\":\"PropertyValueSpecification\",\"valueRequired\":true,\"valueName\":\"search_term_string\"}}],\"inLanguage\":\"pt-BR\"},{\"@type\":\"Organization\",\"@id\":\"https:\\\/\\\/www.odonto.ufmg.br\\\/sca\\\/#organization\",\"name\":\"Departamento de Odontopediatria e Ortodontia\",\"url\":\"https:\\\/\\\/www.odonto.ufmg.br\\\/sca\\\/\",\"logo\":{\"@type\":\"ImageObject\",\"inLanguage\":\"pt-BR\",\"@id\":\"https:\\\/\\\/www.odonto.ufmg.br\\\/sca\\\/#\\\/schema\\\/logo\\\/image\\\/\",\"url\":\"https:\\\/\\\/www.odonto.ufmg.br\\\/sca\\\/wp-content\\\/uploads\\\/sites\\\/6\\\/2016\\\/02\\\/orto.svg\",\"contentUrl\":\"https:\\\/\\\/www.odonto.ufmg.br\\\/sca\\\/wp-content\\\/uploads\\\/sites\\\/6\\\/2016\\\/02\\\/orto.svg\",\"width\":1,\"height\":1,\"caption\":\"Departamento de Odontopediatria e Ortodontia\"},\"image\":{\"@id\":\"https:\\\/\\\/www.odonto.ufmg.br\\\/sca\\\/#\\\/schema\\\/logo\\\/image\\\/\"},\"sameAs\":[\"https:\\\/\\\/www.facebook.com\\\/faoufmg\"]},{\"@type\":\"Person\",\"@id\":\"https:\\\/\\\/www.odonto.ufmg.br\\\/sca\\\/#\\\/schema\\\/person\\\/9efc25aa6cad43f596fd4f185c2f0ccb\",\"name\":\"ricardo\",\"image\":{\"@type\":\"ImageObject\",\"inLanguage\":\"pt-BR\",\"@id\":\"https:\\\/\\\/secure.gravatar.com\\\/avatar\\\/cb285a72b48bd6312a2f8745e93b1417041d4fa38d302b5877a25218c3af4a0d?s=96&d=mm&r=g\",\"url\":\"https:\\\/\\\/secure.gravatar.com\\\/avatar\\\/cb285a72b48bd6312a2f8745e93b1417041d4fa38d302b5877a25218c3af4a0d?s=96&d=mm&r=g\",\"contentUrl\":\"https:\\\/\\\/secure.gravatar.com\\\/avatar\\\/cb285a72b48bd6312a2f8745e93b1417041d4fa38d302b5877a25218c3af4a0d?s=96&d=mm&r=g\",\"caption\":\"ricardo\"},\"url\":\"https:\\\/\\\/www.odonto.ufmg.br\\\/sca\\\/author\\\/ricardo\\\/\"}]}<\/script>\n<!-- \/ Yoast SEO plugin. -->","yoast_head_json":{"title":"Publicado edital de sele\u00e7\u00e3o de monitores de p\u00f3s-gradua\u00e7\u00e3o. - Departamento de Sa\u00fade Bucal da Crian\u00e7a e do Adolescente","robots":{"index":"index","follow":"follow","max-snippet":"max-snippet:-1","max-image-preview":"max-image-preview:large","max-video-preview":"max-video-preview:-1"},"canonical":"https:\/\/www.odonto.ufmg.br\/sca\/noticias\/publicado-edital-de-selecao-de-monitores-de-pos-graduacao-2\/","og_locale":"pt_BR","og_type":"article","og_title":"Publicado edital de sele\u00e7\u00e3o de monitores de p\u00f3s-gradua\u00e7\u00e3o. - Departamento de Sa\u00fade Bucal da Crian\u00e7a e do Adolescente","og_description":"Clique aqui para ter acesso ao documento.","og_url":"https:\/\/www.odonto.ufmg.br\/sca\/noticias\/publicado-edital-de-selecao-de-monitores-de-pos-graduacao-2\/","og_site_name":"Departamento de Sa\u00fade Bucal da Crian\u00e7a e do Adolescente","article_publisher":"https:\/\/www.facebook.com\/faoufmg","article_published_time":"2026-03-04T13:21:43+00:00","author":"ricardo","twitter_card":"summary_large_image","twitter_misc":{"Escrito por":"ricardo","Est. tempo de leitura":"1 minuto"},"schema":{"@context":"https:\/\/schema.org","@graph":[{"@type":"Article","@id":"https:\/\/www.odonto.ufmg.br\/sca\/noticias\/publicado-edital-de-selecao-de-monitores-de-pos-graduacao-2\/#article","isPartOf":{"@id":"https:\/\/www.odonto.ufmg.br\/sca\/noticias\/publicado-edital-de-selecao-de-monitores-de-pos-graduacao-2\/"},"author":{"name":"ricardo","@id":"https:\/\/www.odonto.ufmg.br\/sca\/#\/schema\/person\/9efc25aa6cad43f596fd4f185c2f0ccb"},"headline":"Publicado edital de sele\u00e7\u00e3o de monitores de p\u00f3s-gradua\u00e7\u00e3o.","datePublished":"2026-03-04T13:21:43+00:00","mainEntityOfPage":{"@id":"https:\/\/www.odonto.ufmg.br\/sca\/noticias\/publicado-edital-de-selecao-de-monitores-de-pos-graduacao-2\/"},"wordCount":18,"publisher":{"@id":"https:\/\/www.odonto.ufmg.br\/sca\/#organization"},"articleSection":["Not\u00edcias"],"inLanguage":"pt-BR"},{"@type":"WebPage","@id":"https:\/\/www.odonto.ufmg.br\/sca\/noticias\/publicado-edital-de-selecao-de-monitores-de-pos-graduacao-2\/","url":"https:\/\/www.odonto.ufmg.br\/sca\/noticias\/publicado-edital-de-selecao-de-monitores-de-pos-graduacao-2\/","name":"Publicado edital de sele\u00e7\u00e3o de monitores de p\u00f3s-gradua\u00e7\u00e3o. - Departamento de Sa\u00fade Bucal da Crian\u00e7a e do Adolescente","isPartOf":{"@id":"https:\/\/www.odonto.ufmg.br\/sca\/#website"},"datePublished":"2026-03-04T13:21:43+00:00","breadcrumb":{"@id":"https:\/\/www.odonto.ufmg.br\/sca\/noticias\/publicado-edital-de-selecao-de-monitores-de-pos-graduacao-2\/#breadcrumb"},"inLanguage":"pt-BR","potentialAction":[{"@type":"ReadAction","target":["https:\/\/www.odonto.ufmg.br\/sca\/noticias\/publicado-edital-de-selecao-de-monitores-de-pos-graduacao-2\/"]}]},{"@type":"BreadcrumbList","@id":"https:\/\/www.odonto.ufmg.br\/sca\/noticias\/publicado-edital-de-selecao-de-monitores-de-pos-graduacao-2\/#breadcrumb","itemListElement":[{"@type":"ListItem","position":1,"name":"In\u00edcio","item":"https:\/\/www.odonto.ufmg.br\/sca\/inicio\/"},{"@type":"ListItem","position":2,"name":"Publicado edital de sele\u00e7\u00e3o de monitores de p\u00f3s-gradua\u00e7\u00e3o."}]},{"@type":"WebSite","@id":"https:\/\/www.odonto.ufmg.br\/sca\/#website","url":"https:\/\/www.odonto.ufmg.br\/sca\/","name":"Departamento de Sa\u00fade Bucal da Crian\u00e7a e do Adolescente","description":"Faculdade de Odontologia - Universidade Federal de Minas Gerais","publisher":{"@id":"https:\/\/www.odonto.ufmg.br\/sca\/#organization"},"potentialAction":[{"@type":"SearchAction","target":{"@type":"EntryPoint","urlTemplate":"https:\/\/www.odonto.ufmg.br\/sca\/?s={search_term_string}"},"query-input":{"@type":"PropertyValueSpecification","valueRequired":true,"valueName":"search_term_string"}}],"inLanguage":"pt-BR"},{"@type":"Organization","@id":"https:\/\/www.odonto.ufmg.br\/sca\/#organization","name":"Departamento de Odontopediatria e Ortodontia","url":"https:\/\/www.odonto.ufmg.br\/sca\/","logo":{"@type":"ImageObject","inLanguage":"pt-BR","@id":"https:\/\/www.odonto.ufmg.br\/sca\/#\/schema\/logo\/image\/","url":"https:\/\/www.odonto.ufmg.br\/sca\/wp-content\/uploads\/sites\/6\/2016\/02\/orto.svg","contentUrl":"https:\/\/www.odonto.ufmg.br\/sca\/wp-content\/uploads\/sites\/6\/2016\/02\/orto.svg","width":1,"height":1,"caption":"Departamento de Odontopediatria e Ortodontia"},"image":{"@id":"https:\/\/www.odonto.ufmg.br\/sca\/#\/schema\/logo\/image\/"},"sameAs":["https:\/\/www.facebook.com\/faoufmg"]},{"@type":"Person","@id":"https:\/\/www.odonto.ufmg.br\/sca\/#\/schema\/person\/9efc25aa6cad43f596fd4f185c2f0ccb","name":"ricardo","image":{"@type":"ImageObject","inLanguage":"pt-BR","@id":"https:\/\/secure.gravatar.com\/avatar\/cb285a72b48bd6312a2f8745e93b1417041d4fa38d302b5877a25218c3af4a0d?s=96&d=mm&r=g","url":"https:\/\/secure.gravatar.com\/avatar\/cb285a72b48bd6312a2f8745e93b1417041d4fa38d302b5877a25218c3af4a0d?s=96&d=mm&r=g","contentUrl":"https:\/\/secure.gravatar.com\/avatar\/cb285a72b48bd6312a2f8745e93b1417041d4fa38d302b5877a25218c3af4a0d?s=96&d=mm&r=g","caption":"ricardo"},"url":"https:\/\/www.odonto.ufmg.br\/sca\/author\/ricardo\/"}]}},"_links":{"self":[{"href":"https:\/\/www.odonto.ufmg.br\/sca\/wp-json\/wp\/v2\/posts\/4262","targetHints":{"allow":["GET"]}}],"collection":[{"href":"https:\/\/www.odonto.ufmg.br\/sca\/wp-json\/wp\/v2\/posts"}],"about":[{"href":"https:\/\/www.odonto.ufmg.br\/sca\/wp-json\/wp\/v2\/types\/post"}],"author":[{"embeddable":true,"href":"https:\/\/www.odonto.ufmg.br\/sca\/wp-json\/wp\/v2\/users\/19"}],"replies":[{"embeddable":true,"href":"https:\/\/www.odonto.ufmg.br\/sca\/wp-json\/wp\/v2\/comments?post=4262"}],"version-history":[{"count":1,"href":"https:\/\/www.odonto.ufmg.br\/sca\/wp-json\/wp\/v2\/posts\/4262\/revisions"}],"predecessor-version":[{"id":4263,"href":"https:\/\/www.odonto.ufmg.br\/sca\/wp-json\/wp\/v2\/posts\/4262\/revisions\/4263"}],"wp:attachment":[{"href":"https:\/\/www.odonto.ufmg.br\/sca\/wp-json\/wp\/v2\/media?parent=4262"}],"wp:term":[{"taxonomy":"category","embeddable":true,"href":"https:\/\/www.odonto.ufmg.br\/sca\/wp-json\/wp\/v2\/categories?post=4262"},{"taxonomy":"post_tag","embeddable":true,"href":"https:\/\/www.odonto.ufmg.br\/sca\/wp-json\/wp\/v2\/tags?post=4262"}],"curies":[{"name":"wp","href":"https:\/\/api.w.org\/{rel}","templated":true}]}}