{"id":4205,"date":"2025-03-07T15:58:26","date_gmt":"2025-03-07T18:58:26","guid":{"rendered":"https:\/\/www.odonto.ufmg.br\/sca\/?p=4205"},"modified":"2025-03-07T15:58:26","modified_gmt":"2025-03-07T18:58:26","slug":"publicado-edital-01-2025-de-monitoria-de-pos-graduacao-do-sca","status":"publish","type":"post","link":"https:\/\/www.odonto.ufmg.br\/sca\/noticias\/publicado-edital-01-2025-de-monitoria-de-pos-graduacao-do-sca\/","title":{"rendered":"Publicado Edital 01\/2025 de Monitoria de P\u00f3s-Gradua\u00e7\u00e3o do SCA"},"content":{"rendered":"\n<p>Foi publicado esta semana o edital 01\/2025, referente \u00e0 sele\u00e7\u00e3o de Monitores de P\u00f3s-Gradua\u00e7\u00e3o do SCA. As inscri\u00e7\u00f5es ocorrer\u00e3o no per\u00edodo de 03\/03 a 12\/03\/2025 via e-mail.<br>Est\u00e3o dispon\u00edveis 27 vagas para alunos volunt\u00e1rios de p\u00f3s-gradua\u00e7\u00e3o atuarem nas disciplinas e atividades do SCA.<\/p>\n\n\n\n<p>Mais informa\u00e7\u00f5es est\u00e3o dispon\u00edveis\u00a0<a href=\"https:\/\/www.odonto.ufmg.br\/sca\/wp-content\/uploads\/sites\/6\/2025\/03\/1_25_Edital_Selecao_de_Monitores_PG-SCA_assinado.pdf\">aqui<\/a>.<\/p>\n\n\n\n<p><\/p>\n","protected":false},"excerpt":{"rendered":"<p>Foi publicado esta semana o edital 01\/2025, referente \u00e0 sele\u00e7\u00e3o de Monitores de P\u00f3s-Gradua\u00e7\u00e3o do SCA. As inscri\u00e7\u00f5es ocorrer\u00e3o no per\u00edodo de 03\/03 a 12\/03\/2025 via e-mail.Est\u00e3o dispon\u00edveis 27 vagas para alunos volunt\u00e1rios de p\u00f3s-gradua\u00e7\u00e3o atuarem nas disciplinas e atividades do SCA. Mais informa\u00e7\u00f5es est\u00e3o dispon\u00edveis\u00a0aqui.<\/p>\n","protected":false},"author":69,"featured_media":2343,"comment_status":"closed","ping_status":"closed","sticky":false,"template":"","format":"standard","meta":{"inline_featured_image":false,"footnotes":""},"categories":[1],"tags":[60,59,51],"class_list":["post-4205","post","type-post","status-publish","format-standard","has-post-thumbnail","hentry","category-noticias","tag-monitoria","tag-odontopediatria","tag-pos-graduacao"],"yoast_head":"<!-- This site is optimized with the Yoast SEO plugin v27.5 - https:\/\/yoast.com\/product\/yoast-seo-wordpress\/ -->\n<title>Publicado Edital 01\/2025 de Monitoria de P\u00f3s-Gradua\u00e7\u00e3o do SCA - Departamento de Sa\u00fade Bucal da Crian\u00e7a e do Adolescente<\/title>\n<meta name=\"robots\" content=\"index, follow, max-snippet:-1, max-image-preview:large, max-video-preview:-1\" \/>\n<link rel=\"canonical\" href=\"https:\/\/www.odonto.ufmg.br\/sca\/noticias\/publicado-edital-01-2025-de-monitoria-de-pos-graduacao-do-sca\/\" \/>\n<meta property=\"og:locale\" content=\"pt_BR\" \/>\n<meta property=\"og:type\" content=\"article\" \/>\n<meta property=\"og:title\" content=\"Publicado Edital 01\/2025 de Monitoria de P\u00f3s-Gradua\u00e7\u00e3o do SCA - Departamento de Sa\u00fade Bucal da Crian\u00e7a e do Adolescente\" \/>\n<meta property=\"og:description\" content=\"Foi publicado esta semana o edital 01\/2025, referente \u00e0 sele\u00e7\u00e3o de Monitores de P\u00f3s-Gradua\u00e7\u00e3o do SCA. As inscri\u00e7\u00f5es ocorrer\u00e3o no per\u00edodo de 03\/03 a 12\/03\/2025 via e-mail.Est\u00e3o dispon\u00edveis 27 vagas para alunos volunt\u00e1rios de p\u00f3s-gradua\u00e7\u00e3o atuarem nas disciplinas e atividades do SCA. Mais informa\u00e7\u00f5es est\u00e3o dispon\u00edveis\u00a0aqui.\" \/>\n<meta property=\"og:url\" content=\"https:\/\/www.odonto.ufmg.br\/sca\/noticias\/publicado-edital-01-2025-de-monitoria-de-pos-graduacao-do-sca\/\" \/>\n<meta property=\"og:site_name\" content=\"Departamento de Sa\u00fade Bucal da Crian\u00e7a e do Adolescente\" \/>\n<meta property=\"article:publisher\" content=\"https:\/\/www.facebook.com\/faoufmg\" \/>\n<meta property=\"article:published_time\" content=\"2025-03-07T18:58:26+00:00\" \/>\n<meta property=\"og:image\" content=\"https:\/\/www.odonto.ufmg.br\/sca\/wp-content\/uploads\/sites\/6\/2019\/07\/megafone-negocio_23-2147512268.jpg\" \/>\n\t<meta property=\"og:image:width\" content=\"615\" \/>\n\t<meta property=\"og:image:height\" content=\"553\" \/>\n\t<meta property=\"og:image:type\" content=\"image\/jpeg\" \/>\n<meta name=\"author\" content=\"ivana\" \/>\n<meta name=\"twitter:card\" content=\"summary_large_image\" \/>\n<meta name=\"twitter:label1\" content=\"Escrito por\" \/>\n\t<meta name=\"twitter:data1\" content=\"ivana\" \/>\n\t<meta name=\"twitter:label2\" content=\"Est. tempo de leitura\" \/>\n\t<meta name=\"twitter:data2\" content=\"1 minuto\" \/>\n<script type=\"application\/ld+json\" class=\"yoast-schema-graph\">{\"@context\":\"https:\\\/\\\/schema.org\",\"@graph\":[{\"@type\":\"Article\",\"@id\":\"https:\\\/\\\/www.odonto.ufmg.br\\\/sca\\\/noticias\\\/publicado-edital-01-2025-de-monitoria-de-pos-graduacao-do-sca\\\/#article\",\"isPartOf\":{\"@id\":\"https:\\\/\\\/www.odonto.ufmg.br\\\/sca\\\/noticias\\\/publicado-edital-01-2025-de-monitoria-de-pos-graduacao-do-sca\\\/\"},\"author\":{\"name\":\"ivana\",\"@id\":\"https:\\\/\\\/www.odonto.ufmg.br\\\/sca\\\/#\\\/schema\\\/person\\\/af955610a293d3e4ed62fc4eeef956a0\"},\"headline\":\"Publicado Edital 01\\\/2025 de Monitoria de P\u00f3s-Gradua\u00e7\u00e3o do SCA\",\"datePublished\":\"2025-03-07T18:58:26+00:00\",\"mainEntityOfPage\":{\"@id\":\"https:\\\/\\\/www.odonto.ufmg.br\\\/sca\\\/noticias\\\/publicado-edital-01-2025-de-monitoria-de-pos-graduacao-do-sca\\\/\"},\"wordCount\":67,\"publisher\":{\"@id\":\"https:\\\/\\\/www.odonto.ufmg.br\\\/sca\\\/#organization\"},\"image\":{\"@id\":\"https:\\\/\\\/www.odonto.ufmg.br\\\/sca\\\/noticias\\\/publicado-edital-01-2025-de-monitoria-de-pos-graduacao-do-sca\\\/#primaryimage\"},\"thumbnailUrl\":\"https:\\\/\\\/www.odonto.ufmg.br\\\/sca\\\/wp-content\\\/uploads\\\/sites\\\/6\\\/2019\\\/07\\\/megafone-negocio_23-2147512268.jpg\",\"keywords\":[\"monitoria\",\"odontopediatria\",\"p\u00f3s-gradua\u00e7\u00e3o\"],\"articleSection\":[\"Not\u00edcias\"],\"inLanguage\":\"pt-BR\"},{\"@type\":\"WebPage\",\"@id\":\"https:\\\/\\\/www.odonto.ufmg.br\\\/sca\\\/noticias\\\/publicado-edital-01-2025-de-monitoria-de-pos-graduacao-do-sca\\\/\",\"url\":\"https:\\\/\\\/www.odonto.ufmg.br\\\/sca\\\/noticias\\\/publicado-edital-01-2025-de-monitoria-de-pos-graduacao-do-sca\\\/\",\"name\":\"Publicado Edital 01\\\/2025 de Monitoria de P\u00f3s-Gradua\u00e7\u00e3o do SCA - Departamento de Sa\u00fade Bucal da Crian\u00e7a e do Adolescente\",\"isPartOf\":{\"@id\":\"https:\\\/\\\/www.odonto.ufmg.br\\\/sca\\\/#website\"},\"primaryImageOfPage\":{\"@id\":\"https:\\\/\\\/www.odonto.ufmg.br\\\/sca\\\/noticias\\\/publicado-edital-01-2025-de-monitoria-de-pos-graduacao-do-sca\\\/#primaryimage\"},\"image\":{\"@id\":\"https:\\\/\\\/www.odonto.ufmg.br\\\/sca\\\/noticias\\\/publicado-edital-01-2025-de-monitoria-de-pos-graduacao-do-sca\\\/#primaryimage\"},\"thumbnailUrl\":\"https:\\\/\\\/www.odonto.ufmg.br\\\/sca\\\/wp-content\\\/uploads\\\/sites\\\/6\\\/2019\\\/07\\\/megafone-negocio_23-2147512268.jpg\",\"datePublished\":\"2025-03-07T18:58:26+00:00\",\"breadcrumb\":{\"@id\":\"https:\\\/\\\/www.odonto.ufmg.br\\\/sca\\\/noticias\\\/publicado-edital-01-2025-de-monitoria-de-pos-graduacao-do-sca\\\/#breadcrumb\"},\"inLanguage\":\"pt-BR\",\"potentialAction\":[{\"@type\":\"ReadAction\",\"target\":[\"https:\\\/\\\/www.odonto.ufmg.br\\\/sca\\\/noticias\\\/publicado-edital-01-2025-de-monitoria-de-pos-graduacao-do-sca\\\/\"]}]},{\"@type\":\"ImageObject\",\"inLanguage\":\"pt-BR\",\"@id\":\"https:\\\/\\\/www.odonto.ufmg.br\\\/sca\\\/noticias\\\/publicado-edital-01-2025-de-monitoria-de-pos-graduacao-do-sca\\\/#primaryimage\",\"url\":\"https:\\\/\\\/www.odonto.ufmg.br\\\/sca\\\/wp-content\\\/uploads\\\/sites\\\/6\\\/2019\\\/07\\\/megafone-negocio_23-2147512268.jpg\",\"contentUrl\":\"https:\\\/\\\/www.odonto.ufmg.br\\\/sca\\\/wp-content\\\/uploads\\\/sites\\\/6\\\/2019\\\/07\\\/megafone-negocio_23-2147512268.jpg\",\"width\":615,\"height\":553},{\"@type\":\"BreadcrumbList\",\"@id\":\"https:\\\/\\\/www.odonto.ufmg.br\\\/sca\\\/noticias\\\/publicado-edital-01-2025-de-monitoria-de-pos-graduacao-do-sca\\\/#breadcrumb\",\"itemListElement\":[{\"@type\":\"ListItem\",\"position\":1,\"name\":\"In\u00edcio\",\"item\":\"https:\\\/\\\/www.odonto.ufmg.br\\\/sca\\\/inicio\\\/\"},{\"@type\":\"ListItem\",\"position\":2,\"name\":\"Publicado Edital 01\\\/2025 de Monitoria de P\u00f3s-Gradua\u00e7\u00e3o do SCA\"}]},{\"@type\":\"WebSite\",\"@id\":\"https:\\\/\\\/www.odonto.ufmg.br\\\/sca\\\/#website\",\"url\":\"https:\\\/\\\/www.odonto.ufmg.br\\\/sca\\\/\",\"name\":\"Departamento de Sa\u00fade Bucal da Crian\u00e7a e do Adolescente\",\"description\":\"Faculdade de Odontologia - Universidade Federal de Minas Gerais\",\"publisher\":{\"@id\":\"https:\\\/\\\/www.odonto.ufmg.br\\\/sca\\\/#organization\"},\"potentialAction\":[{\"@type\":\"SearchAction\",\"target\":{\"@type\":\"EntryPoint\",\"urlTemplate\":\"https:\\\/\\\/www.odonto.ufmg.br\\\/sca\\\/?s={search_term_string}\"},\"query-input\":{\"@type\":\"PropertyValueSpecification\",\"valueRequired\":true,\"valueName\":\"search_term_string\"}}],\"inLanguage\":\"pt-BR\"},{\"@type\":\"Organization\",\"@id\":\"https:\\\/\\\/www.odonto.ufmg.br\\\/sca\\\/#organization\",\"name\":\"Departamento de Odontopediatria e Ortodontia\",\"url\":\"https:\\\/\\\/www.odonto.ufmg.br\\\/sca\\\/\",\"logo\":{\"@type\":\"ImageObject\",\"inLanguage\":\"pt-BR\",\"@id\":\"https:\\\/\\\/www.odonto.ufmg.br\\\/sca\\\/#\\\/schema\\\/logo\\\/image\\\/\",\"url\":\"https:\\\/\\\/www.odonto.ufmg.br\\\/sca\\\/wp-content\\\/uploads\\\/sites\\\/6\\\/2016\\\/02\\\/orto.svg\",\"contentUrl\":\"https:\\\/\\\/www.odonto.ufmg.br\\\/sca\\\/wp-content\\\/uploads\\\/sites\\\/6\\\/2016\\\/02\\\/orto.svg\",\"width\":1,\"height\":1,\"caption\":\"Departamento de Odontopediatria e Ortodontia\"},\"image\":{\"@id\":\"https:\\\/\\\/www.odonto.ufmg.br\\\/sca\\\/#\\\/schema\\\/logo\\\/image\\\/\"},\"sameAs\":[\"https:\\\/\\\/www.facebook.com\\\/faoufmg\"]},{\"@type\":\"Person\",\"@id\":\"https:\\\/\\\/www.odonto.ufmg.br\\\/sca\\\/#\\\/schema\\\/person\\\/af955610a293d3e4ed62fc4eeef956a0\",\"name\":\"ivana\",\"image\":{\"@type\":\"ImageObject\",\"inLanguage\":\"pt-BR\",\"@id\":\"https:\\\/\\\/secure.gravatar.com\\\/avatar\\\/33f4ef4e7a874f583f145109a14b8b21cd172b8126addca8fe7b3ce69c250d9a?s=96&d=mm&r=g\",\"url\":\"https:\\\/\\\/secure.gravatar.com\\\/avatar\\\/33f4ef4e7a874f583f145109a14b8b21cd172b8126addca8fe7b3ce69c250d9a?s=96&d=mm&r=g\",\"contentUrl\":\"https:\\\/\\\/secure.gravatar.com\\\/avatar\\\/33f4ef4e7a874f583f145109a14b8b21cd172b8126addca8fe7b3ce69c250d9a?s=96&d=mm&r=g\",\"caption\":\"ivana\"},\"url\":\"https:\\\/\\\/www.odonto.ufmg.br\\\/sca\\\/author\\\/ivana\\\/\"}]}<\/script>\n<!-- \/ Yoast SEO plugin. -->","yoast_head_json":{"title":"Publicado Edital 01\/2025 de Monitoria de P\u00f3s-Gradua\u00e7\u00e3o do SCA - Departamento de Sa\u00fade Bucal da Crian\u00e7a e do Adolescente","robots":{"index":"index","follow":"follow","max-snippet":"max-snippet:-1","max-image-preview":"max-image-preview:large","max-video-preview":"max-video-preview:-1"},"canonical":"https:\/\/www.odonto.ufmg.br\/sca\/noticias\/publicado-edital-01-2025-de-monitoria-de-pos-graduacao-do-sca\/","og_locale":"pt_BR","og_type":"article","og_title":"Publicado Edital 01\/2025 de Monitoria de P\u00f3s-Gradua\u00e7\u00e3o do SCA - Departamento de Sa\u00fade Bucal da Crian\u00e7a e do Adolescente","og_description":"Foi publicado esta semana o edital 01\/2025, referente \u00e0 sele\u00e7\u00e3o de Monitores de P\u00f3s-Gradua\u00e7\u00e3o do SCA. As inscri\u00e7\u00f5es ocorrer\u00e3o no per\u00edodo de 03\/03 a 12\/03\/2025 via e-mail.Est\u00e3o dispon\u00edveis 27 vagas para alunos volunt\u00e1rios de p\u00f3s-gradua\u00e7\u00e3o atuarem nas disciplinas e atividades do SCA. Mais informa\u00e7\u00f5es est\u00e3o dispon\u00edveis\u00a0aqui.","og_url":"https:\/\/www.odonto.ufmg.br\/sca\/noticias\/publicado-edital-01-2025-de-monitoria-de-pos-graduacao-do-sca\/","og_site_name":"Departamento de Sa\u00fade Bucal da Crian\u00e7a e do Adolescente","article_publisher":"https:\/\/www.facebook.com\/faoufmg","article_published_time":"2025-03-07T18:58:26+00:00","og_image":[{"width":615,"height":553,"url":"https:\/\/www.odonto.ufmg.br\/sca\/wp-content\/uploads\/sites\/6\/2019\/07\/megafone-negocio_23-2147512268.jpg","type":"image\/jpeg"}],"author":"ivana","twitter_card":"summary_large_image","twitter_misc":{"Escrito por":"ivana","Est. tempo de leitura":"1 minuto"},"schema":{"@context":"https:\/\/schema.org","@graph":[{"@type":"Article","@id":"https:\/\/www.odonto.ufmg.br\/sca\/noticias\/publicado-edital-01-2025-de-monitoria-de-pos-graduacao-do-sca\/#article","isPartOf":{"@id":"https:\/\/www.odonto.ufmg.br\/sca\/noticias\/publicado-edital-01-2025-de-monitoria-de-pos-graduacao-do-sca\/"},"author":{"name":"ivana","@id":"https:\/\/www.odonto.ufmg.br\/sca\/#\/schema\/person\/af955610a293d3e4ed62fc4eeef956a0"},"headline":"Publicado Edital 01\/2025 de Monitoria de P\u00f3s-Gradua\u00e7\u00e3o do SCA","datePublished":"2025-03-07T18:58:26+00:00","mainEntityOfPage":{"@id":"https:\/\/www.odonto.ufmg.br\/sca\/noticias\/publicado-edital-01-2025-de-monitoria-de-pos-graduacao-do-sca\/"},"wordCount":67,"publisher":{"@id":"https:\/\/www.odonto.ufmg.br\/sca\/#organization"},"image":{"@id":"https:\/\/www.odonto.ufmg.br\/sca\/noticias\/publicado-edital-01-2025-de-monitoria-de-pos-graduacao-do-sca\/#primaryimage"},"thumbnailUrl":"https:\/\/www.odonto.ufmg.br\/sca\/wp-content\/uploads\/sites\/6\/2019\/07\/megafone-negocio_23-2147512268.jpg","keywords":["monitoria","odontopediatria","p\u00f3s-gradua\u00e7\u00e3o"],"articleSection":["Not\u00edcias"],"inLanguage":"pt-BR"},{"@type":"WebPage","@id":"https:\/\/www.odonto.ufmg.br\/sca\/noticias\/publicado-edital-01-2025-de-monitoria-de-pos-graduacao-do-sca\/","url":"https:\/\/www.odonto.ufmg.br\/sca\/noticias\/publicado-edital-01-2025-de-monitoria-de-pos-graduacao-do-sca\/","name":"Publicado Edital 01\/2025 de Monitoria de P\u00f3s-Gradua\u00e7\u00e3o do SCA - Departamento de Sa\u00fade Bucal da Crian\u00e7a e do Adolescente","isPartOf":{"@id":"https:\/\/www.odonto.ufmg.br\/sca\/#website"},"primaryImageOfPage":{"@id":"https:\/\/www.odonto.ufmg.br\/sca\/noticias\/publicado-edital-01-2025-de-monitoria-de-pos-graduacao-do-sca\/#primaryimage"},"image":{"@id":"https:\/\/www.odonto.ufmg.br\/sca\/noticias\/publicado-edital-01-2025-de-monitoria-de-pos-graduacao-do-sca\/#primaryimage"},"thumbnailUrl":"https:\/\/www.odonto.ufmg.br\/sca\/wp-content\/uploads\/sites\/6\/2019\/07\/megafone-negocio_23-2147512268.jpg","datePublished":"2025-03-07T18:58:26+00:00","breadcrumb":{"@id":"https:\/\/www.odonto.ufmg.br\/sca\/noticias\/publicado-edital-01-2025-de-monitoria-de-pos-graduacao-do-sca\/#breadcrumb"},"inLanguage":"pt-BR","potentialAction":[{"@type":"ReadAction","target":["https:\/\/www.odonto.ufmg.br\/sca\/noticias\/publicado-edital-01-2025-de-monitoria-de-pos-graduacao-do-sca\/"]}]},{"@type":"ImageObject","inLanguage":"pt-BR","@id":"https:\/\/www.odonto.ufmg.br\/sca\/noticias\/publicado-edital-01-2025-de-monitoria-de-pos-graduacao-do-sca\/#primaryimage","url":"https:\/\/www.odonto.ufmg.br\/sca\/wp-content\/uploads\/sites\/6\/2019\/07\/megafone-negocio_23-2147512268.jpg","contentUrl":"https:\/\/www.odonto.ufmg.br\/sca\/wp-content\/uploads\/sites\/6\/2019\/07\/megafone-negocio_23-2147512268.jpg","width":615,"height":553},{"@type":"BreadcrumbList","@id":"https:\/\/www.odonto.ufmg.br\/sca\/noticias\/publicado-edital-01-2025-de-monitoria-de-pos-graduacao-do-sca\/#breadcrumb","itemListElement":[{"@type":"ListItem","position":1,"name":"In\u00edcio","item":"https:\/\/www.odonto.ufmg.br\/sca\/inicio\/"},{"@type":"ListItem","position":2,"name":"Publicado Edital 01\/2025 de Monitoria de P\u00f3s-Gradua\u00e7\u00e3o do SCA"}]},{"@type":"WebSite","@id":"https:\/\/www.odonto.ufmg.br\/sca\/#website","url":"https:\/\/www.odonto.ufmg.br\/sca\/","name":"Departamento de Sa\u00fade Bucal da Crian\u00e7a e do Adolescente","description":"Faculdade de Odontologia - Universidade Federal de Minas Gerais","publisher":{"@id":"https:\/\/www.odonto.ufmg.br\/sca\/#organization"},"potentialAction":[{"@type":"SearchAction","target":{"@type":"EntryPoint","urlTemplate":"https:\/\/www.odonto.ufmg.br\/sca\/?s={search_term_string}"},"query-input":{"@type":"PropertyValueSpecification","valueRequired":true,"valueName":"search_term_string"}}],"inLanguage":"pt-BR"},{"@type":"Organization","@id":"https:\/\/www.odonto.ufmg.br\/sca\/#organization","name":"Departamento de Odontopediatria e Ortodontia","url":"https:\/\/www.odonto.ufmg.br\/sca\/","logo":{"@type":"ImageObject","inLanguage":"pt-BR","@id":"https:\/\/www.odonto.ufmg.br\/sca\/#\/schema\/logo\/image\/","url":"https:\/\/www.odonto.ufmg.br\/sca\/wp-content\/uploads\/sites\/6\/2016\/02\/orto.svg","contentUrl":"https:\/\/www.odonto.ufmg.br\/sca\/wp-content\/uploads\/sites\/6\/2016\/02\/orto.svg","width":1,"height":1,"caption":"Departamento de Odontopediatria e Ortodontia"},"image":{"@id":"https:\/\/www.odonto.ufmg.br\/sca\/#\/schema\/logo\/image\/"},"sameAs":["https:\/\/www.facebook.com\/faoufmg"]},{"@type":"Person","@id":"https:\/\/www.odonto.ufmg.br\/sca\/#\/schema\/person\/af955610a293d3e4ed62fc4eeef956a0","name":"ivana","image":{"@type":"ImageObject","inLanguage":"pt-BR","@id":"https:\/\/secure.gravatar.com\/avatar\/33f4ef4e7a874f583f145109a14b8b21cd172b8126addca8fe7b3ce69c250d9a?s=96&d=mm&r=g","url":"https:\/\/secure.gravatar.com\/avatar\/33f4ef4e7a874f583f145109a14b8b21cd172b8126addca8fe7b3ce69c250d9a?s=96&d=mm&r=g","contentUrl":"https:\/\/secure.gravatar.com\/avatar\/33f4ef4e7a874f583f145109a14b8b21cd172b8126addca8fe7b3ce69c250d9a?s=96&d=mm&r=g","caption":"ivana"},"url":"https:\/\/www.odonto.ufmg.br\/sca\/author\/ivana\/"}]}},"_links":{"self":[{"href":"https:\/\/www.odonto.ufmg.br\/sca\/wp-json\/wp\/v2\/posts\/4205","targetHints":{"allow":["GET"]}}],"collection":[{"href":"https:\/\/www.odonto.ufmg.br\/sca\/wp-json\/wp\/v2\/posts"}],"about":[{"href":"https:\/\/www.odonto.ufmg.br\/sca\/wp-json\/wp\/v2\/types\/post"}],"author":[{"embeddable":true,"href":"https:\/\/www.odonto.ufmg.br\/sca\/wp-json\/wp\/v2\/users\/69"}],"replies":[{"embeddable":true,"href":"https:\/\/www.odonto.ufmg.br\/sca\/wp-json\/wp\/v2\/comments?post=4205"}],"version-history":[{"count":1,"href":"https:\/\/www.odonto.ufmg.br\/sca\/wp-json\/wp\/v2\/posts\/4205\/revisions"}],"predecessor-version":[{"id":4207,"href":"https:\/\/www.odonto.ufmg.br\/sca\/wp-json\/wp\/v2\/posts\/4205\/revisions\/4207"}],"wp:featuredmedia":[{"embeddable":true,"href":"https:\/\/www.odonto.ufmg.br\/sca\/wp-json\/wp\/v2\/media\/2343"}],"wp:attachment":[{"href":"https:\/\/www.odonto.ufmg.br\/sca\/wp-json\/wp\/v2\/media?parent=4205"}],"wp:term":[{"taxonomy":"category","embeddable":true,"href":"https:\/\/www.odonto.ufmg.br\/sca\/wp-json\/wp\/v2\/categories?post=4205"},{"taxonomy":"post_tag","embeddable":true,"href":"https:\/\/www.odonto.ufmg.br\/sca\/wp-json\/wp\/v2\/tags?post=4205"}],"curies":[{"name":"wp","href":"https:\/\/api.w.org\/{rel}","templated":true}]}}