{"id":2678,"date":"2021-02-10T18:26:13","date_gmt":"2021-02-10T21:26:13","guid":{"rendered":"https:\/\/www.odonto.ufmg.br\/sca\/?p=2678"},"modified":"2021-02-10T18:36:51","modified_gmt":"2021-02-10T21:36:51","slug":"divulgado-resultado-edital-14-20","status":"publish","type":"post","link":"https:\/\/www.odonto.ufmg.br\/sca\/noticias\/divulgado-resultado-edital-14-20\/","title":{"rendered":"Divulgado o Resultado do Edital 14\/20"},"content":{"rendered":"<p>A Chefe do Departamento de Sa\u00fade Bucal da Crian\u00e7a e do Adolescente, da Faculdade de Odontologia da Universidade Federal de Minas Gerais, Profa. Miriam Pimenta Parreira do Vale, faz saber o resultado do Edital 14\/20 referente ao exame de sele\u00e7\u00e3o para 5 (cinco) vagas para a disciplina de TRABALHO DE CONCLUS\u00c3O DE CURSO I (TCC I), do Programa de Monitoria Volunt\u00e1ria de P\u00f3s-Gradua\u00e7\u00e3o.<\/p>\n<p>Para visualizar o documento na \u00edntegra, clique aqui:\u00a0<a href=\"https:\/\/www.odonto.ufmg.br\/sca\/wp-content\/uploads\/sites\/6\/2021\/02\/Resultado-de-Selec\u0327a\u0303o-Monitoria-PG-TCC-I-2.pdf\">Resultado de Selec\u0327a\u0303o &#8211; Monitoria PG TCC-I-2<\/a><\/p>\n","protected":false},"excerpt":{"rendered":"<p>A Chefe do Departamento de Sa\u00fade Bucal da Crian\u00e7a e do Adolescente, da Faculdade de Odontologia da Universidade Federal de Minas Gerais, Profa. Miriam Pimenta Parreira do Vale, faz saber o resultado do Edital 14\/20 referente ao exame de sele\u00e7\u00e3o para 5 (cinco) vagas para a disciplina de TRABALHO DE CONCLUS\u00c3O DE CURSO I (TCC [&hellip;]<\/p>\n","protected":false},"author":29,"featured_media":0,"comment_status":"closed","ping_status":"closed","sticky":false,"template":"","format":"standard","meta":{"footnotes":""},"categories":[1],"tags":[],"class_list":["post-2678","post","type-post","status-publish","format-standard","hentry","category-noticias"],"_links":{"self":[{"href":"https:\/\/www.odonto.ufmg.br\/sca\/wp-json\/wp\/v2\/posts\/2678","targetHints":{"allow":["GET"]}}],"collection":[{"href":"https:\/\/www.odonto.ufmg.br\/sca\/wp-json\/wp\/v2\/posts"}],"about":[{"href":"https:\/\/www.odonto.ufmg.br\/sca\/wp-json\/wp\/v2\/types\/post"}],"author":[{"embeddable":true,"href":"https:\/\/www.odonto.ufmg.br\/sca\/wp-json\/wp\/v2\/users\/29"}],"replies":[{"embeddable":true,"href":"https:\/\/www.odonto.ufmg.br\/sca\/wp-json\/wp\/v2\/comments?post=2678"}],"version-history":[{"count":4,"href":"https:\/\/www.odonto.ufmg.br\/sca\/wp-json\/wp\/v2\/posts\/2678\/revisions"}],"predecessor-version":[{"id":2691,"href":"https:\/\/www.odonto.ufmg.br\/sca\/wp-json\/wp\/v2\/posts\/2678\/revisions\/2691"}],"wp:attachment":[{"href":"https:\/\/www.odonto.ufmg.br\/sca\/wp-json\/wp\/v2\/media?parent=2678"}],"wp:term":[{"taxonomy":"category","embeddable":true,"href":"https:\/\/www.odonto.ufmg.br\/sca\/wp-json\/wp\/v2\/categories?post=2678"},{"taxonomy":"post_tag","embeddable":true,"href":"https:\/\/www.odonto.ufmg.br\/sca\/wp-json\/wp\/v2\/tags?post=2678"}],"curies":[{"name":"wp","href":"https:\/\/api.w.org\/{rel}","templated":true}]}}