{"id":2594,"date":"2020-08-11T20:44:12","date_gmt":"2020-08-11T23:44:12","guid":{"rendered":"https:\/\/www.odonto.ufmg.br\/sca\/?p=2594"},"modified":"2020-08-11T21:07:27","modified_gmt":"2020-08-12T00:07:27","slug":"homenagem-do-sca-para-o-professor-luiz-soares-viana-nas-palavras-da-professora-isabela-almeida-pordeus","status":"publish","type":"post","link":"https:\/\/www.odonto.ufmg.br\/sca\/noticias\/homenagem-do-sca-para-o-professor-luiz-soares-viana-nas-palavras-da-professora-isabela-almeida-pordeus\/","title":{"rendered":"Homenagem do SCA para o professor Luiz Soares Viana, nas palavras da professora Isabela Almeida Pordeus"},"content":{"rendered":"\n<style type=\"text\/css\" data-created_by=\"avia_inline_auto\" id=\"style-css-av-kdqm6uwr-c0d062aae7c8b2547e2c96fd3fd3d71f\">\n#top .av-special-heading.av-kdqm6uwr-c0d062aae7c8b2547e2c96fd3fd3d71f{\npadding-bottom:10px;\n}\nbody .av-special-heading.av-kdqm6uwr-c0d062aae7c8b2547e2c96fd3fd3d71f .av-special-heading-tag .heading-char{\nfont-size:25px;\n}\n.av-special-heading.av-kdqm6uwr-c0d062aae7c8b2547e2c96fd3fd3d71f .av-subheading{\nfont-size:15px;\n}\n<\/style>\n<div  class='av-special-heading av-kdqm6uwr-c0d062aae7c8b2547e2c96fd3fd3d71f av-special-heading-h2 blockquote modern-quote modern-centered  avia-builder-el-0  el_before_av_image  avia-builder-el-first '><h2 class='av-special-heading-tag '  itemprop=\"headline\"  >Homenagem do SCA para o professor Luiz Soares Viana, nas palavras da professora Isabela Almeida Pordeus<\/h2><div class=\"special-heading-border\"><div class=\"special-heading-inner-border\"><\/div><\/div><\/div>\n\n<style type=\"text\/css\" data-created_by=\"avia_inline_auto\" id=\"style-css-av-kdqlap9i-a94dd95853d64cae6235687239b2b7b5\">\n.avia-image-container.av-kdqlap9i-a94dd95853d64cae6235687239b2b7b5 img.avia_image{\nbox-shadow:none;\n}\n.avia-image-container.av-kdqlap9i-a94dd95853d64cae6235687239b2b7b5 .av-image-caption-overlay-center{\ncolor:#ffffff;\n}\n<\/style>\n<div  class='avia-image-container av-kdqlap9i-a94dd95853d64cae6235687239b2b7b5 av-styling- avia-align-center  avia-builder-el-1  el_after_av_heading  el_before_av_one_full '   itemprop=\"image\" itemscope=\"itemscope\" itemtype=\"https:\/\/schema.org\/ImageObject\" ><div class=\"avia-image-container-inner\"><div class=\"avia-image-overlay-wrap\"><img decoding=\"async\" fetchpriority=\"high\" class='wp-image-2595 avia-img-lazy-loading-not-2595 avia_image ' src=\"https:\/\/www.odonto.ufmg.br\/sca\/wp-content\/uploads\/sites\/6\/2020\/08\/luiz-soares.png\" alt='' title='luiz-soares'  height=\"201\" width=\"637\"  itemprop=\"thumbnailUrl\" srcset=\"https:\/\/www.odonto.ufmg.br\/sca\/wp-content\/uploads\/sites\/6\/2020\/08\/luiz-soares.png 637w, https:\/\/www.odonto.ufmg.br\/sca\/wp-content\/uploads\/sites\/6\/2020\/08\/luiz-soares-300x95.png 300w, https:\/\/www.odonto.ufmg.br\/sca\/wp-content\/uploads\/sites\/6\/2020\/08\/luiz-soares-450x142.png 450w\" sizes=\"(max-width: 637px) 100vw, 637px\" \/><\/div><\/div><\/div>\n\n<style type=\"text\/css\" data-created_by=\"avia_inline_auto\" id=\"style-css-av-1tnyb6-d500c0ff91a81b1a5f183ac22f5aaa9d\">\n.flex_column.av-1tnyb6-d500c0ff91a81b1a5f183ac22f5aaa9d{\nborder-radius:0px 0px 0px 0px;\npadding:0px 0px 0px 0px;\n}\n<\/style>\n<div  class='flex_column av-1tnyb6-d500c0ff91a81b1a5f183ac22f5aaa9d av_one_full  avia-builder-el-2  el_after_av_image  el_before_av_image  first flex_column_div av-zero-column-padding  '     ><section  class='av_textblock_section av-kdqlbqj1-7c147468474292e0c98967befc97cb18 '   itemscope=\"itemscope\" itemtype=\"https:\/\/schema.org\/BlogPosting\" itemprop=\"blogPost\" ><div class='avia_textblock'  itemprop=\"text\" ><p>Com tristeza escrevo hoje essas palavras&#8230; palavras que jamais representar\u00e3o a grandiosidade do <strong>Professor Luiz Soares Vianna<\/strong>. Eu tive o privil\u00e9gio de ter sido sua aluna durante o curso de gradua\u00e7\u00e3o em Odontologia e de especializa\u00e7\u00e3o em Odontopediatria. Bem como, ao ingressar na carreira acad\u00eamica na Faculdade de Odontologia da UFMG em 1982, vivi a honra de ser sua colega-docente no ent\u00e3o denominado Departamento de Odontopediatria e Ortodontia, nome por ele criado na d\u00e9cada de 40. E, hoje, o denominamos Sa\u00fade Bucal da Crian\u00e7a e do Adolescente.<\/p>\n<p>Um homem alto, esbelto, esguio com olhos claros e maneiras gentis, mas de car\u00e1ter forte&#8230; sempre na busca do conhecimento e na transmiss\u00e3o de valores humanos direcionados para o cuidar dos pacientes infantis. Um dos mais importantes Odontopediatras brasileiros por ter estado na vanguarda do conceito de sa\u00fade. Em 1961 publicou o cl\u00e1ssico livro intitulado <em>Psicologia Infantil e Psicossom\u00e1tica em Odontologia Pedi\u00e1trica. <\/em>Nele discorre sobre a prem\u00eancia de se ver o corpo como um todo, pois os diferentes males acometem o corpo e n\u00e3o um \u00f3rg\u00e3o em espec\u00edfico. Sempre mencionava que \u201co todo \u00e9 maior que a soma de todas as partes\u201d e, portanto, para ser um profissional da \u00e1rea de Odontologia, h\u00e1 de se ter o conceito de totalidade, uma vis\u00e3o hol\u00edstica daquele indiv\u00edduo. Assim, n\u00e3o concordava com express\u00f5es como c\u00e1rie dent\u00e1ria, pois a c\u00e1rie \u00e9 uma doen\u00e7a e, portanto, n\u00e3o atinge apenas o dente, mas o corpo como um todo. Para ele, \u201cA c\u00e1rie dent\u00e1ria \u00e9 uma doen\u00e7a geral como qualquer outra e se expressa sob a forma de les\u00e3o cariosa. A les\u00e3o cariosa \u00e9 que pode atingir o esmalte, a dentina, o cemento e a polpa, como tamb\u00e9m incidir em qualquer face do dente de forma superficial ou profunda. Portanto, devemos dizer: les\u00e3o cariosa do esmalte, les\u00e3o cariosa da dentina, les\u00e3o cariosa proximal, les\u00e3o cariosa superficial e les\u00e3o cariosa profunda&#8221;.<\/p>\n<p>Em 1989 publica o livro <em>Medicina Psicossom\u00e1tica em Odontologia<\/em>, uma outra obra fundamental para a Odontologia. Al\u00e9m de resgatar os conceitos da sa\u00fade e psicossom\u00e1tica, faz uma an\u00e1lise detalhada do correto uso das express\u00f5es em Odontologia. Por exemplo&#8230;. cavidade oral&#8230; oral \u00e9 oriundo de fala e, portanto, a denomina\u00e7\u00e3o correta seria cavidade bucal \u2013 referente \u00e0 boca; ou materiais dent\u00e1rios&#8230; seriam materiais dos dentes&#8230; e, assim, o adequado seria a express\u00e3o materiais odontol\u00f3gicos, aqueles que s\u00e3o empregados em Odontologia. E esses cuidados e essas corre\u00e7\u00f5es fazem parte de in\u00fameros profissionais que por ele foram formados, dentre eles, eu.<\/p>\n<p>E, durante as aulas de Psicologia em Odontopediatria, esses conceitos eram discutidos, transformando nossas manh\u00e3s de quartas-feiras em um momento aguardado, pois sab\u00edamos que seria sempre de muito aprendizado.<\/p>\n<p>Homem culto e sens\u00edvel, ap\u00f3s se aposentar, continuou sua produ\u00e7\u00e3o intelectual, mas desta vez, voltada para sua pr\u00f3pria trajet\u00f3ria, publicando em 1996, o livro <em>Imagens do Meu Caminho<\/em>: um bel\u00edssimo exemplar de reflex\u00f5es e sentimentos sobre a vida.<\/p>\n<p>Hoje, dia 11 de agosto de 2020, recebemos a triste not\u00edcia de seu falecimento aos 101 anos&#8230; um vazio se imp\u00f5e aos nossos cora\u00e7\u00f5es, um vazio se faz presente em nossas vidas, mas um legado s\u00f3lido fica: a certeza de que, ao expandirmos nossos olhares e a\u00e7\u00f5es em Odontopediatria pela busca da compreens\u00e3o do todo, estamos sendo melhores profissionais e, certamente, mais fi\u00e9is aos ordenamentos hipocr\u00e1ticos que firmamos ao nos tornamos profissionais da sa\u00fade.<\/p>\n<p>Quanto a mim, guardo uma eterna gratid\u00e3o por ter tido a experiencia \u00fanica de ouvir suas palavras, por compartilhar parte de minha trajet\u00f3ria o tendo como minha refer\u00eancia. Isso tudo me tornou uma profissional melhor e, indiscutivelmente, se hoje nosso Departamento se destaca nacionalmente, nada melhor que lembrar, relembrar e internalizar aqueles que nos s\u00e3o exemplo.<\/p>\n<p>Aos seus familiares, muitos dos quais atuaram em nossa Faculdade, a nossa manifesta\u00e7\u00e3o de apre\u00e7o e apoio neste momento. Sintam-se por n\u00f3s abra\u00e7ados!<\/p>\n<p style=\"text-align: center;\">Belo Horizonte, 11 de agosto de 2020<\/p>\n<p style=\"text-align: center;\">Isabela Almeida Pordeus<\/p>\n<p style=\"text-align: center;\">Professora Titular<\/p>\n<p style=\"text-align: center;\">Departamento de Sa\u00fade Bucal da Crian\u00e7a e do Adolescente<\/p>\n<p style=\"text-align: center;\">FAO UFMG<\/p>\n<\/div><\/section><\/div>\n\n<style type=\"text\/css\" data-created_by=\"avia_inline_auto\" id=\"style-css-av-kdqlcy3p-decd7ae4b8d76d316dbe720f43f1dcb9\">\n.avia-image-container.av-kdqlcy3p-decd7ae4b8d76d316dbe720f43f1dcb9 img.avia_image{\nbox-shadow:none;\n}\n.avia-image-container.av-kdqlcy3p-decd7ae4b8d76d316dbe720f43f1dcb9 .av-image-caption-overlay-center{\ncolor:#ffffff;\n}\n<\/style>\n<div  class='avia-image-container av-kdqlcy3p-decd7ae4b8d76d316dbe720f43f1dcb9 av-styling- avia-align-center  avia-builder-el-4  el_after_av_one_full  avia-builder-el-last '   itemprop=\"image\" itemscope=\"itemscope\" itemtype=\"https:\/\/schema.org\/ImageObject\" ><div class=\"avia-image-container-inner\"><div class=\"avia-image-overlay-wrap\"><img decoding=\"async\" fetchpriority=\"high\" class='wp-image-2596 avia-img-lazy-loading-not-2596 avia_image ' src=\"https:\/\/www.odonto.ufmg.br\/sca\/wp-content\/uploads\/sites\/6\/2020\/08\/livros.png\" alt='' title='livros'  height=\"293\" width=\"642\"  itemprop=\"thumbnailUrl\" srcset=\"https:\/\/www.odonto.ufmg.br\/sca\/wp-content\/uploads\/sites\/6\/2020\/08\/livros.png 642w, https:\/\/www.odonto.ufmg.br\/sca\/wp-content\/uploads\/sites\/6\/2020\/08\/livros-300x137.png 300w, https:\/\/www.odonto.ufmg.br\/sca\/wp-content\/uploads\/sites\/6\/2020\/08\/livros-450x205.png 450w\" sizes=\"(max-width: 642px) 100vw, 642px\" \/><\/div><\/div><\/div>\n","protected":false},"excerpt":{"rendered":"","protected":false},"author":5,"featured_media":0,"comment_status":"closed","ping_status":"closed","sticky":false,"template":"","format":"standard","meta":{"inline_featured_image":false,"footnotes":""},"categories":[1],"tags":[],"class_list":["post-2594","post","type-post","status-publish","format-standard","hentry","category-noticias"],"yoast_head":"<!-- This site is optimized with the Yoast SEO plugin v27.5 - https:\/\/yoast.com\/product\/yoast-seo-wordpress\/ -->\n<title>Homenagem do SCA para o professor Luiz Soares Viana, nas palavras da professora Isabela Almeida Pordeus - Departamento de Sa\u00fade Bucal da Crian\u00e7a e do Adolescente<\/title>\n<meta name=\"robots\" content=\"index, follow, max-snippet:-1, max-image-preview:large, max-video-preview:-1\" \/>\n<link rel=\"canonical\" href=\"https:\/\/www.odonto.ufmg.br\/sca\/noticias\/homenagem-do-sca-para-o-professor-luiz-soares-viana-nas-palavras-da-professora-isabela-almeida-pordeus\/\" \/>\n<meta property=\"og:locale\" content=\"pt_BR\" \/>\n<meta property=\"og:type\" content=\"article\" \/>\n<meta property=\"og:title\" content=\"Homenagem do SCA para o professor Luiz Soares Viana, nas palavras da professora Isabela Almeida Pordeus - Departamento de Sa\u00fade Bucal da Crian\u00e7a e do Adolescente\" \/>\n<meta property=\"og:url\" content=\"https:\/\/www.odonto.ufmg.br\/sca\/noticias\/homenagem-do-sca-para-o-professor-luiz-soares-viana-nas-palavras-da-professora-isabela-almeida-pordeus\/\" \/>\n<meta property=\"og:site_name\" content=\"Departamento de Sa\u00fade Bucal da Crian\u00e7a e do Adolescente\" \/>\n<meta property=\"article:publisher\" content=\"https:\/\/www.facebook.com\/faoufmg\" \/>\n<meta property=\"article:published_time\" content=\"2020-08-11T23:44:12+00:00\" \/>\n<meta property=\"article:modified_time\" content=\"2020-08-12T00:07:27+00:00\" \/>\n<meta name=\"author\" content=\"cristiano\" \/>\n<meta name=\"twitter:card\" content=\"summary_large_image\" \/>\n<meta name=\"twitter:label1\" content=\"Escrito por\" \/>\n\t<meta name=\"twitter:data1\" content=\"cristiano\" \/>\n\t<meta name=\"twitter:label2\" content=\"Est. tempo de leitura\" \/>\n\t<meta name=\"twitter:data2\" content=\"5 minutos\" \/>\n<script type=\"application\/ld+json\" class=\"yoast-schema-graph\">{\"@context\":\"https:\\\/\\\/schema.org\",\"@graph\":[{\"@type\":\"Article\",\"@id\":\"https:\\\/\\\/www.odonto.ufmg.br\\\/sca\\\/noticias\\\/homenagem-do-sca-para-o-professor-luiz-soares-viana-nas-palavras-da-professora-isabela-almeida-pordeus\\\/#article\",\"isPartOf\":{\"@id\":\"https:\\\/\\\/www.odonto.ufmg.br\\\/sca\\\/noticias\\\/homenagem-do-sca-para-o-professor-luiz-soares-viana-nas-palavras-da-professora-isabela-almeida-pordeus\\\/\"},\"author\":{\"name\":\"cristiano\",\"@id\":\"https:\\\/\\\/www.odonto.ufmg.br\\\/sca\\\/#\\\/schema\\\/person\\\/25c8dccfb2b8a933d4c9cacb1f1bf0db\"},\"headline\":\"Homenagem do SCA para o professor Luiz Soares Viana, nas palavras da professora Isabela Almeida Pordeus\",\"datePublished\":\"2020-08-11T23:44:12+00:00\",\"dateModified\":\"2020-08-12T00:07:27+00:00\",\"mainEntityOfPage\":{\"@id\":\"https:\\\/\\\/www.odonto.ufmg.br\\\/sca\\\/noticias\\\/homenagem-do-sca-para-o-professor-luiz-soares-viana-nas-palavras-da-professora-isabela-almeida-pordeus\\\/\"},\"wordCount\":982,\"publisher\":{\"@id\":\"https:\\\/\\\/www.odonto.ufmg.br\\\/sca\\\/#organization\"},\"articleSection\":[\"Not\u00edcias\"],\"inLanguage\":\"pt-BR\"},{\"@type\":\"WebPage\",\"@id\":\"https:\\\/\\\/www.odonto.ufmg.br\\\/sca\\\/noticias\\\/homenagem-do-sca-para-o-professor-luiz-soares-viana-nas-palavras-da-professora-isabela-almeida-pordeus\\\/\",\"url\":\"https:\\\/\\\/www.odonto.ufmg.br\\\/sca\\\/noticias\\\/homenagem-do-sca-para-o-professor-luiz-soares-viana-nas-palavras-da-professora-isabela-almeida-pordeus\\\/\",\"name\":\"Homenagem do SCA para o professor Luiz Soares Viana, nas palavras da professora Isabela Almeida Pordeus - Departamento de Sa\u00fade Bucal da Crian\u00e7a e do Adolescente\",\"isPartOf\":{\"@id\":\"https:\\\/\\\/www.odonto.ufmg.br\\\/sca\\\/#website\"},\"datePublished\":\"2020-08-11T23:44:12+00:00\",\"dateModified\":\"2020-08-12T00:07:27+00:00\",\"breadcrumb\":{\"@id\":\"https:\\\/\\\/www.odonto.ufmg.br\\\/sca\\\/noticias\\\/homenagem-do-sca-para-o-professor-luiz-soares-viana-nas-palavras-da-professora-isabela-almeida-pordeus\\\/#breadcrumb\"},\"inLanguage\":\"pt-BR\",\"potentialAction\":[{\"@type\":\"ReadAction\",\"target\":[\"https:\\\/\\\/www.odonto.ufmg.br\\\/sca\\\/noticias\\\/homenagem-do-sca-para-o-professor-luiz-soares-viana-nas-palavras-da-professora-isabela-almeida-pordeus\\\/\"]}]},{\"@type\":\"BreadcrumbList\",\"@id\":\"https:\\\/\\\/www.odonto.ufmg.br\\\/sca\\\/noticias\\\/homenagem-do-sca-para-o-professor-luiz-soares-viana-nas-palavras-da-professora-isabela-almeida-pordeus\\\/#breadcrumb\",\"itemListElement\":[{\"@type\":\"ListItem\",\"position\":1,\"name\":\"In\u00edcio\",\"item\":\"https:\\\/\\\/www.odonto.ufmg.br\\\/sca\\\/inicio\\\/\"},{\"@type\":\"ListItem\",\"position\":2,\"name\":\"Homenagem do SCA para o professor Luiz Soares Viana, nas palavras da professora Isabela Almeida Pordeus\"}]},{\"@type\":\"WebSite\",\"@id\":\"https:\\\/\\\/www.odonto.ufmg.br\\\/sca\\\/#website\",\"url\":\"https:\\\/\\\/www.odonto.ufmg.br\\\/sca\\\/\",\"name\":\"Departamento de Sa\u00fade Bucal da Crian\u00e7a e do Adolescente\",\"description\":\"Faculdade de Odontologia - Universidade Federal de Minas Gerais\",\"publisher\":{\"@id\":\"https:\\\/\\\/www.odonto.ufmg.br\\\/sca\\\/#organization\"},\"potentialAction\":[{\"@type\":\"SearchAction\",\"target\":{\"@type\":\"EntryPoint\",\"urlTemplate\":\"https:\\\/\\\/www.odonto.ufmg.br\\\/sca\\\/?s={search_term_string}\"},\"query-input\":{\"@type\":\"PropertyValueSpecification\",\"valueRequired\":true,\"valueName\":\"search_term_string\"}}],\"inLanguage\":\"pt-BR\"},{\"@type\":\"Organization\",\"@id\":\"https:\\\/\\\/www.odonto.ufmg.br\\\/sca\\\/#organization\",\"name\":\"Departamento de Odontopediatria e Ortodontia\",\"url\":\"https:\\\/\\\/www.odonto.ufmg.br\\\/sca\\\/\",\"logo\":{\"@type\":\"ImageObject\",\"inLanguage\":\"pt-BR\",\"@id\":\"https:\\\/\\\/www.odonto.ufmg.br\\\/sca\\\/#\\\/schema\\\/logo\\\/image\\\/\",\"url\":\"https:\\\/\\\/www.odonto.ufmg.br\\\/sca\\\/wp-content\\\/uploads\\\/sites\\\/6\\\/2016\\\/02\\\/orto.svg\",\"contentUrl\":\"https:\\\/\\\/www.odonto.ufmg.br\\\/sca\\\/wp-content\\\/uploads\\\/sites\\\/6\\\/2016\\\/02\\\/orto.svg\",\"width\":1,\"height\":1,\"caption\":\"Departamento de Odontopediatria e Ortodontia\"},\"image\":{\"@id\":\"https:\\\/\\\/www.odonto.ufmg.br\\\/sca\\\/#\\\/schema\\\/logo\\\/image\\\/\"},\"sameAs\":[\"https:\\\/\\\/www.facebook.com\\\/faoufmg\"]},{\"@type\":\"Person\",\"@id\":\"https:\\\/\\\/www.odonto.ufmg.br\\\/sca\\\/#\\\/schema\\\/person\\\/25c8dccfb2b8a933d4c9cacb1f1bf0db\",\"name\":\"cristiano\",\"image\":{\"@type\":\"ImageObject\",\"inLanguage\":\"pt-BR\",\"@id\":\"https:\\\/\\\/secure.gravatar.com\\\/avatar\\\/3ca61e4454966479a762b9f7682317c841b3f6d64d4eaeb9737c72573dfea596?s=96&d=mm&r=g\",\"url\":\"https:\\\/\\\/secure.gravatar.com\\\/avatar\\\/3ca61e4454966479a762b9f7682317c841b3f6d64d4eaeb9737c72573dfea596?s=96&d=mm&r=g\",\"contentUrl\":\"https:\\\/\\\/secure.gravatar.com\\\/avatar\\\/3ca61e4454966479a762b9f7682317c841b3f6d64d4eaeb9737c72573dfea596?s=96&d=mm&r=g\",\"caption\":\"cristiano\"},\"url\":\"https:\\\/\\\/www.odonto.ufmg.br\\\/sca\\\/author\\\/cristiano\\\/\"}]}<\/script>\n<!-- \/ Yoast SEO plugin. -->","yoast_head_json":{"title":"Homenagem do SCA para o professor Luiz Soares Viana, nas palavras da professora Isabela Almeida Pordeus - Departamento de Sa\u00fade Bucal da Crian\u00e7a e do Adolescente","robots":{"index":"index","follow":"follow","max-snippet":"max-snippet:-1","max-image-preview":"max-image-preview:large","max-video-preview":"max-video-preview:-1"},"canonical":"https:\/\/www.odonto.ufmg.br\/sca\/noticias\/homenagem-do-sca-para-o-professor-luiz-soares-viana-nas-palavras-da-professora-isabela-almeida-pordeus\/","og_locale":"pt_BR","og_type":"article","og_title":"Homenagem do SCA para o professor Luiz Soares Viana, nas palavras da professora Isabela Almeida Pordeus - Departamento de Sa\u00fade Bucal da Crian\u00e7a e do Adolescente","og_url":"https:\/\/www.odonto.ufmg.br\/sca\/noticias\/homenagem-do-sca-para-o-professor-luiz-soares-viana-nas-palavras-da-professora-isabela-almeida-pordeus\/","og_site_name":"Departamento de Sa\u00fade Bucal da Crian\u00e7a e do Adolescente","article_publisher":"https:\/\/www.facebook.com\/faoufmg","article_published_time":"2020-08-11T23:44:12+00:00","article_modified_time":"2020-08-12T00:07:27+00:00","author":"cristiano","twitter_card":"summary_large_image","twitter_misc":{"Escrito por":"cristiano","Est. tempo de leitura":"5 minutos"},"schema":{"@context":"https:\/\/schema.org","@graph":[{"@type":"Article","@id":"https:\/\/www.odonto.ufmg.br\/sca\/noticias\/homenagem-do-sca-para-o-professor-luiz-soares-viana-nas-palavras-da-professora-isabela-almeida-pordeus\/#article","isPartOf":{"@id":"https:\/\/www.odonto.ufmg.br\/sca\/noticias\/homenagem-do-sca-para-o-professor-luiz-soares-viana-nas-palavras-da-professora-isabela-almeida-pordeus\/"},"author":{"name":"cristiano","@id":"https:\/\/www.odonto.ufmg.br\/sca\/#\/schema\/person\/25c8dccfb2b8a933d4c9cacb1f1bf0db"},"headline":"Homenagem do SCA para o professor Luiz Soares Viana, nas palavras da professora Isabela Almeida Pordeus","datePublished":"2020-08-11T23:44:12+00:00","dateModified":"2020-08-12T00:07:27+00:00","mainEntityOfPage":{"@id":"https:\/\/www.odonto.ufmg.br\/sca\/noticias\/homenagem-do-sca-para-o-professor-luiz-soares-viana-nas-palavras-da-professora-isabela-almeida-pordeus\/"},"wordCount":982,"publisher":{"@id":"https:\/\/www.odonto.ufmg.br\/sca\/#organization"},"articleSection":["Not\u00edcias"],"inLanguage":"pt-BR"},{"@type":"WebPage","@id":"https:\/\/www.odonto.ufmg.br\/sca\/noticias\/homenagem-do-sca-para-o-professor-luiz-soares-viana-nas-palavras-da-professora-isabela-almeida-pordeus\/","url":"https:\/\/www.odonto.ufmg.br\/sca\/noticias\/homenagem-do-sca-para-o-professor-luiz-soares-viana-nas-palavras-da-professora-isabela-almeida-pordeus\/","name":"Homenagem do SCA para o professor Luiz Soares Viana, nas palavras da professora Isabela Almeida Pordeus - Departamento de Sa\u00fade Bucal da Crian\u00e7a e do Adolescente","isPartOf":{"@id":"https:\/\/www.odonto.ufmg.br\/sca\/#website"},"datePublished":"2020-08-11T23:44:12+00:00","dateModified":"2020-08-12T00:07:27+00:00","breadcrumb":{"@id":"https:\/\/www.odonto.ufmg.br\/sca\/noticias\/homenagem-do-sca-para-o-professor-luiz-soares-viana-nas-palavras-da-professora-isabela-almeida-pordeus\/#breadcrumb"},"inLanguage":"pt-BR","potentialAction":[{"@type":"ReadAction","target":["https:\/\/www.odonto.ufmg.br\/sca\/noticias\/homenagem-do-sca-para-o-professor-luiz-soares-viana-nas-palavras-da-professora-isabela-almeida-pordeus\/"]}]},{"@type":"BreadcrumbList","@id":"https:\/\/www.odonto.ufmg.br\/sca\/noticias\/homenagem-do-sca-para-o-professor-luiz-soares-viana-nas-palavras-da-professora-isabela-almeida-pordeus\/#breadcrumb","itemListElement":[{"@type":"ListItem","position":1,"name":"In\u00edcio","item":"https:\/\/www.odonto.ufmg.br\/sca\/inicio\/"},{"@type":"ListItem","position":2,"name":"Homenagem do SCA para o professor Luiz Soares Viana, nas palavras da professora Isabela Almeida Pordeus"}]},{"@type":"WebSite","@id":"https:\/\/www.odonto.ufmg.br\/sca\/#website","url":"https:\/\/www.odonto.ufmg.br\/sca\/","name":"Departamento de Sa\u00fade Bucal da Crian\u00e7a e do Adolescente","description":"Faculdade de Odontologia - Universidade Federal de Minas Gerais","publisher":{"@id":"https:\/\/www.odonto.ufmg.br\/sca\/#organization"},"potentialAction":[{"@type":"SearchAction","target":{"@type":"EntryPoint","urlTemplate":"https:\/\/www.odonto.ufmg.br\/sca\/?s={search_term_string}"},"query-input":{"@type":"PropertyValueSpecification","valueRequired":true,"valueName":"search_term_string"}}],"inLanguage":"pt-BR"},{"@type":"Organization","@id":"https:\/\/www.odonto.ufmg.br\/sca\/#organization","name":"Departamento de Odontopediatria e Ortodontia","url":"https:\/\/www.odonto.ufmg.br\/sca\/","logo":{"@type":"ImageObject","inLanguage":"pt-BR","@id":"https:\/\/www.odonto.ufmg.br\/sca\/#\/schema\/logo\/image\/","url":"https:\/\/www.odonto.ufmg.br\/sca\/wp-content\/uploads\/sites\/6\/2016\/02\/orto.svg","contentUrl":"https:\/\/www.odonto.ufmg.br\/sca\/wp-content\/uploads\/sites\/6\/2016\/02\/orto.svg","width":1,"height":1,"caption":"Departamento de Odontopediatria e Ortodontia"},"image":{"@id":"https:\/\/www.odonto.ufmg.br\/sca\/#\/schema\/logo\/image\/"},"sameAs":["https:\/\/www.facebook.com\/faoufmg"]},{"@type":"Person","@id":"https:\/\/www.odonto.ufmg.br\/sca\/#\/schema\/person\/25c8dccfb2b8a933d4c9cacb1f1bf0db","name":"cristiano","image":{"@type":"ImageObject","inLanguage":"pt-BR","@id":"https:\/\/secure.gravatar.com\/avatar\/3ca61e4454966479a762b9f7682317c841b3f6d64d4eaeb9737c72573dfea596?s=96&d=mm&r=g","url":"https:\/\/secure.gravatar.com\/avatar\/3ca61e4454966479a762b9f7682317c841b3f6d64d4eaeb9737c72573dfea596?s=96&d=mm&r=g","contentUrl":"https:\/\/secure.gravatar.com\/avatar\/3ca61e4454966479a762b9f7682317c841b3f6d64d4eaeb9737c72573dfea596?s=96&d=mm&r=g","caption":"cristiano"},"url":"https:\/\/www.odonto.ufmg.br\/sca\/author\/cristiano\/"}]}},"_links":{"self":[{"href":"https:\/\/www.odonto.ufmg.br\/sca\/wp-json\/wp\/v2\/posts\/2594","targetHints":{"allow":["GET"]}}],"collection":[{"href":"https:\/\/www.odonto.ufmg.br\/sca\/wp-json\/wp\/v2\/posts"}],"about":[{"href":"https:\/\/www.odonto.ufmg.br\/sca\/wp-json\/wp\/v2\/types\/post"}],"author":[{"embeddable":true,"href":"https:\/\/www.odonto.ufmg.br\/sca\/wp-json\/wp\/v2\/users\/5"}],"replies":[{"embeddable":true,"href":"https:\/\/www.odonto.ufmg.br\/sca\/wp-json\/wp\/v2\/comments?post=2594"}],"version-history":[{"count":3,"href":"https:\/\/www.odonto.ufmg.br\/sca\/wp-json\/wp\/v2\/posts\/2594\/revisions"}],"predecessor-version":[{"id":2600,"href":"https:\/\/www.odonto.ufmg.br\/sca\/wp-json\/wp\/v2\/posts\/2594\/revisions\/2600"}],"wp:attachment":[{"href":"https:\/\/www.odonto.ufmg.br\/sca\/wp-json\/wp\/v2\/media?parent=2594"}],"wp:term":[{"taxonomy":"category","embeddable":true,"href":"https:\/\/www.odonto.ufmg.br\/sca\/wp-json\/wp\/v2\/categories?post=2594"},{"taxonomy":"post_tag","embeddable":true,"href":"https:\/\/www.odonto.ufmg.br\/sca\/wp-json\/wp\/v2\/tags?post=2594"}],"curies":[{"name":"wp","href":"https:\/\/api.w.org\/{rel}","templated":true}]}}