{"id":1830,"date":"2019-06-04T18:09:18","date_gmt":"2019-06-04T21:09:18","guid":{"rendered":"https:\/\/www.odonto.ufmg.br\/opo\/?p=1830"},"modified":"2019-06-14T16:31:43","modified_gmt":"2019-06-14T19:31:43","slug":"o-projeto-de-extensao-atendimento-odontologico-a-pacientes-com-traumatismos-dentarios-em-dentes-deciduos-possui-12-anos-e-ja-atendeu-mais-de-650-criancas","status":"publish","type":"post","link":"https:\/\/www.odonto.ufmg.br\/sca\/noticias\/o-projeto-de-extensao-atendimento-odontologico-a-pacientes-com-traumatismos-dentarios-em-dentes-deciduos-possui-12-anos-e-ja-atendeu-mais-de-650-criancas\/","title":{"rendered":"O Projeto de Extens\u00e3o Atendimento Odontol\u00f3gico a Pacientes com Traumatismos Dent\u00e1rios em Dentes Dec\u00edduos possui 12 anos e j\u00e1 atendeu mais de 650 crian\u00e7as"},"content":{"rendered":"<p style=\"text-align: justify\">O Projeto de extens\u00e3o <strong>\u201cAtendimento Odontol\u00f3gico a Pacientes com Traumatismos Dent\u00e1rios na Denti\u00e7\u00e3o Dec\u00eddua\u201d<\/strong> foi inaugurado no ano de 2007 sob a coordena\u00e7\u00e3o da <strong>Prof\u00aa. Dr\u00aa. Patr\u00edcia Maria Zarzar<\/strong>, e tem como objetivo oferecer \u00e0 comunidade um centro de refer\u00eancia para atendimento a crian\u00e7as com traumatismo na denti\u00e7\u00e3o dec\u00eddua. O projeto envolve n\u00e3o somente o atendimento cl\u00ednico, mas tamb\u00e9m atividades em sala de espera desenvolvidas por alunos de gradua\u00e7\u00e3o e p\u00f3s-gradua\u00e7\u00e3o acerca de promo\u00e7\u00e3o de sa\u00fade, preven\u00e7\u00e3o, empoderamento e autoestima dos respons\u00e1veis e das crian\u00e7as participantes do projeto, al\u00e9m do desenvolvimento de pesquisas cient\u00edficas. Vinculado ao projeto, existe ainda uma disciplina optativa do curso de gradua\u00e7\u00e3o em Odontologia com o mesmo nome que realiza o acompanhamento de todas as crian\u00e7as que s\u00e3o atendidas no projeto at\u00e9 a troca do dente dec\u00edduo (dente de leite) traumatizado, pelo dente permanente sucessor.<\/p>\n<p style=\"text-align: justify\">A cl\u00ednica da disciplina optativa ocorre todas as segundas-feiras das 18:00 \u00e0s 22:00 horas, enquanto o projeto de extens\u00e3o acontece todas as quartas-feiras no mesmo hor\u00e1rio. Os atendimentos ocorrem na Cl\u00ednica 8 da <strong>Faculdade de Odontologia <\/strong>da<strong> Universidade Federal de Minas Gerais<\/strong>, e recebe pacientes encaminhados de grandes hospitais p\u00fablicos da cidade de Belo Horizonte como o <strong>Hospital Municipal Odilon Behrens<\/strong>. Desde seu in\u00edcio em 2007 at\u00e9 a presente data (Junho de 2019), j\u00e1 foram atendidos mais de 650 pacientes, n\u00famero que cresce a cada semana.<\/p>\n<p style=\"text-align: justify\">Atuam no projeto alunos do 2\u00b0 ao 9\u00b0 per\u00edodo da gradua\u00e7\u00e3o, juntamente com alunos da p\u00f3s-gradua\u00e7\u00e3o, com supervis\u00e3o de uma equipe <strong>de seis<\/strong> professores doutores do <strong>Departamento de Odontopediatria e Ortodontia<\/strong> da <strong>Faculdade de Odontologia da UFMG<\/strong>. Os professores e alunos da p\u00f3s-gradua\u00e7\u00e3o exercem o papel de monitorar e orientar todos os procedimentos realizados, bem como as atividades da sala de espera e de pesquisa cient\u00edfica.<\/p>\n<p>&nbsp;<\/p>\n<div id=\"attachment_1833\" style=\"width: 310px\" class=\"wp-caption alignnone\"><img decoding=\"async\" aria-describedby=\"caption-attachment-1833\" class=\"wp-image-1833 size-medium\" src=\"https:\/\/www.odonto.ufmg.br\/opo\/wp-content\/uploads\/sites\/6\/2019\/06\/IMG-2184-300x192.jpg\" alt=\"\" width=\"300\" height=\"192\" srcset=\"https:\/\/www.odonto.ufmg.br\/sca\/wp-content\/uploads\/sites\/6\/2019\/06\/IMG-2184-300x192.jpg 300w, https:\/\/www.odonto.ufmg.br\/sca\/wp-content\/uploads\/sites\/6\/2019\/06\/IMG-2184-768x492.jpg 768w, https:\/\/www.odonto.ufmg.br\/sca\/wp-content\/uploads\/sites\/6\/2019\/06\/IMG-2184-1030x659.jpg 1030w, https:\/\/www.odonto.ufmg.br\/sca\/wp-content\/uploads\/sites\/6\/2019\/06\/IMG-2184-1500x960.jpg 1500w, https:\/\/www.odonto.ufmg.br\/sca\/wp-content\/uploads\/sites\/6\/2019\/06\/IMG-2184-705x451.jpg 705w, https:\/\/www.odonto.ufmg.br\/sca\/wp-content\/uploads\/sites\/6\/2019\/06\/IMG-2184-450x288.jpg 450w, https:\/\/www.odonto.ufmg.br\/sca\/wp-content\/uploads\/sites\/6\/2019\/06\/IMG-2184.jpg 1600w\" sizes=\"(max-width: 300px) 100vw, 300px\" \/><p id=\"caption-attachment-1833\" class=\"wp-caption-text\">Os Professores Doutores Raquel Gon\u00e7alves Vieira-Andrade, Paulo Ant\u00f4nio Martins-J\u00fanior, Fernanda de Morais Ferreira, Patr\u00edcia Maria Zarzar, Cristiane Meira Assun\u00e7\u00e3o e Izabella Barbosa Fernandes s\u00e3o os atuais professores do Projeto de Extens\u00e3o.<\/p><\/div>\n<p>&nbsp;<\/p>\n<p style=\"text-align: justify\">Os alunos do 2\u00b0 ao 5\u00b0 per\u00edodo atuam na sala de espera realizando atividades educativas de promo\u00e7\u00e3o de sa\u00fade, preven\u00e7\u00e3o e empoderamento, exercendo assim uma rela\u00e7\u00e3o dial\u00f3gica com a comunidade. J\u00e1 os alunos do 6\u00b0 ao 9\u00b0 per\u00edodo praticam exames cl\u00ednicos e radiogr\u00e1ficos, atuam e orientam o comportamento das crian\u00e7as, realizam restaura\u00e7\u00f5es, prote\u00e7\u00f5es dentin\u00e1rias, colagem de fragmentos, tratamentos conservadores e tratamentos endod\u00f4nticos, al\u00e9m de extra\u00e7\u00f5es, conten\u00e7\u00f5es semi-r\u00edgidas e mantenedores de espa\u00e7o. Todos os procedimentos s\u00e3o gratuitos com exce\u00e7\u00e3o da confec\u00e7\u00e3o de mantenedor de espa\u00e7o que possui custo laboratorial, por ser um servi\u00e7o terceirizado.<\/p>\n<div id=\"attachment_1840\" style=\"width: 310px\" class=\"wp-caption alignnone\"><img decoding=\"async\" aria-describedby=\"caption-attachment-1840\" class=\"wp-image-1840 size-medium\" src=\"https:\/\/www.odonto.ufmg.br\/opo\/wp-content\/uploads\/sites\/6\/2019\/06\/imagem-sala-de-espera-300x286.jpg\" alt=\"\" width=\"300\" height=\"286\" srcset=\"https:\/\/www.odonto.ufmg.br\/sca\/wp-content\/uploads\/sites\/6\/2019\/06\/imagem-sala-de-espera-300x286.jpg 300w, https:\/\/www.odonto.ufmg.br\/sca\/wp-content\/uploads\/sites\/6\/2019\/06\/imagem-sala-de-espera-768x731.jpg 768w, https:\/\/www.odonto.ufmg.br\/sca\/wp-content\/uploads\/sites\/6\/2019\/06\/imagem-sala-de-espera-1030x981.jpg 1030w, https:\/\/www.odonto.ufmg.br\/sca\/wp-content\/uploads\/sites\/6\/2019\/06\/imagem-sala-de-espera-1500x1428.jpg 1500w, https:\/\/www.odonto.ufmg.br\/sca\/wp-content\/uploads\/sites\/6\/2019\/06\/imagem-sala-de-espera-705x671.jpg 705w, https:\/\/www.odonto.ufmg.br\/sca\/wp-content\/uploads\/sites\/6\/2019\/06\/imagem-sala-de-espera-450x429.jpg 450w\" sizes=\"(max-width: 300px) 100vw, 300px\" \/><p id=\"caption-attachment-1840\" class=\"wp-caption-text\">Atividade de sala de espera desenvolvida pelos alunos de gradua\u00e7\u00e3o sob orienta\u00e7\u00e3o dos professores, com participa\u00e7\u00e3o da comunidade (crian\u00e7as e seus respons\u00e1veis).<\/p><\/div>\n<p>&nbsp;<\/p>\n<p style=\"text-align: justify\">A acad\u00eamica de Odontologia <strong>Maraisa Tamires<\/strong>, que atualmente cursa o 7\u00b0 per\u00edodo da gradua\u00e7\u00e3o, est\u00e1 no projeto desde o 4\u00b0 per\u00edodo, e j\u00e1 realizou tanto as atividades de sala de espera quanto o atendimento de pacientes. Atualmente \u00e9 uma das monitoras do projeto e relata que <em>\u201cO projeto permite aos alunos participarem de casos que nunca veriam durante a gradua\u00e7\u00e3o. As atividades da sala de espera mostram aos pais a necessidade de empoderamento tanto pr\u00f3prio quanto de seus filhos, al\u00e9m das a\u00e7\u00f5es de promo\u00e7\u00e3o de sa\u00fade para mudarem h\u00e1bitos inadequados e mitos enraizados no cotidiano da comunidade\u201d.<\/em><\/p>\n<div id=\"attachment_1831\" style=\"width: 310px\" class=\"wp-caption alignnone\"><img decoding=\"async\" aria-describedby=\"caption-attachment-1831\" class=\"size-medium wp-image-1831\" src=\"https:\/\/www.odonto.ufmg.br\/opo\/wp-content\/uploads\/sites\/6\/2019\/06\/IMG-2956-300x253.jpg\" alt=\"\" width=\"300\" height=\"253\" srcset=\"https:\/\/www.odonto.ufmg.br\/sca\/wp-content\/uploads\/sites\/6\/2019\/06\/IMG-2956-300x253.jpg 300w, https:\/\/www.odonto.ufmg.br\/sca\/wp-content\/uploads\/sites\/6\/2019\/06\/IMG-2956.jpg 750w, https:\/\/www.odonto.ufmg.br\/sca\/wp-content\/uploads\/sites\/6\/2019\/06\/IMG-2956-705x595.jpg 705w, https:\/\/www.odonto.ufmg.br\/sca\/wp-content\/uploads\/sites\/6\/2019\/06\/IMG-2956-450x380.jpg 450w\" sizes=\"(max-width: 300px) 100vw, 300px\" \/><p id=\"caption-attachment-1831\" class=\"wp-caption-text\">A acad\u00eamica Maraisa Tamires \u00e9 uma das atuais monitoras de gradua\u00e7\u00e3o do Projeto de Extens\u00e3o.<\/p><\/div>\n<p style=\"text-align: justify\">Segundo a coordenadora professora <strong>Patr\u00edcia Maria Zarzar<\/strong>, <em>\u201cEste projeto \u00e9 de fundamental relev\u00e2ncia por ser atualmente um centro de refer\u00eancia em Belo Horizonte para o atendimento odontol\u00f3gico a crian\u00e7as com traumatismo dent\u00e1rios, devido \u00e0 complexidade dos tratamentos realizados e \u00e0 faixa et\u00e1ria atendida que varia de 8 meses a 8 anos de idade. Al\u00e9m disso, o projeto tem sido uma oportunidade de intera\u00e7\u00e3o dial\u00f3gica de professores e alunos de gradua\u00e7\u00e3o e p\u00f3s-gradua\u00e7\u00e3o com a comunidade atendida na busca conjunta pelo melhor atendimento para os pacientes e aprendizados para todos\u201d.<\/em><\/p>\n<p style=\"text-align: justify\">O atendimento prestado \u00e0 comunidade \u00e9 de import\u00e2ncia inestim\u00e1vel, segundo a sub-coordenadora <strong>Prof\u00aa. Dr\u00aa. Fernanda de Morais Ferreira<\/strong>, pois <em>\u201crealiza v\u00e1rios procedimentos de alta complexidade que n\u00e3o s\u00e3o realizados em hospitais ou em servi\u00e7os p\u00fablicos de atendimento odontol\u00f3gico, o que torna o projeto muitas vezes a primeira e a \u00fanica op\u00e7\u00e3o de grande parte da popula\u00e7\u00e3o que n\u00e3o teria condi\u00e7\u00f5es econ\u00f4micas para custear estes tratamentos especializados\u201d.<\/em><\/p>\n","protected":false},"excerpt":{"rendered":"<p>O Projeto de extens\u00e3o \u201cAtendimento Odontol\u00f3gico a Pacientes com Traumatismos Dent\u00e1rios na Denti\u00e7\u00e3o Dec\u00eddua\u201d foi inaugurado no ano de 2007 sob a coordena\u00e7\u00e3o da Prof\u00aa. Dr\u00aa. Patr\u00edcia Maria Zarzar, e tem como objetivo oferecer \u00e0 comunidade um centro de refer\u00eancia para atendimento a crian\u00e7as com traumatismo na denti\u00e7\u00e3o dec\u00eddua. O projeto envolve n\u00e3o somente o [&hellip;]<\/p>\n","protected":false},"author":29,"featured_media":1887,"comment_status":"open","ping_status":"open","sticky":false,"template":"","format":"standard","meta":{"inline_featured_image":false,"footnotes":""},"categories":[1],"tags":[],"class_list":["post-1830","post","type-post","status-publish","format-standard","has-post-thumbnail","hentry","category-noticias"],"yoast_head":"<!-- This site is optimized with the Yoast SEO plugin v27.5 - https:\/\/yoast.com\/product\/yoast-seo-wordpress\/ -->\n<title>O Projeto de Extens\u00e3o Atendimento Odontol\u00f3gico a Pacientes com Traumatismos Dent\u00e1rios em Dentes Dec\u00edduos possui 12 anos e j\u00e1 atendeu mais de 650 crian\u00e7as - Departamento de Sa\u00fade Bucal da Crian\u00e7a e do Adolescente<\/title>\n<meta name=\"robots\" content=\"index, follow, max-snippet:-1, max-image-preview:large, max-video-preview:-1\" \/>\n<link rel=\"canonical\" href=\"https:\/\/www.odonto.ufmg.br\/sca\/noticias\/o-projeto-de-extensao-atendimento-odontologico-a-pacientes-com-traumatismos-dentarios-em-dentes-deciduos-possui-12-anos-e-ja-atendeu-mais-de-650-criancas\/\" \/>\n<meta property=\"og:locale\" content=\"pt_BR\" \/>\n<meta property=\"og:type\" content=\"article\" \/>\n<meta property=\"og:title\" content=\"O Projeto de Extens\u00e3o Atendimento Odontol\u00f3gico a Pacientes com Traumatismos Dent\u00e1rios em Dentes Dec\u00edduos possui 12 anos e j\u00e1 atendeu mais de 650 crian\u00e7as - Departamento de Sa\u00fade Bucal da Crian\u00e7a e do Adolescente\" \/>\n<meta property=\"og:description\" content=\"O Projeto de extens\u00e3o \u201cAtendimento Odontol\u00f3gico a Pacientes com Traumatismos Dent\u00e1rios na Denti\u00e7\u00e3o Dec\u00eddua\u201d foi inaugurado no ano de 2007 sob a coordena\u00e7\u00e3o da Prof\u00aa. Dr\u00aa. Patr\u00edcia Maria Zarzar, e tem como objetivo oferecer \u00e0 comunidade um centro de refer\u00eancia para atendimento a crian\u00e7as com traumatismo na denti\u00e7\u00e3o dec\u00eddua. O projeto envolve n\u00e3o somente o [&hellip;]\" \/>\n<meta property=\"og:url\" content=\"https:\/\/www.odonto.ufmg.br\/sca\/noticias\/o-projeto-de-extensao-atendimento-odontologico-a-pacientes-com-traumatismos-dentarios-em-dentes-deciduos-possui-12-anos-e-ja-atendeu-mais-de-650-criancas\/\" \/>\n<meta property=\"og:site_name\" content=\"Departamento de Sa\u00fade Bucal da Crian\u00e7a e do Adolescente\" \/>\n<meta property=\"article:publisher\" content=\"https:\/\/www.facebook.com\/faoufmg\" \/>\n<meta property=\"article:published_time\" content=\"2019-06-04T21:09:18+00:00\" \/>\n<meta property=\"article:modified_time\" content=\"2019-06-14T19:31:43+00:00\" \/>\n<meta property=\"og:image\" content=\"https:\/\/www.odonto.ufmg.br\/sca\/wp-content\/uploads\/sites\/6\/2019\/06\/todos-nova.jpg\" \/>\n\t<meta property=\"og:image:width\" content=\"1226\" \/>\n\t<meta property=\"og:image:height\" content=\"689\" \/>\n\t<meta property=\"og:image:type\" content=\"image\/jpeg\" \/>\n<meta name=\"author\" content=\"raquel\" \/>\n<meta name=\"twitter:card\" content=\"summary_large_image\" \/>\n<meta name=\"twitter:label1\" content=\"Escrito por\" \/>\n\t<meta name=\"twitter:data1\" content=\"raquel\" \/>\n\t<meta name=\"twitter:label2\" content=\"Est. tempo de leitura\" \/>\n\t<meta name=\"twitter:data2\" content=\"4 minutos\" \/>\n<script type=\"application\/ld+json\" class=\"yoast-schema-graph\">{\"@context\":\"https:\\\/\\\/schema.org\",\"@graph\":[{\"@type\":\"Article\",\"@id\":\"https:\\\/\\\/www.odonto.ufmg.br\\\/sca\\\/noticias\\\/o-projeto-de-extensao-atendimento-odontologico-a-pacientes-com-traumatismos-dentarios-em-dentes-deciduos-possui-12-anos-e-ja-atendeu-mais-de-650-criancas\\\/#article\",\"isPartOf\":{\"@id\":\"https:\\\/\\\/www.odonto.ufmg.br\\\/sca\\\/noticias\\\/o-projeto-de-extensao-atendimento-odontologico-a-pacientes-com-traumatismos-dentarios-em-dentes-deciduos-possui-12-anos-e-ja-atendeu-mais-de-650-criancas\\\/\"},\"author\":{\"name\":\"raquel\",\"@id\":\"https:\\\/\\\/www.odonto.ufmg.br\\\/sca\\\/#\\\/schema\\\/person\\\/dcb886c1685c1fd050d36d61d761bd39\"},\"headline\":\"O Projeto de Extens\u00e3o Atendimento Odontol\u00f3gico a Pacientes com Traumatismos Dent\u00e1rios em Dentes Dec\u00edduos possui 12 anos e j\u00e1 atendeu mais de 650 crian\u00e7as\",\"datePublished\":\"2019-06-04T21:09:18+00:00\",\"dateModified\":\"2019-06-14T19:31:43+00:00\",\"mainEntityOfPage\":{\"@id\":\"https:\\\/\\\/www.odonto.ufmg.br\\\/sca\\\/noticias\\\/o-projeto-de-extensao-atendimento-odontologico-a-pacientes-com-traumatismos-dentarios-em-dentes-deciduos-possui-12-anos-e-ja-atendeu-mais-de-650-criancas\\\/\"},\"wordCount\":849,\"commentCount\":0,\"publisher\":{\"@id\":\"https:\\\/\\\/www.odonto.ufmg.br\\\/sca\\\/#organization\"},\"image\":{\"@id\":\"https:\\\/\\\/www.odonto.ufmg.br\\\/sca\\\/noticias\\\/o-projeto-de-extensao-atendimento-odontologico-a-pacientes-com-traumatismos-dentarios-em-dentes-deciduos-possui-12-anos-e-ja-atendeu-mais-de-650-criancas\\\/#primaryimage\"},\"thumbnailUrl\":\"https:\\\/\\\/www.odonto.ufmg.br\\\/sca\\\/wp-content\\\/uploads\\\/sites\\\/6\\\/2019\\\/06\\\/todos-nova.jpg\",\"articleSection\":[\"Not\u00edcias\"],\"inLanguage\":\"pt-BR\"},{\"@type\":\"WebPage\",\"@id\":\"https:\\\/\\\/www.odonto.ufmg.br\\\/sca\\\/noticias\\\/o-projeto-de-extensao-atendimento-odontologico-a-pacientes-com-traumatismos-dentarios-em-dentes-deciduos-possui-12-anos-e-ja-atendeu-mais-de-650-criancas\\\/\",\"url\":\"https:\\\/\\\/www.odonto.ufmg.br\\\/sca\\\/noticias\\\/o-projeto-de-extensao-atendimento-odontologico-a-pacientes-com-traumatismos-dentarios-em-dentes-deciduos-possui-12-anos-e-ja-atendeu-mais-de-650-criancas\\\/\",\"name\":\"O Projeto de Extens\u00e3o Atendimento Odontol\u00f3gico a Pacientes com Traumatismos Dent\u00e1rios em Dentes Dec\u00edduos possui 12 anos e j\u00e1 atendeu mais de 650 crian\u00e7as - Departamento de Sa\u00fade Bucal da Crian\u00e7a e do Adolescente\",\"isPartOf\":{\"@id\":\"https:\\\/\\\/www.odonto.ufmg.br\\\/sca\\\/#website\"},\"primaryImageOfPage\":{\"@id\":\"https:\\\/\\\/www.odonto.ufmg.br\\\/sca\\\/noticias\\\/o-projeto-de-extensao-atendimento-odontologico-a-pacientes-com-traumatismos-dentarios-em-dentes-deciduos-possui-12-anos-e-ja-atendeu-mais-de-650-criancas\\\/#primaryimage\"},\"image\":{\"@id\":\"https:\\\/\\\/www.odonto.ufmg.br\\\/sca\\\/noticias\\\/o-projeto-de-extensao-atendimento-odontologico-a-pacientes-com-traumatismos-dentarios-em-dentes-deciduos-possui-12-anos-e-ja-atendeu-mais-de-650-criancas\\\/#primaryimage\"},\"thumbnailUrl\":\"https:\\\/\\\/www.odonto.ufmg.br\\\/sca\\\/wp-content\\\/uploads\\\/sites\\\/6\\\/2019\\\/06\\\/todos-nova.jpg\",\"datePublished\":\"2019-06-04T21:09:18+00:00\",\"dateModified\":\"2019-06-14T19:31:43+00:00\",\"breadcrumb\":{\"@id\":\"https:\\\/\\\/www.odonto.ufmg.br\\\/sca\\\/noticias\\\/o-projeto-de-extensao-atendimento-odontologico-a-pacientes-com-traumatismos-dentarios-em-dentes-deciduos-possui-12-anos-e-ja-atendeu-mais-de-650-criancas\\\/#breadcrumb\"},\"inLanguage\":\"pt-BR\",\"potentialAction\":[{\"@type\":\"ReadAction\",\"target\":[\"https:\\\/\\\/www.odonto.ufmg.br\\\/sca\\\/noticias\\\/o-projeto-de-extensao-atendimento-odontologico-a-pacientes-com-traumatismos-dentarios-em-dentes-deciduos-possui-12-anos-e-ja-atendeu-mais-de-650-criancas\\\/\"]}]},{\"@type\":\"ImageObject\",\"inLanguage\":\"pt-BR\",\"@id\":\"https:\\\/\\\/www.odonto.ufmg.br\\\/sca\\\/noticias\\\/o-projeto-de-extensao-atendimento-odontologico-a-pacientes-com-traumatismos-dentarios-em-dentes-deciduos-possui-12-anos-e-ja-atendeu-mais-de-650-criancas\\\/#primaryimage\",\"url\":\"https:\\\/\\\/www.odonto.ufmg.br\\\/sca\\\/wp-content\\\/uploads\\\/sites\\\/6\\\/2019\\\/06\\\/todos-nova.jpg\",\"contentUrl\":\"https:\\\/\\\/www.odonto.ufmg.br\\\/sca\\\/wp-content\\\/uploads\\\/sites\\\/6\\\/2019\\\/06\\\/todos-nova.jpg\",\"width\":1226,\"height\":689},{\"@type\":\"BreadcrumbList\",\"@id\":\"https:\\\/\\\/www.odonto.ufmg.br\\\/sca\\\/noticias\\\/o-projeto-de-extensao-atendimento-odontologico-a-pacientes-com-traumatismos-dentarios-em-dentes-deciduos-possui-12-anos-e-ja-atendeu-mais-de-650-criancas\\\/#breadcrumb\",\"itemListElement\":[{\"@type\":\"ListItem\",\"position\":1,\"name\":\"In\u00edcio\",\"item\":\"https:\\\/\\\/www.odonto.ufmg.br\\\/sca\\\/inicio\\\/\"},{\"@type\":\"ListItem\",\"position\":2,\"name\":\"O Projeto de Extens\u00e3o Atendimento Odontol\u00f3gico a Pacientes com Traumatismos Dent\u00e1rios em Dentes Dec\u00edduos possui 12 anos e j\u00e1 atendeu mais de 650 crian\u00e7as\"}]},{\"@type\":\"WebSite\",\"@id\":\"https:\\\/\\\/www.odonto.ufmg.br\\\/sca\\\/#website\",\"url\":\"https:\\\/\\\/www.odonto.ufmg.br\\\/sca\\\/\",\"name\":\"Departamento de Sa\u00fade Bucal da Crian\u00e7a e do Adolescente\",\"description\":\"Faculdade de Odontologia - Universidade Federal de Minas Gerais\",\"publisher\":{\"@id\":\"https:\\\/\\\/www.odonto.ufmg.br\\\/sca\\\/#organization\"},\"potentialAction\":[{\"@type\":\"SearchAction\",\"target\":{\"@type\":\"EntryPoint\",\"urlTemplate\":\"https:\\\/\\\/www.odonto.ufmg.br\\\/sca\\\/?s={search_term_string}\"},\"query-input\":{\"@type\":\"PropertyValueSpecification\",\"valueRequired\":true,\"valueName\":\"search_term_string\"}}],\"inLanguage\":\"pt-BR\"},{\"@type\":\"Organization\",\"@id\":\"https:\\\/\\\/www.odonto.ufmg.br\\\/sca\\\/#organization\",\"name\":\"Departamento de Odontopediatria e Ortodontia\",\"url\":\"https:\\\/\\\/www.odonto.ufmg.br\\\/sca\\\/\",\"logo\":{\"@type\":\"ImageObject\",\"inLanguage\":\"pt-BR\",\"@id\":\"https:\\\/\\\/www.odonto.ufmg.br\\\/sca\\\/#\\\/schema\\\/logo\\\/image\\\/\",\"url\":\"https:\\\/\\\/www.odonto.ufmg.br\\\/sca\\\/wp-content\\\/uploads\\\/sites\\\/6\\\/2016\\\/02\\\/orto.svg\",\"contentUrl\":\"https:\\\/\\\/www.odonto.ufmg.br\\\/sca\\\/wp-content\\\/uploads\\\/sites\\\/6\\\/2016\\\/02\\\/orto.svg\",\"width\":1,\"height\":1,\"caption\":\"Departamento de Odontopediatria e Ortodontia\"},\"image\":{\"@id\":\"https:\\\/\\\/www.odonto.ufmg.br\\\/sca\\\/#\\\/schema\\\/logo\\\/image\\\/\"},\"sameAs\":[\"https:\\\/\\\/www.facebook.com\\\/faoufmg\"]},{\"@type\":\"Person\",\"@id\":\"https:\\\/\\\/www.odonto.ufmg.br\\\/sca\\\/#\\\/schema\\\/person\\\/dcb886c1685c1fd050d36d61d761bd39\",\"name\":\"raquel\",\"image\":{\"@type\":\"ImageObject\",\"inLanguage\":\"pt-BR\",\"@id\":\"https:\\\/\\\/secure.gravatar.com\\\/avatar\\\/4d7cd504af160bd29cb12213a21a574519997e1aea2d92b31b7ebd01c03286c9?s=96&d=mm&r=g\",\"url\":\"https:\\\/\\\/secure.gravatar.com\\\/avatar\\\/4d7cd504af160bd29cb12213a21a574519997e1aea2d92b31b7ebd01c03286c9?s=96&d=mm&r=g\",\"contentUrl\":\"https:\\\/\\\/secure.gravatar.com\\\/avatar\\\/4d7cd504af160bd29cb12213a21a574519997e1aea2d92b31b7ebd01c03286c9?s=96&d=mm&r=g\",\"caption\":\"raquel\"},\"url\":\"https:\\\/\\\/www.odonto.ufmg.br\\\/sca\\\/author\\\/raquel\\\/\"}]}<\/script>\n<!-- \/ Yoast SEO plugin. -->","yoast_head_json":{"title":"O Projeto de Extens\u00e3o Atendimento Odontol\u00f3gico a Pacientes com Traumatismos Dent\u00e1rios em Dentes Dec\u00edduos possui 12 anos e j\u00e1 atendeu mais de 650 crian\u00e7as - Departamento de Sa\u00fade Bucal da Crian\u00e7a e do Adolescente","robots":{"index":"index","follow":"follow","max-snippet":"max-snippet:-1","max-image-preview":"max-image-preview:large","max-video-preview":"max-video-preview:-1"},"canonical":"https:\/\/www.odonto.ufmg.br\/sca\/noticias\/o-projeto-de-extensao-atendimento-odontologico-a-pacientes-com-traumatismos-dentarios-em-dentes-deciduos-possui-12-anos-e-ja-atendeu-mais-de-650-criancas\/","og_locale":"pt_BR","og_type":"article","og_title":"O Projeto de Extens\u00e3o Atendimento Odontol\u00f3gico a Pacientes com Traumatismos Dent\u00e1rios em Dentes Dec\u00edduos possui 12 anos e j\u00e1 atendeu mais de 650 crian\u00e7as - Departamento de Sa\u00fade Bucal da Crian\u00e7a e do Adolescente","og_description":"O Projeto de extens\u00e3o \u201cAtendimento Odontol\u00f3gico a Pacientes com Traumatismos Dent\u00e1rios na Denti\u00e7\u00e3o Dec\u00eddua\u201d foi inaugurado no ano de 2007 sob a coordena\u00e7\u00e3o da Prof\u00aa. Dr\u00aa. Patr\u00edcia Maria Zarzar, e tem como objetivo oferecer \u00e0 comunidade um centro de refer\u00eancia para atendimento a crian\u00e7as com traumatismo na denti\u00e7\u00e3o dec\u00eddua. O projeto envolve n\u00e3o somente o [&hellip;]","og_url":"https:\/\/www.odonto.ufmg.br\/sca\/noticias\/o-projeto-de-extensao-atendimento-odontologico-a-pacientes-com-traumatismos-dentarios-em-dentes-deciduos-possui-12-anos-e-ja-atendeu-mais-de-650-criancas\/","og_site_name":"Departamento de Sa\u00fade Bucal da Crian\u00e7a e do Adolescente","article_publisher":"https:\/\/www.facebook.com\/faoufmg","article_published_time":"2019-06-04T21:09:18+00:00","article_modified_time":"2019-06-14T19:31:43+00:00","og_image":[{"width":1226,"height":689,"url":"https:\/\/www.odonto.ufmg.br\/sca\/wp-content\/uploads\/sites\/6\/2019\/06\/todos-nova.jpg","type":"image\/jpeg"}],"author":"raquel","twitter_card":"summary_large_image","twitter_misc":{"Escrito por":"raquel","Est. tempo de leitura":"4 minutos"},"schema":{"@context":"https:\/\/schema.org","@graph":[{"@type":"Article","@id":"https:\/\/www.odonto.ufmg.br\/sca\/noticias\/o-projeto-de-extensao-atendimento-odontologico-a-pacientes-com-traumatismos-dentarios-em-dentes-deciduos-possui-12-anos-e-ja-atendeu-mais-de-650-criancas\/#article","isPartOf":{"@id":"https:\/\/www.odonto.ufmg.br\/sca\/noticias\/o-projeto-de-extensao-atendimento-odontologico-a-pacientes-com-traumatismos-dentarios-em-dentes-deciduos-possui-12-anos-e-ja-atendeu-mais-de-650-criancas\/"},"author":{"name":"raquel","@id":"https:\/\/www.odonto.ufmg.br\/sca\/#\/schema\/person\/dcb886c1685c1fd050d36d61d761bd39"},"headline":"O Projeto de Extens\u00e3o Atendimento Odontol\u00f3gico a Pacientes com Traumatismos Dent\u00e1rios em Dentes Dec\u00edduos possui 12 anos e j\u00e1 atendeu mais de 650 crian\u00e7as","datePublished":"2019-06-04T21:09:18+00:00","dateModified":"2019-06-14T19:31:43+00:00","mainEntityOfPage":{"@id":"https:\/\/www.odonto.ufmg.br\/sca\/noticias\/o-projeto-de-extensao-atendimento-odontologico-a-pacientes-com-traumatismos-dentarios-em-dentes-deciduos-possui-12-anos-e-ja-atendeu-mais-de-650-criancas\/"},"wordCount":849,"commentCount":0,"publisher":{"@id":"https:\/\/www.odonto.ufmg.br\/sca\/#organization"},"image":{"@id":"https:\/\/www.odonto.ufmg.br\/sca\/noticias\/o-projeto-de-extensao-atendimento-odontologico-a-pacientes-com-traumatismos-dentarios-em-dentes-deciduos-possui-12-anos-e-ja-atendeu-mais-de-650-criancas\/#primaryimage"},"thumbnailUrl":"https:\/\/www.odonto.ufmg.br\/sca\/wp-content\/uploads\/sites\/6\/2019\/06\/todos-nova.jpg","articleSection":["Not\u00edcias"],"inLanguage":"pt-BR"},{"@type":"WebPage","@id":"https:\/\/www.odonto.ufmg.br\/sca\/noticias\/o-projeto-de-extensao-atendimento-odontologico-a-pacientes-com-traumatismos-dentarios-em-dentes-deciduos-possui-12-anos-e-ja-atendeu-mais-de-650-criancas\/","url":"https:\/\/www.odonto.ufmg.br\/sca\/noticias\/o-projeto-de-extensao-atendimento-odontologico-a-pacientes-com-traumatismos-dentarios-em-dentes-deciduos-possui-12-anos-e-ja-atendeu-mais-de-650-criancas\/","name":"O Projeto de Extens\u00e3o Atendimento Odontol\u00f3gico a Pacientes com Traumatismos Dent\u00e1rios em Dentes Dec\u00edduos possui 12 anos e j\u00e1 atendeu mais de 650 crian\u00e7as - Departamento de Sa\u00fade Bucal da Crian\u00e7a e do Adolescente","isPartOf":{"@id":"https:\/\/www.odonto.ufmg.br\/sca\/#website"},"primaryImageOfPage":{"@id":"https:\/\/www.odonto.ufmg.br\/sca\/noticias\/o-projeto-de-extensao-atendimento-odontologico-a-pacientes-com-traumatismos-dentarios-em-dentes-deciduos-possui-12-anos-e-ja-atendeu-mais-de-650-criancas\/#primaryimage"},"image":{"@id":"https:\/\/www.odonto.ufmg.br\/sca\/noticias\/o-projeto-de-extensao-atendimento-odontologico-a-pacientes-com-traumatismos-dentarios-em-dentes-deciduos-possui-12-anos-e-ja-atendeu-mais-de-650-criancas\/#primaryimage"},"thumbnailUrl":"https:\/\/www.odonto.ufmg.br\/sca\/wp-content\/uploads\/sites\/6\/2019\/06\/todos-nova.jpg","datePublished":"2019-06-04T21:09:18+00:00","dateModified":"2019-06-14T19:31:43+00:00","breadcrumb":{"@id":"https:\/\/www.odonto.ufmg.br\/sca\/noticias\/o-projeto-de-extensao-atendimento-odontologico-a-pacientes-com-traumatismos-dentarios-em-dentes-deciduos-possui-12-anos-e-ja-atendeu-mais-de-650-criancas\/#breadcrumb"},"inLanguage":"pt-BR","potentialAction":[{"@type":"ReadAction","target":["https:\/\/www.odonto.ufmg.br\/sca\/noticias\/o-projeto-de-extensao-atendimento-odontologico-a-pacientes-com-traumatismos-dentarios-em-dentes-deciduos-possui-12-anos-e-ja-atendeu-mais-de-650-criancas\/"]}]},{"@type":"ImageObject","inLanguage":"pt-BR","@id":"https:\/\/www.odonto.ufmg.br\/sca\/noticias\/o-projeto-de-extensao-atendimento-odontologico-a-pacientes-com-traumatismos-dentarios-em-dentes-deciduos-possui-12-anos-e-ja-atendeu-mais-de-650-criancas\/#primaryimage","url":"https:\/\/www.odonto.ufmg.br\/sca\/wp-content\/uploads\/sites\/6\/2019\/06\/todos-nova.jpg","contentUrl":"https:\/\/www.odonto.ufmg.br\/sca\/wp-content\/uploads\/sites\/6\/2019\/06\/todos-nova.jpg","width":1226,"height":689},{"@type":"BreadcrumbList","@id":"https:\/\/www.odonto.ufmg.br\/sca\/noticias\/o-projeto-de-extensao-atendimento-odontologico-a-pacientes-com-traumatismos-dentarios-em-dentes-deciduos-possui-12-anos-e-ja-atendeu-mais-de-650-criancas\/#breadcrumb","itemListElement":[{"@type":"ListItem","position":1,"name":"In\u00edcio","item":"https:\/\/www.odonto.ufmg.br\/sca\/inicio\/"},{"@type":"ListItem","position":2,"name":"O Projeto de Extens\u00e3o Atendimento Odontol\u00f3gico a Pacientes com Traumatismos Dent\u00e1rios em Dentes Dec\u00edduos possui 12 anos e j\u00e1 atendeu mais de 650 crian\u00e7as"}]},{"@type":"WebSite","@id":"https:\/\/www.odonto.ufmg.br\/sca\/#website","url":"https:\/\/www.odonto.ufmg.br\/sca\/","name":"Departamento de Sa\u00fade Bucal da Crian\u00e7a e do Adolescente","description":"Faculdade de Odontologia - Universidade Federal de Minas Gerais","publisher":{"@id":"https:\/\/www.odonto.ufmg.br\/sca\/#organization"},"potentialAction":[{"@type":"SearchAction","target":{"@type":"EntryPoint","urlTemplate":"https:\/\/www.odonto.ufmg.br\/sca\/?s={search_term_string}"},"query-input":{"@type":"PropertyValueSpecification","valueRequired":true,"valueName":"search_term_string"}}],"inLanguage":"pt-BR"},{"@type":"Organization","@id":"https:\/\/www.odonto.ufmg.br\/sca\/#organization","name":"Departamento de Odontopediatria e Ortodontia","url":"https:\/\/www.odonto.ufmg.br\/sca\/","logo":{"@type":"ImageObject","inLanguage":"pt-BR","@id":"https:\/\/www.odonto.ufmg.br\/sca\/#\/schema\/logo\/image\/","url":"https:\/\/www.odonto.ufmg.br\/sca\/wp-content\/uploads\/sites\/6\/2016\/02\/orto.svg","contentUrl":"https:\/\/www.odonto.ufmg.br\/sca\/wp-content\/uploads\/sites\/6\/2016\/02\/orto.svg","width":1,"height":1,"caption":"Departamento de Odontopediatria e Ortodontia"},"image":{"@id":"https:\/\/www.odonto.ufmg.br\/sca\/#\/schema\/logo\/image\/"},"sameAs":["https:\/\/www.facebook.com\/faoufmg"]},{"@type":"Person","@id":"https:\/\/www.odonto.ufmg.br\/sca\/#\/schema\/person\/dcb886c1685c1fd050d36d61d761bd39","name":"raquel","image":{"@type":"ImageObject","inLanguage":"pt-BR","@id":"https:\/\/secure.gravatar.com\/avatar\/4d7cd504af160bd29cb12213a21a574519997e1aea2d92b31b7ebd01c03286c9?s=96&d=mm&r=g","url":"https:\/\/secure.gravatar.com\/avatar\/4d7cd504af160bd29cb12213a21a574519997e1aea2d92b31b7ebd01c03286c9?s=96&d=mm&r=g","contentUrl":"https:\/\/secure.gravatar.com\/avatar\/4d7cd504af160bd29cb12213a21a574519997e1aea2d92b31b7ebd01c03286c9?s=96&d=mm&r=g","caption":"raquel"},"url":"https:\/\/www.odonto.ufmg.br\/sca\/author\/raquel\/"}]}},"_links":{"self":[{"href":"https:\/\/www.odonto.ufmg.br\/sca\/wp-json\/wp\/v2\/posts\/1830","targetHints":{"allow":["GET"]}}],"collection":[{"href":"https:\/\/www.odonto.ufmg.br\/sca\/wp-json\/wp\/v2\/posts"}],"about":[{"href":"https:\/\/www.odonto.ufmg.br\/sca\/wp-json\/wp\/v2\/types\/post"}],"author":[{"embeddable":true,"href":"https:\/\/www.odonto.ufmg.br\/sca\/wp-json\/wp\/v2\/users\/29"}],"replies":[{"embeddable":true,"href":"https:\/\/www.odonto.ufmg.br\/sca\/wp-json\/wp\/v2\/comments?post=1830"}],"version-history":[{"count":8,"href":"https:\/\/www.odonto.ufmg.br\/sca\/wp-json\/wp\/v2\/posts\/1830\/revisions"}],"predecessor-version":[{"id":1910,"href":"https:\/\/www.odonto.ufmg.br\/sca\/wp-json\/wp\/v2\/posts\/1830\/revisions\/1910"}],"wp:featuredmedia":[{"embeddable":true,"href":"https:\/\/www.odonto.ufmg.br\/sca\/wp-json\/wp\/v2\/media\/1887"}],"wp:attachment":[{"href":"https:\/\/www.odonto.ufmg.br\/sca\/wp-json\/wp\/v2\/media?parent=1830"}],"wp:term":[{"taxonomy":"category","embeddable":true,"href":"https:\/\/www.odonto.ufmg.br\/sca\/wp-json\/wp\/v2\/categories?post=1830"},{"taxonomy":"post_tag","embeddable":true,"href":"https:\/\/www.odonto.ufmg.br\/sca\/wp-json\/wp\/v2\/tags?post=1830"}],"curies":[{"name":"wp","href":"https:\/\/api.w.org\/{rel}","templated":true}]}}