{"id":1604,"date":"2018-09-13T19:27:01","date_gmt":"2018-09-13T22:27:01","guid":{"rendered":"https:\/\/www.odonto.ufmg.br\/opo\/?p=1604"},"modified":"2018-09-13T19:27:01","modified_gmt":"2018-09-13T22:27:01","slug":"professores-e-alunos-de-graduacao-e-pos-graduacao-da-faculdade-de-odontologia-da-ufmg-sao-premiados-na-35a-reuniao-anual-da-sbpqo","status":"publish","type":"post","link":"https:\/\/www.odonto.ufmg.br\/sca\/noticias\/professores-e-alunos-de-graduacao-e-pos-graduacao-da-faculdade-de-odontologia-da-ufmg-sao-premiados-na-35a-reuniao-anual-da-sbpqo\/","title":{"rendered":"PROFESSORES E ALUNOS DE GRADUA\u00c7\u00c3O E P\u00d3S-GRADUA\u00c7\u00c3O DA FACULDADE DE ODONTOLOGIA DA UFMG S\u00c3O PREMIADOS NA 35\u00aa REUNI\u00c3O ANUAL DA SBPQO"},"content":{"rendered":"<p>Aconteceu em Campinas, de 2 a 4 de setembro de 2018, a <strong>35<sup>a.<\/sup> Reuni\u00e3o Anual da Sociedade Brasileira de Pesquisa Odontol\u00f3gica &#8211; <a href=\"http:\/\/www.sbpqo.org.br\">SBPqO<\/a>\u00a0<\/strong>o principal congresso de pesquisa na \u00e1rea da Odontologia no Brasil. O foco principal do evento \u00e9 a apresenta\u00e7\u00e3o e discuss\u00e3o dos trabalhos de pesquisas desenvolvidos em Institui\u00e7\u00f5es Brasileiras de Ensino e Pesquisa, envolvendo desde o aluno de Inicia\u00e7\u00e3o Cient\u00edfica at\u00e9 o pesquisador s\u00eanior, passando pelos Mestrandos, Doutorandos e P\u00f3s-Doutorandos.<\/p>\n<p>Em 2018, a <strong>Universidade Federal de Minas Gerais (UFMG)<\/strong> contou com 134 trabalhos aprovados para a Reuni\u00e3o Anual da SBPqO, representando um aumento de 59,5% em rela\u00e7\u00e3o ao ano anterior e elevando a universidade pra o 5\u00ba lugar do ranking das universidades com maior n\u00famero de trabalhos selecionados para o evento.<\/p>\n<p>O <strong>Departamento de Odontopediatria e Ortodontia (OPO)<\/strong> contou com a participa\u00e7\u00e3o expressiva de docentes que ministraram cursos, Lunch&amp;Learning e participaram nas comiss\u00f5es avaliadoras dos trabalhos. Houve tamb\u00e9m uma significativa participa\u00e7\u00e3o de discentes da gradua\u00e7\u00e3o e p\u00f3s-gradua\u00e7\u00e3o nas apresenta\u00e7\u00f5es de trabalhos durante o evento.<\/p>\n<div id=\"attachment_1602\" style=\"width: 310px\" class=\"wp-caption alignnone\"><img decoding=\"async\" aria-describedby=\"caption-attachment-1602\" class=\"size-medium wp-image-1602\" src=\"https:\/\/www.odonto.ufmg.br\/opo\/wp-content\/uploads\/sites\/6\/2018\/09\/d1ac346e-9eec-4074-a8cb-a9d96deb6632-300x225.jpg\" alt=\"\" width=\"300\" height=\"225\" srcset=\"https:\/\/www.odonto.ufmg.br\/sca\/wp-content\/uploads\/sites\/6\/2018\/09\/d1ac346e-9eec-4074-a8cb-a9d96deb6632-300x225.jpg 300w, https:\/\/www.odonto.ufmg.br\/sca\/wp-content\/uploads\/sites\/6\/2018\/09\/d1ac346e-9eec-4074-a8cb-a9d96deb6632-768x576.jpg 768w, https:\/\/www.odonto.ufmg.br\/sca\/wp-content\/uploads\/sites\/6\/2018\/09\/d1ac346e-9eec-4074-a8cb-a9d96deb6632-1030x773.jpg 1030w, https:\/\/www.odonto.ufmg.br\/sca\/wp-content\/uploads\/sites\/6\/2018\/09\/d1ac346e-9eec-4074-a8cb-a9d96deb6632-705x529.jpg 705w, https:\/\/www.odonto.ufmg.br\/sca\/wp-content\/uploads\/sites\/6\/2018\/09\/d1ac346e-9eec-4074-a8cb-a9d96deb6632-450x338.jpg 450w, https:\/\/www.odonto.ufmg.br\/sca\/wp-content\/uploads\/sites\/6\/2018\/09\/d1ac346e-9eec-4074-a8cb-a9d96deb6632.jpg 1280w\" sizes=\"(max-width: 300px) 100vw, 300px\" \/><p id=\"caption-attachment-1602\" class=\"wp-caption-text\"><strong>Professores e Alunos de Gradua\u00e7\u00e3o e P\u00f3s-Gradua\u00e7\u00e3o reunidos na 35\u00aa Reuni\u00e3o Anual da SBPqO.<\/strong><\/p><\/div>\n<div id=\"attachment_1603\" style=\"width: 258px\" class=\"wp-caption alignnone\"><img decoding=\"async\" aria-describedby=\"caption-attachment-1603\" class=\"size-medium wp-image-1603\" src=\"https:\/\/www.odonto.ufmg.br\/opo\/wp-content\/uploads\/sites\/6\/2018\/09\/aab27765-70f7-4a23-b402-75483f2a443d-248x300.jpg\" alt=\"\" width=\"248\" height=\"300\" srcset=\"https:\/\/www.odonto.ufmg.br\/sca\/wp-content\/uploads\/sites\/6\/2018\/09\/aab27765-70f7-4a23-b402-75483f2a443d-248x300.jpg 248w, https:\/\/www.odonto.ufmg.br\/sca\/wp-content\/uploads\/sites\/6\/2018\/09\/aab27765-70f7-4a23-b402-75483f2a443d-768x931.jpg 768w, https:\/\/www.odonto.ufmg.br\/sca\/wp-content\/uploads\/sites\/6\/2018\/09\/aab27765-70f7-4a23-b402-75483f2a443d-582x705.jpg 582w, https:\/\/www.odonto.ufmg.br\/sca\/wp-content\/uploads\/sites\/6\/2018\/09\/aab27765-70f7-4a23-b402-75483f2a443d-450x545.jpg 450w, https:\/\/www.odonto.ufmg.br\/sca\/wp-content\/uploads\/sites\/6\/2018\/09\/aab27765-70f7-4a23-b402-75483f2a443d.jpg 845w\" sizes=\"(max-width: 248px) 100vw, 248px\" \/><p id=\"caption-attachment-1603\" class=\"wp-caption-text\"><strong>O professor Lucas Guimar\u00e3es Abreu atuou como avaliador das apresenta\u00e7\u00f5es orais da \u00e1rea de Odontopediatria.<\/strong><\/p><\/div>\n<p>Professores do OPO e alunos de gradua\u00e7\u00e3o, mestrado, doutorado e p\u00f3s-doutorado tamb\u00e9m foram premiados entre os mais de 4 mil pesquisas apresentadas na reuni\u00e3o. No total foram <strong>7 premia\u00e7\u00f5es<\/strong>, dentre as quais destaca-se se o <strong>1\u00ba Lugar na modalidade Painel Efetivo<\/strong> (envolvendo todas as \u00e1reas do evento) com o trabalho intitulado \u201c<strong><em>Tradu\u00e7\u00e3o, adapta\u00e7\u00e3o transcultural e valida\u00e7\u00e3o da vers\u00e3o brasileira do Oral Health Literacy-Adults Questionnaire (BOHL-AQ)<\/em><\/strong>\u201d, desenvolvido sob orienta\u00e7\u00e3o dos professores <strong>Saul Martins Paiva, Isabela Almeida Pordeus <\/strong>e<strong> Fernanda Morais Ferreira<\/strong>; al\u00e9m de <strong>6 men\u00e7\u00f5es honrosas<\/strong>, sendo duas na modalidade Pr\u00eamio Myaky ISSAO com trabalhos orientados pelas professoras <strong>Joana Ramos-Jorge, Raquel Gon\u00e7alves Vieira-Andrade<\/strong> e<strong> Patr\u00edcia Maria Pereira de Ara\u00fajo Zarzar<\/strong>; uma na modalidade Painel Efetivo sobre orienta\u00e7\u00e3o do professor <strong>Lucas Guimar\u00e3es Abreu<\/strong>; duas na modalidade de Apresenta\u00e7\u00e3o Oral orientados pelos professores <strong>Lucas Guimar\u00e3es Abreu, Fernanda Morais Ferreira, Isabela Almeida Pordeus <\/strong>e <strong>Saul Martins de Paiva<\/strong>, al\u00e9m de uma na modalidade Pesquisa em Ensino sob orienta\u00e7\u00e3o da professora <strong>Fernanda Morais Ferreira<\/strong>. Alguns dos trabalhos premiados foram realizados por professores do OPO em parceria com professores do <a href=\"https:\/\/www.odonto.ufmg.br\/osp\/\"><strong>Departamento de Odontologia Social e Preventiva (OSP)<\/strong><\/a> e o do <a href=\"https:\/\/www.odonto.ufmg.br\/cpc\/\"><strong>Departamento de Cl\u00ednica, Patologia e Cirurgias Odontol\u00f3gicas (CPC)<\/strong><\/a> da <a href=\"https:\/\/www.odonto.ufmg.br\/\"><strong>Faculdade de Odontologia da UFMG<\/strong><\/a>.<\/p>\n<div id=\"attachment_1605\" style=\"width: 277px\" class=\"wp-caption alignnone\"><img decoding=\"async\" aria-describedby=\"caption-attachment-1605\" class=\"size-medium wp-image-1605\" src=\"https:\/\/www.odonto.ufmg.br\/opo\/wp-content\/uploads\/sites\/6\/2018\/09\/d372e818-31f8-46d0-97bb-8e23d70ac93d-267x300.jpg\" alt=\"\" width=\"267\" height=\"300\" srcset=\"https:\/\/www.odonto.ufmg.br\/sca\/wp-content\/uploads\/sites\/6\/2018\/09\/d372e818-31f8-46d0-97bb-8e23d70ac93d-267x300.jpg 267w, https:\/\/www.odonto.ufmg.br\/sca\/wp-content\/uploads\/sites\/6\/2018\/09\/d372e818-31f8-46d0-97bb-8e23d70ac93d-768x863.jpg 768w, https:\/\/www.odonto.ufmg.br\/sca\/wp-content\/uploads\/sites\/6\/2018\/09\/d372e818-31f8-46d0-97bb-8e23d70ac93d-627x705.jpg 627w, https:\/\/www.odonto.ufmg.br\/sca\/wp-content\/uploads\/sites\/6\/2018\/09\/d372e818-31f8-46d0-97bb-8e23d70ac93d-450x506.jpg 450w, https:\/\/www.odonto.ufmg.br\/sca\/wp-content\/uploads\/sites\/6\/2018\/09\/d372e818-31f8-46d0-97bb-8e23d70ac93d.jpg 911w\" sizes=\"(max-width: 267px) 100vw, 267px\" \/><p id=\"caption-attachment-1605\" class=\"wp-caption-text\"><strong>Professor Saul Martins Paiva recebendo o pr\u00eamio de 1\u00ba Lugar na modalidade Painel Efetivo.<\/strong><\/p><\/div>\n<div id=\"attachment_1607\" style=\"width: 310px\" class=\"wp-caption alignnone\"><img decoding=\"async\" aria-describedby=\"caption-attachment-1607\" class=\"size-medium wp-image-1607\" src=\"https:\/\/www.odonto.ufmg.br\/opo\/wp-content\/uploads\/sites\/6\/2018\/09\/65cc4a19-596d-47ad-ab33-2500c977b5ee-1-300x253.jpg\" alt=\"\" width=\"300\" height=\"253\" srcset=\"https:\/\/www.odonto.ufmg.br\/sca\/wp-content\/uploads\/sites\/6\/2018\/09\/65cc4a19-596d-47ad-ab33-2500c977b5ee-1-300x253.jpg 300w, https:\/\/www.odonto.ufmg.br\/sca\/wp-content\/uploads\/sites\/6\/2018\/09\/65cc4a19-596d-47ad-ab33-2500c977b5ee-1-768x648.jpg 768w, https:\/\/www.odonto.ufmg.br\/sca\/wp-content\/uploads\/sites\/6\/2018\/09\/65cc4a19-596d-47ad-ab33-2500c977b5ee-1-705x595.jpg 705w, https:\/\/www.odonto.ufmg.br\/sca\/wp-content\/uploads\/sites\/6\/2018\/09\/65cc4a19-596d-47ad-ab33-2500c977b5ee-1-450x380.jpg 450w, https:\/\/www.odonto.ufmg.br\/sca\/wp-content\/uploads\/sites\/6\/2018\/09\/65cc4a19-596d-47ad-ab33-2500c977b5ee-1.jpg 854w\" sizes=\"(max-width: 300px) 100vw, 300px\" \/><p id=\"caption-attachment-1607\" class=\"wp-caption-text\"><strong>Jonathan Lopes foi um dos alunos de gradua\u00e7\u00e3o premiados no evento.<\/strong><\/p><\/div>\n<p>Ao longo dos anos, a participa\u00e7\u00e3o cont\u00ednua dos professores do OPO nas Reuni\u00f5es Anuais da SBPqO tem possibilitado o estabelecimento de novas parcerias acad\u00eamico-cient\u00edficas, al\u00e9m da consolida\u00e7\u00e3o de colabora\u00e7\u00f5es previamente firmadas com diferentes Institui\u00e7\u00f5es de Ensino, como a <strong>Universidade Estadual da Para\u00edba (UEPB), Universidade Federal de Juiz de Fora (UFJF), Universidade Federal dos Vales do Jequitinhonha e Mucuri (UFVJM), Universidade Federal do Paran\u00e1 (UFPR)<\/strong> e a <strong>Universidade Cruzeiro do Sul (UNICSUL)<\/strong>. Tais parcerias t\u00eam contribu\u00eddo cada vez mais para o crescimento do <a href=\"https:\/\/www.odonto.ufmg.br\/posgrad\/\"><strong>Programa de P\u00f3s- Gradua\u00e7\u00e3o em Odontologia da UFMG<\/strong><\/a> (que atualmente possui nota m\u00e1xima na avalia\u00e7\u00e3o da CAPES) e para o desenvolvimento de pesquisas de real impacto na comunidade cient\u00edfica como demonstrado atrav\u00e9s do reconhecimento viabilizado pelas premia\u00e7\u00f5es nesse evento.<\/p>\n","protected":false},"excerpt":{"rendered":"<p>Aconteceu em Campinas, de 2 a 4 de setembro de 2018, a 35a. Reuni\u00e3o Anual da Sociedade Brasileira de Pesquisa Odontol\u00f3gica &#8211; SBPqO\u00a0o principal congresso de pesquisa na \u00e1rea da Odontologia no Brasil. O foco principal do evento \u00e9 a apresenta\u00e7\u00e3o e discuss\u00e3o dos trabalhos de pesquisas desenvolvidos em Institui\u00e7\u00f5es Brasileiras de Ensino e Pesquisa, [&hellip;]<\/p>\n","protected":false},"author":29,"featured_media":1602,"comment_status":"closed","ping_status":"closed","sticky":false,"template":"","format":"standard","meta":{"inline_featured_image":false,"footnotes":""},"categories":[1],"tags":[],"class_list":["post-1604","post","type-post","status-publish","format-standard","has-post-thumbnail","hentry","category-noticias"],"yoast_head":"<!-- This site is optimized with the Yoast SEO plugin v27.5 - https:\/\/yoast.com\/product\/yoast-seo-wordpress\/ -->\n<title>PROFESSORES E ALUNOS DE GRADUA\u00c7\u00c3O E P\u00d3S-GRADUA\u00c7\u00c3O DA FACULDADE DE ODONTOLOGIA DA UFMG S\u00c3O PREMIADOS NA 35\u00aa REUNI\u00c3O ANUAL DA SBPQO - Departamento de Sa\u00fade Bucal da Crian\u00e7a e do Adolescente<\/title>\n<meta name=\"robots\" content=\"index, follow, max-snippet:-1, max-image-preview:large, max-video-preview:-1\" \/>\n<link rel=\"canonical\" href=\"https:\/\/www.odonto.ufmg.br\/sca\/noticias\/professores-e-alunos-de-graduacao-e-pos-graduacao-da-faculdade-de-odontologia-da-ufmg-sao-premiados-na-35a-reuniao-anual-da-sbpqo\/\" \/>\n<meta property=\"og:locale\" content=\"pt_BR\" \/>\n<meta property=\"og:type\" content=\"article\" \/>\n<meta property=\"og:title\" content=\"PROFESSORES E ALUNOS DE GRADUA\u00c7\u00c3O E P\u00d3S-GRADUA\u00c7\u00c3O DA FACULDADE DE ODONTOLOGIA DA UFMG S\u00c3O PREMIADOS NA 35\u00aa REUNI\u00c3O ANUAL DA SBPQO - Departamento de Sa\u00fade Bucal da Crian\u00e7a e do Adolescente\" \/>\n<meta property=\"og:description\" content=\"Aconteceu em Campinas, de 2 a 4 de setembro de 2018, a 35a. Reuni\u00e3o Anual da Sociedade Brasileira de Pesquisa Odontol\u00f3gica &#8211; SBPqO\u00a0o principal congresso de pesquisa na \u00e1rea da Odontologia no Brasil. O foco principal do evento \u00e9 a apresenta\u00e7\u00e3o e discuss\u00e3o dos trabalhos de pesquisas desenvolvidos em Institui\u00e7\u00f5es Brasileiras de Ensino e Pesquisa, [&hellip;]\" \/>\n<meta property=\"og:url\" content=\"https:\/\/www.odonto.ufmg.br\/sca\/noticias\/professores-e-alunos-de-graduacao-e-pos-graduacao-da-faculdade-de-odontologia-da-ufmg-sao-premiados-na-35a-reuniao-anual-da-sbpqo\/\" \/>\n<meta property=\"og:site_name\" content=\"Departamento de Sa\u00fade Bucal da Crian\u00e7a e do Adolescente\" \/>\n<meta property=\"article:publisher\" content=\"https:\/\/www.facebook.com\/faoufmg\" \/>\n<meta property=\"article:published_time\" content=\"2018-09-13T22:27:01+00:00\" \/>\n<meta property=\"og:image\" content=\"https:\/\/www.odonto.ufmg.br\/sca\/wp-content\/uploads\/sites\/6\/2018\/09\/d1ac346e-9eec-4074-a8cb-a9d96deb6632.jpg\" \/>\n\t<meta property=\"og:image:width\" content=\"1280\" \/>\n\t<meta property=\"og:image:height\" content=\"960\" \/>\n\t<meta property=\"og:image:type\" content=\"image\/jpeg\" \/>\n<meta name=\"author\" content=\"raquel\" \/>\n<meta name=\"twitter:card\" content=\"summary_large_image\" \/>\n<meta name=\"twitter:label1\" content=\"Escrito por\" \/>\n\t<meta name=\"twitter:data1\" content=\"raquel\" \/>\n\t<meta name=\"twitter:label2\" content=\"Est. tempo de leitura\" \/>\n\t<meta name=\"twitter:data2\" content=\"3 minutos\" \/>\n<script type=\"application\/ld+json\" class=\"yoast-schema-graph\">{\"@context\":\"https:\\\/\\\/schema.org\",\"@graph\":[{\"@type\":\"Article\",\"@id\":\"https:\\\/\\\/www.odonto.ufmg.br\\\/sca\\\/noticias\\\/professores-e-alunos-de-graduacao-e-pos-graduacao-da-faculdade-de-odontologia-da-ufmg-sao-premiados-na-35a-reuniao-anual-da-sbpqo\\\/#article\",\"isPartOf\":{\"@id\":\"https:\\\/\\\/www.odonto.ufmg.br\\\/sca\\\/noticias\\\/professores-e-alunos-de-graduacao-e-pos-graduacao-da-faculdade-de-odontologia-da-ufmg-sao-premiados-na-35a-reuniao-anual-da-sbpqo\\\/\"},\"author\":{\"name\":\"raquel\",\"@id\":\"https:\\\/\\\/www.odonto.ufmg.br\\\/sca\\\/#\\\/schema\\\/person\\\/dcb886c1685c1fd050d36d61d761bd39\"},\"headline\":\"PROFESSORES E ALUNOS DE GRADUA\u00c7\u00c3O E P\u00d3S-GRADUA\u00c7\u00c3O DA FACULDADE DE ODONTOLOGIA DA UFMG S\u00c3O PREMIADOS NA 35\u00aa REUNI\u00c3O ANUAL DA SBPQO\",\"datePublished\":\"2018-09-13T22:27:01+00:00\",\"mainEntityOfPage\":{\"@id\":\"https:\\\/\\\/www.odonto.ufmg.br\\\/sca\\\/noticias\\\/professores-e-alunos-de-graduacao-e-pos-graduacao-da-faculdade-de-odontologia-da-ufmg-sao-premiados-na-35a-reuniao-anual-da-sbpqo\\\/\"},\"wordCount\":652,\"publisher\":{\"@id\":\"https:\\\/\\\/www.odonto.ufmg.br\\\/sca\\\/#organization\"},\"image\":{\"@id\":\"https:\\\/\\\/www.odonto.ufmg.br\\\/sca\\\/noticias\\\/professores-e-alunos-de-graduacao-e-pos-graduacao-da-faculdade-de-odontologia-da-ufmg-sao-premiados-na-35a-reuniao-anual-da-sbpqo\\\/#primaryimage\"},\"thumbnailUrl\":\"https:\\\/\\\/www.odonto.ufmg.br\\\/sca\\\/wp-content\\\/uploads\\\/sites\\\/6\\\/2018\\\/09\\\/d1ac346e-9eec-4074-a8cb-a9d96deb6632.jpg\",\"articleSection\":[\"Not\u00edcias\"],\"inLanguage\":\"pt-BR\"},{\"@type\":\"WebPage\",\"@id\":\"https:\\\/\\\/www.odonto.ufmg.br\\\/sca\\\/noticias\\\/professores-e-alunos-de-graduacao-e-pos-graduacao-da-faculdade-de-odontologia-da-ufmg-sao-premiados-na-35a-reuniao-anual-da-sbpqo\\\/\",\"url\":\"https:\\\/\\\/www.odonto.ufmg.br\\\/sca\\\/noticias\\\/professores-e-alunos-de-graduacao-e-pos-graduacao-da-faculdade-de-odontologia-da-ufmg-sao-premiados-na-35a-reuniao-anual-da-sbpqo\\\/\",\"name\":\"PROFESSORES E ALUNOS DE GRADUA\u00c7\u00c3O E P\u00d3S-GRADUA\u00c7\u00c3O DA FACULDADE DE ODONTOLOGIA DA UFMG S\u00c3O PREMIADOS NA 35\u00aa REUNI\u00c3O ANUAL DA SBPQO - Departamento de Sa\u00fade Bucal da Crian\u00e7a e do Adolescente\",\"isPartOf\":{\"@id\":\"https:\\\/\\\/www.odonto.ufmg.br\\\/sca\\\/#website\"},\"primaryImageOfPage\":{\"@id\":\"https:\\\/\\\/www.odonto.ufmg.br\\\/sca\\\/noticias\\\/professores-e-alunos-de-graduacao-e-pos-graduacao-da-faculdade-de-odontologia-da-ufmg-sao-premiados-na-35a-reuniao-anual-da-sbpqo\\\/#primaryimage\"},\"image\":{\"@id\":\"https:\\\/\\\/www.odonto.ufmg.br\\\/sca\\\/noticias\\\/professores-e-alunos-de-graduacao-e-pos-graduacao-da-faculdade-de-odontologia-da-ufmg-sao-premiados-na-35a-reuniao-anual-da-sbpqo\\\/#primaryimage\"},\"thumbnailUrl\":\"https:\\\/\\\/www.odonto.ufmg.br\\\/sca\\\/wp-content\\\/uploads\\\/sites\\\/6\\\/2018\\\/09\\\/d1ac346e-9eec-4074-a8cb-a9d96deb6632.jpg\",\"datePublished\":\"2018-09-13T22:27:01+00:00\",\"breadcrumb\":{\"@id\":\"https:\\\/\\\/www.odonto.ufmg.br\\\/sca\\\/noticias\\\/professores-e-alunos-de-graduacao-e-pos-graduacao-da-faculdade-de-odontologia-da-ufmg-sao-premiados-na-35a-reuniao-anual-da-sbpqo\\\/#breadcrumb\"},\"inLanguage\":\"pt-BR\",\"potentialAction\":[{\"@type\":\"ReadAction\",\"target\":[\"https:\\\/\\\/www.odonto.ufmg.br\\\/sca\\\/noticias\\\/professores-e-alunos-de-graduacao-e-pos-graduacao-da-faculdade-de-odontologia-da-ufmg-sao-premiados-na-35a-reuniao-anual-da-sbpqo\\\/\"]}]},{\"@type\":\"ImageObject\",\"inLanguage\":\"pt-BR\",\"@id\":\"https:\\\/\\\/www.odonto.ufmg.br\\\/sca\\\/noticias\\\/professores-e-alunos-de-graduacao-e-pos-graduacao-da-faculdade-de-odontologia-da-ufmg-sao-premiados-na-35a-reuniao-anual-da-sbpqo\\\/#primaryimage\",\"url\":\"https:\\\/\\\/www.odonto.ufmg.br\\\/sca\\\/wp-content\\\/uploads\\\/sites\\\/6\\\/2018\\\/09\\\/d1ac346e-9eec-4074-a8cb-a9d96deb6632.jpg\",\"contentUrl\":\"https:\\\/\\\/www.odonto.ufmg.br\\\/sca\\\/wp-content\\\/uploads\\\/sites\\\/6\\\/2018\\\/09\\\/d1ac346e-9eec-4074-a8cb-a9d96deb6632.jpg\",\"width\":1280,\"height\":960,\"caption\":\"Professores e Alunos de Gradua\u00e7\u00e3o e P\u00f3s-Gradua\u00e7\u00e3o reunidos na 35\u00aa Reuni\u00e3o Anual da SBPqO\"},{\"@type\":\"BreadcrumbList\",\"@id\":\"https:\\\/\\\/www.odonto.ufmg.br\\\/sca\\\/noticias\\\/professores-e-alunos-de-graduacao-e-pos-graduacao-da-faculdade-de-odontologia-da-ufmg-sao-premiados-na-35a-reuniao-anual-da-sbpqo\\\/#breadcrumb\",\"itemListElement\":[{\"@type\":\"ListItem\",\"position\":1,\"name\":\"In\u00edcio\",\"item\":\"https:\\\/\\\/www.odonto.ufmg.br\\\/sca\\\/inicio\\\/\"},{\"@type\":\"ListItem\",\"position\":2,\"name\":\"PROFESSORES E ALUNOS DE GRADUA\u00c7\u00c3O E P\u00d3S-GRADUA\u00c7\u00c3O DA FACULDADE DE ODONTOLOGIA DA UFMG S\u00c3O PREMIADOS NA 35\u00aa REUNI\u00c3O ANUAL DA SBPQO\"}]},{\"@type\":\"WebSite\",\"@id\":\"https:\\\/\\\/www.odonto.ufmg.br\\\/sca\\\/#website\",\"url\":\"https:\\\/\\\/www.odonto.ufmg.br\\\/sca\\\/\",\"name\":\"Departamento de Sa\u00fade Bucal da Crian\u00e7a e do Adolescente\",\"description\":\"Faculdade de Odontologia - Universidade Federal de Minas Gerais\",\"publisher\":{\"@id\":\"https:\\\/\\\/www.odonto.ufmg.br\\\/sca\\\/#organization\"},\"potentialAction\":[{\"@type\":\"SearchAction\",\"target\":{\"@type\":\"EntryPoint\",\"urlTemplate\":\"https:\\\/\\\/www.odonto.ufmg.br\\\/sca\\\/?s={search_term_string}\"},\"query-input\":{\"@type\":\"PropertyValueSpecification\",\"valueRequired\":true,\"valueName\":\"search_term_string\"}}],\"inLanguage\":\"pt-BR\"},{\"@type\":\"Organization\",\"@id\":\"https:\\\/\\\/www.odonto.ufmg.br\\\/sca\\\/#organization\",\"name\":\"Departamento de Odontopediatria e Ortodontia\",\"url\":\"https:\\\/\\\/www.odonto.ufmg.br\\\/sca\\\/\",\"logo\":{\"@type\":\"ImageObject\",\"inLanguage\":\"pt-BR\",\"@id\":\"https:\\\/\\\/www.odonto.ufmg.br\\\/sca\\\/#\\\/schema\\\/logo\\\/image\\\/\",\"url\":\"https:\\\/\\\/www.odonto.ufmg.br\\\/sca\\\/wp-content\\\/uploads\\\/sites\\\/6\\\/2016\\\/02\\\/orto.svg\",\"contentUrl\":\"https:\\\/\\\/www.odonto.ufmg.br\\\/sca\\\/wp-content\\\/uploads\\\/sites\\\/6\\\/2016\\\/02\\\/orto.svg\",\"width\":1,\"height\":1,\"caption\":\"Departamento de Odontopediatria e Ortodontia\"},\"image\":{\"@id\":\"https:\\\/\\\/www.odonto.ufmg.br\\\/sca\\\/#\\\/schema\\\/logo\\\/image\\\/\"},\"sameAs\":[\"https:\\\/\\\/www.facebook.com\\\/faoufmg\"]},{\"@type\":\"Person\",\"@id\":\"https:\\\/\\\/www.odonto.ufmg.br\\\/sca\\\/#\\\/schema\\\/person\\\/dcb886c1685c1fd050d36d61d761bd39\",\"name\":\"raquel\",\"image\":{\"@type\":\"ImageObject\",\"inLanguage\":\"pt-BR\",\"@id\":\"https:\\\/\\\/secure.gravatar.com\\\/avatar\\\/4d7cd504af160bd29cb12213a21a574519997e1aea2d92b31b7ebd01c03286c9?s=96&d=mm&r=g\",\"url\":\"https:\\\/\\\/secure.gravatar.com\\\/avatar\\\/4d7cd504af160bd29cb12213a21a574519997e1aea2d92b31b7ebd01c03286c9?s=96&d=mm&r=g\",\"contentUrl\":\"https:\\\/\\\/secure.gravatar.com\\\/avatar\\\/4d7cd504af160bd29cb12213a21a574519997e1aea2d92b31b7ebd01c03286c9?s=96&d=mm&r=g\",\"caption\":\"raquel\"},\"url\":\"https:\\\/\\\/www.odonto.ufmg.br\\\/sca\\\/author\\\/raquel\\\/\"}]}<\/script>\n<!-- \/ Yoast SEO plugin. -->","yoast_head_json":{"title":"PROFESSORES E ALUNOS DE GRADUA\u00c7\u00c3O E P\u00d3S-GRADUA\u00c7\u00c3O DA FACULDADE DE ODONTOLOGIA DA UFMG S\u00c3O PREMIADOS NA 35\u00aa REUNI\u00c3O ANUAL DA SBPQO - Departamento de Sa\u00fade Bucal da Crian\u00e7a e do Adolescente","robots":{"index":"index","follow":"follow","max-snippet":"max-snippet:-1","max-image-preview":"max-image-preview:large","max-video-preview":"max-video-preview:-1"},"canonical":"https:\/\/www.odonto.ufmg.br\/sca\/noticias\/professores-e-alunos-de-graduacao-e-pos-graduacao-da-faculdade-de-odontologia-da-ufmg-sao-premiados-na-35a-reuniao-anual-da-sbpqo\/","og_locale":"pt_BR","og_type":"article","og_title":"PROFESSORES E ALUNOS DE GRADUA\u00c7\u00c3O E P\u00d3S-GRADUA\u00c7\u00c3O DA FACULDADE DE ODONTOLOGIA DA UFMG S\u00c3O PREMIADOS NA 35\u00aa REUNI\u00c3O ANUAL DA SBPQO - Departamento de Sa\u00fade Bucal da Crian\u00e7a e do Adolescente","og_description":"Aconteceu em Campinas, de 2 a 4 de setembro de 2018, a 35a. Reuni\u00e3o Anual da Sociedade Brasileira de Pesquisa Odontol\u00f3gica &#8211; SBPqO\u00a0o principal congresso de pesquisa na \u00e1rea da Odontologia no Brasil. O foco principal do evento \u00e9 a apresenta\u00e7\u00e3o e discuss\u00e3o dos trabalhos de pesquisas desenvolvidos em Institui\u00e7\u00f5es Brasileiras de Ensino e Pesquisa, [&hellip;]","og_url":"https:\/\/www.odonto.ufmg.br\/sca\/noticias\/professores-e-alunos-de-graduacao-e-pos-graduacao-da-faculdade-de-odontologia-da-ufmg-sao-premiados-na-35a-reuniao-anual-da-sbpqo\/","og_site_name":"Departamento de Sa\u00fade Bucal da Crian\u00e7a e do Adolescente","article_publisher":"https:\/\/www.facebook.com\/faoufmg","article_published_time":"2018-09-13T22:27:01+00:00","og_image":[{"width":1280,"height":960,"url":"https:\/\/www.odonto.ufmg.br\/sca\/wp-content\/uploads\/sites\/6\/2018\/09\/d1ac346e-9eec-4074-a8cb-a9d96deb6632.jpg","type":"image\/jpeg"}],"author":"raquel","twitter_card":"summary_large_image","twitter_misc":{"Escrito por":"raquel","Est. tempo de leitura":"3 minutos"},"schema":{"@context":"https:\/\/schema.org","@graph":[{"@type":"Article","@id":"https:\/\/www.odonto.ufmg.br\/sca\/noticias\/professores-e-alunos-de-graduacao-e-pos-graduacao-da-faculdade-de-odontologia-da-ufmg-sao-premiados-na-35a-reuniao-anual-da-sbpqo\/#article","isPartOf":{"@id":"https:\/\/www.odonto.ufmg.br\/sca\/noticias\/professores-e-alunos-de-graduacao-e-pos-graduacao-da-faculdade-de-odontologia-da-ufmg-sao-premiados-na-35a-reuniao-anual-da-sbpqo\/"},"author":{"name":"raquel","@id":"https:\/\/www.odonto.ufmg.br\/sca\/#\/schema\/person\/dcb886c1685c1fd050d36d61d761bd39"},"headline":"PROFESSORES E ALUNOS DE GRADUA\u00c7\u00c3O E P\u00d3S-GRADUA\u00c7\u00c3O DA FACULDADE DE ODONTOLOGIA DA UFMG S\u00c3O PREMIADOS NA 35\u00aa REUNI\u00c3O ANUAL DA SBPQO","datePublished":"2018-09-13T22:27:01+00:00","mainEntityOfPage":{"@id":"https:\/\/www.odonto.ufmg.br\/sca\/noticias\/professores-e-alunos-de-graduacao-e-pos-graduacao-da-faculdade-de-odontologia-da-ufmg-sao-premiados-na-35a-reuniao-anual-da-sbpqo\/"},"wordCount":652,"publisher":{"@id":"https:\/\/www.odonto.ufmg.br\/sca\/#organization"},"image":{"@id":"https:\/\/www.odonto.ufmg.br\/sca\/noticias\/professores-e-alunos-de-graduacao-e-pos-graduacao-da-faculdade-de-odontologia-da-ufmg-sao-premiados-na-35a-reuniao-anual-da-sbpqo\/#primaryimage"},"thumbnailUrl":"https:\/\/www.odonto.ufmg.br\/sca\/wp-content\/uploads\/sites\/6\/2018\/09\/d1ac346e-9eec-4074-a8cb-a9d96deb6632.jpg","articleSection":["Not\u00edcias"],"inLanguage":"pt-BR"},{"@type":"WebPage","@id":"https:\/\/www.odonto.ufmg.br\/sca\/noticias\/professores-e-alunos-de-graduacao-e-pos-graduacao-da-faculdade-de-odontologia-da-ufmg-sao-premiados-na-35a-reuniao-anual-da-sbpqo\/","url":"https:\/\/www.odonto.ufmg.br\/sca\/noticias\/professores-e-alunos-de-graduacao-e-pos-graduacao-da-faculdade-de-odontologia-da-ufmg-sao-premiados-na-35a-reuniao-anual-da-sbpqo\/","name":"PROFESSORES E ALUNOS DE GRADUA\u00c7\u00c3O E P\u00d3S-GRADUA\u00c7\u00c3O DA FACULDADE DE ODONTOLOGIA DA UFMG S\u00c3O PREMIADOS NA 35\u00aa REUNI\u00c3O ANUAL DA SBPQO - Departamento de Sa\u00fade Bucal da Crian\u00e7a e do Adolescente","isPartOf":{"@id":"https:\/\/www.odonto.ufmg.br\/sca\/#website"},"primaryImageOfPage":{"@id":"https:\/\/www.odonto.ufmg.br\/sca\/noticias\/professores-e-alunos-de-graduacao-e-pos-graduacao-da-faculdade-de-odontologia-da-ufmg-sao-premiados-na-35a-reuniao-anual-da-sbpqo\/#primaryimage"},"image":{"@id":"https:\/\/www.odonto.ufmg.br\/sca\/noticias\/professores-e-alunos-de-graduacao-e-pos-graduacao-da-faculdade-de-odontologia-da-ufmg-sao-premiados-na-35a-reuniao-anual-da-sbpqo\/#primaryimage"},"thumbnailUrl":"https:\/\/www.odonto.ufmg.br\/sca\/wp-content\/uploads\/sites\/6\/2018\/09\/d1ac346e-9eec-4074-a8cb-a9d96deb6632.jpg","datePublished":"2018-09-13T22:27:01+00:00","breadcrumb":{"@id":"https:\/\/www.odonto.ufmg.br\/sca\/noticias\/professores-e-alunos-de-graduacao-e-pos-graduacao-da-faculdade-de-odontologia-da-ufmg-sao-premiados-na-35a-reuniao-anual-da-sbpqo\/#breadcrumb"},"inLanguage":"pt-BR","potentialAction":[{"@type":"ReadAction","target":["https:\/\/www.odonto.ufmg.br\/sca\/noticias\/professores-e-alunos-de-graduacao-e-pos-graduacao-da-faculdade-de-odontologia-da-ufmg-sao-premiados-na-35a-reuniao-anual-da-sbpqo\/"]}]},{"@type":"ImageObject","inLanguage":"pt-BR","@id":"https:\/\/www.odonto.ufmg.br\/sca\/noticias\/professores-e-alunos-de-graduacao-e-pos-graduacao-da-faculdade-de-odontologia-da-ufmg-sao-premiados-na-35a-reuniao-anual-da-sbpqo\/#primaryimage","url":"https:\/\/www.odonto.ufmg.br\/sca\/wp-content\/uploads\/sites\/6\/2018\/09\/d1ac346e-9eec-4074-a8cb-a9d96deb6632.jpg","contentUrl":"https:\/\/www.odonto.ufmg.br\/sca\/wp-content\/uploads\/sites\/6\/2018\/09\/d1ac346e-9eec-4074-a8cb-a9d96deb6632.jpg","width":1280,"height":960,"caption":"Professores e Alunos de Gradua\u00e7\u00e3o e P\u00f3s-Gradua\u00e7\u00e3o reunidos na 35\u00aa Reuni\u00e3o Anual da SBPqO"},{"@type":"BreadcrumbList","@id":"https:\/\/www.odonto.ufmg.br\/sca\/noticias\/professores-e-alunos-de-graduacao-e-pos-graduacao-da-faculdade-de-odontologia-da-ufmg-sao-premiados-na-35a-reuniao-anual-da-sbpqo\/#breadcrumb","itemListElement":[{"@type":"ListItem","position":1,"name":"In\u00edcio","item":"https:\/\/www.odonto.ufmg.br\/sca\/inicio\/"},{"@type":"ListItem","position":2,"name":"PROFESSORES E ALUNOS DE GRADUA\u00c7\u00c3O E P\u00d3S-GRADUA\u00c7\u00c3O DA FACULDADE DE ODONTOLOGIA DA UFMG S\u00c3O PREMIADOS NA 35\u00aa REUNI\u00c3O ANUAL DA SBPQO"}]},{"@type":"WebSite","@id":"https:\/\/www.odonto.ufmg.br\/sca\/#website","url":"https:\/\/www.odonto.ufmg.br\/sca\/","name":"Departamento de Sa\u00fade Bucal da Crian\u00e7a e do Adolescente","description":"Faculdade de Odontologia - Universidade Federal de Minas Gerais","publisher":{"@id":"https:\/\/www.odonto.ufmg.br\/sca\/#organization"},"potentialAction":[{"@type":"SearchAction","target":{"@type":"EntryPoint","urlTemplate":"https:\/\/www.odonto.ufmg.br\/sca\/?s={search_term_string}"},"query-input":{"@type":"PropertyValueSpecification","valueRequired":true,"valueName":"search_term_string"}}],"inLanguage":"pt-BR"},{"@type":"Organization","@id":"https:\/\/www.odonto.ufmg.br\/sca\/#organization","name":"Departamento de Odontopediatria e Ortodontia","url":"https:\/\/www.odonto.ufmg.br\/sca\/","logo":{"@type":"ImageObject","inLanguage":"pt-BR","@id":"https:\/\/www.odonto.ufmg.br\/sca\/#\/schema\/logo\/image\/","url":"https:\/\/www.odonto.ufmg.br\/sca\/wp-content\/uploads\/sites\/6\/2016\/02\/orto.svg","contentUrl":"https:\/\/www.odonto.ufmg.br\/sca\/wp-content\/uploads\/sites\/6\/2016\/02\/orto.svg","width":1,"height":1,"caption":"Departamento de Odontopediatria e Ortodontia"},"image":{"@id":"https:\/\/www.odonto.ufmg.br\/sca\/#\/schema\/logo\/image\/"},"sameAs":["https:\/\/www.facebook.com\/faoufmg"]},{"@type":"Person","@id":"https:\/\/www.odonto.ufmg.br\/sca\/#\/schema\/person\/dcb886c1685c1fd050d36d61d761bd39","name":"raquel","image":{"@type":"ImageObject","inLanguage":"pt-BR","@id":"https:\/\/secure.gravatar.com\/avatar\/4d7cd504af160bd29cb12213a21a574519997e1aea2d92b31b7ebd01c03286c9?s=96&d=mm&r=g","url":"https:\/\/secure.gravatar.com\/avatar\/4d7cd504af160bd29cb12213a21a574519997e1aea2d92b31b7ebd01c03286c9?s=96&d=mm&r=g","contentUrl":"https:\/\/secure.gravatar.com\/avatar\/4d7cd504af160bd29cb12213a21a574519997e1aea2d92b31b7ebd01c03286c9?s=96&d=mm&r=g","caption":"raquel"},"url":"https:\/\/www.odonto.ufmg.br\/sca\/author\/raquel\/"}]}},"_links":{"self":[{"href":"https:\/\/www.odonto.ufmg.br\/sca\/wp-json\/wp\/v2\/posts\/1604","targetHints":{"allow":["GET"]}}],"collection":[{"href":"https:\/\/www.odonto.ufmg.br\/sca\/wp-json\/wp\/v2\/posts"}],"about":[{"href":"https:\/\/www.odonto.ufmg.br\/sca\/wp-json\/wp\/v2\/types\/post"}],"author":[{"embeddable":true,"href":"https:\/\/www.odonto.ufmg.br\/sca\/wp-json\/wp\/v2\/users\/29"}],"replies":[{"embeddable":true,"href":"https:\/\/www.odonto.ufmg.br\/sca\/wp-json\/wp\/v2\/comments?post=1604"}],"version-history":[{"count":6,"href":"https:\/\/www.odonto.ufmg.br\/sca\/wp-json\/wp\/v2\/posts\/1604\/revisions"}],"predecessor-version":[{"id":1613,"href":"https:\/\/www.odonto.ufmg.br\/sca\/wp-json\/wp\/v2\/posts\/1604\/revisions\/1613"}],"wp:featuredmedia":[{"embeddable":true,"href":"https:\/\/www.odonto.ufmg.br\/sca\/wp-json\/wp\/v2\/media\/1602"}],"wp:attachment":[{"href":"https:\/\/www.odonto.ufmg.br\/sca\/wp-json\/wp\/v2\/media?parent=1604"}],"wp:term":[{"taxonomy":"category","embeddable":true,"href":"https:\/\/www.odonto.ufmg.br\/sca\/wp-json\/wp\/v2\/categories?post=1604"},{"taxonomy":"post_tag","embeddable":true,"href":"https:\/\/www.odonto.ufmg.br\/sca\/wp-json\/wp\/v2\/tags?post=1604"}],"curies":[{"name":"wp","href":"https:\/\/api.w.org\/{rel}","templated":true}]}}