{"id":1062,"date":"2023-02-03T09:27:40","date_gmt":"2023-02-03T12:27:40","guid":{"rendered":"https:\/\/www.odonto.ufmg.br\/paixao\/?p=1062"},"modified":"2023-02-03T09:27:40","modified_gmt":"2023-02-03T12:27:40","slug":"avaliacao-dos-servicos-de-saude-bucal-na-atencao-primaria-desenvolvimento-de-um-prototipo-de-um-painel-de-monitoramento","status":"publish","type":"post","link":"https:\/\/www.odonto.ufmg.br\/paixao\/avaliacao-dos-servicos-de-saude-bucal-na-atencao-primaria-desenvolvimento-de-um-prototipo-de-um-painel-de-monitoramento\/","title":{"rendered":"AVALIA\u00c7\u00c3O DOS SERVI\u00c7OS DE SA\u00daDE BUCAL NA ATEN\u00c7\u00c3O PRIM\u00c1RIA: desenvolvimento de um prot\u00f3tipo de um painel de monitoramento"},"content":{"rendered":"<section  class='av_textblock_section av-b5olc-2a76d192691b57c62b98a328777d39ae '   itemscope=\"itemscope\" itemtype=\"https:\/\/schema.org\/BlogPosting\" itemprop=\"blogPost\" ><div class='avia_textblock'  itemprop=\"text\" ><p>A an\u00e1lise de indicadores de sa\u00fade possibilita a avalia\u00e7\u00e3o e monitoramento dos servi\u00e7os de sa\u00fade pelos gestores. Objetivou-se desenvolver um prot\u00f3tipo de um<br \/>\npainel de monitoramento da qualidade dos servi\u00e7os de sa\u00fade bucal na Aten\u00e7\u00e3o Prim\u00e1ria \u00e0 Sa\u00fade (APS). O painel demonstra os resultados de 69 indicadores<br \/>\nreferentes a gest\u00e3o e provimento de servi\u00e7os de sa\u00fade bucal na APS em 7 subdimens\u00f5es. Esta matriz avaliativa foi validada e os indicadores constru\u00eddos<br \/>\nusando vari\u00e1veis alimentadas no e-SUS APS.<\/p>\n<\/div><\/section>\n<section  class='av_textblock_section av-kdak5bis-4c9f1698b8070c4f5d6dd8936faa8d26 '   itemscope=\"itemscope\" itemtype=\"https:\/\/schema.org\/BlogPosting\" itemprop=\"blogPost\" ><div class='avia_textblock'  itemprop=\"text\" ><p>Se estiver com problemas para visualizar o arquivo,\u00a0<a href=\"https:\/\/www.odonto.ufmg.br\/paixao\/wp-content\/uploads\/sites\/18\/2023\/02\/TCC-Deborah-FINAL.pdf\" target=\"_blank\" rel=\"nofollow noopener\">clique aqui<\/a><\/p>\n<\/div><\/section>\n<section  class='av_textblock_section av-kdak5bis-4c9f1698b8070c4f5d6dd8936faa8d26 '   itemscope=\"itemscope\" itemtype=\"https:\/\/schema.org\/BlogPosting\" itemprop=\"blogPost\" ><div class='avia_textblock'  itemprop=\"text\" ><p><iframe style=\"width: 100%; height: 800px; border: none;\" src=\"https:\/\/docs.google.com\/gview?url=https:\/\/www.odonto.ufmg.br\/paixao\/wp-content\/uploads\/sites\/18\/2023\/02\/TCC-Deborah-FINAL.pdf&amp;embedded=true\" width=\"300\" height=\"150\"><\/iframe><\/p>\n<\/div><\/section>\n","protected":false},"excerpt":{"rendered":"","protected":false},"author":5,"featured_media":0,"comment_status":"closed","ping_status":"closed","sticky":false,"template":"","format":"standard","meta":{"inline_featured_image":false,"footnotes":""},"categories":[5],"tags":[],"class_list":["post-1062","post","type-post","status-publish","format-standard","hentry","category-livros-e-capitulos-de-livros"],"yoast_head":"<!-- This site is optimized with the Yoast SEO plugin v27.5 - https:\/\/yoast.com\/product\/yoast-seo-wordpress\/ -->\n<title>AVALIA\u00c7\u00c3O DOS SERVI\u00c7OS DE SA\u00daDE BUCAL NA ATEN\u00c7\u00c3O PRIM\u00c1RIA: desenvolvimento de um prot\u00f3tipo de um painel de monitoramento - N\u00facleo de Estudos em Sa\u00fade Coletiva Paix\u00e3o<\/title>\n<meta name=\"robots\" content=\"index, follow, max-snippet:-1, max-image-preview:large, max-video-preview:-1\" \/>\n<link rel=\"canonical\" href=\"https:\/\/www.odonto.ufmg.br\/paixao\/avaliacao-dos-servicos-de-saude-bucal-na-atencao-primaria-desenvolvimento-de-um-prototipo-de-um-painel-de-monitoramento\/\" \/>\n<meta property=\"og:locale\" content=\"pt_BR\" \/>\n<meta property=\"og:type\" content=\"article\" \/>\n<meta property=\"og:title\" content=\"AVALIA\u00c7\u00c3O DOS SERVI\u00c7OS DE SA\u00daDE BUCAL NA ATEN\u00c7\u00c3O PRIM\u00c1RIA: desenvolvimento de um prot\u00f3tipo de um painel de monitoramento - N\u00facleo de Estudos em Sa\u00fade Coletiva Paix\u00e3o\" \/>\n<meta property=\"og:url\" content=\"https:\/\/www.odonto.ufmg.br\/paixao\/avaliacao-dos-servicos-de-saude-bucal-na-atencao-primaria-desenvolvimento-de-um-prototipo-de-um-painel-de-monitoramento\/\" \/>\n<meta property=\"og:site_name\" content=\"N\u00facleo de Estudos em Sa\u00fade Coletiva Paix\u00e3o\" \/>\n<meta property=\"article:published_time\" content=\"2023-02-03T12:27:40+00:00\" \/>\n<meta name=\"author\" content=\"cristiano\" \/>\n<meta name=\"twitter:card\" content=\"summary_large_image\" \/>\n<meta name=\"twitter:label1\" content=\"Escrito por\" \/>\n\t<meta name=\"twitter:data1\" content=\"cristiano\" \/>\n\t<meta name=\"twitter:label2\" content=\"Est. tempo de leitura\" \/>\n\t<meta name=\"twitter:data2\" content=\"1 minuto\" \/>\n<script type=\"application\/ld+json\" class=\"yoast-schema-graph\">{\"@context\":\"https:\\\/\\\/schema.org\",\"@graph\":[{\"@type\":\"Article\",\"@id\":\"https:\\\/\\\/www.odonto.ufmg.br\\\/paixao\\\/avaliacao-dos-servicos-de-saude-bucal-na-atencao-primaria-desenvolvimento-de-um-prototipo-de-um-painel-de-monitoramento\\\/#article\",\"isPartOf\":{\"@id\":\"https:\\\/\\\/www.odonto.ufmg.br\\\/paixao\\\/avaliacao-dos-servicos-de-saude-bucal-na-atencao-primaria-desenvolvimento-de-um-prototipo-de-um-painel-de-monitoramento\\\/\"},\"author\":{\"name\":\"cristiano\",\"@id\":\"https:\\\/\\\/www.odonto.ufmg.br\\\/paixao\\\/#\\\/schema\\\/person\\\/25c8dccfb2b8a933d4c9cacb1f1bf0db\"},\"headline\":\"AVALIA\u00c7\u00c3O DOS SERVI\u00c7OS DE SA\u00daDE BUCAL NA ATEN\u00c7\u00c3O PRIM\u00c1RIA: desenvolvimento de um prot\u00f3tipo de um painel de monitoramento\",\"datePublished\":\"2023-02-03T12:27:40+00:00\",\"mainEntityOfPage\":{\"@id\":\"https:\\\/\\\/www.odonto.ufmg.br\\\/paixao\\\/avaliacao-dos-servicos-de-saude-bucal-na-atencao-primaria-desenvolvimento-de-um-prototipo-de-um-painel-de-monitoramento\\\/\"},\"wordCount\":233,\"articleSection\":[\"LIVROS E CAP\u00cdTULOS DE LIVROS\"],\"inLanguage\":\"pt-BR\"},{\"@type\":\"WebPage\",\"@id\":\"https:\\\/\\\/www.odonto.ufmg.br\\\/paixao\\\/avaliacao-dos-servicos-de-saude-bucal-na-atencao-primaria-desenvolvimento-de-um-prototipo-de-um-painel-de-monitoramento\\\/\",\"url\":\"https:\\\/\\\/www.odonto.ufmg.br\\\/paixao\\\/avaliacao-dos-servicos-de-saude-bucal-na-atencao-primaria-desenvolvimento-de-um-prototipo-de-um-painel-de-monitoramento\\\/\",\"name\":\"AVALIA\u00c7\u00c3O DOS SERVI\u00c7OS DE SA\u00daDE BUCAL NA ATEN\u00c7\u00c3O PRIM\u00c1RIA: desenvolvimento de um prot\u00f3tipo de um painel de monitoramento - N\u00facleo de Estudos em Sa\u00fade Coletiva Paix\u00e3o\",\"isPartOf\":{\"@id\":\"https:\\\/\\\/www.odonto.ufmg.br\\\/paixao\\\/#website\"},\"datePublished\":\"2023-02-03T12:27:40+00:00\",\"author\":{\"@id\":\"https:\\\/\\\/www.odonto.ufmg.br\\\/paixao\\\/#\\\/schema\\\/person\\\/25c8dccfb2b8a933d4c9cacb1f1bf0db\"},\"breadcrumb\":{\"@id\":\"https:\\\/\\\/www.odonto.ufmg.br\\\/paixao\\\/avaliacao-dos-servicos-de-saude-bucal-na-atencao-primaria-desenvolvimento-de-um-prototipo-de-um-painel-de-monitoramento\\\/#breadcrumb\"},\"inLanguage\":\"pt-BR\",\"potentialAction\":[{\"@type\":\"ReadAction\",\"target\":[\"https:\\\/\\\/www.odonto.ufmg.br\\\/paixao\\\/avaliacao-dos-servicos-de-saude-bucal-na-atencao-primaria-desenvolvimento-de-um-prototipo-de-um-painel-de-monitoramento\\\/\"]}]},{\"@type\":\"BreadcrumbList\",\"@id\":\"https:\\\/\\\/www.odonto.ufmg.br\\\/paixao\\\/avaliacao-dos-servicos-de-saude-bucal-na-atencao-primaria-desenvolvimento-de-um-prototipo-de-um-painel-de-monitoramento\\\/#breadcrumb\",\"itemListElement\":[{\"@type\":\"ListItem\",\"position\":1,\"name\":\"In\u00edcio\",\"item\":\"https:\\\/\\\/www.odonto.ufmg.br\\\/paixao\\\/\"},{\"@type\":\"ListItem\",\"position\":2,\"name\":\"AVALIA\u00c7\u00c3O DOS SERVI\u00c7OS DE SA\u00daDE BUCAL NA ATEN\u00c7\u00c3O PRIM\u00c1RIA: desenvolvimento de um prot\u00f3tipo de um painel de monitoramento\"}]},{\"@type\":\"WebSite\",\"@id\":\"https:\\\/\\\/www.odonto.ufmg.br\\\/paixao\\\/#website\",\"url\":\"https:\\\/\\\/www.odonto.ufmg.br\\\/paixao\\\/\",\"name\":\"N\u00facleo de Estudos em Sa\u00fade Coletiva Paix\u00e3o\",\"description\":\"Grupo de pesquisa da Faculdade de Odontologia da Universidade Federal de Minas Gerais\",\"potentialAction\":[{\"@type\":\"SearchAction\",\"target\":{\"@type\":\"EntryPoint\",\"urlTemplate\":\"https:\\\/\\\/www.odonto.ufmg.br\\\/paixao\\\/?s={search_term_string}\"},\"query-input\":{\"@type\":\"PropertyValueSpecification\",\"valueRequired\":true,\"valueName\":\"search_term_string\"}}],\"inLanguage\":\"pt-BR\"},{\"@type\":\"Person\",\"@id\":\"https:\\\/\\\/www.odonto.ufmg.br\\\/paixao\\\/#\\\/schema\\\/person\\\/25c8dccfb2b8a933d4c9cacb1f1bf0db\",\"name\":\"cristiano\",\"image\":{\"@type\":\"ImageObject\",\"inLanguage\":\"pt-BR\",\"@id\":\"https:\\\/\\\/secure.gravatar.com\\\/avatar\\\/3ca61e4454966479a762b9f7682317c841b3f6d64d4eaeb9737c72573dfea596?s=96&d=mm&r=g\",\"url\":\"https:\\\/\\\/secure.gravatar.com\\\/avatar\\\/3ca61e4454966479a762b9f7682317c841b3f6d64d4eaeb9737c72573dfea596?s=96&d=mm&r=g\",\"contentUrl\":\"https:\\\/\\\/secure.gravatar.com\\\/avatar\\\/3ca61e4454966479a762b9f7682317c841b3f6d64d4eaeb9737c72573dfea596?s=96&d=mm&r=g\",\"caption\":\"cristiano\"},\"url\":\"https:\\\/\\\/www.odonto.ufmg.br\\\/paixao\\\/author\\\/cristiano\\\/\"}]}<\/script>\n<!-- \/ Yoast SEO plugin. -->","yoast_head_json":{"title":"AVALIA\u00c7\u00c3O DOS SERVI\u00c7OS DE SA\u00daDE BUCAL NA ATEN\u00c7\u00c3O PRIM\u00c1RIA: desenvolvimento de um prot\u00f3tipo de um painel de monitoramento - N\u00facleo de Estudos em Sa\u00fade Coletiva Paix\u00e3o","robots":{"index":"index","follow":"follow","max-snippet":"max-snippet:-1","max-image-preview":"max-image-preview:large","max-video-preview":"max-video-preview:-1"},"canonical":"https:\/\/www.odonto.ufmg.br\/paixao\/avaliacao-dos-servicos-de-saude-bucal-na-atencao-primaria-desenvolvimento-de-um-prototipo-de-um-painel-de-monitoramento\/","og_locale":"pt_BR","og_type":"article","og_title":"AVALIA\u00c7\u00c3O DOS SERVI\u00c7OS DE SA\u00daDE BUCAL NA ATEN\u00c7\u00c3O PRIM\u00c1RIA: desenvolvimento de um prot\u00f3tipo de um painel de monitoramento - N\u00facleo de Estudos em Sa\u00fade Coletiva Paix\u00e3o","og_url":"https:\/\/www.odonto.ufmg.br\/paixao\/avaliacao-dos-servicos-de-saude-bucal-na-atencao-primaria-desenvolvimento-de-um-prototipo-de-um-painel-de-monitoramento\/","og_site_name":"N\u00facleo de Estudos em Sa\u00fade Coletiva Paix\u00e3o","article_published_time":"2023-02-03T12:27:40+00:00","author":"cristiano","twitter_card":"summary_large_image","twitter_misc":{"Escrito por":"cristiano","Est. tempo de leitura":"1 minuto"},"schema":{"@context":"https:\/\/schema.org","@graph":[{"@type":"Article","@id":"https:\/\/www.odonto.ufmg.br\/paixao\/avaliacao-dos-servicos-de-saude-bucal-na-atencao-primaria-desenvolvimento-de-um-prototipo-de-um-painel-de-monitoramento\/#article","isPartOf":{"@id":"https:\/\/www.odonto.ufmg.br\/paixao\/avaliacao-dos-servicos-de-saude-bucal-na-atencao-primaria-desenvolvimento-de-um-prototipo-de-um-painel-de-monitoramento\/"},"author":{"name":"cristiano","@id":"https:\/\/www.odonto.ufmg.br\/paixao\/#\/schema\/person\/25c8dccfb2b8a933d4c9cacb1f1bf0db"},"headline":"AVALIA\u00c7\u00c3O DOS SERVI\u00c7OS DE SA\u00daDE BUCAL NA ATEN\u00c7\u00c3O PRIM\u00c1RIA: desenvolvimento de um prot\u00f3tipo de um painel de monitoramento","datePublished":"2023-02-03T12:27:40+00:00","mainEntityOfPage":{"@id":"https:\/\/www.odonto.ufmg.br\/paixao\/avaliacao-dos-servicos-de-saude-bucal-na-atencao-primaria-desenvolvimento-de-um-prototipo-de-um-painel-de-monitoramento\/"},"wordCount":233,"articleSection":["LIVROS E CAP\u00cdTULOS DE LIVROS"],"inLanguage":"pt-BR"},{"@type":"WebPage","@id":"https:\/\/www.odonto.ufmg.br\/paixao\/avaliacao-dos-servicos-de-saude-bucal-na-atencao-primaria-desenvolvimento-de-um-prototipo-de-um-painel-de-monitoramento\/","url":"https:\/\/www.odonto.ufmg.br\/paixao\/avaliacao-dos-servicos-de-saude-bucal-na-atencao-primaria-desenvolvimento-de-um-prototipo-de-um-painel-de-monitoramento\/","name":"AVALIA\u00c7\u00c3O DOS SERVI\u00c7OS DE SA\u00daDE BUCAL NA ATEN\u00c7\u00c3O PRIM\u00c1RIA: desenvolvimento de um prot\u00f3tipo de um painel de monitoramento - N\u00facleo de Estudos em Sa\u00fade Coletiva Paix\u00e3o","isPartOf":{"@id":"https:\/\/www.odonto.ufmg.br\/paixao\/#website"},"datePublished":"2023-02-03T12:27:40+00:00","author":{"@id":"https:\/\/www.odonto.ufmg.br\/paixao\/#\/schema\/person\/25c8dccfb2b8a933d4c9cacb1f1bf0db"},"breadcrumb":{"@id":"https:\/\/www.odonto.ufmg.br\/paixao\/avaliacao-dos-servicos-de-saude-bucal-na-atencao-primaria-desenvolvimento-de-um-prototipo-de-um-painel-de-monitoramento\/#breadcrumb"},"inLanguage":"pt-BR","potentialAction":[{"@type":"ReadAction","target":["https:\/\/www.odonto.ufmg.br\/paixao\/avaliacao-dos-servicos-de-saude-bucal-na-atencao-primaria-desenvolvimento-de-um-prototipo-de-um-painel-de-monitoramento\/"]}]},{"@type":"BreadcrumbList","@id":"https:\/\/www.odonto.ufmg.br\/paixao\/avaliacao-dos-servicos-de-saude-bucal-na-atencao-primaria-desenvolvimento-de-um-prototipo-de-um-painel-de-monitoramento\/#breadcrumb","itemListElement":[{"@type":"ListItem","position":1,"name":"In\u00edcio","item":"https:\/\/www.odonto.ufmg.br\/paixao\/"},{"@type":"ListItem","position":2,"name":"AVALIA\u00c7\u00c3O DOS SERVI\u00c7OS DE SA\u00daDE BUCAL NA ATEN\u00c7\u00c3O PRIM\u00c1RIA: desenvolvimento de um prot\u00f3tipo de um painel de monitoramento"}]},{"@type":"WebSite","@id":"https:\/\/www.odonto.ufmg.br\/paixao\/#website","url":"https:\/\/www.odonto.ufmg.br\/paixao\/","name":"N\u00facleo de Estudos em Sa\u00fade Coletiva Paix\u00e3o","description":"Grupo de pesquisa da Faculdade de Odontologia da Universidade Federal de Minas Gerais","potentialAction":[{"@type":"SearchAction","target":{"@type":"EntryPoint","urlTemplate":"https:\/\/www.odonto.ufmg.br\/paixao\/?s={search_term_string}"},"query-input":{"@type":"PropertyValueSpecification","valueRequired":true,"valueName":"search_term_string"}}],"inLanguage":"pt-BR"},{"@type":"Person","@id":"https:\/\/www.odonto.ufmg.br\/paixao\/#\/schema\/person\/25c8dccfb2b8a933d4c9cacb1f1bf0db","name":"cristiano","image":{"@type":"ImageObject","inLanguage":"pt-BR","@id":"https:\/\/secure.gravatar.com\/avatar\/3ca61e4454966479a762b9f7682317c841b3f6d64d4eaeb9737c72573dfea596?s=96&d=mm&r=g","url":"https:\/\/secure.gravatar.com\/avatar\/3ca61e4454966479a762b9f7682317c841b3f6d64d4eaeb9737c72573dfea596?s=96&d=mm&r=g","contentUrl":"https:\/\/secure.gravatar.com\/avatar\/3ca61e4454966479a762b9f7682317c841b3f6d64d4eaeb9737c72573dfea596?s=96&d=mm&r=g","caption":"cristiano"},"url":"https:\/\/www.odonto.ufmg.br\/paixao\/author\/cristiano\/"}]}},"_links":{"self":[{"href":"https:\/\/www.odonto.ufmg.br\/paixao\/wp-json\/wp\/v2\/posts\/1062","targetHints":{"allow":["GET"]}}],"collection":[{"href":"https:\/\/www.odonto.ufmg.br\/paixao\/wp-json\/wp\/v2\/posts"}],"about":[{"href":"https:\/\/www.odonto.ufmg.br\/paixao\/wp-json\/wp\/v2\/types\/post"}],"author":[{"embeddable":true,"href":"https:\/\/www.odonto.ufmg.br\/paixao\/wp-json\/wp\/v2\/users\/5"}],"replies":[{"embeddable":true,"href":"https:\/\/www.odonto.ufmg.br\/paixao\/wp-json\/wp\/v2\/comments?post=1062"}],"version-history":[{"count":3,"href":"https:\/\/www.odonto.ufmg.br\/paixao\/wp-json\/wp\/v2\/posts\/1062\/revisions"}],"predecessor-version":[{"id":1481,"href":"https:\/\/www.odonto.ufmg.br\/paixao\/wp-json\/wp\/v2\/posts\/1062\/revisions\/1481"}],"wp:attachment":[{"href":"https:\/\/www.odonto.ufmg.br\/paixao\/wp-json\/wp\/v2\/media?parent=1062"}],"wp:term":[{"taxonomy":"category","embeddable":true,"href":"https:\/\/www.odonto.ufmg.br\/paixao\/wp-json\/wp\/v2\/categories?post=1062"},{"taxonomy":"post_tag","embeddable":true,"href":"https:\/\/www.odonto.ufmg.br\/paixao\/wp-json\/wp\/v2\/tags?post=1062"}],"curies":[{"name":"wp","href":"https:\/\/api.w.org\/{rel}","templated":true}]}}