{"id":1012,"date":"2021-02-05T18:43:56","date_gmt":"2021-02-05T21:43:56","guid":{"rendered":"https:\/\/www.odonto.ufmg.br\/paixao\/?p=1012"},"modified":"2021-02-05T18:43:56","modified_gmt":"2021-02-05T21:43:56","slug":"bebedeira-e-o-seu-sorriso-com-isso","status":"publish","type":"post","link":"https:\/\/www.odonto.ufmg.br\/paixao\/bebedeira-e-o-seu-sorriso-com-isso\/","title":{"rendered":"Bebedeira, e o seu sorriso com isso?"},"content":{"rendered":"<p>Este material foi desenvolvido como produto t\u00e9cnico da aluna Jessica Walewska Rodrigues da Silva do Mestrado Profissional em Odontologia em Sa\u00fade P\u00fablica da FAO UFMG, sob orienta\u00e7\u00e3o da Profa. Patr\u00edcia Maria Zarzar.<\/p>\n<p>Acesse: <a href=\"https:\/\/www.odonto.ufmg.br\/paixao\/wp-content\/uploads\/sites\/18\/2021\/02\/FOLDER-_bebedeira-e-o-seu-sorriso-com-isso.pdf\" target=\"_blank\" rel=\"noopener\">Bebedeira, e o seu sorriso com isso?<\/a><\/p>\n","protected":false},"excerpt":{"rendered":"<p>Este material foi desenvolvido como produto t\u00e9cnico da aluna Jessica Walewska Rodrigues da Silva do Mestrado Profissional em Odontologia em Sa\u00fade P\u00fablica da FAO UFMG, sob orienta\u00e7\u00e3o da Profa. Patr\u00edcia Maria Zarzar. Acesse: Bebedeira, e o seu sorriso com isso?<\/p>\n","protected":false},"author":5,"featured_media":1014,"comment_status":"closed","ping_status":"closed","sticky":false,"template":"","format":"standard","meta":{"inline_featured_image":false,"footnotes":""},"categories":[6],"tags":[],"class_list":["post-1012","post","type-post","status-publish","format-standard","has-post-thumbnail","hentry","category-material-didatico-instrucional"],"yoast_head":"<!-- This site is optimized with the Yoast SEO plugin v27.5 - https:\/\/yoast.com\/product\/yoast-seo-wordpress\/ -->\n<title>Bebedeira, e o seu sorriso com isso? - N\u00facleo de Estudos em Sa\u00fade Coletiva Paix\u00e3o<\/title>\n<meta name=\"robots\" content=\"index, follow, max-snippet:-1, max-image-preview:large, max-video-preview:-1\" \/>\n<link rel=\"canonical\" href=\"https:\/\/www.odonto.ufmg.br\/paixao\/bebedeira-e-o-seu-sorriso-com-isso\/\" \/>\n<meta property=\"og:locale\" content=\"pt_BR\" \/>\n<meta property=\"og:type\" content=\"article\" \/>\n<meta property=\"og:title\" content=\"Bebedeira, e o seu sorriso com isso? - N\u00facleo de Estudos em Sa\u00fade Coletiva Paix\u00e3o\" \/>\n<meta property=\"og:description\" content=\"Este material foi desenvolvido como produto t\u00e9cnico da aluna Jessica Walewska Rodrigues da Silva do Mestrado Profissional em Odontologia em Sa\u00fade P\u00fablica da FAO UFMG, sob orienta\u00e7\u00e3o da Profa. Patr\u00edcia Maria Zarzar. Acesse: Bebedeira, e o seu sorriso com isso?\" \/>\n<meta property=\"og:url\" content=\"https:\/\/www.odonto.ufmg.br\/paixao\/bebedeira-e-o-seu-sorriso-com-isso\/\" \/>\n<meta property=\"og:site_name\" content=\"N\u00facleo de Estudos em Sa\u00fade Coletiva Paix\u00e3o\" \/>\n<meta property=\"article:published_time\" content=\"2021-02-05T21:43:56+00:00\" \/>\n<meta property=\"og:image\" content=\"https:\/\/www.odonto.ufmg.br\/paixao\/wp-content\/uploads\/sites\/18\/2021\/02\/bebedeira.png\" \/>\n\t<meta property=\"og:image:width\" content=\"518\" \/>\n\t<meta property=\"og:image:height\" content=\"365\" \/>\n\t<meta property=\"og:image:type\" content=\"image\/png\" \/>\n<meta name=\"author\" content=\"cristiano\" \/>\n<meta name=\"twitter:card\" content=\"summary_large_image\" \/>\n<meta name=\"twitter:label1\" content=\"Escrito por\" \/>\n\t<meta name=\"twitter:data1\" content=\"cristiano\" \/>\n<script type=\"application\/ld+json\" class=\"yoast-schema-graph\">{\"@context\":\"https:\\\/\\\/schema.org\",\"@graph\":[{\"@type\":\"Article\",\"@id\":\"https:\\\/\\\/www.odonto.ufmg.br\\\/paixao\\\/bebedeira-e-o-seu-sorriso-com-isso\\\/#article\",\"isPartOf\":{\"@id\":\"https:\\\/\\\/www.odonto.ufmg.br\\\/paixao\\\/bebedeira-e-o-seu-sorriso-com-isso\\\/\"},\"author\":{\"name\":\"cristiano\",\"@id\":\"https:\\\/\\\/www.odonto.ufmg.br\\\/paixao\\\/#\\\/schema\\\/person\\\/25c8dccfb2b8a933d4c9cacb1f1bf0db\"},\"headline\":\"Bebedeira, e o seu sorriso com isso?\",\"datePublished\":\"2021-02-05T21:43:56+00:00\",\"mainEntityOfPage\":{\"@id\":\"https:\\\/\\\/www.odonto.ufmg.br\\\/paixao\\\/bebedeira-e-o-seu-sorriso-com-isso\\\/\"},\"wordCount\":52,\"image\":{\"@id\":\"https:\\\/\\\/www.odonto.ufmg.br\\\/paixao\\\/bebedeira-e-o-seu-sorriso-com-isso\\\/#primaryimage\"},\"thumbnailUrl\":\"https:\\\/\\\/www.odonto.ufmg.br\\\/paixao\\\/wp-content\\\/uploads\\\/sites\\\/18\\\/2021\\\/02\\\/bebedeira.png\",\"articleSection\":[\"MATERIAL DID\u00c1TICO INSTRUCIONAL\"],\"inLanguage\":\"pt-BR\"},{\"@type\":\"WebPage\",\"@id\":\"https:\\\/\\\/www.odonto.ufmg.br\\\/paixao\\\/bebedeira-e-o-seu-sorriso-com-isso\\\/\",\"url\":\"https:\\\/\\\/www.odonto.ufmg.br\\\/paixao\\\/bebedeira-e-o-seu-sorriso-com-isso\\\/\",\"name\":\"Bebedeira, e o seu sorriso com isso? - N\u00facleo de Estudos em Sa\u00fade Coletiva Paix\u00e3o\",\"isPartOf\":{\"@id\":\"https:\\\/\\\/www.odonto.ufmg.br\\\/paixao\\\/#website\"},\"primaryImageOfPage\":{\"@id\":\"https:\\\/\\\/www.odonto.ufmg.br\\\/paixao\\\/bebedeira-e-o-seu-sorriso-com-isso\\\/#primaryimage\"},\"image\":{\"@id\":\"https:\\\/\\\/www.odonto.ufmg.br\\\/paixao\\\/bebedeira-e-o-seu-sorriso-com-isso\\\/#primaryimage\"},\"thumbnailUrl\":\"https:\\\/\\\/www.odonto.ufmg.br\\\/paixao\\\/wp-content\\\/uploads\\\/sites\\\/18\\\/2021\\\/02\\\/bebedeira.png\",\"datePublished\":\"2021-02-05T21:43:56+00:00\",\"author\":{\"@id\":\"https:\\\/\\\/www.odonto.ufmg.br\\\/paixao\\\/#\\\/schema\\\/person\\\/25c8dccfb2b8a933d4c9cacb1f1bf0db\"},\"breadcrumb\":{\"@id\":\"https:\\\/\\\/www.odonto.ufmg.br\\\/paixao\\\/bebedeira-e-o-seu-sorriso-com-isso\\\/#breadcrumb\"},\"inLanguage\":\"pt-BR\",\"potentialAction\":[{\"@type\":\"ReadAction\",\"target\":[\"https:\\\/\\\/www.odonto.ufmg.br\\\/paixao\\\/bebedeira-e-o-seu-sorriso-com-isso\\\/\"]}]},{\"@type\":\"ImageObject\",\"inLanguage\":\"pt-BR\",\"@id\":\"https:\\\/\\\/www.odonto.ufmg.br\\\/paixao\\\/bebedeira-e-o-seu-sorriso-com-isso\\\/#primaryimage\",\"url\":\"https:\\\/\\\/www.odonto.ufmg.br\\\/paixao\\\/wp-content\\\/uploads\\\/sites\\\/18\\\/2021\\\/02\\\/bebedeira.png\",\"contentUrl\":\"https:\\\/\\\/www.odonto.ufmg.br\\\/paixao\\\/wp-content\\\/uploads\\\/sites\\\/18\\\/2021\\\/02\\\/bebedeira.png\",\"width\":518,\"height\":365},{\"@type\":\"BreadcrumbList\",\"@id\":\"https:\\\/\\\/www.odonto.ufmg.br\\\/paixao\\\/bebedeira-e-o-seu-sorriso-com-isso\\\/#breadcrumb\",\"itemListElement\":[{\"@type\":\"ListItem\",\"position\":1,\"name\":\"In\u00edcio\",\"item\":\"https:\\\/\\\/www.odonto.ufmg.br\\\/paixao\\\/\"},{\"@type\":\"ListItem\",\"position\":2,\"name\":\"Bebedeira, e o seu sorriso com isso?\"}]},{\"@type\":\"WebSite\",\"@id\":\"https:\\\/\\\/www.odonto.ufmg.br\\\/paixao\\\/#website\",\"url\":\"https:\\\/\\\/www.odonto.ufmg.br\\\/paixao\\\/\",\"name\":\"N\u00facleo de Estudos em Sa\u00fade Coletiva Paix\u00e3o\",\"description\":\"Grupo de pesquisa da Faculdade de Odontologia da Universidade Federal de Minas Gerais\",\"potentialAction\":[{\"@type\":\"SearchAction\",\"target\":{\"@type\":\"EntryPoint\",\"urlTemplate\":\"https:\\\/\\\/www.odonto.ufmg.br\\\/paixao\\\/?s={search_term_string}\"},\"query-input\":{\"@type\":\"PropertyValueSpecification\",\"valueRequired\":true,\"valueName\":\"search_term_string\"}}],\"inLanguage\":\"pt-BR\"},{\"@type\":\"Person\",\"@id\":\"https:\\\/\\\/www.odonto.ufmg.br\\\/paixao\\\/#\\\/schema\\\/person\\\/25c8dccfb2b8a933d4c9cacb1f1bf0db\",\"name\":\"cristiano\",\"image\":{\"@type\":\"ImageObject\",\"inLanguage\":\"pt-BR\",\"@id\":\"https:\\\/\\\/secure.gravatar.com\\\/avatar\\\/3ca61e4454966479a762b9f7682317c841b3f6d64d4eaeb9737c72573dfea596?s=96&d=mm&r=g\",\"url\":\"https:\\\/\\\/secure.gravatar.com\\\/avatar\\\/3ca61e4454966479a762b9f7682317c841b3f6d64d4eaeb9737c72573dfea596?s=96&d=mm&r=g\",\"contentUrl\":\"https:\\\/\\\/secure.gravatar.com\\\/avatar\\\/3ca61e4454966479a762b9f7682317c841b3f6d64d4eaeb9737c72573dfea596?s=96&d=mm&r=g\",\"caption\":\"cristiano\"},\"url\":\"https:\\\/\\\/www.odonto.ufmg.br\\\/paixao\\\/author\\\/cristiano\\\/\"}]}<\/script>\n<!-- \/ Yoast SEO plugin. -->","yoast_head_json":{"title":"Bebedeira, e o seu sorriso com isso? - N\u00facleo de Estudos em Sa\u00fade Coletiva Paix\u00e3o","robots":{"index":"index","follow":"follow","max-snippet":"max-snippet:-1","max-image-preview":"max-image-preview:large","max-video-preview":"max-video-preview:-1"},"canonical":"https:\/\/www.odonto.ufmg.br\/paixao\/bebedeira-e-o-seu-sorriso-com-isso\/","og_locale":"pt_BR","og_type":"article","og_title":"Bebedeira, e o seu sorriso com isso? - N\u00facleo de Estudos em Sa\u00fade Coletiva Paix\u00e3o","og_description":"Este material foi desenvolvido como produto t\u00e9cnico da aluna Jessica Walewska Rodrigues da Silva do Mestrado Profissional em Odontologia em Sa\u00fade P\u00fablica da FAO UFMG, sob orienta\u00e7\u00e3o da Profa. Patr\u00edcia Maria Zarzar. Acesse: Bebedeira, e o seu sorriso com isso?","og_url":"https:\/\/www.odonto.ufmg.br\/paixao\/bebedeira-e-o-seu-sorriso-com-isso\/","og_site_name":"N\u00facleo de Estudos em Sa\u00fade Coletiva Paix\u00e3o","article_published_time":"2021-02-05T21:43:56+00:00","og_image":[{"width":518,"height":365,"url":"https:\/\/www.odonto.ufmg.br\/paixao\/wp-content\/uploads\/sites\/18\/2021\/02\/bebedeira.png","type":"image\/png"}],"author":"cristiano","twitter_card":"summary_large_image","twitter_misc":{"Escrito por":"cristiano"},"schema":{"@context":"https:\/\/schema.org","@graph":[{"@type":"Article","@id":"https:\/\/www.odonto.ufmg.br\/paixao\/bebedeira-e-o-seu-sorriso-com-isso\/#article","isPartOf":{"@id":"https:\/\/www.odonto.ufmg.br\/paixao\/bebedeira-e-o-seu-sorriso-com-isso\/"},"author":{"name":"cristiano","@id":"https:\/\/www.odonto.ufmg.br\/paixao\/#\/schema\/person\/25c8dccfb2b8a933d4c9cacb1f1bf0db"},"headline":"Bebedeira, e o seu sorriso com isso?","datePublished":"2021-02-05T21:43:56+00:00","mainEntityOfPage":{"@id":"https:\/\/www.odonto.ufmg.br\/paixao\/bebedeira-e-o-seu-sorriso-com-isso\/"},"wordCount":52,"image":{"@id":"https:\/\/www.odonto.ufmg.br\/paixao\/bebedeira-e-o-seu-sorriso-com-isso\/#primaryimage"},"thumbnailUrl":"https:\/\/www.odonto.ufmg.br\/paixao\/wp-content\/uploads\/sites\/18\/2021\/02\/bebedeira.png","articleSection":["MATERIAL DID\u00c1TICO INSTRUCIONAL"],"inLanguage":"pt-BR"},{"@type":"WebPage","@id":"https:\/\/www.odonto.ufmg.br\/paixao\/bebedeira-e-o-seu-sorriso-com-isso\/","url":"https:\/\/www.odonto.ufmg.br\/paixao\/bebedeira-e-o-seu-sorriso-com-isso\/","name":"Bebedeira, e o seu sorriso com isso? - N\u00facleo de Estudos em Sa\u00fade Coletiva Paix\u00e3o","isPartOf":{"@id":"https:\/\/www.odonto.ufmg.br\/paixao\/#website"},"primaryImageOfPage":{"@id":"https:\/\/www.odonto.ufmg.br\/paixao\/bebedeira-e-o-seu-sorriso-com-isso\/#primaryimage"},"image":{"@id":"https:\/\/www.odonto.ufmg.br\/paixao\/bebedeira-e-o-seu-sorriso-com-isso\/#primaryimage"},"thumbnailUrl":"https:\/\/www.odonto.ufmg.br\/paixao\/wp-content\/uploads\/sites\/18\/2021\/02\/bebedeira.png","datePublished":"2021-02-05T21:43:56+00:00","author":{"@id":"https:\/\/www.odonto.ufmg.br\/paixao\/#\/schema\/person\/25c8dccfb2b8a933d4c9cacb1f1bf0db"},"breadcrumb":{"@id":"https:\/\/www.odonto.ufmg.br\/paixao\/bebedeira-e-o-seu-sorriso-com-isso\/#breadcrumb"},"inLanguage":"pt-BR","potentialAction":[{"@type":"ReadAction","target":["https:\/\/www.odonto.ufmg.br\/paixao\/bebedeira-e-o-seu-sorriso-com-isso\/"]}]},{"@type":"ImageObject","inLanguage":"pt-BR","@id":"https:\/\/www.odonto.ufmg.br\/paixao\/bebedeira-e-o-seu-sorriso-com-isso\/#primaryimage","url":"https:\/\/www.odonto.ufmg.br\/paixao\/wp-content\/uploads\/sites\/18\/2021\/02\/bebedeira.png","contentUrl":"https:\/\/www.odonto.ufmg.br\/paixao\/wp-content\/uploads\/sites\/18\/2021\/02\/bebedeira.png","width":518,"height":365},{"@type":"BreadcrumbList","@id":"https:\/\/www.odonto.ufmg.br\/paixao\/bebedeira-e-o-seu-sorriso-com-isso\/#breadcrumb","itemListElement":[{"@type":"ListItem","position":1,"name":"In\u00edcio","item":"https:\/\/www.odonto.ufmg.br\/paixao\/"},{"@type":"ListItem","position":2,"name":"Bebedeira, e o seu sorriso com isso?"}]},{"@type":"WebSite","@id":"https:\/\/www.odonto.ufmg.br\/paixao\/#website","url":"https:\/\/www.odonto.ufmg.br\/paixao\/","name":"N\u00facleo de Estudos em Sa\u00fade Coletiva Paix\u00e3o","description":"Grupo de pesquisa da Faculdade de Odontologia da Universidade Federal de Minas Gerais","potentialAction":[{"@type":"SearchAction","target":{"@type":"EntryPoint","urlTemplate":"https:\/\/www.odonto.ufmg.br\/paixao\/?s={search_term_string}"},"query-input":{"@type":"PropertyValueSpecification","valueRequired":true,"valueName":"search_term_string"}}],"inLanguage":"pt-BR"},{"@type":"Person","@id":"https:\/\/www.odonto.ufmg.br\/paixao\/#\/schema\/person\/25c8dccfb2b8a933d4c9cacb1f1bf0db","name":"cristiano","image":{"@type":"ImageObject","inLanguage":"pt-BR","@id":"https:\/\/secure.gravatar.com\/avatar\/3ca61e4454966479a762b9f7682317c841b3f6d64d4eaeb9737c72573dfea596?s=96&d=mm&r=g","url":"https:\/\/secure.gravatar.com\/avatar\/3ca61e4454966479a762b9f7682317c841b3f6d64d4eaeb9737c72573dfea596?s=96&d=mm&r=g","contentUrl":"https:\/\/secure.gravatar.com\/avatar\/3ca61e4454966479a762b9f7682317c841b3f6d64d4eaeb9737c72573dfea596?s=96&d=mm&r=g","caption":"cristiano"},"url":"https:\/\/www.odonto.ufmg.br\/paixao\/author\/cristiano\/"}]}},"_links":{"self":[{"href":"https:\/\/www.odonto.ufmg.br\/paixao\/wp-json\/wp\/v2\/posts\/1012","targetHints":{"allow":["GET"]}}],"collection":[{"href":"https:\/\/www.odonto.ufmg.br\/paixao\/wp-json\/wp\/v2\/posts"}],"about":[{"href":"https:\/\/www.odonto.ufmg.br\/paixao\/wp-json\/wp\/v2\/types\/post"}],"author":[{"embeddable":true,"href":"https:\/\/www.odonto.ufmg.br\/paixao\/wp-json\/wp\/v2\/users\/5"}],"replies":[{"embeddable":true,"href":"https:\/\/www.odonto.ufmg.br\/paixao\/wp-json\/wp\/v2\/comments?post=1012"}],"version-history":[{"count":2,"href":"https:\/\/www.odonto.ufmg.br\/paixao\/wp-json\/wp\/v2\/posts\/1012\/revisions"}],"predecessor-version":[{"id":1032,"href":"https:\/\/www.odonto.ufmg.br\/paixao\/wp-json\/wp\/v2\/posts\/1012\/revisions\/1032"}],"wp:featuredmedia":[{"embeddable":true,"href":"https:\/\/www.odonto.ufmg.br\/paixao\/wp-json\/wp\/v2\/media\/1014"}],"wp:attachment":[{"href":"https:\/\/www.odonto.ufmg.br\/paixao\/wp-json\/wp\/v2\/media?parent=1012"}],"wp:term":[{"taxonomy":"category","embeddable":true,"href":"https:\/\/www.odonto.ufmg.br\/paixao\/wp-json\/wp\/v2\/categories?post=1012"},{"taxonomy":"post_tag","embeddable":true,"href":"https:\/\/www.odonto.ufmg.br\/paixao\/wp-json\/wp\/v2\/tags?post=1012"}],"curies":[{"name":"wp","href":"https:\/\/api.w.org\/{rel}","templated":true}]}}