{"id":976,"date":"2022-08-25T15:44:54","date_gmt":"2022-08-25T18:44:54","guid":{"rendered":"https:\/\/www.odonto.ufmg.br\/osp\/?p=976"},"modified":"2022-08-25T15:44:54","modified_gmt":"2022-08-25T18:44:54","slug":"resultado-edital-002-2022-programa-monitoria-de-graduacao-2022-2023","status":"publish","type":"post","link":"https:\/\/www.odonto.ufmg.br\/osp\/geral\/resultado-edital-002-2022-programa-monitoria-de-graduacao-2022-2023\/","title":{"rendered":"Resultado Edital 002\/2022 Programa Monitoria de Gradua\u00e7\u00e3o 2022-2023"},"content":{"rendered":"<p>Divulgado resultado do programa de monitoria de gradua\u00e7\u00e3o 2022-2023. Para visualizar o resultado,<a href=\"https:\/\/www.odonto.ufmg.br\/osp\/wp-content\/uploads\/sites\/20\/2022\/08\/RESULTADO-MONITORIA-OSP-02.2022.pdf\" target=\"_blank\" rel=\"noopener\"> clique aqui.<\/a><\/p>\n","protected":false},"excerpt":{"rendered":"<p>Divulgado resultado do programa de monitoria de gradua\u00e7\u00e3o 2022-2023. Para visualizar o resultado, clique aqui.<\/p>\n","protected":false},"author":5,"featured_media":0,"comment_status":"open","ping_status":"open","sticky":false,"template":"","format":"standard","meta":{"inline_featured_image":false,"footnotes":""},"categories":[1],"tags":[],"class_list":["post-976","post","type-post","status-publish","format-standard","hentry","category-geral"],"yoast_head":"<!-- This site is optimized with the Yoast SEO plugin v27.5 - https:\/\/yoast.com\/product\/yoast-seo-wordpress\/ -->\n<title>Resultado Edital 002\/2022 Programa Monitoria de Gradua\u00e7\u00e3o 2022-2023 - Departamento de Odontologia Social e Preventiva<\/title>\n<meta name=\"robots\" content=\"index, follow, max-snippet:-1, max-image-preview:large, max-video-preview:-1\" \/>\n<link rel=\"canonical\" href=\"https:\/\/www.odonto.ufmg.br\/osp\/geral\/resultado-edital-002-2022-programa-monitoria-de-graduacao-2022-2023\/\" \/>\n<meta property=\"og:locale\" content=\"pt_BR\" \/>\n<meta property=\"og:type\" content=\"article\" \/>\n<meta property=\"og:title\" content=\"Resultado Edital 002\/2022 Programa Monitoria de Gradua\u00e7\u00e3o 2022-2023 - Departamento de Odontologia Social e Preventiva\" \/>\n<meta property=\"og:description\" content=\"Divulgado resultado do programa de monitoria de gradua\u00e7\u00e3o 2022-2023. Para visualizar o resultado, clique aqui.\" \/>\n<meta property=\"og:url\" content=\"https:\/\/www.odonto.ufmg.br\/osp\/geral\/resultado-edital-002-2022-programa-monitoria-de-graduacao-2022-2023\/\" \/>\n<meta property=\"og:site_name\" content=\"Departamento de Odontologia Social e Preventiva\" \/>\n<meta property=\"article:published_time\" content=\"2022-08-25T18:44:54+00:00\" \/>\n<meta name=\"author\" content=\"cristiano\" \/>\n<meta name=\"twitter:card\" content=\"summary_large_image\" \/>\n<meta name=\"twitter:label1\" content=\"Escrito por\" \/>\n\t<meta name=\"twitter:data1\" content=\"cristiano\" \/>\n<script type=\"application\/ld+json\" class=\"yoast-schema-graph\">{\"@context\":\"https:\\\/\\\/schema.org\",\"@graph\":[{\"@type\":\"Article\",\"@id\":\"https:\\\/\\\/www.odonto.ufmg.br\\\/osp\\\/geral\\\/resultado-edital-002-2022-programa-monitoria-de-graduacao-2022-2023\\\/#article\",\"isPartOf\":{\"@id\":\"https:\\\/\\\/www.odonto.ufmg.br\\\/osp\\\/geral\\\/resultado-edital-002-2022-programa-monitoria-de-graduacao-2022-2023\\\/\"},\"author\":{\"name\":\"cristiano\",\"@id\":\"https:\\\/\\\/www.odonto.ufmg.br\\\/osp\\\/#\\\/schema\\\/person\\\/25c8dccfb2b8a933d4c9cacb1f1bf0db\"},\"headline\":\"Resultado Edital 002\\\/2022 Programa Monitoria de Gradua\u00e7\u00e3o 2022-2023\",\"datePublished\":\"2022-08-25T18:44:54+00:00\",\"mainEntityOfPage\":{\"@id\":\"https:\\\/\\\/www.odonto.ufmg.br\\\/osp\\\/geral\\\/resultado-edital-002-2022-programa-monitoria-de-graduacao-2022-2023\\\/\"},\"wordCount\":24,\"commentCount\":0,\"articleSection\":[\"Geral\"],\"inLanguage\":\"pt-BR\"},{\"@type\":\"WebPage\",\"@id\":\"https:\\\/\\\/www.odonto.ufmg.br\\\/osp\\\/geral\\\/resultado-edital-002-2022-programa-monitoria-de-graduacao-2022-2023\\\/\",\"url\":\"https:\\\/\\\/www.odonto.ufmg.br\\\/osp\\\/geral\\\/resultado-edital-002-2022-programa-monitoria-de-graduacao-2022-2023\\\/\",\"name\":\"Resultado Edital 002\\\/2022 Programa Monitoria de Gradua\u00e7\u00e3o 2022-2023 - Departamento de Odontologia Social e Preventiva\",\"isPartOf\":{\"@id\":\"https:\\\/\\\/www.odonto.ufmg.br\\\/osp\\\/#website\"},\"datePublished\":\"2022-08-25T18:44:54+00:00\",\"author\":{\"@id\":\"https:\\\/\\\/www.odonto.ufmg.br\\\/osp\\\/#\\\/schema\\\/person\\\/25c8dccfb2b8a933d4c9cacb1f1bf0db\"},\"breadcrumb\":{\"@id\":\"https:\\\/\\\/www.odonto.ufmg.br\\\/osp\\\/geral\\\/resultado-edital-002-2022-programa-monitoria-de-graduacao-2022-2023\\\/#breadcrumb\"},\"inLanguage\":\"pt-BR\",\"potentialAction\":[{\"@type\":\"ReadAction\",\"target\":[\"https:\\\/\\\/www.odonto.ufmg.br\\\/osp\\\/geral\\\/resultado-edital-002-2022-programa-monitoria-de-graduacao-2022-2023\\\/\"]}]},{\"@type\":\"BreadcrumbList\",\"@id\":\"https:\\\/\\\/www.odonto.ufmg.br\\\/osp\\\/geral\\\/resultado-edital-002-2022-programa-monitoria-de-graduacao-2022-2023\\\/#breadcrumb\",\"itemListElement\":[{\"@type\":\"ListItem\",\"position\":1,\"name\":\"In\u00edcio\",\"item\":\"https:\\\/\\\/www.odonto.ufmg.br\\\/osp\\\/\"},{\"@type\":\"ListItem\",\"position\":2,\"name\":\"Resultado Edital 002\\\/2022 Programa Monitoria de Gradua\u00e7\u00e3o 2022-2023\"}]},{\"@type\":\"WebSite\",\"@id\":\"https:\\\/\\\/www.odonto.ufmg.br\\\/osp\\\/#website\",\"url\":\"https:\\\/\\\/www.odonto.ufmg.br\\\/osp\\\/\",\"name\":\"Departamento de Odontologia Social e Preventiva\",\"description\":\"S\u00f3 mais um site Faculdade de Odontologia Universidade Federal de Minas Gerais\",\"potentialAction\":[{\"@type\":\"SearchAction\",\"target\":{\"@type\":\"EntryPoint\",\"urlTemplate\":\"https:\\\/\\\/www.odonto.ufmg.br\\\/osp\\\/?s={search_term_string}\"},\"query-input\":{\"@type\":\"PropertyValueSpecification\",\"valueRequired\":true,\"valueName\":\"search_term_string\"}}],\"inLanguage\":\"pt-BR\"},{\"@type\":\"Person\",\"@id\":\"https:\\\/\\\/www.odonto.ufmg.br\\\/osp\\\/#\\\/schema\\\/person\\\/25c8dccfb2b8a933d4c9cacb1f1bf0db\",\"name\":\"cristiano\",\"image\":{\"@type\":\"ImageObject\",\"inLanguage\":\"pt-BR\",\"@id\":\"https:\\\/\\\/secure.gravatar.com\\\/avatar\\\/3ca61e4454966479a762b9f7682317c841b3f6d64d4eaeb9737c72573dfea596?s=96&d=mm&r=g\",\"url\":\"https:\\\/\\\/secure.gravatar.com\\\/avatar\\\/3ca61e4454966479a762b9f7682317c841b3f6d64d4eaeb9737c72573dfea596?s=96&d=mm&r=g\",\"contentUrl\":\"https:\\\/\\\/secure.gravatar.com\\\/avatar\\\/3ca61e4454966479a762b9f7682317c841b3f6d64d4eaeb9737c72573dfea596?s=96&d=mm&r=g\",\"caption\":\"cristiano\"},\"url\":\"https:\\\/\\\/www.odonto.ufmg.br\\\/osp\\\/author\\\/cristiano\\\/\"}]}<\/script>\n<!-- \/ Yoast SEO plugin. -->","yoast_head_json":{"title":"Resultado Edital 002\/2022 Programa Monitoria de Gradua\u00e7\u00e3o 2022-2023 - Departamento de Odontologia Social e Preventiva","robots":{"index":"index","follow":"follow","max-snippet":"max-snippet:-1","max-image-preview":"max-image-preview:large","max-video-preview":"max-video-preview:-1"},"canonical":"https:\/\/www.odonto.ufmg.br\/osp\/geral\/resultado-edital-002-2022-programa-monitoria-de-graduacao-2022-2023\/","og_locale":"pt_BR","og_type":"article","og_title":"Resultado Edital 002\/2022 Programa Monitoria de Gradua\u00e7\u00e3o 2022-2023 - Departamento de Odontologia Social e Preventiva","og_description":"Divulgado resultado do programa de monitoria de gradua\u00e7\u00e3o 2022-2023. Para visualizar o resultado, clique aqui.","og_url":"https:\/\/www.odonto.ufmg.br\/osp\/geral\/resultado-edital-002-2022-programa-monitoria-de-graduacao-2022-2023\/","og_site_name":"Departamento de Odontologia Social e Preventiva","article_published_time":"2022-08-25T18:44:54+00:00","author":"cristiano","twitter_card":"summary_large_image","twitter_misc":{"Escrito por":"cristiano"},"schema":{"@context":"https:\/\/schema.org","@graph":[{"@type":"Article","@id":"https:\/\/www.odonto.ufmg.br\/osp\/geral\/resultado-edital-002-2022-programa-monitoria-de-graduacao-2022-2023\/#article","isPartOf":{"@id":"https:\/\/www.odonto.ufmg.br\/osp\/geral\/resultado-edital-002-2022-programa-monitoria-de-graduacao-2022-2023\/"},"author":{"name":"cristiano","@id":"https:\/\/www.odonto.ufmg.br\/osp\/#\/schema\/person\/25c8dccfb2b8a933d4c9cacb1f1bf0db"},"headline":"Resultado Edital 002\/2022 Programa Monitoria de Gradua\u00e7\u00e3o 2022-2023","datePublished":"2022-08-25T18:44:54+00:00","mainEntityOfPage":{"@id":"https:\/\/www.odonto.ufmg.br\/osp\/geral\/resultado-edital-002-2022-programa-monitoria-de-graduacao-2022-2023\/"},"wordCount":24,"commentCount":0,"articleSection":["Geral"],"inLanguage":"pt-BR"},{"@type":"WebPage","@id":"https:\/\/www.odonto.ufmg.br\/osp\/geral\/resultado-edital-002-2022-programa-monitoria-de-graduacao-2022-2023\/","url":"https:\/\/www.odonto.ufmg.br\/osp\/geral\/resultado-edital-002-2022-programa-monitoria-de-graduacao-2022-2023\/","name":"Resultado Edital 002\/2022 Programa Monitoria de Gradua\u00e7\u00e3o 2022-2023 - Departamento de Odontologia Social e Preventiva","isPartOf":{"@id":"https:\/\/www.odonto.ufmg.br\/osp\/#website"},"datePublished":"2022-08-25T18:44:54+00:00","author":{"@id":"https:\/\/www.odonto.ufmg.br\/osp\/#\/schema\/person\/25c8dccfb2b8a933d4c9cacb1f1bf0db"},"breadcrumb":{"@id":"https:\/\/www.odonto.ufmg.br\/osp\/geral\/resultado-edital-002-2022-programa-monitoria-de-graduacao-2022-2023\/#breadcrumb"},"inLanguage":"pt-BR","potentialAction":[{"@type":"ReadAction","target":["https:\/\/www.odonto.ufmg.br\/osp\/geral\/resultado-edital-002-2022-programa-monitoria-de-graduacao-2022-2023\/"]}]},{"@type":"BreadcrumbList","@id":"https:\/\/www.odonto.ufmg.br\/osp\/geral\/resultado-edital-002-2022-programa-monitoria-de-graduacao-2022-2023\/#breadcrumb","itemListElement":[{"@type":"ListItem","position":1,"name":"In\u00edcio","item":"https:\/\/www.odonto.ufmg.br\/osp\/"},{"@type":"ListItem","position":2,"name":"Resultado Edital 002\/2022 Programa Monitoria de Gradua\u00e7\u00e3o 2022-2023"}]},{"@type":"WebSite","@id":"https:\/\/www.odonto.ufmg.br\/osp\/#website","url":"https:\/\/www.odonto.ufmg.br\/osp\/","name":"Departamento de Odontologia Social e Preventiva","description":"S\u00f3 mais um site Faculdade de Odontologia Universidade Federal de Minas Gerais","potentialAction":[{"@type":"SearchAction","target":{"@type":"EntryPoint","urlTemplate":"https:\/\/www.odonto.ufmg.br\/osp\/?s={search_term_string}"},"query-input":{"@type":"PropertyValueSpecification","valueRequired":true,"valueName":"search_term_string"}}],"inLanguage":"pt-BR"},{"@type":"Person","@id":"https:\/\/www.odonto.ufmg.br\/osp\/#\/schema\/person\/25c8dccfb2b8a933d4c9cacb1f1bf0db","name":"cristiano","image":{"@type":"ImageObject","inLanguage":"pt-BR","@id":"https:\/\/secure.gravatar.com\/avatar\/3ca61e4454966479a762b9f7682317c841b3f6d64d4eaeb9737c72573dfea596?s=96&d=mm&r=g","url":"https:\/\/secure.gravatar.com\/avatar\/3ca61e4454966479a762b9f7682317c841b3f6d64d4eaeb9737c72573dfea596?s=96&d=mm&r=g","contentUrl":"https:\/\/secure.gravatar.com\/avatar\/3ca61e4454966479a762b9f7682317c841b3f6d64d4eaeb9737c72573dfea596?s=96&d=mm&r=g","caption":"cristiano"},"url":"https:\/\/www.odonto.ufmg.br\/osp\/author\/cristiano\/"}]}},"_links":{"self":[{"href":"https:\/\/www.odonto.ufmg.br\/osp\/wp-json\/wp\/v2\/posts\/976","targetHints":{"allow":["GET"]}}],"collection":[{"href":"https:\/\/www.odonto.ufmg.br\/osp\/wp-json\/wp\/v2\/posts"}],"about":[{"href":"https:\/\/www.odonto.ufmg.br\/osp\/wp-json\/wp\/v2\/types\/post"}],"author":[{"embeddable":true,"href":"https:\/\/www.odonto.ufmg.br\/osp\/wp-json\/wp\/v2\/users\/5"}],"replies":[{"embeddable":true,"href":"https:\/\/www.odonto.ufmg.br\/osp\/wp-json\/wp\/v2\/comments?post=976"}],"version-history":[{"count":2,"href":"https:\/\/www.odonto.ufmg.br\/osp\/wp-json\/wp\/v2\/posts\/976\/revisions"}],"predecessor-version":[{"id":979,"href":"https:\/\/www.odonto.ufmg.br\/osp\/wp-json\/wp\/v2\/posts\/976\/revisions\/979"}],"wp:attachment":[{"href":"https:\/\/www.odonto.ufmg.br\/osp\/wp-json\/wp\/v2\/media?parent=976"}],"wp:term":[{"taxonomy":"category","embeddable":true,"href":"https:\/\/www.odonto.ufmg.br\/osp\/wp-json\/wp\/v2\/categories?post=976"},{"taxonomy":"post_tag","embeddable":true,"href":"https:\/\/www.odonto.ufmg.br\/osp\/wp-json\/wp\/v2\/tags?post=976"}],"curies":[{"name":"wp","href":"https:\/\/api.w.org\/{rel}","templated":true}]}}