{"id":862,"date":"2020-08-07T16:55:43","date_gmt":"2020-08-07T19:55:43","guid":{"rendered":"https:\/\/www.odonto.ufmg.br\/osp\/?p=862"},"modified":"2020-08-07T17:10:46","modified_gmt":"2020-08-07T20:10:46","slug":"diretrizes-de-atendimento-odontologico-para-pacientes-com-necessidades-especiais-em-tempos-de-covid-19","status":"publish","type":"post","link":"https:\/\/www.odonto.ufmg.br\/osp\/geral\/diretrizes-de-atendimento-odontologico-para-pacientes-com-necessidades-especiais-em-tempos-de-covid-19\/","title":{"rendered":"Diretrizes de Atendimento Odontol\u00f3gico para Pacientes com Necessidades Especiais em tempos da COVID-19"},"content":{"rendered":"<p>A Odontologia para Pacientes com Necessidades Especiais (OPNE) \u00e9 uma especialidade que tem como pilares a empatia, o acolhimento, o compromisso para com o outro e a evid\u00eancia cient\u00edfica.<\/p>\n<p>O presente documento refere-se a um conjunto de orienta\u00e7\u00f5es, seguindo as recomenda\u00e7\u00f5es da Organiza\u00e7\u00e3o Mundial da Sa\u00fade (OMS) e Minist\u00e9rio da Sa\u00fade do Brasil. O texto foi baseado nas evid\u00eancias cient\u00edficas mais atuais.<\/p>\n<p>Para visualizar o documento,<a href=\"https:\/\/www.odonto.ufmg.br\/osp\/wp-content\/uploads\/sites\/20\/2018\/02\/Diretrizes_OPNE_Covid-19_6_ago.pdf\" target=\"_blank\" rel=\"noopener noreferrer\"> clique aqui.<\/a><\/p>\n","protected":false},"excerpt":{"rendered":"<p>A Odontologia para Pacientes com Necessidades Especiais (OPNE) \u00e9 uma especialidade que tem como pilares a empatia, o acolhimento, o compromisso para com o outro e a evid\u00eancia cient\u00edfica. O presente documento refere-se a um conjunto de orienta\u00e7\u00f5es, seguindo as recomenda\u00e7\u00f5es da Organiza\u00e7\u00e3o Mundial da Sa\u00fade (OMS) e Minist\u00e9rio da Sa\u00fade do Brasil. O texto [&hellip;]<\/p>\n","protected":false},"author":5,"featured_media":0,"comment_status":"closed","ping_status":"closed","sticky":false,"template":"","format":"standard","meta":{"inline_featured_image":false,"footnotes":""},"categories":[1],"tags":[],"class_list":["post-862","post","type-post","status-publish","format-standard","hentry","category-geral"],"yoast_head":"<!-- This site is optimized with the Yoast SEO plugin v27.5 - https:\/\/yoast.com\/product\/yoast-seo-wordpress\/ -->\n<title>Diretrizes de Atendimento Odontol\u00f3gico para Pacientes com Necessidades Especiais em tempos da COVID-19 - Departamento de Odontologia Social e Preventiva<\/title>\n<meta name=\"robots\" content=\"index, follow, max-snippet:-1, max-image-preview:large, max-video-preview:-1\" \/>\n<link rel=\"canonical\" href=\"https:\/\/www.odonto.ufmg.br\/osp\/geral\/diretrizes-de-atendimento-odontologico-para-pacientes-com-necessidades-especiais-em-tempos-de-covid-19\/\" \/>\n<meta property=\"og:locale\" content=\"pt_BR\" \/>\n<meta property=\"og:type\" content=\"article\" \/>\n<meta property=\"og:title\" content=\"Diretrizes de Atendimento Odontol\u00f3gico para Pacientes com Necessidades Especiais em tempos da COVID-19 - Departamento de Odontologia Social e Preventiva\" \/>\n<meta property=\"og:description\" content=\"A Odontologia para Pacientes com Necessidades Especiais (OPNE) \u00e9 uma especialidade que tem como pilares a empatia, o acolhimento, o compromisso para com o outro e a evid\u00eancia cient\u00edfica. O presente documento refere-se a um conjunto de orienta\u00e7\u00f5es, seguindo as recomenda\u00e7\u00f5es da Organiza\u00e7\u00e3o Mundial da Sa\u00fade (OMS) e Minist\u00e9rio da Sa\u00fade do Brasil. O texto [&hellip;]\" \/>\n<meta property=\"og:url\" content=\"https:\/\/www.odonto.ufmg.br\/osp\/geral\/diretrizes-de-atendimento-odontologico-para-pacientes-com-necessidades-especiais-em-tempos-de-covid-19\/\" \/>\n<meta property=\"og:site_name\" content=\"Departamento de Odontologia Social e Preventiva\" \/>\n<meta property=\"article:published_time\" content=\"2020-08-07T19:55:43+00:00\" \/>\n<meta property=\"article:modified_time\" content=\"2020-08-07T20:10:46+00:00\" \/>\n<meta name=\"author\" content=\"cristiano\" \/>\n<meta name=\"twitter:card\" content=\"summary_large_image\" \/>\n<meta name=\"twitter:label1\" content=\"Escrito por\" \/>\n\t<meta name=\"twitter:data1\" content=\"cristiano\" \/>\n<script type=\"application\/ld+json\" class=\"yoast-schema-graph\">{\"@context\":\"https:\\\/\\\/schema.org\",\"@graph\":[{\"@type\":\"Article\",\"@id\":\"https:\\\/\\\/www.odonto.ufmg.br\\\/osp\\\/geral\\\/diretrizes-de-atendimento-odontologico-para-pacientes-com-necessidades-especiais-em-tempos-de-covid-19\\\/#article\",\"isPartOf\":{\"@id\":\"https:\\\/\\\/www.odonto.ufmg.br\\\/osp\\\/geral\\\/diretrizes-de-atendimento-odontologico-para-pacientes-com-necessidades-especiais-em-tempos-de-covid-19\\\/\"},\"author\":{\"name\":\"cristiano\",\"@id\":\"https:\\\/\\\/www.odonto.ufmg.br\\\/osp\\\/#\\\/schema\\\/person\\\/25c8dccfb2b8a933d4c9cacb1f1bf0db\"},\"headline\":\"Diretrizes de Atendimento Odontol\u00f3gico para Pacientes com Necessidades Especiais em tempos da COVID-19\",\"datePublished\":\"2020-08-07T19:55:43+00:00\",\"dateModified\":\"2020-08-07T20:10:46+00:00\",\"mainEntityOfPage\":{\"@id\":\"https:\\\/\\\/www.odonto.ufmg.br\\\/osp\\\/geral\\\/diretrizes-de-atendimento-odontologico-para-pacientes-com-necessidades-especiais-em-tempos-de-covid-19\\\/\"},\"wordCount\":91,\"articleSection\":[\"Geral\"],\"inLanguage\":\"pt-BR\"},{\"@type\":\"WebPage\",\"@id\":\"https:\\\/\\\/www.odonto.ufmg.br\\\/osp\\\/geral\\\/diretrizes-de-atendimento-odontologico-para-pacientes-com-necessidades-especiais-em-tempos-de-covid-19\\\/\",\"url\":\"https:\\\/\\\/www.odonto.ufmg.br\\\/osp\\\/geral\\\/diretrizes-de-atendimento-odontologico-para-pacientes-com-necessidades-especiais-em-tempos-de-covid-19\\\/\",\"name\":\"Diretrizes de Atendimento Odontol\u00f3gico para Pacientes com Necessidades Especiais em tempos da COVID-19 - Departamento de Odontologia Social e Preventiva\",\"isPartOf\":{\"@id\":\"https:\\\/\\\/www.odonto.ufmg.br\\\/osp\\\/#website\"},\"datePublished\":\"2020-08-07T19:55:43+00:00\",\"dateModified\":\"2020-08-07T20:10:46+00:00\",\"author\":{\"@id\":\"https:\\\/\\\/www.odonto.ufmg.br\\\/osp\\\/#\\\/schema\\\/person\\\/25c8dccfb2b8a933d4c9cacb1f1bf0db\"},\"breadcrumb\":{\"@id\":\"https:\\\/\\\/www.odonto.ufmg.br\\\/osp\\\/geral\\\/diretrizes-de-atendimento-odontologico-para-pacientes-com-necessidades-especiais-em-tempos-de-covid-19\\\/#breadcrumb\"},\"inLanguage\":\"pt-BR\",\"potentialAction\":[{\"@type\":\"ReadAction\",\"target\":[\"https:\\\/\\\/www.odonto.ufmg.br\\\/osp\\\/geral\\\/diretrizes-de-atendimento-odontologico-para-pacientes-com-necessidades-especiais-em-tempos-de-covid-19\\\/\"]}]},{\"@type\":\"BreadcrumbList\",\"@id\":\"https:\\\/\\\/www.odonto.ufmg.br\\\/osp\\\/geral\\\/diretrizes-de-atendimento-odontologico-para-pacientes-com-necessidades-especiais-em-tempos-de-covid-19\\\/#breadcrumb\",\"itemListElement\":[{\"@type\":\"ListItem\",\"position\":1,\"name\":\"In\u00edcio\",\"item\":\"https:\\\/\\\/www.odonto.ufmg.br\\\/osp\\\/\"},{\"@type\":\"ListItem\",\"position\":2,\"name\":\"Diretrizes de Atendimento Odontol\u00f3gico para Pacientes com Necessidades Especiais em tempos da COVID-19\"}]},{\"@type\":\"WebSite\",\"@id\":\"https:\\\/\\\/www.odonto.ufmg.br\\\/osp\\\/#website\",\"url\":\"https:\\\/\\\/www.odonto.ufmg.br\\\/osp\\\/\",\"name\":\"Departamento de Odontologia Social e Preventiva\",\"description\":\"S\u00f3 mais um site Faculdade de Odontologia Universidade Federal de Minas Gerais\",\"potentialAction\":[{\"@type\":\"SearchAction\",\"target\":{\"@type\":\"EntryPoint\",\"urlTemplate\":\"https:\\\/\\\/www.odonto.ufmg.br\\\/osp\\\/?s={search_term_string}\"},\"query-input\":{\"@type\":\"PropertyValueSpecification\",\"valueRequired\":true,\"valueName\":\"search_term_string\"}}],\"inLanguage\":\"pt-BR\"},{\"@type\":\"Person\",\"@id\":\"https:\\\/\\\/www.odonto.ufmg.br\\\/osp\\\/#\\\/schema\\\/person\\\/25c8dccfb2b8a933d4c9cacb1f1bf0db\",\"name\":\"cristiano\",\"image\":{\"@type\":\"ImageObject\",\"inLanguage\":\"pt-BR\",\"@id\":\"https:\\\/\\\/secure.gravatar.com\\\/avatar\\\/3ca61e4454966479a762b9f7682317c841b3f6d64d4eaeb9737c72573dfea596?s=96&d=mm&r=g\",\"url\":\"https:\\\/\\\/secure.gravatar.com\\\/avatar\\\/3ca61e4454966479a762b9f7682317c841b3f6d64d4eaeb9737c72573dfea596?s=96&d=mm&r=g\",\"contentUrl\":\"https:\\\/\\\/secure.gravatar.com\\\/avatar\\\/3ca61e4454966479a762b9f7682317c841b3f6d64d4eaeb9737c72573dfea596?s=96&d=mm&r=g\",\"caption\":\"cristiano\"},\"url\":\"https:\\\/\\\/www.odonto.ufmg.br\\\/osp\\\/author\\\/cristiano\\\/\"}]}<\/script>\n<!-- \/ Yoast SEO plugin. -->","yoast_head_json":{"title":"Diretrizes de Atendimento Odontol\u00f3gico para Pacientes com Necessidades Especiais em tempos da COVID-19 - Departamento de Odontologia Social e Preventiva","robots":{"index":"index","follow":"follow","max-snippet":"max-snippet:-1","max-image-preview":"max-image-preview:large","max-video-preview":"max-video-preview:-1"},"canonical":"https:\/\/www.odonto.ufmg.br\/osp\/geral\/diretrizes-de-atendimento-odontologico-para-pacientes-com-necessidades-especiais-em-tempos-de-covid-19\/","og_locale":"pt_BR","og_type":"article","og_title":"Diretrizes de Atendimento Odontol\u00f3gico para Pacientes com Necessidades Especiais em tempos da COVID-19 - Departamento de Odontologia Social e Preventiva","og_description":"A Odontologia para Pacientes com Necessidades Especiais (OPNE) \u00e9 uma especialidade que tem como pilares a empatia, o acolhimento, o compromisso para com o outro e a evid\u00eancia cient\u00edfica. O presente documento refere-se a um conjunto de orienta\u00e7\u00f5es, seguindo as recomenda\u00e7\u00f5es da Organiza\u00e7\u00e3o Mundial da Sa\u00fade (OMS) e Minist\u00e9rio da Sa\u00fade do Brasil. O texto [&hellip;]","og_url":"https:\/\/www.odonto.ufmg.br\/osp\/geral\/diretrizes-de-atendimento-odontologico-para-pacientes-com-necessidades-especiais-em-tempos-de-covid-19\/","og_site_name":"Departamento de Odontologia Social e Preventiva","article_published_time":"2020-08-07T19:55:43+00:00","article_modified_time":"2020-08-07T20:10:46+00:00","author":"cristiano","twitter_card":"summary_large_image","twitter_misc":{"Escrito por":"cristiano"},"schema":{"@context":"https:\/\/schema.org","@graph":[{"@type":"Article","@id":"https:\/\/www.odonto.ufmg.br\/osp\/geral\/diretrizes-de-atendimento-odontologico-para-pacientes-com-necessidades-especiais-em-tempos-de-covid-19\/#article","isPartOf":{"@id":"https:\/\/www.odonto.ufmg.br\/osp\/geral\/diretrizes-de-atendimento-odontologico-para-pacientes-com-necessidades-especiais-em-tempos-de-covid-19\/"},"author":{"name":"cristiano","@id":"https:\/\/www.odonto.ufmg.br\/osp\/#\/schema\/person\/25c8dccfb2b8a933d4c9cacb1f1bf0db"},"headline":"Diretrizes de Atendimento Odontol\u00f3gico para Pacientes com Necessidades Especiais em tempos da COVID-19","datePublished":"2020-08-07T19:55:43+00:00","dateModified":"2020-08-07T20:10:46+00:00","mainEntityOfPage":{"@id":"https:\/\/www.odonto.ufmg.br\/osp\/geral\/diretrizes-de-atendimento-odontologico-para-pacientes-com-necessidades-especiais-em-tempos-de-covid-19\/"},"wordCount":91,"articleSection":["Geral"],"inLanguage":"pt-BR"},{"@type":"WebPage","@id":"https:\/\/www.odonto.ufmg.br\/osp\/geral\/diretrizes-de-atendimento-odontologico-para-pacientes-com-necessidades-especiais-em-tempos-de-covid-19\/","url":"https:\/\/www.odonto.ufmg.br\/osp\/geral\/diretrizes-de-atendimento-odontologico-para-pacientes-com-necessidades-especiais-em-tempos-de-covid-19\/","name":"Diretrizes de Atendimento Odontol\u00f3gico para Pacientes com Necessidades Especiais em tempos da COVID-19 - Departamento de Odontologia Social e Preventiva","isPartOf":{"@id":"https:\/\/www.odonto.ufmg.br\/osp\/#website"},"datePublished":"2020-08-07T19:55:43+00:00","dateModified":"2020-08-07T20:10:46+00:00","author":{"@id":"https:\/\/www.odonto.ufmg.br\/osp\/#\/schema\/person\/25c8dccfb2b8a933d4c9cacb1f1bf0db"},"breadcrumb":{"@id":"https:\/\/www.odonto.ufmg.br\/osp\/geral\/diretrizes-de-atendimento-odontologico-para-pacientes-com-necessidades-especiais-em-tempos-de-covid-19\/#breadcrumb"},"inLanguage":"pt-BR","potentialAction":[{"@type":"ReadAction","target":["https:\/\/www.odonto.ufmg.br\/osp\/geral\/diretrizes-de-atendimento-odontologico-para-pacientes-com-necessidades-especiais-em-tempos-de-covid-19\/"]}]},{"@type":"BreadcrumbList","@id":"https:\/\/www.odonto.ufmg.br\/osp\/geral\/diretrizes-de-atendimento-odontologico-para-pacientes-com-necessidades-especiais-em-tempos-de-covid-19\/#breadcrumb","itemListElement":[{"@type":"ListItem","position":1,"name":"In\u00edcio","item":"https:\/\/www.odonto.ufmg.br\/osp\/"},{"@type":"ListItem","position":2,"name":"Diretrizes de Atendimento Odontol\u00f3gico para Pacientes com Necessidades Especiais em tempos da COVID-19"}]},{"@type":"WebSite","@id":"https:\/\/www.odonto.ufmg.br\/osp\/#website","url":"https:\/\/www.odonto.ufmg.br\/osp\/","name":"Departamento de Odontologia Social e Preventiva","description":"S\u00f3 mais um site Faculdade de Odontologia Universidade Federal de Minas Gerais","potentialAction":[{"@type":"SearchAction","target":{"@type":"EntryPoint","urlTemplate":"https:\/\/www.odonto.ufmg.br\/osp\/?s={search_term_string}"},"query-input":{"@type":"PropertyValueSpecification","valueRequired":true,"valueName":"search_term_string"}}],"inLanguage":"pt-BR"},{"@type":"Person","@id":"https:\/\/www.odonto.ufmg.br\/osp\/#\/schema\/person\/25c8dccfb2b8a933d4c9cacb1f1bf0db","name":"cristiano","image":{"@type":"ImageObject","inLanguage":"pt-BR","@id":"https:\/\/secure.gravatar.com\/avatar\/3ca61e4454966479a762b9f7682317c841b3f6d64d4eaeb9737c72573dfea596?s=96&d=mm&r=g","url":"https:\/\/secure.gravatar.com\/avatar\/3ca61e4454966479a762b9f7682317c841b3f6d64d4eaeb9737c72573dfea596?s=96&d=mm&r=g","contentUrl":"https:\/\/secure.gravatar.com\/avatar\/3ca61e4454966479a762b9f7682317c841b3f6d64d4eaeb9737c72573dfea596?s=96&d=mm&r=g","caption":"cristiano"},"url":"https:\/\/www.odonto.ufmg.br\/osp\/author\/cristiano\/"}]}},"_links":{"self":[{"href":"https:\/\/www.odonto.ufmg.br\/osp\/wp-json\/wp\/v2\/posts\/862","targetHints":{"allow":["GET"]}}],"collection":[{"href":"https:\/\/www.odonto.ufmg.br\/osp\/wp-json\/wp\/v2\/posts"}],"about":[{"href":"https:\/\/www.odonto.ufmg.br\/osp\/wp-json\/wp\/v2\/types\/post"}],"author":[{"embeddable":true,"href":"https:\/\/www.odonto.ufmg.br\/osp\/wp-json\/wp\/v2\/users\/5"}],"replies":[{"embeddable":true,"href":"https:\/\/www.odonto.ufmg.br\/osp\/wp-json\/wp\/v2\/comments?post=862"}],"version-history":[{"count":6,"href":"https:\/\/www.odonto.ufmg.br\/osp\/wp-json\/wp\/v2\/posts\/862\/revisions"}],"predecessor-version":[{"id":874,"href":"https:\/\/www.odonto.ufmg.br\/osp\/wp-json\/wp\/v2\/posts\/862\/revisions\/874"}],"wp:attachment":[{"href":"https:\/\/www.odonto.ufmg.br\/osp\/wp-json\/wp\/v2\/media?parent=862"}],"wp:term":[{"taxonomy":"category","embeddable":true,"href":"https:\/\/www.odonto.ufmg.br\/osp\/wp-json\/wp\/v2\/categories?post=862"},{"taxonomy":"post_tag","embeddable":true,"href":"https:\/\/www.odonto.ufmg.br\/osp\/wp-json\/wp\/v2\/tags?post=862"}],"curies":[{"name":"wp","href":"https:\/\/api.w.org\/{rel}","templated":true}]}}