{"id":528,"date":"2018-08-23T10:31:46","date_gmt":"2018-08-23T13:31:46","guid":{"rendered":"https:\/\/www.odonto.ufmg.br\/osp\/?p=528"},"modified":"2018-08-23T10:33:18","modified_gmt":"2018-08-23T13:33:18","slug":"retificacao-de-edital","status":"publish","type":"post","link":"https:\/\/www.odonto.ufmg.br\/osp\/geral\/retificacao-de-edital\/","title":{"rendered":"Retifica\u00e7\u00e3o de edital"},"content":{"rendered":"<p><a href=\"https:\/\/www.odonto.ufmg.br\/osp\/wp-content\/uploads\/sites\/20\/2018\/08\/Edital-Retifica\u00e7\u00e3o-474-2018-Professor-Efetivo-Dosp.pdf\">Edital Retifica\u00e7\u00e3o 474-2018 Professor Efetivo Dosp<\/a><\/p>\n","protected":false},"excerpt":{"rendered":"<p>Edital Retifica\u00e7\u00e3o 474-2018 Professor Efetivo Dosp<\/p>\n","protected":false},"author":31,"featured_media":0,"comment_status":"closed","ping_status":"closed","sticky":false,"template":"","format":"standard","meta":{"inline_featured_image":false,"footnotes":""},"categories":[1],"tags":[],"class_list":["post-528","post","type-post","status-publish","format-standard","hentry","category-geral"],"yoast_head":"<!-- This site is optimized with the Yoast SEO plugin v27.5 - https:\/\/yoast.com\/product\/yoast-seo-wordpress\/ -->\n<title>Retifica\u00e7\u00e3o de edital - Departamento de Odontologia Social e Preventiva<\/title>\n<meta name=\"robots\" content=\"index, follow, max-snippet:-1, max-image-preview:large, max-video-preview:-1\" \/>\n<link rel=\"canonical\" href=\"https:\/\/www.odonto.ufmg.br\/osp\/geral\/retificacao-de-edital\/\" \/>\n<meta property=\"og:locale\" content=\"pt_BR\" \/>\n<meta property=\"og:type\" content=\"article\" \/>\n<meta property=\"og:title\" content=\"Retifica\u00e7\u00e3o de edital - Departamento de Odontologia Social e Preventiva\" \/>\n<meta property=\"og:description\" content=\"Edital Retifica\u00e7\u00e3o 474-2018 Professor Efetivo Dosp\" \/>\n<meta property=\"og:url\" content=\"https:\/\/www.odonto.ufmg.br\/osp\/geral\/retificacao-de-edital\/\" \/>\n<meta property=\"og:site_name\" content=\"Departamento de Odontologia Social e Preventiva\" \/>\n<meta property=\"article:published_time\" content=\"2018-08-23T13:31:46+00:00\" \/>\n<meta property=\"article:modified_time\" content=\"2018-08-23T13:33:18+00:00\" \/>\n<meta name=\"author\" content=\"dosp\" \/>\n<meta name=\"twitter:card\" content=\"summary_large_image\" \/>\n<meta name=\"twitter:label1\" content=\"Escrito por\" \/>\n\t<meta name=\"twitter:data1\" content=\"dosp\" \/>\n<script type=\"application\/ld+json\" class=\"yoast-schema-graph\">{\"@context\":\"https:\\\/\\\/schema.org\",\"@graph\":[{\"@type\":\"Article\",\"@id\":\"https:\\\/\\\/www.odonto.ufmg.br\\\/osp\\\/geral\\\/retificacao-de-edital\\\/#article\",\"isPartOf\":{\"@id\":\"https:\\\/\\\/www.odonto.ufmg.br\\\/osp\\\/geral\\\/retificacao-de-edital\\\/\"},\"author\":{\"name\":\"dosp\",\"@id\":\"https:\\\/\\\/www.odonto.ufmg.br\\\/osp\\\/#\\\/schema\\\/person\\\/04d3c7c7ed551b7fdb8984331816123f\"},\"headline\":\"Retifica\u00e7\u00e3o de edital\",\"datePublished\":\"2018-08-23T13:31:46+00:00\",\"dateModified\":\"2018-08-23T13:33:18+00:00\",\"mainEntityOfPage\":{\"@id\":\"https:\\\/\\\/www.odonto.ufmg.br\\\/osp\\\/geral\\\/retificacao-de-edital\\\/\"},\"wordCount\":11,\"articleSection\":[\"Geral\"],\"inLanguage\":\"pt-BR\"},{\"@type\":\"WebPage\",\"@id\":\"https:\\\/\\\/www.odonto.ufmg.br\\\/osp\\\/geral\\\/retificacao-de-edital\\\/\",\"url\":\"https:\\\/\\\/www.odonto.ufmg.br\\\/osp\\\/geral\\\/retificacao-de-edital\\\/\",\"name\":\"Retifica\u00e7\u00e3o de edital - Departamento de Odontologia Social e Preventiva\",\"isPartOf\":{\"@id\":\"https:\\\/\\\/www.odonto.ufmg.br\\\/osp\\\/#website\"},\"datePublished\":\"2018-08-23T13:31:46+00:00\",\"dateModified\":\"2018-08-23T13:33:18+00:00\",\"author\":{\"@id\":\"https:\\\/\\\/www.odonto.ufmg.br\\\/osp\\\/#\\\/schema\\\/person\\\/04d3c7c7ed551b7fdb8984331816123f\"},\"breadcrumb\":{\"@id\":\"https:\\\/\\\/www.odonto.ufmg.br\\\/osp\\\/geral\\\/retificacao-de-edital\\\/#breadcrumb\"},\"inLanguage\":\"pt-BR\",\"potentialAction\":[{\"@type\":\"ReadAction\",\"target\":[\"https:\\\/\\\/www.odonto.ufmg.br\\\/osp\\\/geral\\\/retificacao-de-edital\\\/\"]}]},{\"@type\":\"BreadcrumbList\",\"@id\":\"https:\\\/\\\/www.odonto.ufmg.br\\\/osp\\\/geral\\\/retificacao-de-edital\\\/#breadcrumb\",\"itemListElement\":[{\"@type\":\"ListItem\",\"position\":1,\"name\":\"In\u00edcio\",\"item\":\"https:\\\/\\\/www.odonto.ufmg.br\\\/osp\\\/\"},{\"@type\":\"ListItem\",\"position\":2,\"name\":\"Retifica\u00e7\u00e3o de edital\"}]},{\"@type\":\"WebSite\",\"@id\":\"https:\\\/\\\/www.odonto.ufmg.br\\\/osp\\\/#website\",\"url\":\"https:\\\/\\\/www.odonto.ufmg.br\\\/osp\\\/\",\"name\":\"Departamento de Odontologia Social e Preventiva\",\"description\":\"S\u00f3 mais um site Faculdade de Odontologia Universidade Federal de Minas Gerais\",\"potentialAction\":[{\"@type\":\"SearchAction\",\"target\":{\"@type\":\"EntryPoint\",\"urlTemplate\":\"https:\\\/\\\/www.odonto.ufmg.br\\\/osp\\\/?s={search_term_string}\"},\"query-input\":{\"@type\":\"PropertyValueSpecification\",\"valueRequired\":true,\"valueName\":\"search_term_string\"}}],\"inLanguage\":\"pt-BR\"},{\"@type\":\"Person\",\"@id\":\"https:\\\/\\\/www.odonto.ufmg.br\\\/osp\\\/#\\\/schema\\\/person\\\/04d3c7c7ed551b7fdb8984331816123f\",\"name\":\"dosp\",\"image\":{\"@type\":\"ImageObject\",\"inLanguage\":\"pt-BR\",\"@id\":\"https:\\\/\\\/secure.gravatar.com\\\/avatar\\\/0cc6aa06ee3a9aa8f6d1f5ad83ef9bef1e20cb797d0f3cdaa3dcbcb080491ddb?s=96&d=mm&r=g\",\"url\":\"https:\\\/\\\/secure.gravatar.com\\\/avatar\\\/0cc6aa06ee3a9aa8f6d1f5ad83ef9bef1e20cb797d0f3cdaa3dcbcb080491ddb?s=96&d=mm&r=g\",\"contentUrl\":\"https:\\\/\\\/secure.gravatar.com\\\/avatar\\\/0cc6aa06ee3a9aa8f6d1f5ad83ef9bef1e20cb797d0f3cdaa3dcbcb080491ddb?s=96&d=mm&r=g\",\"caption\":\"dosp\"},\"url\":\"https:\\\/\\\/www.odonto.ufmg.br\\\/osp\\\/author\\\/dosp\\\/\"}]}<\/script>\n<!-- \/ Yoast SEO plugin. -->","yoast_head_json":{"title":"Retifica\u00e7\u00e3o de edital - Departamento de Odontologia Social e Preventiva","robots":{"index":"index","follow":"follow","max-snippet":"max-snippet:-1","max-image-preview":"max-image-preview:large","max-video-preview":"max-video-preview:-1"},"canonical":"https:\/\/www.odonto.ufmg.br\/osp\/geral\/retificacao-de-edital\/","og_locale":"pt_BR","og_type":"article","og_title":"Retifica\u00e7\u00e3o de edital - Departamento de Odontologia Social e Preventiva","og_description":"Edital Retifica\u00e7\u00e3o 474-2018 Professor Efetivo Dosp","og_url":"https:\/\/www.odonto.ufmg.br\/osp\/geral\/retificacao-de-edital\/","og_site_name":"Departamento de Odontologia Social e Preventiva","article_published_time":"2018-08-23T13:31:46+00:00","article_modified_time":"2018-08-23T13:33:18+00:00","author":"dosp","twitter_card":"summary_large_image","twitter_misc":{"Escrito por":"dosp"},"schema":{"@context":"https:\/\/schema.org","@graph":[{"@type":"Article","@id":"https:\/\/www.odonto.ufmg.br\/osp\/geral\/retificacao-de-edital\/#article","isPartOf":{"@id":"https:\/\/www.odonto.ufmg.br\/osp\/geral\/retificacao-de-edital\/"},"author":{"name":"dosp","@id":"https:\/\/www.odonto.ufmg.br\/osp\/#\/schema\/person\/04d3c7c7ed551b7fdb8984331816123f"},"headline":"Retifica\u00e7\u00e3o de edital","datePublished":"2018-08-23T13:31:46+00:00","dateModified":"2018-08-23T13:33:18+00:00","mainEntityOfPage":{"@id":"https:\/\/www.odonto.ufmg.br\/osp\/geral\/retificacao-de-edital\/"},"wordCount":11,"articleSection":["Geral"],"inLanguage":"pt-BR"},{"@type":"WebPage","@id":"https:\/\/www.odonto.ufmg.br\/osp\/geral\/retificacao-de-edital\/","url":"https:\/\/www.odonto.ufmg.br\/osp\/geral\/retificacao-de-edital\/","name":"Retifica\u00e7\u00e3o de edital - Departamento de Odontologia Social e Preventiva","isPartOf":{"@id":"https:\/\/www.odonto.ufmg.br\/osp\/#website"},"datePublished":"2018-08-23T13:31:46+00:00","dateModified":"2018-08-23T13:33:18+00:00","author":{"@id":"https:\/\/www.odonto.ufmg.br\/osp\/#\/schema\/person\/04d3c7c7ed551b7fdb8984331816123f"},"breadcrumb":{"@id":"https:\/\/www.odonto.ufmg.br\/osp\/geral\/retificacao-de-edital\/#breadcrumb"},"inLanguage":"pt-BR","potentialAction":[{"@type":"ReadAction","target":["https:\/\/www.odonto.ufmg.br\/osp\/geral\/retificacao-de-edital\/"]}]},{"@type":"BreadcrumbList","@id":"https:\/\/www.odonto.ufmg.br\/osp\/geral\/retificacao-de-edital\/#breadcrumb","itemListElement":[{"@type":"ListItem","position":1,"name":"In\u00edcio","item":"https:\/\/www.odonto.ufmg.br\/osp\/"},{"@type":"ListItem","position":2,"name":"Retifica\u00e7\u00e3o de edital"}]},{"@type":"WebSite","@id":"https:\/\/www.odonto.ufmg.br\/osp\/#website","url":"https:\/\/www.odonto.ufmg.br\/osp\/","name":"Departamento de Odontologia Social e Preventiva","description":"S\u00f3 mais um site Faculdade de Odontologia Universidade Federal de Minas Gerais","potentialAction":[{"@type":"SearchAction","target":{"@type":"EntryPoint","urlTemplate":"https:\/\/www.odonto.ufmg.br\/osp\/?s={search_term_string}"},"query-input":{"@type":"PropertyValueSpecification","valueRequired":true,"valueName":"search_term_string"}}],"inLanguage":"pt-BR"},{"@type":"Person","@id":"https:\/\/www.odonto.ufmg.br\/osp\/#\/schema\/person\/04d3c7c7ed551b7fdb8984331816123f","name":"dosp","image":{"@type":"ImageObject","inLanguage":"pt-BR","@id":"https:\/\/secure.gravatar.com\/avatar\/0cc6aa06ee3a9aa8f6d1f5ad83ef9bef1e20cb797d0f3cdaa3dcbcb080491ddb?s=96&d=mm&r=g","url":"https:\/\/secure.gravatar.com\/avatar\/0cc6aa06ee3a9aa8f6d1f5ad83ef9bef1e20cb797d0f3cdaa3dcbcb080491ddb?s=96&d=mm&r=g","contentUrl":"https:\/\/secure.gravatar.com\/avatar\/0cc6aa06ee3a9aa8f6d1f5ad83ef9bef1e20cb797d0f3cdaa3dcbcb080491ddb?s=96&d=mm&r=g","caption":"dosp"},"url":"https:\/\/www.odonto.ufmg.br\/osp\/author\/dosp\/"}]}},"_links":{"self":[{"href":"https:\/\/www.odonto.ufmg.br\/osp\/wp-json\/wp\/v2\/posts\/528","targetHints":{"allow":["GET"]}}],"collection":[{"href":"https:\/\/www.odonto.ufmg.br\/osp\/wp-json\/wp\/v2\/posts"}],"about":[{"href":"https:\/\/www.odonto.ufmg.br\/osp\/wp-json\/wp\/v2\/types\/post"}],"author":[{"embeddable":true,"href":"https:\/\/www.odonto.ufmg.br\/osp\/wp-json\/wp\/v2\/users\/31"}],"replies":[{"embeddable":true,"href":"https:\/\/www.odonto.ufmg.br\/osp\/wp-json\/wp\/v2\/comments?post=528"}],"version-history":[{"count":3,"href":"https:\/\/www.odonto.ufmg.br\/osp\/wp-json\/wp\/v2\/posts\/528\/revisions"}],"predecessor-version":[{"id":530,"href":"https:\/\/www.odonto.ufmg.br\/osp\/wp-json\/wp\/v2\/posts\/528\/revisions\/530"}],"wp:attachment":[{"href":"https:\/\/www.odonto.ufmg.br\/osp\/wp-json\/wp\/v2\/media?parent=528"}],"wp:term":[{"taxonomy":"category","embeddable":true,"href":"https:\/\/www.odonto.ufmg.br\/osp\/wp-json\/wp\/v2\/categories?post=528"},{"taxonomy":"post_tag","embeddable":true,"href":"https:\/\/www.odonto.ufmg.br\/osp\/wp-json\/wp\/v2\/tags?post=528"}],"curies":[{"name":"wp","href":"https:\/\/api.w.org\/{rel}","templated":true}]}}