{"id":6090,"date":"2025-08-07T15:29:05","date_gmt":"2025-08-07T18:29:05","guid":{"rendered":"https:\/\/www.odonto.ufmg.br\/odr\/?p=6090"},"modified":"2025-08-27T17:02:45","modified_gmt":"2025-08-27T20:02:45","slug":"edital-diretoria-fao022-2025-eleicao-de-02-duas-vagas-titular-e-suplente-para-representantes-das-classes-de-professores-exceto-a-classe-de-professor-titular-junto-a-camara-do-departamento","status":"publish","type":"post","link":"https:\/\/www.odonto.ufmg.br\/odr\/documentos\/edital-diretoria-fao022-2025-eleicao-de-02-duas-vagas-titular-e-suplente-para-representantes-das-classes-de-professores-exceto-a-classe-de-professor-titular-junto-a-camara-do-departamento\/","title":{"rendered":"Documentos referentes ao Edital Diretoria FAO022\/2025 &#8211;\u00a0Elei\u00e7\u00e3o de 02 (duas vagas &#8211; titular e suplente) para Representantes das Classes de Professores, exceto a Classe de Professor Titular, junto \u00e0 C\u00e2mara do Departamento de Odontologia Restauradora &#8211; ODR FAO UFMG"},"content":{"rendered":"\n<p><strong>RELAT\u00d3RIO DE APURA\u00c7\u00c3O:<\/strong><\/p>\n\n\n\n<div data-wp-interactive=\"core\/file\" class=\"wp-block-file\"><object data-wp-bind--hidden=\"!state.hasPdfPreview\" hidden class=\"wp-block-file__embed\" data=\"https:\/\/www.odonto.ufmg.br\/odr\/wp-content\/uploads\/sites\/7\/2025\/08\/relatorio_apuracao-3.pdf\" type=\"application\/pdf\" style=\"width:100%;height:600px\" aria-label=\"Incorporado de relatorio_apuracao (3).\"><\/object><a id=\"wp-block-file--media-6df5a240-3aee-40ea-9edc-7ff1532c0490\" href=\"https:\/\/www.odonto.ufmg.br\/odr\/wp-content\/uploads\/sites\/7\/2025\/08\/relatorio_apuracao-3.pdf\">relatorio_apuracao (3)<\/a><a href=\"https:\/\/www.odonto.ufmg.br\/odr\/wp-content\/uploads\/sites\/7\/2025\/08\/relatorio_apuracao-3.pdf\" class=\"wp-block-file__button wp-element-button\" download aria-describedby=\"wp-block-file--media-6df5a240-3aee-40ea-9edc-7ff1532c0490\">Baixar<\/a><\/div>\n\n\n\n<p><\/p>\n\n\n\n<p><strong>TERMO DE ENCERRAMENTO DAS INSCRI\u00c7\u00d5ES:<\/strong><\/p>\n\n\n\n<div data-wp-interactive=\"core\/file\" class=\"wp-block-file\"><object data-wp-bind--hidden=\"!state.hasPdfPreview\" hidden class=\"wp-block-file__embed\" data=\"https:\/\/www.odonto.ufmg.br\/odr\/wp-content\/uploads\/sites\/7\/2025\/08\/TERMO-DE-ENCERRAMENTO-DAS-INSCRICOES-EDITAL-022_2025-FAO-.docx-1.pdf\" type=\"application\/pdf\" style=\"width:100%;height:600px\" aria-label=\"Incorporado de TERMO DE ENCERRAMENTO DAS INSCRI\u00c7\u00d5ES  EDITAL 022_2025 FAO .docx (1).\"><\/object><a id=\"wp-block-file--media-c1c6ac19-6772-4dd1-8b76-b5dfb6c4321f\" href=\"https:\/\/www.odonto.ufmg.br\/odr\/wp-content\/uploads\/sites\/7\/2025\/08\/TERMO-DE-ENCERRAMENTO-DAS-INSCRICOES-EDITAL-022_2025-FAO-.docx-1.pdf\">TERMO DE ENCERRAMENTO DAS INSCRI\u00c7\u00d5ES  EDITAL 022_2025 FAO .docx (1)<\/a><a href=\"https:\/\/www.odonto.ufmg.br\/odr\/wp-content\/uploads\/sites\/7\/2025\/08\/TERMO-DE-ENCERRAMENTO-DAS-INSCRICOES-EDITAL-022_2025-FAO-.docx-1.pdf\" class=\"wp-block-file__button wp-element-button\" download aria-describedby=\"wp-block-file--media-c1c6ac19-6772-4dd1-8b76-b5dfb6c4321f\">Baixar<\/a><\/div>\n\n\n\n<p><\/p>\n\n\n\n<p><\/p>\n\n\n\n<p><strong>EDITAL FAO022\/2025:<\/strong><\/p>\n\n\n\n<div data-wp-interactive=\"core\/file\" class=\"wp-block-file\"><object data-wp-bind--hidden=\"!state.hasPdfPreview\" hidden class=\"wp-block-file__embed\" data=\"https:\/\/www.odonto.ufmg.br\/odr\/wp-content\/uploads\/sites\/7\/2025\/08\/2025-EDITAL-22-Eleicao-Profs.-2vgs-CAMARA-ODR.docx.pdf\" type=\"application\/pdf\" style=\"width:100%;height:600px\" aria-label=\"Incorporado de 2025 EDITAL 22 - Elei\u00e7\u00e3o - Profs.  2vgs -  C\u00c2MARA -  ODR.docx.\"><\/object><a id=\"wp-block-file--media-3c35e634-0351-4aa0-9600-fda40a50b159\" href=\"https:\/\/www.odonto.ufmg.br\/odr\/wp-content\/uploads\/sites\/7\/2025\/08\/2025-EDITAL-22-Eleicao-Profs.-2vgs-CAMARA-ODR.docx.pdf\">2025 EDITAL 22 &#8211; Elei\u00e7\u00e3o &#8211; Profs.  2vgs &#8211;  C\u00c2MARA &#8211;  ODR.docx<\/a><a href=\"https:\/\/www.odonto.ufmg.br\/odr\/wp-content\/uploads\/sites\/7\/2025\/08\/2025-EDITAL-22-Eleicao-Profs.-2vgs-CAMARA-ODR.docx.pdf\" class=\"wp-block-file__button wp-element-button\" download aria-describedby=\"wp-block-file--media-3c35e634-0351-4aa0-9600-fda40a50b159\">Baixar<\/a><\/div>\n\n\n\n<p><strong>TERMO DE INSCRI\u00c7\u00c3O E DECLARA\u00c7\u00c3O DE ACEITE:<\/strong><\/p>\n\n\n\n<div class=\"wp-block-file\"><a id=\"wp-block-file--media-b236b9a4-e880-4b6d-961d-f262ff474e68\" href=\"https:\/\/www.odonto.ufmg.br\/odr\/wp-content\/uploads\/sites\/7\/2025\/08\/Termo-Inscricao-e-Declaracao-de-Aceite-REF.-Edital-022_2025-Eleicao-de-02-vgs-Prof.-Camara-ODR.docx\">Termo Inscri\u00e7\u00e3o e Declara\u00e7\u00e3o de Aceite -REF. Edital 022_2025 &#8211; Elei\u00e7\u00e3o de 02 vgs Prof. C\u00e2mara ODR<\/a><a href=\"https:\/\/www.odonto.ufmg.br\/odr\/wp-content\/uploads\/sites\/7\/2025\/08\/Termo-Inscricao-e-Declaracao-de-Aceite-REF.-Edital-022_2025-Eleicao-de-02-vgs-Prof.-Camara-ODR.docx\" class=\"wp-block-file__button wp-element-button\" download aria-describedby=\"wp-block-file--media-b236b9a4-e880-4b6d-961d-f262ff474e68\">Baixar<\/a><\/div>\n","protected":false},"excerpt":{"rendered":"<p>RELAT\u00d3RIO DE APURA\u00c7\u00c3O: TERMO DE ENCERRAMENTO DAS INSCRI\u00c7\u00d5ES: EDITAL FAO022\/2025: TERMO DE INSCRI\u00c7\u00c3O E DECLARA\u00c7\u00c3O DE ACEITE:<\/p>\n","protected":false},"author":26,"featured_media":0,"comment_status":"closed","ping_status":"closed","sticky":false,"template":"","format":"standard","meta":{"inline_featured_image":false,"footnotes":""},"categories":[33,34],"tags":[],"class_list":["post-6090","post","type-post","status-publish","format-standard","hentry","category-documentos","category-editais"],"yoast_head":"<!-- This site is optimized with the Yoast SEO plugin v27.5 - https:\/\/yoast.com\/product\/yoast-seo-wordpress\/ -->\n<title>Documentos referentes ao Edital Diretoria FAO022\/2025 -\u00a0Elei\u00e7\u00e3o de 02 (duas vagas - titular e suplente) para Representantes das Classes de Professores, exceto a Classe de Professor Titular, junto \u00e0 C\u00e2mara do Departamento de Odontologia Restauradora - ODR FAO UFMG - Departamento de Odontologia Restauradora<\/title>\n<meta name=\"robots\" content=\"index, follow, max-snippet:-1, max-image-preview:large, max-video-preview:-1\" \/>\n<link rel=\"canonical\" href=\"https:\/\/www.odonto.ufmg.br\/odr\/documentos\/edital-diretoria-fao022-2025-eleicao-de-02-duas-vagas-titular-e-suplente-para-representantes-das-classes-de-professores-exceto-a-classe-de-professor-titular-junto-a-camara-do-departamento\/\" \/>\n<meta property=\"og:locale\" content=\"pt_BR\" \/>\n<meta property=\"og:type\" content=\"article\" \/>\n<meta property=\"og:title\" content=\"Documentos referentes ao Edital Diretoria FAO022\/2025 -\u00a0Elei\u00e7\u00e3o de 02 (duas vagas - titular e suplente) para Representantes das Classes de Professores, exceto a Classe de Professor Titular, junto \u00e0 C\u00e2mara do Departamento de Odontologia Restauradora - ODR FAO UFMG - Departamento de Odontologia Restauradora\" \/>\n<meta property=\"og:description\" content=\"RELAT\u00d3RIO DE APURA\u00c7\u00c3O: TERMO DE ENCERRAMENTO DAS INSCRI\u00c7\u00d5ES: EDITAL FAO022\/2025: TERMO DE INSCRI\u00c7\u00c3O E DECLARA\u00c7\u00c3O DE ACEITE:\" \/>\n<meta property=\"og:url\" content=\"https:\/\/www.odonto.ufmg.br\/odr\/documentos\/edital-diretoria-fao022-2025-eleicao-de-02-duas-vagas-titular-e-suplente-para-representantes-das-classes-de-professores-exceto-a-classe-de-professor-titular-junto-a-camara-do-departamento\/\" \/>\n<meta property=\"og:site_name\" content=\"Departamento de Odontologia Restauradora\" \/>\n<meta property=\"article:published_time\" content=\"2025-08-07T18:29:05+00:00\" \/>\n<meta property=\"article:modified_time\" content=\"2025-08-27T20:02:45+00:00\" \/>\n<meta name=\"author\" content=\"secodr\" \/>\n<meta name=\"twitter:card\" content=\"summary_large_image\" \/>\n<meta name=\"twitter:label1\" content=\"Escrito por\" \/>\n\t<meta name=\"twitter:data1\" content=\"secodr\" \/>\n\t<meta name=\"twitter:label2\" content=\"Est. tempo de leitura\" \/>\n\t<meta name=\"twitter:data2\" content=\"1 minuto\" \/>\n<script type=\"application\/ld+json\" class=\"yoast-schema-graph\">{\"@context\":\"https:\\\/\\\/schema.org\",\"@graph\":[{\"@type\":\"Article\",\"@id\":\"https:\\\/\\\/www.odonto.ufmg.br\\\/odr\\\/documentos\\\/edital-diretoria-fao022-2025-eleicao-de-02-duas-vagas-titular-e-suplente-para-representantes-das-classes-de-professores-exceto-a-classe-de-professor-titular-junto-a-camara-do-departamento\\\/#article\",\"isPartOf\":{\"@id\":\"https:\\\/\\\/www.odonto.ufmg.br\\\/odr\\\/documentos\\\/edital-diretoria-fao022-2025-eleicao-de-02-duas-vagas-titular-e-suplente-para-representantes-das-classes-de-professores-exceto-a-classe-de-professor-titular-junto-a-camara-do-departamento\\\/\"},\"author\":{\"name\":\"secodr\",\"@id\":\"https:\\\/\\\/www.odonto.ufmg.br\\\/odr\\\/#\\\/schema\\\/person\\\/18672957c10897a6d4feea65420703b0\"},\"headline\":\"Documentos referentes ao Edital Diretoria FAO022\\\/2025 &#8211;\u00a0Elei\u00e7\u00e3o de 02 (duas vagas &#8211; titular e suplente) para Representantes das Classes de Professores, exceto a Classe de Professor Titular, junto \u00e0 C\u00e2mara do Departamento de Odontologia Restauradora &#8211; ODR FAO UFMG\",\"datePublished\":\"2025-08-07T18:29:05+00:00\",\"dateModified\":\"2025-08-27T20:02:45+00:00\",\"mainEntityOfPage\":{\"@id\":\"https:\\\/\\\/www.odonto.ufmg.br\\\/odr\\\/documentos\\\/edital-diretoria-fao022-2025-eleicao-de-02-duas-vagas-titular-e-suplente-para-representantes-das-classes-de-professores-exceto-a-classe-de-professor-titular-junto-a-camara-do-departamento\\\/\"},\"wordCount\":109,\"articleSection\":[\"Documentos\",\"Editais\"],\"inLanguage\":\"pt-BR\"},{\"@type\":\"WebPage\",\"@id\":\"https:\\\/\\\/www.odonto.ufmg.br\\\/odr\\\/documentos\\\/edital-diretoria-fao022-2025-eleicao-de-02-duas-vagas-titular-e-suplente-para-representantes-das-classes-de-professores-exceto-a-classe-de-professor-titular-junto-a-camara-do-departamento\\\/\",\"url\":\"https:\\\/\\\/www.odonto.ufmg.br\\\/odr\\\/documentos\\\/edital-diretoria-fao022-2025-eleicao-de-02-duas-vagas-titular-e-suplente-para-representantes-das-classes-de-professores-exceto-a-classe-de-professor-titular-junto-a-camara-do-departamento\\\/\",\"name\":\"Documentos referentes ao Edital Diretoria FAO022\\\/2025 -\u00a0Elei\u00e7\u00e3o de 02 (duas vagas - titular e suplente) para Representantes das Classes de Professores, exceto a Classe de Professor Titular, junto \u00e0 C\u00e2mara do Departamento de Odontologia Restauradora - ODR FAO UFMG - Departamento de Odontologia Restauradora\",\"isPartOf\":{\"@id\":\"https:\\\/\\\/www.odonto.ufmg.br\\\/odr\\\/#website\"},\"datePublished\":\"2025-08-07T18:29:05+00:00\",\"dateModified\":\"2025-08-27T20:02:45+00:00\",\"author\":{\"@id\":\"https:\\\/\\\/www.odonto.ufmg.br\\\/odr\\\/#\\\/schema\\\/person\\\/18672957c10897a6d4feea65420703b0\"},\"breadcrumb\":{\"@id\":\"https:\\\/\\\/www.odonto.ufmg.br\\\/odr\\\/documentos\\\/edital-diretoria-fao022-2025-eleicao-de-02-duas-vagas-titular-e-suplente-para-representantes-das-classes-de-professores-exceto-a-classe-de-professor-titular-junto-a-camara-do-departamento\\\/#breadcrumb\"},\"inLanguage\":\"pt-BR\",\"potentialAction\":[{\"@type\":\"ReadAction\",\"target\":[\"https:\\\/\\\/www.odonto.ufmg.br\\\/odr\\\/documentos\\\/edital-diretoria-fao022-2025-eleicao-de-02-duas-vagas-titular-e-suplente-para-representantes-das-classes-de-professores-exceto-a-classe-de-professor-titular-junto-a-camara-do-departamento\\\/\"]}]},{\"@type\":\"BreadcrumbList\",\"@id\":\"https:\\\/\\\/www.odonto.ufmg.br\\\/odr\\\/documentos\\\/edital-diretoria-fao022-2025-eleicao-de-02-duas-vagas-titular-e-suplente-para-representantes-das-classes-de-professores-exceto-a-classe-de-professor-titular-junto-a-camara-do-departamento\\\/#breadcrumb\",\"itemListElement\":[{\"@type\":\"ListItem\",\"position\":1,\"name\":\"In\u00edcio\",\"item\":\"https:\\\/\\\/www.odonto.ufmg.br\\\/odr\\\/\"},{\"@type\":\"ListItem\",\"position\":2,\"name\":\"Documentos referentes ao Edital Diretoria FAO022\\\/2025 &#8211;\u00a0Elei\u00e7\u00e3o de 02 (duas vagas &#8211; titular e suplente) para Representantes das Classes de Professores, exceto a Classe de Professor Titular, junto \u00e0 C\u00e2mara do Departamento de Odontologia Restauradora &#8211; ODR FAO UFMG\"}]},{\"@type\":\"WebSite\",\"@id\":\"https:\\\/\\\/www.odonto.ufmg.br\\\/odr\\\/#website\",\"url\":\"https:\\\/\\\/www.odonto.ufmg.br\\\/odr\\\/\",\"name\":\"Departamento de Odontologia Restauradora\",\"description\":\"Faculdade de Odontologia - Universidade Federal de Minas Gerais\",\"potentialAction\":[{\"@type\":\"SearchAction\",\"target\":{\"@type\":\"EntryPoint\",\"urlTemplate\":\"https:\\\/\\\/www.odonto.ufmg.br\\\/odr\\\/?s={search_term_string}\"},\"query-input\":{\"@type\":\"PropertyValueSpecification\",\"valueRequired\":true,\"valueName\":\"search_term_string\"}}],\"inLanguage\":\"pt-BR\"},{\"@type\":\"Person\",\"@id\":\"https:\\\/\\\/www.odonto.ufmg.br\\\/odr\\\/#\\\/schema\\\/person\\\/18672957c10897a6d4feea65420703b0\",\"name\":\"secodr\",\"image\":{\"@type\":\"ImageObject\",\"inLanguage\":\"pt-BR\",\"@id\":\"https:\\\/\\\/secure.gravatar.com\\\/avatar\\\/a9a969728e9f76ca801a77f6ce112c4d66dd73f45961de77b9de57cd1c88eaa0?s=96&d=mm&r=g\",\"url\":\"https:\\\/\\\/secure.gravatar.com\\\/avatar\\\/a9a969728e9f76ca801a77f6ce112c4d66dd73f45961de77b9de57cd1c88eaa0?s=96&d=mm&r=g\",\"contentUrl\":\"https:\\\/\\\/secure.gravatar.com\\\/avatar\\\/a9a969728e9f76ca801a77f6ce112c4d66dd73f45961de77b9de57cd1c88eaa0?s=96&d=mm&r=g\",\"caption\":\"secodr\"},\"url\":\"https:\\\/\\\/www.odonto.ufmg.br\\\/odr\\\/author\\\/secodr\\\/\"}]}<\/script>\n<!-- \/ Yoast SEO plugin. -->","yoast_head_json":{"title":"Documentos referentes ao Edital Diretoria FAO022\/2025 -\u00a0Elei\u00e7\u00e3o de 02 (duas vagas - titular e suplente) para Representantes das Classes de Professores, exceto a Classe de Professor Titular, junto \u00e0 C\u00e2mara do Departamento de Odontologia Restauradora - ODR FAO UFMG - Departamento de Odontologia Restauradora","robots":{"index":"index","follow":"follow","max-snippet":"max-snippet:-1","max-image-preview":"max-image-preview:large","max-video-preview":"max-video-preview:-1"},"canonical":"https:\/\/www.odonto.ufmg.br\/odr\/documentos\/edital-diretoria-fao022-2025-eleicao-de-02-duas-vagas-titular-e-suplente-para-representantes-das-classes-de-professores-exceto-a-classe-de-professor-titular-junto-a-camara-do-departamento\/","og_locale":"pt_BR","og_type":"article","og_title":"Documentos referentes ao Edital Diretoria FAO022\/2025 -\u00a0Elei\u00e7\u00e3o de 02 (duas vagas - titular e suplente) para Representantes das Classes de Professores, exceto a Classe de Professor Titular, junto \u00e0 C\u00e2mara do Departamento de Odontologia Restauradora - ODR FAO UFMG - Departamento de Odontologia Restauradora","og_description":"RELAT\u00d3RIO DE APURA\u00c7\u00c3O: TERMO DE ENCERRAMENTO DAS INSCRI\u00c7\u00d5ES: EDITAL FAO022\/2025: TERMO DE INSCRI\u00c7\u00c3O E DECLARA\u00c7\u00c3O DE ACEITE:","og_url":"https:\/\/www.odonto.ufmg.br\/odr\/documentos\/edital-diretoria-fao022-2025-eleicao-de-02-duas-vagas-titular-e-suplente-para-representantes-das-classes-de-professores-exceto-a-classe-de-professor-titular-junto-a-camara-do-departamento\/","og_site_name":"Departamento de Odontologia Restauradora","article_published_time":"2025-08-07T18:29:05+00:00","article_modified_time":"2025-08-27T20:02:45+00:00","author":"secodr","twitter_card":"summary_large_image","twitter_misc":{"Escrito por":"secodr","Est. tempo de leitura":"1 minuto"},"schema":{"@context":"https:\/\/schema.org","@graph":[{"@type":"Article","@id":"https:\/\/www.odonto.ufmg.br\/odr\/documentos\/edital-diretoria-fao022-2025-eleicao-de-02-duas-vagas-titular-e-suplente-para-representantes-das-classes-de-professores-exceto-a-classe-de-professor-titular-junto-a-camara-do-departamento\/#article","isPartOf":{"@id":"https:\/\/www.odonto.ufmg.br\/odr\/documentos\/edital-diretoria-fao022-2025-eleicao-de-02-duas-vagas-titular-e-suplente-para-representantes-das-classes-de-professores-exceto-a-classe-de-professor-titular-junto-a-camara-do-departamento\/"},"author":{"name":"secodr","@id":"https:\/\/www.odonto.ufmg.br\/odr\/#\/schema\/person\/18672957c10897a6d4feea65420703b0"},"headline":"Documentos referentes ao Edital Diretoria FAO022\/2025 &#8211;\u00a0Elei\u00e7\u00e3o de 02 (duas vagas &#8211; titular e suplente) para Representantes das Classes de Professores, exceto a Classe de Professor Titular, junto \u00e0 C\u00e2mara do Departamento de Odontologia Restauradora &#8211; ODR FAO UFMG","datePublished":"2025-08-07T18:29:05+00:00","dateModified":"2025-08-27T20:02:45+00:00","mainEntityOfPage":{"@id":"https:\/\/www.odonto.ufmg.br\/odr\/documentos\/edital-diretoria-fao022-2025-eleicao-de-02-duas-vagas-titular-e-suplente-para-representantes-das-classes-de-professores-exceto-a-classe-de-professor-titular-junto-a-camara-do-departamento\/"},"wordCount":109,"articleSection":["Documentos","Editais"],"inLanguage":"pt-BR"},{"@type":"WebPage","@id":"https:\/\/www.odonto.ufmg.br\/odr\/documentos\/edital-diretoria-fao022-2025-eleicao-de-02-duas-vagas-titular-e-suplente-para-representantes-das-classes-de-professores-exceto-a-classe-de-professor-titular-junto-a-camara-do-departamento\/","url":"https:\/\/www.odonto.ufmg.br\/odr\/documentos\/edital-diretoria-fao022-2025-eleicao-de-02-duas-vagas-titular-e-suplente-para-representantes-das-classes-de-professores-exceto-a-classe-de-professor-titular-junto-a-camara-do-departamento\/","name":"Documentos referentes ao Edital Diretoria FAO022\/2025 -\u00a0Elei\u00e7\u00e3o de 02 (duas vagas - titular e suplente) para Representantes das Classes de Professores, exceto a Classe de Professor Titular, junto \u00e0 C\u00e2mara do Departamento de Odontologia Restauradora - ODR FAO UFMG - Departamento de Odontologia Restauradora","isPartOf":{"@id":"https:\/\/www.odonto.ufmg.br\/odr\/#website"},"datePublished":"2025-08-07T18:29:05+00:00","dateModified":"2025-08-27T20:02:45+00:00","author":{"@id":"https:\/\/www.odonto.ufmg.br\/odr\/#\/schema\/person\/18672957c10897a6d4feea65420703b0"},"breadcrumb":{"@id":"https:\/\/www.odonto.ufmg.br\/odr\/documentos\/edital-diretoria-fao022-2025-eleicao-de-02-duas-vagas-titular-e-suplente-para-representantes-das-classes-de-professores-exceto-a-classe-de-professor-titular-junto-a-camara-do-departamento\/#breadcrumb"},"inLanguage":"pt-BR","potentialAction":[{"@type":"ReadAction","target":["https:\/\/www.odonto.ufmg.br\/odr\/documentos\/edital-diretoria-fao022-2025-eleicao-de-02-duas-vagas-titular-e-suplente-para-representantes-das-classes-de-professores-exceto-a-classe-de-professor-titular-junto-a-camara-do-departamento\/"]}]},{"@type":"BreadcrumbList","@id":"https:\/\/www.odonto.ufmg.br\/odr\/documentos\/edital-diretoria-fao022-2025-eleicao-de-02-duas-vagas-titular-e-suplente-para-representantes-das-classes-de-professores-exceto-a-classe-de-professor-titular-junto-a-camara-do-departamento\/#breadcrumb","itemListElement":[{"@type":"ListItem","position":1,"name":"In\u00edcio","item":"https:\/\/www.odonto.ufmg.br\/odr\/"},{"@type":"ListItem","position":2,"name":"Documentos referentes ao Edital Diretoria FAO022\/2025 &#8211;\u00a0Elei\u00e7\u00e3o de 02 (duas vagas &#8211; titular e suplente) para Representantes das Classes de Professores, exceto a Classe de Professor Titular, junto \u00e0 C\u00e2mara do Departamento de Odontologia Restauradora &#8211; ODR FAO UFMG"}]},{"@type":"WebSite","@id":"https:\/\/www.odonto.ufmg.br\/odr\/#website","url":"https:\/\/www.odonto.ufmg.br\/odr\/","name":"Departamento de Odontologia Restauradora","description":"Faculdade de Odontologia - Universidade Federal de Minas Gerais","potentialAction":[{"@type":"SearchAction","target":{"@type":"EntryPoint","urlTemplate":"https:\/\/www.odonto.ufmg.br\/odr\/?s={search_term_string}"},"query-input":{"@type":"PropertyValueSpecification","valueRequired":true,"valueName":"search_term_string"}}],"inLanguage":"pt-BR"},{"@type":"Person","@id":"https:\/\/www.odonto.ufmg.br\/odr\/#\/schema\/person\/18672957c10897a6d4feea65420703b0","name":"secodr","image":{"@type":"ImageObject","inLanguage":"pt-BR","@id":"https:\/\/secure.gravatar.com\/avatar\/a9a969728e9f76ca801a77f6ce112c4d66dd73f45961de77b9de57cd1c88eaa0?s=96&d=mm&r=g","url":"https:\/\/secure.gravatar.com\/avatar\/a9a969728e9f76ca801a77f6ce112c4d66dd73f45961de77b9de57cd1c88eaa0?s=96&d=mm&r=g","contentUrl":"https:\/\/secure.gravatar.com\/avatar\/a9a969728e9f76ca801a77f6ce112c4d66dd73f45961de77b9de57cd1c88eaa0?s=96&d=mm&r=g","caption":"secodr"},"url":"https:\/\/www.odonto.ufmg.br\/odr\/author\/secodr\/"}]}},"_links":{"self":[{"href":"https:\/\/www.odonto.ufmg.br\/odr\/wp-json\/wp\/v2\/posts\/6090","targetHints":{"allow":["GET"]}}],"collection":[{"href":"https:\/\/www.odonto.ufmg.br\/odr\/wp-json\/wp\/v2\/posts"}],"about":[{"href":"https:\/\/www.odonto.ufmg.br\/odr\/wp-json\/wp\/v2\/types\/post"}],"author":[{"embeddable":true,"href":"https:\/\/www.odonto.ufmg.br\/odr\/wp-json\/wp\/v2\/users\/26"}],"replies":[{"embeddable":true,"href":"https:\/\/www.odonto.ufmg.br\/odr\/wp-json\/wp\/v2\/comments?post=6090"}],"version-history":[{"count":7,"href":"https:\/\/www.odonto.ufmg.br\/odr\/wp-json\/wp\/v2\/posts\/6090\/revisions"}],"predecessor-version":[{"id":6131,"href":"https:\/\/www.odonto.ufmg.br\/odr\/wp-json\/wp\/v2\/posts\/6090\/revisions\/6131"}],"wp:attachment":[{"href":"https:\/\/www.odonto.ufmg.br\/odr\/wp-json\/wp\/v2\/media?parent=6090"}],"wp:term":[{"taxonomy":"category","embeddable":true,"href":"https:\/\/www.odonto.ufmg.br\/odr\/wp-json\/wp\/v2\/categories?post=6090"},{"taxonomy":"post_tag","embeddable":true,"href":"https:\/\/www.odonto.ufmg.br\/odr\/wp-json\/wp\/v2\/tags?post=6090"}],"curies":[{"name":"wp","href":"https:\/\/api.w.org\/{rel}","templated":true}]}}