{"id":5833,"date":"2025-03-14T15:59:09","date_gmt":"2025-03-14T18:59:09","guid":{"rendered":"https:\/\/www.odonto.ufmg.br\/odr\/?p=5833"},"modified":"2025-03-24T09:48:25","modified_gmt":"2025-03-24T12:48:25","slug":"edital-de-monitoria-voluntaria-01-2025","status":"publish","type":"post","link":"https:\/\/www.odonto.ufmg.br\/odr\/documentos\/edital-de-monitoria-voluntaria-01-2025\/","title":{"rendered":"EDITAL DE MONITORIA VOLUNT\u00c1RIA &#8211; 01\/2025"},"content":{"rendered":"\n<p>O(A) Chefe do \u00d3rg\u00e3o Acad\u00eamico Respons\u00e1vel do(a) Departamento de Odontologia Restauradora , Professora Juliana Vilela Bastos , faz saber que, no per\u00edodo de 14\/03\/2025 a 21\/03\/2025 , de 08:00:00 \u00e0s 23:59:00 horas, o(a) o Departamento de Odontologia Resturadora, pelo e-mail: <strong>odrmonitoria@gmail.com<\/strong> receber\u00e1 as inscri\u00e7\u00f5es de candidatos para o exame de sele\u00e7\u00e3o do Programa para atuar nas disciplinas\/atividades com carga hor\u00e1ria de 20 horas semanais, das quais 8 horas dever\u00e3o ser alocadas em estudos individuais e atividades de planejamento, realizados por meio de cronograma flex\u00edvel.<\/p>\n\n\n\n<p><\/p>\n\n\n\n<p>O email para envio das inscri\u00e7\u00f5es foi alterado <strong>odrmonitoria@gmail.com<\/strong><\/p>\n\n\n\n<p><\/p>\n\n\n\n<p><strong>Disciplinas : <\/strong><\/p>\n\n\n\n<p><strong>ODR043 &#8211; Dent\u00edstica I: 3 vagas:<\/strong> O discente j\u00e1 deve ter cursado e ter sido aprovado em Dent\u00edstica I.<br>ter\u00e7a-feira \u00e0 tarde (1 monitor), quarta-feira \u00e0 tarde (1 monitor), quinta-feira manh\u00e3 (1 monitor).<br>Entrevista presencial no dia 26\/03\/2025, \u00e0s 13h, na sala 3345.<\/p>\n\n\n\n<p><br><strong>ODR041 &#8211; Materias Dent\u00e1rios I: 3 vagas. <\/strong>O discente j\u00e1 deve ter cursado e ter sido aprovado em<br>Materiais I e FOR, disponibilidade quarta \u00e0 tarde (13:00-19:00). Entrevista presencial no dia<br>27\/03\/2024, \u00e0s 8h, na sala 3341.<\/p>\n\n\n\n<p><br><strong>ODR046 &#8211; Materiais Dent\u00e1rios  II: 6 vagas <\/strong>&#8211; O discente j\u00e1 deve ter cursado e ter sido aprovado em Materiais<br>II, oclus\u00e3o e PLRM, disponibilidade segunda-feira de manh\u00e3 (8:00-12:00) (3 vagas) ou quinta-feira \u00e0<br>tarde (14:00-18:00) (3 vagas). Entrevista presencial no dia 24\/03\/2024, \u00e0s 14h, na sala 3342.<\/p>\n\n\n\n<p><br><strong>OPO016 \u2013 Aten\u00e7\u00e3o Integral \u00e0 Crian\u00e7a I \u2013 3 vagas.<\/strong> O discente j\u00e1 deve ter cursado e ter sido<br>aprovado na disciplina de Aten\u00e7\u00e3o integral \u00e0 Crian\u00e7a I. Disponibilidade nas ter\u00e7as-feiras manh\u00e3 e<br>tarde. A Entrevista presencial. Entrevista presencial no dia 24\/03\/2024, \u00e0s 8h30min, na sala 3108.<br><\/p>\n\n\n\n<p><strong>ODR050 &#8211; Pr\u00f3tese Fixa \u2013 2 vagas.<\/strong> O discente j\u00e1 deve ter cursado e ter sido aprovado na disciplina<br>de Pr\u00f3tese Fixa. Disponibilidade nas segundas-feiras de manh\u00e3 e ter\u00e7as-feiras \u00e0 tarde. Entrevista<br>presencial no dia 24\/03\/2024, \u00e0s 13h30min, na sala 3345.<\/p>\n\n\n\n<p><br><strong>ODR044 e ODR048 &#8211; Endodontia I e II &#8211; 8 vagas<\/strong> &#8211; O discente j\u00e1 deve ter cursado e ter sido<br>aprovado nas disciplinas de Endodontia I e II. Disponibilidade nos hor\u00e1rios das disciplinas.<br>Entrevista presencial no dia 27\/03\/2024, \u00e0s 18h, na sala 3337.<\/p>\n\n\n\n<div data-wp-interactive=\"core\/file\" class=\"wp-block-file\"><object data-wp-bind--hidden=\"!state.hasPdfPreview\" hidden class=\"wp-block-file__embed\" data=\"https:\/\/www.odonto.ufmg.br\/odr\/wp-content\/uploads\/sites\/7\/2025\/03\/edital-voluntarios-01-de-2025.pdf\" type=\"application\/pdf\" style=\"width:100%;height:600px\" aria-label=\"Incorporado de edital voluntarios 01 de 2025.\"><\/object><a id=\"wp-block-file--media-eb043c39-c4d9-4f51-9283-7c5eab5906ed\" href=\"https:\/\/www.odonto.ufmg.br\/odr\/wp-content\/uploads\/sites\/7\/2025\/03\/edital-voluntarios-01-de-2025.pdf\">edital voluntarios 01 de 2025<\/a><a href=\"https:\/\/www.odonto.ufmg.br\/odr\/wp-content\/uploads\/sites\/7\/2025\/03\/edital-voluntarios-01-de-2025.pdf\" class=\"wp-block-file__button wp-element-button\" download aria-describedby=\"wp-block-file--media-eb043c39-c4d9-4f51-9283-7c5eab5906ed\">Baixar<\/a><\/div>\n","protected":false},"excerpt":{"rendered":"<p>O(A) Chefe do \u00d3rg\u00e3o Acad\u00eamico Respons\u00e1vel do(a) Departamento de Odontologia Restauradora , Professora Juliana Vilela Bastos , faz saber que, no per\u00edodo de 14\/03\/2025 a 21\/03\/2025 , de 08:00:00 \u00e0s 23:59:00 horas, o(a) o Departamento de Odontologia Resturadora, pelo e-mail: odrmonitoria@gmail.com receber\u00e1 as inscri\u00e7\u00f5es de candidatos para o exame de sele\u00e7\u00e3o do Programa para atuar [&hellip;]<\/p>\n","protected":false},"author":26,"featured_media":0,"comment_status":"closed","ping_status":"closed","sticky":false,"template":"","format":"standard","meta":{"inline_featured_image":false,"footnotes":""},"categories":[33,34],"tags":[],"class_list":["post-5833","post","type-post","status-publish","format-standard","hentry","category-documentos","category-editais"],"yoast_head":"<!-- This site is optimized with the Yoast SEO plugin v27.5 - https:\/\/yoast.com\/product\/yoast-seo-wordpress\/ -->\n<title>EDITAL DE MONITORIA VOLUNT\u00c1RIA - 01\/2025 - Departamento de Odontologia Restauradora<\/title>\n<meta name=\"robots\" content=\"index, follow, max-snippet:-1, max-image-preview:large, max-video-preview:-1\" \/>\n<link rel=\"canonical\" href=\"https:\/\/www.odonto.ufmg.br\/odr\/documentos\/edital-de-monitoria-voluntaria-01-2025\/\" \/>\n<meta property=\"og:locale\" content=\"pt_BR\" \/>\n<meta property=\"og:type\" content=\"article\" \/>\n<meta property=\"og:title\" content=\"EDITAL DE MONITORIA VOLUNT\u00c1RIA - 01\/2025 - Departamento de Odontologia Restauradora\" \/>\n<meta property=\"og:description\" content=\"O(A) Chefe do \u00d3rg\u00e3o Acad\u00eamico Respons\u00e1vel do(a) Departamento de Odontologia Restauradora , Professora Juliana Vilela Bastos , faz saber que, no per\u00edodo de 14\/03\/2025 a 21\/03\/2025 , de 08:00:00 \u00e0s 23:59:00 horas, o(a) o Departamento de Odontologia Resturadora, pelo e-mail: odrmonitoria@gmail.com receber\u00e1 as inscri\u00e7\u00f5es de candidatos para o exame de sele\u00e7\u00e3o do Programa para atuar [&hellip;]\" \/>\n<meta property=\"og:url\" content=\"https:\/\/www.odonto.ufmg.br\/odr\/documentos\/edital-de-monitoria-voluntaria-01-2025\/\" \/>\n<meta property=\"og:site_name\" content=\"Departamento de Odontologia Restauradora\" \/>\n<meta property=\"article:published_time\" content=\"2025-03-14T18:59:09+00:00\" \/>\n<meta property=\"article:modified_time\" content=\"2025-03-24T12:48:25+00:00\" \/>\n<meta name=\"author\" content=\"secodr\" \/>\n<meta name=\"twitter:card\" content=\"summary_large_image\" \/>\n<meta name=\"twitter:label1\" content=\"Escrito por\" \/>\n\t<meta name=\"twitter:data1\" content=\"secodr\" \/>\n\t<meta name=\"twitter:label2\" content=\"Est. tempo de leitura\" \/>\n\t<meta name=\"twitter:data2\" content=\"2 minutos\" \/>\n<script type=\"application\/ld+json\" class=\"yoast-schema-graph\">{\"@context\":\"https:\\\/\\\/schema.org\",\"@graph\":[{\"@type\":\"Article\",\"@id\":\"https:\\\/\\\/www.odonto.ufmg.br\\\/odr\\\/documentos\\\/edital-de-monitoria-voluntaria-01-2025\\\/#article\",\"isPartOf\":{\"@id\":\"https:\\\/\\\/www.odonto.ufmg.br\\\/odr\\\/documentos\\\/edital-de-monitoria-voluntaria-01-2025\\\/\"},\"author\":{\"name\":\"secodr\",\"@id\":\"https:\\\/\\\/www.odonto.ufmg.br\\\/odr\\\/#\\\/schema\\\/person\\\/18672957c10897a6d4feea65420703b0\"},\"headline\":\"EDITAL DE MONITORIA VOLUNT\u00c1RIA &#8211; 01\\\/2025\",\"datePublished\":\"2025-03-14T18:59:09+00:00\",\"dateModified\":\"2025-03-24T12:48:25+00:00\",\"mainEntityOfPage\":{\"@id\":\"https:\\\/\\\/www.odonto.ufmg.br\\\/odr\\\/documentos\\\/edital-de-monitoria-voluntaria-01-2025\\\/\"},\"wordCount\":350,\"articleSection\":[\"Documentos\",\"Editais\"],\"inLanguage\":\"pt-BR\"},{\"@type\":\"WebPage\",\"@id\":\"https:\\\/\\\/www.odonto.ufmg.br\\\/odr\\\/documentos\\\/edital-de-monitoria-voluntaria-01-2025\\\/\",\"url\":\"https:\\\/\\\/www.odonto.ufmg.br\\\/odr\\\/documentos\\\/edital-de-monitoria-voluntaria-01-2025\\\/\",\"name\":\"EDITAL DE MONITORIA VOLUNT\u00c1RIA - 01\\\/2025 - Departamento de Odontologia Restauradora\",\"isPartOf\":{\"@id\":\"https:\\\/\\\/www.odonto.ufmg.br\\\/odr\\\/#website\"},\"datePublished\":\"2025-03-14T18:59:09+00:00\",\"dateModified\":\"2025-03-24T12:48:25+00:00\",\"author\":{\"@id\":\"https:\\\/\\\/www.odonto.ufmg.br\\\/odr\\\/#\\\/schema\\\/person\\\/18672957c10897a6d4feea65420703b0\"},\"breadcrumb\":{\"@id\":\"https:\\\/\\\/www.odonto.ufmg.br\\\/odr\\\/documentos\\\/edital-de-monitoria-voluntaria-01-2025\\\/#breadcrumb\"},\"inLanguage\":\"pt-BR\",\"potentialAction\":[{\"@type\":\"ReadAction\",\"target\":[\"https:\\\/\\\/www.odonto.ufmg.br\\\/odr\\\/documentos\\\/edital-de-monitoria-voluntaria-01-2025\\\/\"]}]},{\"@type\":\"BreadcrumbList\",\"@id\":\"https:\\\/\\\/www.odonto.ufmg.br\\\/odr\\\/documentos\\\/edital-de-monitoria-voluntaria-01-2025\\\/#breadcrumb\",\"itemListElement\":[{\"@type\":\"ListItem\",\"position\":1,\"name\":\"In\u00edcio\",\"item\":\"https:\\\/\\\/www.odonto.ufmg.br\\\/odr\\\/\"},{\"@type\":\"ListItem\",\"position\":2,\"name\":\"EDITAL DE MONITORIA VOLUNT\u00c1RIA &#8211; 01\\\/2025\"}]},{\"@type\":\"WebSite\",\"@id\":\"https:\\\/\\\/www.odonto.ufmg.br\\\/odr\\\/#website\",\"url\":\"https:\\\/\\\/www.odonto.ufmg.br\\\/odr\\\/\",\"name\":\"Departamento de Odontologia Restauradora\",\"description\":\"Faculdade de Odontologia - Universidade Federal de Minas Gerais\",\"potentialAction\":[{\"@type\":\"SearchAction\",\"target\":{\"@type\":\"EntryPoint\",\"urlTemplate\":\"https:\\\/\\\/www.odonto.ufmg.br\\\/odr\\\/?s={search_term_string}\"},\"query-input\":{\"@type\":\"PropertyValueSpecification\",\"valueRequired\":true,\"valueName\":\"search_term_string\"}}],\"inLanguage\":\"pt-BR\"},{\"@type\":\"Person\",\"@id\":\"https:\\\/\\\/www.odonto.ufmg.br\\\/odr\\\/#\\\/schema\\\/person\\\/18672957c10897a6d4feea65420703b0\",\"name\":\"secodr\",\"image\":{\"@type\":\"ImageObject\",\"inLanguage\":\"pt-BR\",\"@id\":\"https:\\\/\\\/secure.gravatar.com\\\/avatar\\\/a9a969728e9f76ca801a77f6ce112c4d66dd73f45961de77b9de57cd1c88eaa0?s=96&d=mm&r=g\",\"url\":\"https:\\\/\\\/secure.gravatar.com\\\/avatar\\\/a9a969728e9f76ca801a77f6ce112c4d66dd73f45961de77b9de57cd1c88eaa0?s=96&d=mm&r=g\",\"contentUrl\":\"https:\\\/\\\/secure.gravatar.com\\\/avatar\\\/a9a969728e9f76ca801a77f6ce112c4d66dd73f45961de77b9de57cd1c88eaa0?s=96&d=mm&r=g\",\"caption\":\"secodr\"},\"url\":\"https:\\\/\\\/www.odonto.ufmg.br\\\/odr\\\/author\\\/secodr\\\/\"}]}<\/script>\n<!-- \/ Yoast SEO plugin. -->","yoast_head_json":{"title":"EDITAL DE MONITORIA VOLUNT\u00c1RIA - 01\/2025 - Departamento de Odontologia Restauradora","robots":{"index":"index","follow":"follow","max-snippet":"max-snippet:-1","max-image-preview":"max-image-preview:large","max-video-preview":"max-video-preview:-1"},"canonical":"https:\/\/www.odonto.ufmg.br\/odr\/documentos\/edital-de-monitoria-voluntaria-01-2025\/","og_locale":"pt_BR","og_type":"article","og_title":"EDITAL DE MONITORIA VOLUNT\u00c1RIA - 01\/2025 - Departamento de Odontologia Restauradora","og_description":"O(A) Chefe do \u00d3rg\u00e3o Acad\u00eamico Respons\u00e1vel do(a) Departamento de Odontologia Restauradora , Professora Juliana Vilela Bastos , faz saber que, no per\u00edodo de 14\/03\/2025 a 21\/03\/2025 , de 08:00:00 \u00e0s 23:59:00 horas, o(a) o Departamento de Odontologia Resturadora, pelo e-mail: odrmonitoria@gmail.com receber\u00e1 as inscri\u00e7\u00f5es de candidatos para o exame de sele\u00e7\u00e3o do Programa para atuar [&hellip;]","og_url":"https:\/\/www.odonto.ufmg.br\/odr\/documentos\/edital-de-monitoria-voluntaria-01-2025\/","og_site_name":"Departamento de Odontologia Restauradora","article_published_time":"2025-03-14T18:59:09+00:00","article_modified_time":"2025-03-24T12:48:25+00:00","author":"secodr","twitter_card":"summary_large_image","twitter_misc":{"Escrito por":"secodr","Est. tempo de leitura":"2 minutos"},"schema":{"@context":"https:\/\/schema.org","@graph":[{"@type":"Article","@id":"https:\/\/www.odonto.ufmg.br\/odr\/documentos\/edital-de-monitoria-voluntaria-01-2025\/#article","isPartOf":{"@id":"https:\/\/www.odonto.ufmg.br\/odr\/documentos\/edital-de-monitoria-voluntaria-01-2025\/"},"author":{"name":"secodr","@id":"https:\/\/www.odonto.ufmg.br\/odr\/#\/schema\/person\/18672957c10897a6d4feea65420703b0"},"headline":"EDITAL DE MONITORIA VOLUNT\u00c1RIA &#8211; 01\/2025","datePublished":"2025-03-14T18:59:09+00:00","dateModified":"2025-03-24T12:48:25+00:00","mainEntityOfPage":{"@id":"https:\/\/www.odonto.ufmg.br\/odr\/documentos\/edital-de-monitoria-voluntaria-01-2025\/"},"wordCount":350,"articleSection":["Documentos","Editais"],"inLanguage":"pt-BR"},{"@type":"WebPage","@id":"https:\/\/www.odonto.ufmg.br\/odr\/documentos\/edital-de-monitoria-voluntaria-01-2025\/","url":"https:\/\/www.odonto.ufmg.br\/odr\/documentos\/edital-de-monitoria-voluntaria-01-2025\/","name":"EDITAL DE MONITORIA VOLUNT\u00c1RIA - 01\/2025 - Departamento de Odontologia Restauradora","isPartOf":{"@id":"https:\/\/www.odonto.ufmg.br\/odr\/#website"},"datePublished":"2025-03-14T18:59:09+00:00","dateModified":"2025-03-24T12:48:25+00:00","author":{"@id":"https:\/\/www.odonto.ufmg.br\/odr\/#\/schema\/person\/18672957c10897a6d4feea65420703b0"},"breadcrumb":{"@id":"https:\/\/www.odonto.ufmg.br\/odr\/documentos\/edital-de-monitoria-voluntaria-01-2025\/#breadcrumb"},"inLanguage":"pt-BR","potentialAction":[{"@type":"ReadAction","target":["https:\/\/www.odonto.ufmg.br\/odr\/documentos\/edital-de-monitoria-voluntaria-01-2025\/"]}]},{"@type":"BreadcrumbList","@id":"https:\/\/www.odonto.ufmg.br\/odr\/documentos\/edital-de-monitoria-voluntaria-01-2025\/#breadcrumb","itemListElement":[{"@type":"ListItem","position":1,"name":"In\u00edcio","item":"https:\/\/www.odonto.ufmg.br\/odr\/"},{"@type":"ListItem","position":2,"name":"EDITAL DE MONITORIA VOLUNT\u00c1RIA &#8211; 01\/2025"}]},{"@type":"WebSite","@id":"https:\/\/www.odonto.ufmg.br\/odr\/#website","url":"https:\/\/www.odonto.ufmg.br\/odr\/","name":"Departamento de Odontologia Restauradora","description":"Faculdade de Odontologia - Universidade Federal de Minas Gerais","potentialAction":[{"@type":"SearchAction","target":{"@type":"EntryPoint","urlTemplate":"https:\/\/www.odonto.ufmg.br\/odr\/?s={search_term_string}"},"query-input":{"@type":"PropertyValueSpecification","valueRequired":true,"valueName":"search_term_string"}}],"inLanguage":"pt-BR"},{"@type":"Person","@id":"https:\/\/www.odonto.ufmg.br\/odr\/#\/schema\/person\/18672957c10897a6d4feea65420703b0","name":"secodr","image":{"@type":"ImageObject","inLanguage":"pt-BR","@id":"https:\/\/secure.gravatar.com\/avatar\/a9a969728e9f76ca801a77f6ce112c4d66dd73f45961de77b9de57cd1c88eaa0?s=96&d=mm&r=g","url":"https:\/\/secure.gravatar.com\/avatar\/a9a969728e9f76ca801a77f6ce112c4d66dd73f45961de77b9de57cd1c88eaa0?s=96&d=mm&r=g","contentUrl":"https:\/\/secure.gravatar.com\/avatar\/a9a969728e9f76ca801a77f6ce112c4d66dd73f45961de77b9de57cd1c88eaa0?s=96&d=mm&r=g","caption":"secodr"},"url":"https:\/\/www.odonto.ufmg.br\/odr\/author\/secodr\/"}]}},"_links":{"self":[{"href":"https:\/\/www.odonto.ufmg.br\/odr\/wp-json\/wp\/v2\/posts\/5833","targetHints":{"allow":["GET"]}}],"collection":[{"href":"https:\/\/www.odonto.ufmg.br\/odr\/wp-json\/wp\/v2\/posts"}],"about":[{"href":"https:\/\/www.odonto.ufmg.br\/odr\/wp-json\/wp\/v2\/types\/post"}],"author":[{"embeddable":true,"href":"https:\/\/www.odonto.ufmg.br\/odr\/wp-json\/wp\/v2\/users\/26"}],"replies":[{"embeddable":true,"href":"https:\/\/www.odonto.ufmg.br\/odr\/wp-json\/wp\/v2\/comments?post=5833"}],"version-history":[{"count":4,"href":"https:\/\/www.odonto.ufmg.br\/odr\/wp-json\/wp\/v2\/posts\/5833\/revisions"}],"predecessor-version":[{"id":5851,"href":"https:\/\/www.odonto.ufmg.br\/odr\/wp-json\/wp\/v2\/posts\/5833\/revisions\/5851"}],"wp:attachment":[{"href":"https:\/\/www.odonto.ufmg.br\/odr\/wp-json\/wp\/v2\/media?parent=5833"}],"wp:term":[{"taxonomy":"category","embeddable":true,"href":"https:\/\/www.odonto.ufmg.br\/odr\/wp-json\/wp\/v2\/categories?post=5833"},{"taxonomy":"post_tag","embeddable":true,"href":"https:\/\/www.odonto.ufmg.br\/odr\/wp-json\/wp\/v2\/tags?post=5833"}],"curies":[{"name":"wp","href":"https:\/\/api.w.org\/{rel}","templated":true}]}}