{"id":4804,"date":"2021-11-26T15:44:07","date_gmt":"2021-11-26T18:44:07","guid":{"rendered":"https:\/\/www.odonto.ufmg.br\/odr\/?p=4804"},"modified":"2021-11-26T15:44:07","modified_gmt":"2021-11-26T18:44:07","slug":"termo-de-inscricao-edital-30-2021","status":"publish","type":"post","link":"https:\/\/www.odonto.ufmg.br\/odr\/documentos\/editais\/termo-de-inscricao-edital-30-2021\/","title":{"rendered":"Termo de Inscri\u00e7\u00e3o edital 30\/2021"},"content":{"rendered":"<p>Aos 11 (onze) dias do m\u00eas de novembro de 2021, inicia-se a inscri\u00e7\u00e3o de chapa, por meio do e-mail do Departamento de Odontologia Restauradora, odonto-odr@ufmg.br, para concorrer \u00e0 elei\u00e7\u00e3o de 01 (uma) vaga para titular e suplente para representa\u00e7\u00e3o dos professores titulares junto \u00e0 C\u00e2mara Departamental de Odontologia Restauradora. Para visualizar o termo na \u00edntegra, <a href=\"https:\/\/www.odonto.ufmg.br\/odr\/wp-content\/uploads\/sites\/7\/2021\/11\/Termo-Inscricao-eleicao-Representante-Professores-Titulares-Camara.pdf\" target=\"_blank\" rel=\"noopener\">clique aqui.<\/a><\/p>\n","protected":false},"excerpt":{"rendered":"<p>Aos 11 (onze) dias do m\u00eas de novembro de 2021, inicia-se a inscri\u00e7\u00e3o de chapa, por meio do e-mail do Departamento de Odontologia Restauradora, odonto-odr@ufmg.br, para concorrer \u00e0 elei\u00e7\u00e3o de 01 (uma) vaga para titular e suplente para representa\u00e7\u00e3o dos professores titulares junto \u00e0 C\u00e2mara Departamental de Odontologia Restauradora. Para visualizar o termo na \u00edntegra, [&hellip;]<\/p>\n","protected":false},"author":5,"featured_media":3463,"comment_status":"open","ping_status":"open","sticky":false,"template":"","format":"standard","meta":{"footnotes":""},"categories":[34],"tags":[],"class_list":["post-4804","post","type-post","status-publish","format-standard","has-post-thumbnail","hentry","category-editais"],"_links":{"self":[{"href":"https:\/\/www.odonto.ufmg.br\/odr\/wp-json\/wp\/v2\/posts\/4804","targetHints":{"allow":["GET"]}}],"collection":[{"href":"https:\/\/www.odonto.ufmg.br\/odr\/wp-json\/wp\/v2\/posts"}],"about":[{"href":"https:\/\/www.odonto.ufmg.br\/odr\/wp-json\/wp\/v2\/types\/post"}],"author":[{"embeddable":true,"href":"https:\/\/www.odonto.ufmg.br\/odr\/wp-json\/wp\/v2\/users\/5"}],"replies":[{"embeddable":true,"href":"https:\/\/www.odonto.ufmg.br\/odr\/wp-json\/wp\/v2\/comments?post=4804"}],"version-history":[{"count":2,"href":"https:\/\/www.odonto.ufmg.br\/odr\/wp-json\/wp\/v2\/posts\/4804\/revisions"}],"predecessor-version":[{"id":4807,"href":"https:\/\/www.odonto.ufmg.br\/odr\/wp-json\/wp\/v2\/posts\/4804\/revisions\/4807"}],"wp:featuredmedia":[{"embeddable":true,"href":"https:\/\/www.odonto.ufmg.br\/odr\/wp-json\/wp\/v2\/media\/3463"}],"wp:attachment":[{"href":"https:\/\/www.odonto.ufmg.br\/odr\/wp-json\/wp\/v2\/media?parent=4804"}],"wp:term":[{"taxonomy":"category","embeddable":true,"href":"https:\/\/www.odonto.ufmg.br\/odr\/wp-json\/wp\/v2\/categories?post=4804"},{"taxonomy":"post_tag","embeddable":true,"href":"https:\/\/www.odonto.ufmg.br\/odr\/wp-json\/wp\/v2\/tags?post=4804"}],"curies":[{"name":"wp","href":"https:\/\/api.w.org\/{rel}","templated":true}]}}