{"id":4615,"date":"2019-12-12T10:56:21","date_gmt":"2019-12-12T13:56:21","guid":{"rendered":"https:\/\/www.odonto.ufmg.br\/odr\/?p=4615"},"modified":"2020-07-09T09:02:27","modified_gmt":"2020-07-09T12:02:27","slug":"ata-da-reuniao-ordinaria-da-camara-do-departamento-de-odontologia-restauradora-realizada-em-23-de-outubro-de-2019","status":"publish","type":"post","link":"https:\/\/www.odonto.ufmg.br\/odr\/documentos\/ata-da-reuniao-ordinaria-da-camara-do-departamento-de-odontologia-restauradora-realizada-em-23-de-outubro-de-2019\/","title":{"rendered":"Ata da Reuni\u00e3o Ordin\u00e1ria da C\u00e2mara do Departamento de Odontologia Restauradora realizada em 22 de novembro de 2019."},"content":{"rendered":"<header class=\"entry-content-header\">Ata da reuni\u00e3o ordin\u00e1ria da C\u00e2mara do Departamento de Odontologia Restauradora da Faculdade de Odontologia da Universidade Federal de Minas Gerais realizada no dia 22 de novembro de 2019. <a href=\"https:\/\/www.odonto.ufmg.br\/odr\/wp-content\/uploads\/sites\/7\/2019\/12\/Ata-22-11-2019-final-compactado.pdf\" target=\"_blank\" rel=\"noopener noreferrer\">Clique Aqui.<\/a><\/header>\n","protected":false},"excerpt":{"rendered":"<p>Ata da reuni\u00e3o ordin\u00e1ria da C\u00e2mara do Departamento de Odontologia Restauradora da Faculdade de Odontologia da Universidade Federal de Minas Gerais realizada no dia 22 de novembro de 2019. Clique Aqui.<\/p>\n","protected":false},"author":26,"featured_media":3463,"comment_status":"closed","ping_status":"closed","sticky":false,"template":"","format":"standard","meta":{"inline_featured_image":false,"footnotes":""},"categories":[36,33,35],"tags":[],"class_list":["post-4615","post","type-post","status-publish","format-standard","has-post-thumbnail","hentry","category-atas","category-documentos","category-geral"],"yoast_head":"<!-- This site is optimized with the Yoast SEO plugin v27.5 - https:\/\/yoast.com\/product\/yoast-seo-wordpress\/ -->\n<title>Ata da Reuni\u00e3o Ordin\u00e1ria da C\u00e2mara do Departamento de Odontologia Restauradora realizada em 22 de novembro de 2019. - Departamento de Odontologia Restauradora<\/title>\n<meta name=\"robots\" content=\"index, follow, max-snippet:-1, max-image-preview:large, max-video-preview:-1\" \/>\n<link rel=\"canonical\" href=\"https:\/\/www.odonto.ufmg.br\/odr\/documentos\/ata-da-reuniao-ordinaria-da-camara-do-departamento-de-odontologia-restauradora-realizada-em-23-de-outubro-de-2019\/\" \/>\n<meta property=\"og:locale\" content=\"pt_BR\" \/>\n<meta property=\"og:type\" content=\"article\" \/>\n<meta property=\"og:title\" content=\"Ata da Reuni\u00e3o Ordin\u00e1ria da C\u00e2mara do Departamento de Odontologia Restauradora realizada em 22 de novembro de 2019. - Departamento de Odontologia Restauradora\" \/>\n<meta property=\"og:description\" content=\"Ata da reuni\u00e3o ordin\u00e1ria da C\u00e2mara do Departamento de Odontologia Restauradora da Faculdade de Odontologia da Universidade Federal de Minas Gerais realizada no dia 22 de novembro de 2019. Clique Aqui.\" \/>\n<meta property=\"og:url\" content=\"https:\/\/www.odonto.ufmg.br\/odr\/documentos\/ata-da-reuniao-ordinaria-da-camara-do-departamento-de-odontologia-restauradora-realizada-em-23-de-outubro-de-2019\/\" \/>\n<meta property=\"og:site_name\" content=\"Departamento de Odontologia Restauradora\" \/>\n<meta property=\"article:published_time\" content=\"2019-12-12T13:56:21+00:00\" \/>\n<meta property=\"article:modified_time\" content=\"2020-07-09T12:02:27+00:00\" \/>\n<meta property=\"og:image\" content=\"https:\/\/www.odonto.ufmg.br\/odr\/wp-content\/uploads\/sites\/7\/2014\/02\/professor-1030x682-1030x682.jpg\" \/>\n\t<meta property=\"og:image:width\" content=\"1030\" \/>\n\t<meta property=\"og:image:height\" content=\"682\" \/>\n\t<meta property=\"og:image:type\" content=\"image\/jpeg\" \/>\n<meta name=\"author\" content=\"secodr\" \/>\n<meta name=\"twitter:card\" content=\"summary_large_image\" \/>\n<meta name=\"twitter:label1\" content=\"Escrito por\" \/>\n\t<meta name=\"twitter:data1\" content=\"secodr\" \/>\n<script type=\"application\/ld+json\" class=\"yoast-schema-graph\">{\"@context\":\"https:\\\/\\\/schema.org\",\"@graph\":[{\"@type\":\"Article\",\"@id\":\"https:\\\/\\\/www.odonto.ufmg.br\\\/odr\\\/documentos\\\/ata-da-reuniao-ordinaria-da-camara-do-departamento-de-odontologia-restauradora-realizada-em-23-de-outubro-de-2019\\\/#article\",\"isPartOf\":{\"@id\":\"https:\\\/\\\/www.odonto.ufmg.br\\\/odr\\\/documentos\\\/ata-da-reuniao-ordinaria-da-camara-do-departamento-de-odontologia-restauradora-realizada-em-23-de-outubro-de-2019\\\/\"},\"author\":{\"name\":\"secodr\",\"@id\":\"https:\\\/\\\/www.odonto.ufmg.br\\\/odr\\\/#\\\/schema\\\/person\\\/18672957c10897a6d4feea65420703b0\"},\"headline\":\"Ata da Reuni\u00e3o Ordin\u00e1ria da C\u00e2mara do Departamento de Odontologia Restauradora realizada em 22 de novembro de 2019.\",\"datePublished\":\"2019-12-12T13:56:21+00:00\",\"dateModified\":\"2020-07-09T12:02:27+00:00\",\"mainEntityOfPage\":{\"@id\":\"https:\\\/\\\/www.odonto.ufmg.br\\\/odr\\\/documentos\\\/ata-da-reuniao-ordinaria-da-camara-do-departamento-de-odontologia-restauradora-realizada-em-23-de-outubro-de-2019\\\/\"},\"wordCount\":51,\"image\":{\"@id\":\"https:\\\/\\\/www.odonto.ufmg.br\\\/odr\\\/documentos\\\/ata-da-reuniao-ordinaria-da-camara-do-departamento-de-odontologia-restauradora-realizada-em-23-de-outubro-de-2019\\\/#primaryimage\"},\"thumbnailUrl\":\"https:\\\/\\\/www.odonto.ufmg.br\\\/odr\\\/wp-content\\\/uploads\\\/sites\\\/7\\\/2014\\\/02\\\/professor-1030x682-1030x682.jpg\",\"articleSection\":[\"Atas\",\"Documentos\",\"Geral\"],\"inLanguage\":\"pt-BR\"},{\"@type\":\"WebPage\",\"@id\":\"https:\\\/\\\/www.odonto.ufmg.br\\\/odr\\\/documentos\\\/ata-da-reuniao-ordinaria-da-camara-do-departamento-de-odontologia-restauradora-realizada-em-23-de-outubro-de-2019\\\/\",\"url\":\"https:\\\/\\\/www.odonto.ufmg.br\\\/odr\\\/documentos\\\/ata-da-reuniao-ordinaria-da-camara-do-departamento-de-odontologia-restauradora-realizada-em-23-de-outubro-de-2019\\\/\",\"name\":\"Ata da Reuni\u00e3o Ordin\u00e1ria da C\u00e2mara do Departamento de Odontologia Restauradora realizada em 22 de novembro de 2019. - Departamento de Odontologia Restauradora\",\"isPartOf\":{\"@id\":\"https:\\\/\\\/www.odonto.ufmg.br\\\/odr\\\/#website\"},\"primaryImageOfPage\":{\"@id\":\"https:\\\/\\\/www.odonto.ufmg.br\\\/odr\\\/documentos\\\/ata-da-reuniao-ordinaria-da-camara-do-departamento-de-odontologia-restauradora-realizada-em-23-de-outubro-de-2019\\\/#primaryimage\"},\"image\":{\"@id\":\"https:\\\/\\\/www.odonto.ufmg.br\\\/odr\\\/documentos\\\/ata-da-reuniao-ordinaria-da-camara-do-departamento-de-odontologia-restauradora-realizada-em-23-de-outubro-de-2019\\\/#primaryimage\"},\"thumbnailUrl\":\"https:\\\/\\\/www.odonto.ufmg.br\\\/odr\\\/wp-content\\\/uploads\\\/sites\\\/7\\\/2014\\\/02\\\/professor-1030x682-1030x682.jpg\",\"datePublished\":\"2019-12-12T13:56:21+00:00\",\"dateModified\":\"2020-07-09T12:02:27+00:00\",\"author\":{\"@id\":\"https:\\\/\\\/www.odonto.ufmg.br\\\/odr\\\/#\\\/schema\\\/person\\\/18672957c10897a6d4feea65420703b0\"},\"breadcrumb\":{\"@id\":\"https:\\\/\\\/www.odonto.ufmg.br\\\/odr\\\/documentos\\\/ata-da-reuniao-ordinaria-da-camara-do-departamento-de-odontologia-restauradora-realizada-em-23-de-outubro-de-2019\\\/#breadcrumb\"},\"inLanguage\":\"pt-BR\",\"potentialAction\":[{\"@type\":\"ReadAction\",\"target\":[\"https:\\\/\\\/www.odonto.ufmg.br\\\/odr\\\/documentos\\\/ata-da-reuniao-ordinaria-da-camara-do-departamento-de-odontologia-restauradora-realizada-em-23-de-outubro-de-2019\\\/\"]}]},{\"@type\":\"ImageObject\",\"inLanguage\":\"pt-BR\",\"@id\":\"https:\\\/\\\/www.odonto.ufmg.br\\\/odr\\\/documentos\\\/ata-da-reuniao-ordinaria-da-camara-do-departamento-de-odontologia-restauradora-realizada-em-23-de-outubro-de-2019\\\/#primaryimage\",\"url\":\"https:\\\/\\\/www.odonto.ufmg.br\\\/odr\\\/wp-content\\\/uploads\\\/sites\\\/7\\\/2014\\\/02\\\/professor-1030x682-1030x682.jpg\",\"contentUrl\":\"https:\\\/\\\/www.odonto.ufmg.br\\\/odr\\\/wp-content\\\/uploads\\\/sites\\\/7\\\/2014\\\/02\\\/professor-1030x682-1030x682.jpg\",\"width\":1030,\"height\":682},{\"@type\":\"BreadcrumbList\",\"@id\":\"https:\\\/\\\/www.odonto.ufmg.br\\\/odr\\\/documentos\\\/ata-da-reuniao-ordinaria-da-camara-do-departamento-de-odontologia-restauradora-realizada-em-23-de-outubro-de-2019\\\/#breadcrumb\",\"itemListElement\":[{\"@type\":\"ListItem\",\"position\":1,\"name\":\"In\u00edcio\",\"item\":\"https:\\\/\\\/www.odonto.ufmg.br\\\/odr\\\/\"},{\"@type\":\"ListItem\",\"position\":2,\"name\":\"Ata da Reuni\u00e3o Ordin\u00e1ria da C\u00e2mara do Departamento de Odontologia Restauradora realizada em 22 de novembro de 2019.\"}]},{\"@type\":\"WebSite\",\"@id\":\"https:\\\/\\\/www.odonto.ufmg.br\\\/odr\\\/#website\",\"url\":\"https:\\\/\\\/www.odonto.ufmg.br\\\/odr\\\/\",\"name\":\"Departamento de Odontologia Restauradora\",\"description\":\"Faculdade de Odontologia - Universidade Federal de Minas Gerais\",\"potentialAction\":[{\"@type\":\"SearchAction\",\"target\":{\"@type\":\"EntryPoint\",\"urlTemplate\":\"https:\\\/\\\/www.odonto.ufmg.br\\\/odr\\\/?s={search_term_string}\"},\"query-input\":{\"@type\":\"PropertyValueSpecification\",\"valueRequired\":true,\"valueName\":\"search_term_string\"}}],\"inLanguage\":\"pt-BR\"},{\"@type\":\"Person\",\"@id\":\"https:\\\/\\\/www.odonto.ufmg.br\\\/odr\\\/#\\\/schema\\\/person\\\/18672957c10897a6d4feea65420703b0\",\"name\":\"secodr\",\"image\":{\"@type\":\"ImageObject\",\"inLanguage\":\"pt-BR\",\"@id\":\"https:\\\/\\\/secure.gravatar.com\\\/avatar\\\/a9a969728e9f76ca801a77f6ce112c4d66dd73f45961de77b9de57cd1c88eaa0?s=96&d=mm&r=g\",\"url\":\"https:\\\/\\\/secure.gravatar.com\\\/avatar\\\/a9a969728e9f76ca801a77f6ce112c4d66dd73f45961de77b9de57cd1c88eaa0?s=96&d=mm&r=g\",\"contentUrl\":\"https:\\\/\\\/secure.gravatar.com\\\/avatar\\\/a9a969728e9f76ca801a77f6ce112c4d66dd73f45961de77b9de57cd1c88eaa0?s=96&d=mm&r=g\",\"caption\":\"secodr\"},\"url\":\"https:\\\/\\\/www.odonto.ufmg.br\\\/odr\\\/author\\\/secodr\\\/\"}]}<\/script>\n<!-- \/ Yoast SEO plugin. -->","yoast_head_json":{"title":"Ata da Reuni\u00e3o Ordin\u00e1ria da C\u00e2mara do Departamento de Odontologia Restauradora realizada em 22 de novembro de 2019. - Departamento de Odontologia Restauradora","robots":{"index":"index","follow":"follow","max-snippet":"max-snippet:-1","max-image-preview":"max-image-preview:large","max-video-preview":"max-video-preview:-1"},"canonical":"https:\/\/www.odonto.ufmg.br\/odr\/documentos\/ata-da-reuniao-ordinaria-da-camara-do-departamento-de-odontologia-restauradora-realizada-em-23-de-outubro-de-2019\/","og_locale":"pt_BR","og_type":"article","og_title":"Ata da Reuni\u00e3o Ordin\u00e1ria da C\u00e2mara do Departamento de Odontologia Restauradora realizada em 22 de novembro de 2019. - Departamento de Odontologia Restauradora","og_description":"Ata da reuni\u00e3o ordin\u00e1ria da C\u00e2mara do Departamento de Odontologia Restauradora da Faculdade de Odontologia da Universidade Federal de Minas Gerais realizada no dia 22 de novembro de 2019. Clique Aqui.","og_url":"https:\/\/www.odonto.ufmg.br\/odr\/documentos\/ata-da-reuniao-ordinaria-da-camara-do-departamento-de-odontologia-restauradora-realizada-em-23-de-outubro-de-2019\/","og_site_name":"Departamento de Odontologia Restauradora","article_published_time":"2019-12-12T13:56:21+00:00","article_modified_time":"2020-07-09T12:02:27+00:00","og_image":[{"width":1030,"height":682,"url":"https:\/\/www.odonto.ufmg.br\/odr\/wp-content\/uploads\/sites\/7\/2014\/02\/professor-1030x682-1030x682.jpg","type":"image\/jpeg"}],"author":"secodr","twitter_card":"summary_large_image","twitter_misc":{"Escrito por":"secodr"},"schema":{"@context":"https:\/\/schema.org","@graph":[{"@type":"Article","@id":"https:\/\/www.odonto.ufmg.br\/odr\/documentos\/ata-da-reuniao-ordinaria-da-camara-do-departamento-de-odontologia-restauradora-realizada-em-23-de-outubro-de-2019\/#article","isPartOf":{"@id":"https:\/\/www.odonto.ufmg.br\/odr\/documentos\/ata-da-reuniao-ordinaria-da-camara-do-departamento-de-odontologia-restauradora-realizada-em-23-de-outubro-de-2019\/"},"author":{"name":"secodr","@id":"https:\/\/www.odonto.ufmg.br\/odr\/#\/schema\/person\/18672957c10897a6d4feea65420703b0"},"headline":"Ata da Reuni\u00e3o Ordin\u00e1ria da C\u00e2mara do Departamento de Odontologia Restauradora realizada em 22 de novembro de 2019.","datePublished":"2019-12-12T13:56:21+00:00","dateModified":"2020-07-09T12:02:27+00:00","mainEntityOfPage":{"@id":"https:\/\/www.odonto.ufmg.br\/odr\/documentos\/ata-da-reuniao-ordinaria-da-camara-do-departamento-de-odontologia-restauradora-realizada-em-23-de-outubro-de-2019\/"},"wordCount":51,"image":{"@id":"https:\/\/www.odonto.ufmg.br\/odr\/documentos\/ata-da-reuniao-ordinaria-da-camara-do-departamento-de-odontologia-restauradora-realizada-em-23-de-outubro-de-2019\/#primaryimage"},"thumbnailUrl":"https:\/\/www.odonto.ufmg.br\/odr\/wp-content\/uploads\/sites\/7\/2014\/02\/professor-1030x682-1030x682.jpg","articleSection":["Atas","Documentos","Geral"],"inLanguage":"pt-BR"},{"@type":"WebPage","@id":"https:\/\/www.odonto.ufmg.br\/odr\/documentos\/ata-da-reuniao-ordinaria-da-camara-do-departamento-de-odontologia-restauradora-realizada-em-23-de-outubro-de-2019\/","url":"https:\/\/www.odonto.ufmg.br\/odr\/documentos\/ata-da-reuniao-ordinaria-da-camara-do-departamento-de-odontologia-restauradora-realizada-em-23-de-outubro-de-2019\/","name":"Ata da Reuni\u00e3o Ordin\u00e1ria da C\u00e2mara do Departamento de Odontologia Restauradora realizada em 22 de novembro de 2019. - Departamento de Odontologia Restauradora","isPartOf":{"@id":"https:\/\/www.odonto.ufmg.br\/odr\/#website"},"primaryImageOfPage":{"@id":"https:\/\/www.odonto.ufmg.br\/odr\/documentos\/ata-da-reuniao-ordinaria-da-camara-do-departamento-de-odontologia-restauradora-realizada-em-23-de-outubro-de-2019\/#primaryimage"},"image":{"@id":"https:\/\/www.odonto.ufmg.br\/odr\/documentos\/ata-da-reuniao-ordinaria-da-camara-do-departamento-de-odontologia-restauradora-realizada-em-23-de-outubro-de-2019\/#primaryimage"},"thumbnailUrl":"https:\/\/www.odonto.ufmg.br\/odr\/wp-content\/uploads\/sites\/7\/2014\/02\/professor-1030x682-1030x682.jpg","datePublished":"2019-12-12T13:56:21+00:00","dateModified":"2020-07-09T12:02:27+00:00","author":{"@id":"https:\/\/www.odonto.ufmg.br\/odr\/#\/schema\/person\/18672957c10897a6d4feea65420703b0"},"breadcrumb":{"@id":"https:\/\/www.odonto.ufmg.br\/odr\/documentos\/ata-da-reuniao-ordinaria-da-camara-do-departamento-de-odontologia-restauradora-realizada-em-23-de-outubro-de-2019\/#breadcrumb"},"inLanguage":"pt-BR","potentialAction":[{"@type":"ReadAction","target":["https:\/\/www.odonto.ufmg.br\/odr\/documentos\/ata-da-reuniao-ordinaria-da-camara-do-departamento-de-odontologia-restauradora-realizada-em-23-de-outubro-de-2019\/"]}]},{"@type":"ImageObject","inLanguage":"pt-BR","@id":"https:\/\/www.odonto.ufmg.br\/odr\/documentos\/ata-da-reuniao-ordinaria-da-camara-do-departamento-de-odontologia-restauradora-realizada-em-23-de-outubro-de-2019\/#primaryimage","url":"https:\/\/www.odonto.ufmg.br\/odr\/wp-content\/uploads\/sites\/7\/2014\/02\/professor-1030x682-1030x682.jpg","contentUrl":"https:\/\/www.odonto.ufmg.br\/odr\/wp-content\/uploads\/sites\/7\/2014\/02\/professor-1030x682-1030x682.jpg","width":1030,"height":682},{"@type":"BreadcrumbList","@id":"https:\/\/www.odonto.ufmg.br\/odr\/documentos\/ata-da-reuniao-ordinaria-da-camara-do-departamento-de-odontologia-restauradora-realizada-em-23-de-outubro-de-2019\/#breadcrumb","itemListElement":[{"@type":"ListItem","position":1,"name":"In\u00edcio","item":"https:\/\/www.odonto.ufmg.br\/odr\/"},{"@type":"ListItem","position":2,"name":"Ata da Reuni\u00e3o Ordin\u00e1ria da C\u00e2mara do Departamento de Odontologia Restauradora realizada em 22 de novembro de 2019."}]},{"@type":"WebSite","@id":"https:\/\/www.odonto.ufmg.br\/odr\/#website","url":"https:\/\/www.odonto.ufmg.br\/odr\/","name":"Departamento de Odontologia Restauradora","description":"Faculdade de Odontologia - Universidade Federal de Minas Gerais","potentialAction":[{"@type":"SearchAction","target":{"@type":"EntryPoint","urlTemplate":"https:\/\/www.odonto.ufmg.br\/odr\/?s={search_term_string}"},"query-input":{"@type":"PropertyValueSpecification","valueRequired":true,"valueName":"search_term_string"}}],"inLanguage":"pt-BR"},{"@type":"Person","@id":"https:\/\/www.odonto.ufmg.br\/odr\/#\/schema\/person\/18672957c10897a6d4feea65420703b0","name":"secodr","image":{"@type":"ImageObject","inLanguage":"pt-BR","@id":"https:\/\/secure.gravatar.com\/avatar\/a9a969728e9f76ca801a77f6ce112c4d66dd73f45961de77b9de57cd1c88eaa0?s=96&d=mm&r=g","url":"https:\/\/secure.gravatar.com\/avatar\/a9a969728e9f76ca801a77f6ce112c4d66dd73f45961de77b9de57cd1c88eaa0?s=96&d=mm&r=g","contentUrl":"https:\/\/secure.gravatar.com\/avatar\/a9a969728e9f76ca801a77f6ce112c4d66dd73f45961de77b9de57cd1c88eaa0?s=96&d=mm&r=g","caption":"secodr"},"url":"https:\/\/www.odonto.ufmg.br\/odr\/author\/secodr\/"}]}},"_links":{"self":[{"href":"https:\/\/www.odonto.ufmg.br\/odr\/wp-json\/wp\/v2\/posts\/4615","targetHints":{"allow":["GET"]}}],"collection":[{"href":"https:\/\/www.odonto.ufmg.br\/odr\/wp-json\/wp\/v2\/posts"}],"about":[{"href":"https:\/\/www.odonto.ufmg.br\/odr\/wp-json\/wp\/v2\/types\/post"}],"author":[{"embeddable":true,"href":"https:\/\/www.odonto.ufmg.br\/odr\/wp-json\/wp\/v2\/users\/26"}],"replies":[{"embeddable":true,"href":"https:\/\/www.odonto.ufmg.br\/odr\/wp-json\/wp\/v2\/comments?post=4615"}],"version-history":[{"count":6,"href":"https:\/\/www.odonto.ufmg.br\/odr\/wp-json\/wp\/v2\/posts\/4615\/revisions"}],"predecessor-version":[{"id":4650,"href":"https:\/\/www.odonto.ufmg.br\/odr\/wp-json\/wp\/v2\/posts\/4615\/revisions\/4650"}],"wp:featuredmedia":[{"embeddable":true,"href":"https:\/\/www.odonto.ufmg.br\/odr\/wp-json\/wp\/v2\/media\/3463"}],"wp:attachment":[{"href":"https:\/\/www.odonto.ufmg.br\/odr\/wp-json\/wp\/v2\/media?parent=4615"}],"wp:term":[{"taxonomy":"category","embeddable":true,"href":"https:\/\/www.odonto.ufmg.br\/odr\/wp-json\/wp\/v2\/categories?post=4615"},{"taxonomy":"post_tag","embeddable":true,"href":"https:\/\/www.odonto.ufmg.br\/odr\/wp-json\/wp\/v2\/tags?post=4615"}],"curies":[{"name":"wp","href":"https:\/\/api.w.org\/{rel}","templated":true}]}}