{"id":7078,"date":"2016-08-01T10:18:56","date_gmt":"2016-08-01T13:18:56","guid":{"rendered":"https:\/\/www.odonto.ufmg.br\/novo\/?p=7078"},"modified":"2016-10-19T10:18:50","modified_gmt":"2016-10-19T12:18:50","slug":"campanha-de-reciclagem-da-faculdade-de-odontologia","status":"publish","type":"post","link":"https:\/\/www.odonto.ufmg.br\/novo\/noticias\/campanha-de-reciclagem-da-faculdade-de-odontologia\/","title":{"rendered":"Participe da campanha de reciclagem da Faculdade de Odontologia"},"content":{"rendered":"<p style=\"text-align: justify;\">A Faculdade de Odontologia acaba de aderir a dois programas da Terra Cycle, uma ONG que prop\u00f5e solu\u00e7\u00f5es para res\u00edduos de dif\u00edcil reciclagem. S\u00e3o programas sem \u00f4nus para a institui\u00e7\u00e3o e que, al\u00e9m do benef\u00edcio socioambiental, oferecem um programa de recompensas, que pode gerar recursos para a escola. Abaixo segue os programas e os materiais que ser\u00e3o coletados:<\/p>\n<p style=\"text-align: justify;\"><strong>Brigada de Instrumentos de Escrita Faber-Castell<\/strong><br \/>\n<strong>Res\u00edduos coletados:<\/strong><\/p>\n<ul style=\"text-align: justify;\">\n<li>L\u00e1pis;<\/li>\n<li>L\u00e1pis de cor;<\/li>\n<li>Lapiseiras;<\/li>\n<li>Canetinhas;<\/li>\n<li>Pinc\u00e9is;<\/li>\n<li>Marca-textos;<\/li>\n<li>Borrachas;<\/li>\n<li>Apontadores.<\/li>\n<\/ul>\n<p style=\"text-align: justify;\"><strong>Brigada de Sa\u00fade Bucal Colgate<\/strong><br \/>\n<strong> Res\u00edduos coletados:<\/strong><\/p>\n<ul style=\"text-align: justify;\">\n<li>Escovas de dente usadas;<\/li>\n<li>Tubos de pasta de dente vazios;<\/li>\n<li>Embalagens das escovas e pastas de dente.<\/li>\n<\/ul>\n<p style=\"text-align: justify;\">Os produtos destinados \u00e0 reciclagem podem ser de qualquer marca, utilizados na faculdade e tamb\u00e9m trazidos de casa, das cl\u00ednicas, consult\u00f3rios, etc.\u00a0Os coletores para a entrega dos res\u00edduos est\u00e3o localizados no 1\u00b0 andar da FAO, pr\u00f3ximo dos rel\u00f3gios de ponto e ao lado do papa-pilhas.<br \/>\nMaiores volumes poder\u00e3o ser entregues diretamente para a Coordena\u00e7\u00e3o de Res\u00edduos (subsolo \u2013 sala 1010)<br \/>\nContamos com o envolvimento de todos para, juntos, coletarmos o maior volume poss\u00edvel!<br \/>\nDivulguem! Coletem! Reciclem!\u00a0Faz bem para a escola, faz bem para o planeta!<\/p>\n","protected":false},"excerpt":{"rendered":"<p>A Faculdade de Odontologia acaba de aderir a dois programas da Terra Cycle, uma ONG que prop\u00f5e solu\u00e7\u00f5es para res\u00edduos de dif\u00edcil reciclagem. S\u00e3o programas sem \u00f4nus para a institui\u00e7\u00e3o e que, al\u00e9m do benef\u00edcio socioambiental, oferecem um programa de recompensas, que pode gerar recursos para a escola. Abaixo segue os programas e os materiais [&hellip;]<\/p>\n","protected":false},"author":4,"featured_media":7079,"comment_status":"closed","ping_status":"closed","sticky":false,"template":"","format":"standard","meta":{"inline_featured_image":false,"footnotes":""},"categories":[49],"tags":[],"class_list":["post-7078","post","type-post","status-publish","format-standard","has-post-thumbnail","hentry","category-noticias"],"yoast_head":"<!-- This site is optimized with the Yoast SEO plugin v27.5 - https:\/\/yoast.com\/product\/yoast-seo-wordpress\/ -->\n<title>Participe da campanha de reciclagem da Faculdade de Odontologia - Novo Site<\/title>\n<meta name=\"robots\" content=\"index, follow, max-snippet:-1, max-image-preview:large, max-video-preview:-1\" \/>\n<link rel=\"canonical\" href=\"https:\/\/www.odonto.ufmg.br\/novo\/noticias\/campanha-de-reciclagem-da-faculdade-de-odontologia\/\" \/>\n<meta property=\"og:locale\" content=\"pt_BR\" \/>\n<meta property=\"og:type\" content=\"article\" \/>\n<meta property=\"og:title\" content=\"Participe da campanha de reciclagem da Faculdade de Odontologia - Novo Site\" \/>\n<meta property=\"og:description\" content=\"A Faculdade de Odontologia acaba de aderir a dois programas da Terra Cycle, uma ONG que prop\u00f5e solu\u00e7\u00f5es para res\u00edduos de dif\u00edcil reciclagem. S\u00e3o programas sem \u00f4nus para a institui\u00e7\u00e3o e que, al\u00e9m do benef\u00edcio socioambiental, oferecem um programa de recompensas, que pode gerar recursos para a escola. Abaixo segue os programas e os materiais [&hellip;]\" \/>\n<meta property=\"og:url\" content=\"https:\/\/www.odonto.ufmg.br\/novo\/noticias\/campanha-de-reciclagem-da-faculdade-de-odontologia\/\" \/>\n<meta property=\"og:site_name\" content=\"Novo Site\" \/>\n<meta property=\"article:publisher\" content=\"https:\/\/www.facebook.com\/faoufmg\/\" \/>\n<meta property=\"article:published_time\" content=\"2016-08-01T13:18:56+00:00\" \/>\n<meta property=\"article:modified_time\" content=\"2016-10-19T12:18:50+00:00\" \/>\n<meta property=\"og:image\" content=\"https:\/\/www.odonto.ufmg.br\/novo\/wp-content\/uploads\/sites\/32\/2016\/08\/recycle.png\" \/>\n\t<meta property=\"og:image:width\" content=\"5000\" \/>\n\t<meta property=\"og:image:height\" content=\"1936\" \/>\n\t<meta property=\"og:image:type\" content=\"image\/png\" \/>\n<meta name=\"twitter:card\" content=\"summary_large_image\" \/>\n<meta name=\"twitter:label1\" content=\"Escrito por\" \/>\n\t<meta name=\"twitter:data1\" content=\"\" \/>\n\t<meta name=\"twitter:label2\" content=\"Est. tempo de leitura\" \/>\n\t<meta name=\"twitter:data2\" content=\"1 minuto\" \/>\n<script type=\"application\/ld+json\" class=\"yoast-schema-graph\">{\"@context\":\"https:\\\/\\\/schema.org\",\"@graph\":[{\"@type\":\"Article\",\"@id\":\"https:\\\/\\\/www.odonto.ufmg.br\\\/novo\\\/noticias\\\/campanha-de-reciclagem-da-faculdade-de-odontologia\\\/#article\",\"isPartOf\":{\"@id\":\"https:\\\/\\\/www.odonto.ufmg.br\\\/novo\\\/noticias\\\/campanha-de-reciclagem-da-faculdade-de-odontologia\\\/\"},\"author\":{\"name\":\"\",\"@id\":\"\"},\"headline\":\"Participe da campanha de reciclagem da Faculdade de Odontologia\",\"datePublished\":\"2016-08-01T13:18:56+00:00\",\"dateModified\":\"2016-10-19T12:18:50+00:00\",\"mainEntityOfPage\":{\"@id\":\"https:\\\/\\\/www.odonto.ufmg.br\\\/novo\\\/noticias\\\/campanha-de-reciclagem-da-faculdade-de-odontologia\\\/\"},\"wordCount\":218,\"publisher\":{\"@id\":\"https:\\\/\\\/www.odonto.ufmg.br\\\/novo\\\/#organization\"},\"image\":{\"@id\":\"https:\\\/\\\/www.odonto.ufmg.br\\\/novo\\\/noticias\\\/campanha-de-reciclagem-da-faculdade-de-odontologia\\\/#primaryimage\"},\"thumbnailUrl\":\"https:\\\/\\\/www.odonto.ufmg.br\\\/novo\\\/wp-content\\\/uploads\\\/sites\\\/32\\\/2016\\\/08\\\/recycle.png\",\"articleSection\":[\"Geral\"],\"inLanguage\":\"pt-BR\"},{\"@type\":\"WebPage\",\"@id\":\"https:\\\/\\\/www.odonto.ufmg.br\\\/novo\\\/noticias\\\/campanha-de-reciclagem-da-faculdade-de-odontologia\\\/\",\"url\":\"https:\\\/\\\/www.odonto.ufmg.br\\\/novo\\\/noticias\\\/campanha-de-reciclagem-da-faculdade-de-odontologia\\\/\",\"name\":\"Participe da campanha de reciclagem da Faculdade de Odontologia - Novo Site\",\"isPartOf\":{\"@id\":\"https:\\\/\\\/www.odonto.ufmg.br\\\/novo\\\/#website\"},\"primaryImageOfPage\":{\"@id\":\"https:\\\/\\\/www.odonto.ufmg.br\\\/novo\\\/noticias\\\/campanha-de-reciclagem-da-faculdade-de-odontologia\\\/#primaryimage\"},\"image\":{\"@id\":\"https:\\\/\\\/www.odonto.ufmg.br\\\/novo\\\/noticias\\\/campanha-de-reciclagem-da-faculdade-de-odontologia\\\/#primaryimage\"},\"thumbnailUrl\":\"https:\\\/\\\/www.odonto.ufmg.br\\\/novo\\\/wp-content\\\/uploads\\\/sites\\\/32\\\/2016\\\/08\\\/recycle.png\",\"datePublished\":\"2016-08-01T13:18:56+00:00\",\"dateModified\":\"2016-10-19T12:18:50+00:00\",\"breadcrumb\":{\"@id\":\"https:\\\/\\\/www.odonto.ufmg.br\\\/novo\\\/noticias\\\/campanha-de-reciclagem-da-faculdade-de-odontologia\\\/#breadcrumb\"},\"inLanguage\":\"pt-BR\",\"potentialAction\":[{\"@type\":\"ReadAction\",\"target\":[\"https:\\\/\\\/www.odonto.ufmg.br\\\/novo\\\/noticias\\\/campanha-de-reciclagem-da-faculdade-de-odontologia\\\/\"]}]},{\"@type\":\"ImageObject\",\"inLanguage\":\"pt-BR\",\"@id\":\"https:\\\/\\\/www.odonto.ufmg.br\\\/novo\\\/noticias\\\/campanha-de-reciclagem-da-faculdade-de-odontologia\\\/#primaryimage\",\"url\":\"https:\\\/\\\/www.odonto.ufmg.br\\\/novo\\\/wp-content\\\/uploads\\\/sites\\\/32\\\/2016\\\/08\\\/recycle.png\",\"contentUrl\":\"https:\\\/\\\/www.odonto.ufmg.br\\\/novo\\\/wp-content\\\/uploads\\\/sites\\\/32\\\/2016\\\/08\\\/recycle.png\",\"width\":5000,\"height\":1936},{\"@type\":\"BreadcrumbList\",\"@id\":\"https:\\\/\\\/www.odonto.ufmg.br\\\/novo\\\/noticias\\\/campanha-de-reciclagem-da-faculdade-de-odontologia\\\/#breadcrumb\",\"itemListElement\":[{\"@type\":\"ListItem\",\"position\":1,\"name\":\"In\u00edcio\",\"item\":\"https:\\\/\\\/www.odonto.ufmg.br\\\/novo\\\/inicio-2\\\/\"},{\"@type\":\"ListItem\",\"position\":2,\"name\":\"Participe da campanha de reciclagem da Faculdade de Odontologia\"}]},{\"@type\":\"WebSite\",\"@id\":\"https:\\\/\\\/www.odonto.ufmg.br\\\/novo\\\/#website\",\"url\":\"https:\\\/\\\/www.odonto.ufmg.br\\\/novo\\\/\",\"name\":\"Novo Site\",\"description\":\"Portal da Faculdade de Odontologia da Universidade Federal de Minas Gerais\",\"publisher\":{\"@id\":\"https:\\\/\\\/www.odonto.ufmg.br\\\/novo\\\/#organization\"},\"potentialAction\":[{\"@type\":\"SearchAction\",\"target\":{\"@type\":\"EntryPoint\",\"urlTemplate\":\"https:\\\/\\\/www.odonto.ufmg.br\\\/novo\\\/?s={search_term_string}\"},\"query-input\":{\"@type\":\"PropertyValueSpecification\",\"valueRequired\":true,\"valueName\":\"search_term_string\"}}],\"inLanguage\":\"pt-BR\"},{\"@type\":\"Organization\",\"@id\":\"https:\\\/\\\/www.odonto.ufmg.br\\\/novo\\\/#organization\",\"name\":\"Faculdade de Odontologia da UFMG\",\"url\":\"https:\\\/\\\/www.odonto.ufmg.br\\\/novo\\\/\",\"logo\":{\"@type\":\"ImageObject\",\"inLanguage\":\"pt-BR\",\"@id\":\"https:\\\/\\\/www.odonto.ufmg.br\\\/novo\\\/#\\\/schema\\\/logo\\\/image\\\/\",\"url\":\"https:\\\/\\\/www.odonto.ufmg.br\\\/novo\\\/wp-content\\\/uploads\\\/sites\\\/32\\\/2015\\\/12\\\/logo-fao-ufmg.png\",\"contentUrl\":\"https:\\\/\\\/www.odonto.ufmg.br\\\/novo\\\/wp-content\\\/uploads\\\/sites\\\/32\\\/2015\\\/12\\\/logo-fao-ufmg.png\",\"width\":340,\"height\":156,\"caption\":\"Faculdade de Odontologia da UFMG\"},\"image\":{\"@id\":\"https:\\\/\\\/www.odonto.ufmg.br\\\/novo\\\/#\\\/schema\\\/logo\\\/image\\\/\"},\"sameAs\":[\"https:\\\/\\\/www.facebook.com\\\/faoufmg\\\/\"]},{\"@type\":\"Person\",\"@id\":\"\"}]}<\/script>\n<!-- \/ Yoast SEO plugin. -->","yoast_head_json":{"title":"Participe da campanha de reciclagem da Faculdade de Odontologia - Novo Site","robots":{"index":"index","follow":"follow","max-snippet":"max-snippet:-1","max-image-preview":"max-image-preview:large","max-video-preview":"max-video-preview:-1"},"canonical":"https:\/\/www.odonto.ufmg.br\/novo\/noticias\/campanha-de-reciclagem-da-faculdade-de-odontologia\/","og_locale":"pt_BR","og_type":"article","og_title":"Participe da campanha de reciclagem da Faculdade de Odontologia - Novo Site","og_description":"A Faculdade de Odontologia acaba de aderir a dois programas da Terra Cycle, uma ONG que prop\u00f5e solu\u00e7\u00f5es para res\u00edduos de dif\u00edcil reciclagem. S\u00e3o programas sem \u00f4nus para a institui\u00e7\u00e3o e que, al\u00e9m do benef\u00edcio socioambiental, oferecem um programa de recompensas, que pode gerar recursos para a escola. Abaixo segue os programas e os materiais [&hellip;]","og_url":"https:\/\/www.odonto.ufmg.br\/novo\/noticias\/campanha-de-reciclagem-da-faculdade-de-odontologia\/","og_site_name":"Novo Site","article_publisher":"https:\/\/www.facebook.com\/faoufmg\/","article_published_time":"2016-08-01T13:18:56+00:00","article_modified_time":"2016-10-19T12:18:50+00:00","og_image":[{"width":5000,"height":1936,"url":"https:\/\/www.odonto.ufmg.br\/novo\/wp-content\/uploads\/sites\/32\/2016\/08\/recycle.png","type":"image\/png"}],"twitter_card":"summary_large_image","twitter_misc":{"Escrito por":"","Est. tempo de leitura":"1 minuto"},"schema":{"@context":"https:\/\/schema.org","@graph":[{"@type":"Article","@id":"https:\/\/www.odonto.ufmg.br\/novo\/noticias\/campanha-de-reciclagem-da-faculdade-de-odontologia\/#article","isPartOf":{"@id":"https:\/\/www.odonto.ufmg.br\/novo\/noticias\/campanha-de-reciclagem-da-faculdade-de-odontologia\/"},"author":{"name":"","@id":""},"headline":"Participe da campanha de reciclagem da Faculdade de Odontologia","datePublished":"2016-08-01T13:18:56+00:00","dateModified":"2016-10-19T12:18:50+00:00","mainEntityOfPage":{"@id":"https:\/\/www.odonto.ufmg.br\/novo\/noticias\/campanha-de-reciclagem-da-faculdade-de-odontologia\/"},"wordCount":218,"publisher":{"@id":"https:\/\/www.odonto.ufmg.br\/novo\/#organization"},"image":{"@id":"https:\/\/www.odonto.ufmg.br\/novo\/noticias\/campanha-de-reciclagem-da-faculdade-de-odontologia\/#primaryimage"},"thumbnailUrl":"https:\/\/www.odonto.ufmg.br\/novo\/wp-content\/uploads\/sites\/32\/2016\/08\/recycle.png","articleSection":["Geral"],"inLanguage":"pt-BR"},{"@type":"WebPage","@id":"https:\/\/www.odonto.ufmg.br\/novo\/noticias\/campanha-de-reciclagem-da-faculdade-de-odontologia\/","url":"https:\/\/www.odonto.ufmg.br\/novo\/noticias\/campanha-de-reciclagem-da-faculdade-de-odontologia\/","name":"Participe da campanha de reciclagem da Faculdade de Odontologia - Novo Site","isPartOf":{"@id":"https:\/\/www.odonto.ufmg.br\/novo\/#website"},"primaryImageOfPage":{"@id":"https:\/\/www.odonto.ufmg.br\/novo\/noticias\/campanha-de-reciclagem-da-faculdade-de-odontologia\/#primaryimage"},"image":{"@id":"https:\/\/www.odonto.ufmg.br\/novo\/noticias\/campanha-de-reciclagem-da-faculdade-de-odontologia\/#primaryimage"},"thumbnailUrl":"https:\/\/www.odonto.ufmg.br\/novo\/wp-content\/uploads\/sites\/32\/2016\/08\/recycle.png","datePublished":"2016-08-01T13:18:56+00:00","dateModified":"2016-10-19T12:18:50+00:00","breadcrumb":{"@id":"https:\/\/www.odonto.ufmg.br\/novo\/noticias\/campanha-de-reciclagem-da-faculdade-de-odontologia\/#breadcrumb"},"inLanguage":"pt-BR","potentialAction":[{"@type":"ReadAction","target":["https:\/\/www.odonto.ufmg.br\/novo\/noticias\/campanha-de-reciclagem-da-faculdade-de-odontologia\/"]}]},{"@type":"ImageObject","inLanguage":"pt-BR","@id":"https:\/\/www.odonto.ufmg.br\/novo\/noticias\/campanha-de-reciclagem-da-faculdade-de-odontologia\/#primaryimage","url":"https:\/\/www.odonto.ufmg.br\/novo\/wp-content\/uploads\/sites\/32\/2016\/08\/recycle.png","contentUrl":"https:\/\/www.odonto.ufmg.br\/novo\/wp-content\/uploads\/sites\/32\/2016\/08\/recycle.png","width":5000,"height":1936},{"@type":"BreadcrumbList","@id":"https:\/\/www.odonto.ufmg.br\/novo\/noticias\/campanha-de-reciclagem-da-faculdade-de-odontologia\/#breadcrumb","itemListElement":[{"@type":"ListItem","position":1,"name":"In\u00edcio","item":"https:\/\/www.odonto.ufmg.br\/novo\/inicio-2\/"},{"@type":"ListItem","position":2,"name":"Participe da campanha de reciclagem da Faculdade de Odontologia"}]},{"@type":"WebSite","@id":"https:\/\/www.odonto.ufmg.br\/novo\/#website","url":"https:\/\/www.odonto.ufmg.br\/novo\/","name":"Novo Site","description":"Portal da Faculdade de Odontologia da Universidade Federal de Minas Gerais","publisher":{"@id":"https:\/\/www.odonto.ufmg.br\/novo\/#organization"},"potentialAction":[{"@type":"SearchAction","target":{"@type":"EntryPoint","urlTemplate":"https:\/\/www.odonto.ufmg.br\/novo\/?s={search_term_string}"},"query-input":{"@type":"PropertyValueSpecification","valueRequired":true,"valueName":"search_term_string"}}],"inLanguage":"pt-BR"},{"@type":"Organization","@id":"https:\/\/www.odonto.ufmg.br\/novo\/#organization","name":"Faculdade de Odontologia da UFMG","url":"https:\/\/www.odonto.ufmg.br\/novo\/","logo":{"@type":"ImageObject","inLanguage":"pt-BR","@id":"https:\/\/www.odonto.ufmg.br\/novo\/#\/schema\/logo\/image\/","url":"https:\/\/www.odonto.ufmg.br\/novo\/wp-content\/uploads\/sites\/32\/2015\/12\/logo-fao-ufmg.png","contentUrl":"https:\/\/www.odonto.ufmg.br\/novo\/wp-content\/uploads\/sites\/32\/2015\/12\/logo-fao-ufmg.png","width":340,"height":156,"caption":"Faculdade de Odontologia da UFMG"},"image":{"@id":"https:\/\/www.odonto.ufmg.br\/novo\/#\/schema\/logo\/image\/"},"sameAs":["https:\/\/www.facebook.com\/faoufmg\/"]},{"@type":"Person","@id":""}]}},"_links":{"self":[{"href":"https:\/\/www.odonto.ufmg.br\/novo\/wp-json\/wp\/v2\/posts\/7078","targetHints":{"allow":["GET"]}}],"collection":[{"href":"https:\/\/www.odonto.ufmg.br\/novo\/wp-json\/wp\/v2\/posts"}],"about":[{"href":"https:\/\/www.odonto.ufmg.br\/novo\/wp-json\/wp\/v2\/types\/post"}],"author":[{"embeddable":true,"href":"https:\/\/www.odonto.ufmg.br\/novo\/wp-json\/wp\/v2\/users\/4"}],"replies":[{"embeddable":true,"href":"https:\/\/www.odonto.ufmg.br\/novo\/wp-json\/wp\/v2\/comments?post=7078"}],"version-history":[{"count":4,"href":"https:\/\/www.odonto.ufmg.br\/novo\/wp-json\/wp\/v2\/posts\/7078\/revisions"}],"predecessor-version":[{"id":7560,"href":"https:\/\/www.odonto.ufmg.br\/novo\/wp-json\/wp\/v2\/posts\/7078\/revisions\/7560"}],"wp:featuredmedia":[{"embeddable":true,"href":"https:\/\/www.odonto.ufmg.br\/novo\/wp-json\/wp\/v2\/media\/7079"}],"wp:attachment":[{"href":"https:\/\/www.odonto.ufmg.br\/novo\/wp-json\/wp\/v2\/media?parent=7078"}],"wp:term":[{"taxonomy":"category","embeddable":true,"href":"https:\/\/www.odonto.ufmg.br\/novo\/wp-json\/wp\/v2\/categories?post=7078"},{"taxonomy":"post_tag","embeddable":true,"href":"https:\/\/www.odonto.ufmg.br\/novo\/wp-json\/wp\/v2\/tags?post=7078"}],"curies":[{"name":"wp","href":"https:\/\/api.w.org\/{rel}","templated":true}]}}