{"id":5980,"date":"2016-02-05T17:17:01","date_gmt":"2016-02-05T19:17:01","guid":{"rendered":"https:\/\/www.odonto.ufmg.br\/novo\/?p=5980"},"modified":"2016-02-05T17:28:21","modified_gmt":"2016-02-05T19:28:21","slug":"sai-resultado-da-primeira-chamada-da-lista-de-espera-do-sisu-2016","status":"publish","type":"post","link":"https:\/\/www.odonto.ufmg.br\/novo\/noticias\/sai-resultado-da-primeira-chamada-da-lista-de-espera-do-sisu-2016\/","title":{"rendered":"Sai resultado da primeira chamada da lista de espera do Sisu 2016"},"content":{"rendered":"<p><a href=\"https:\/\/www.ufmg.br\/sisu\/wp-content\/uploads\/sites\/32\/2016\/02\/1a-Chamada-Lista-de-Espera-2016-1.pdf\">Est\u00e1 dispon\u00edvel na p\u00e1gina UFMG\/Sisu<\/a> o resultado da primeira chamada da lista de espera do Sistema de Sele\u00e7\u00e3o Unificada (Sisu) 2016 &#8211; 1\u00aa edi\u00e7\u00e3o. A Universidade recebeu do Minist\u00e9rio da Educa\u00e7\u00e3o a lista dos inscritos na lista de espera e realizou a classifica\u00e7\u00e3o dos candidatos. A rela\u00e7\u00e3o tamb\u00e9m inclui os candidatos que dever\u00e3o antecipar sua entrada do segundo para o primeiro semestre.<\/p>\n<p>A classifica\u00e7\u00e3o geral dos candidatos da lista de espera pode ser <a href=\"https:\/\/sistemas.ufmg.br\/manifestacaointeresse\/home.seam\">consultada individualmente<\/a> por meio do n\u00famero de inscri\u00e7\u00e3o e do CPF.<\/p>\n<p>O pr\u00e9-registro on-line dos convocados na primeira chamada de lista de espera deve ser feito de 11 a 15 deste m\u00eas, e o registro acad\u00eamico definitivo e a matr\u00edcula, nos pr\u00f3ximos dias 25, 26 e 29, conforme escala de atendimento que ser\u00e1 divulgada a partir do dia 23 pelo Departamento de Registro e Controle Acad\u00eamico (DRCA) <a href=\"http:\/\/www.ufmg.br\/sisu\">na p\u00e1gina Sisu\/UFMG<\/a>.<\/p>\n<p>Candidatos que n\u00e3o foram convocados nesta primeira chamada da lista de espera dever\u00e3o confirmar, no per\u00edodo de 11 a 15 de fevereiro, seu interesse em continuar participando do processo. Esse procedimento ser\u00e1 efetuado <a href=\"http:\/\/www.ufmg.br\/sisu\">na mesma p\u00e1gina<\/a>.<\/p>\n<p><strong>Registro e matr\u00edcula<\/strong><br \/>\nOs candidatos convocados na primeira chamada de lista de espera, inclusive aqueles selecionados para o segundo per\u00edodo letivo deste ano, devem fazer pr\u00e9-registro on-line. Os selecionados para o primeiro per\u00edodo letivo de 2016 dever\u00e3o realizar os procedimentos de registro acad\u00eamico definitivo e matr\u00edcula, presencialmente, em dois endere\u00e7os. Os aprovados para os cursos oferecidos em Belo Horizonte dever\u00e3o se dirigir ao Centro de Atividades Did\u00e1ticas de Ci\u00eancias Humanas (CAD 2), no campus Pampulha (Av. Presidente Ant\u00f4nio Carlos, 6.627).<\/p>\n<p>Para os cursos oferecidos em Montes Claros, os candidatos dever\u00e3o comparecer ao Instituto de Ci\u00eancias Agr\u00e1rias (Av. Universit\u00e1ria, 1.000, Bairro Universit\u00e1rio \u2013 Montes Claros\/MG), nos dias 25, 26 e 29 de fevereiro, conforme escala de atendimento que ser\u00e1 divulgada a partir do dia 23 pelo DRCA, <a href=\"http:\/\/www.ufmg.br\/sisu\">na p\u00e1gina UFMG\/Sisu<\/a>.<\/p>\n<p><strong>Antecipa\u00e7\u00e3o de semestre de ingresso<\/strong><br \/>\nOs candidatos selecionados que tiveram o seu registro acad\u00eamico antecipado para o primeiro per\u00edodo letivo de 2016 dever\u00e3o efetuar, obrigatoriamente, no per\u00edodo de 11 a 15 de fevereiro, o pr\u00e9-registro on-line, para alterar o seu semestre de ingresso na UFMG. Posteriormente, dever\u00e3o realizar registro acad\u00eamico, nas datas definidas em escala espec\u00edfica.<\/p>\n<p><strong>Confirma\u00e7\u00e3o de interesse<\/strong><br \/>\nOs candidatos da lista de espera que, nesta primeira convoca\u00e7\u00e3o, n\u00e3o tiverem sido selecionados, independentemente de sua classifica\u00e7\u00e3o, devem confirmar o interesse em permanecer na lista de espera de cursos da UFMG. Tal procedimento deve ser feito de 11 de fevereiro, a partir das 10h, at\u00e9 15 de fevereiro, \u00e0s 23h59 (hor\u00e1rio oficial de Bras\u00edlia), <a href=\"http:\/\/www.ufmg.br\/sisu\">na p\u00e1gina Sisu\/UFMG<\/a>.<\/p>\n<p>As chamadas e outras informa\u00e7\u00f5es referentes ao processo seletivo Sisu 2016 &#8211; 1\u00aa edi\u00e7\u00e3o ser\u00e3o divulgadas, exclusivamente, <a href=\"http:\/\/www.ufmg.br\/sisu\">no mesmo endere\u00e7o<\/a>.<\/p>\n<p>O candidato deve acompanhar, diariamente, as eventuais convoca\u00e7\u00f5es, j\u00e1 que, de acordo com edital do processo seletivo, a UFMG reserva-se o direito de n\u00e3o enviar mensagem eletr\u00f4nica e de n\u00e3o fazer, por qualquer outra forma, comunica\u00e7\u00e3o direta com os candidatos, sendo responsabilidade exclusiva deles acompanhar, pela internet, as etapas e os comunicados quanto a ocupa\u00e7\u00e3o das vagas.<\/p>\n<p>\u201cO candidato que n\u00e3o confirmar interesse pela vaga, no per\u00edodo estabelecido, no sistema da UFMG, n\u00e3o poder\u00e1 faz\u00ea-lo em outra data, pois ser\u00e1 considerado formalmente desistente e n\u00e3o ser\u00e1 convocado para ocupar vaga prevista no edital\u201d, afirma Daniele Z\u00e1rate, Diretora do DRCA.<\/p>\n<p>Todas as convoca\u00e7\u00f5es de lista ser\u00e3o divulgadas exclusivamente <a href=\"http:\/\/www.ufmg.br\/sisu\">na p\u00e1gina Sisu\/UFMG<\/a>. Mais informa\u00e7\u00f5es podem ser obtidas duvidaregistro@drca.ufmg.br.<\/p>\n<p>&nbsp;<\/p>\n<p>Fonte: Portal de Not\u00edcias da UFMG<\/p>\n","protected":false},"excerpt":{"rendered":"<p>Est\u00e1 dispon\u00edvel na p\u00e1gina UFMG\/Sisu o resultado da primeira chamada da lista de espera do Sistema de Sele\u00e7\u00e3o Unificada (Sisu) 2016 &#8211; 1\u00aa edi\u00e7\u00e3o. A Universidade recebeu do Minist\u00e9rio da Educa\u00e7\u00e3o a lista dos inscritos na lista de espera e realizou a classifica\u00e7\u00e3o dos candidatos. A rela\u00e7\u00e3o tamb\u00e9m inclui os candidatos que dever\u00e3o antecipar sua [&hellip;]<\/p>\n","protected":false},"author":4,"featured_media":5984,"comment_status":"closed","ping_status":"closed","sticky":false,"template":"","format":"standard","meta":{"inline_featured_image":false,"footnotes":""},"categories":[49,79],"tags":[],"class_list":["post-5980","post","type-post","status-publish","format-standard","has-post-thumbnail","hentry","category-noticias","category-sisu"],"yoast_head":"<!-- This site is optimized with the Yoast SEO plugin v27.5 - https:\/\/yoast.com\/product\/yoast-seo-wordpress\/ -->\n<title>Sai resultado da primeira chamada da lista de espera do Sisu 2016 - Novo Site<\/title>\n<meta name=\"robots\" content=\"index, follow, max-snippet:-1, max-image-preview:large, max-video-preview:-1\" \/>\n<link rel=\"canonical\" href=\"https:\/\/www.odonto.ufmg.br\/novo\/noticias\/sai-resultado-da-primeira-chamada-da-lista-de-espera-do-sisu-2016\/\" \/>\n<meta property=\"og:locale\" content=\"pt_BR\" \/>\n<meta property=\"og:type\" content=\"article\" \/>\n<meta property=\"og:title\" content=\"Sai resultado da primeira chamada da lista de espera do Sisu 2016 - Novo Site\" \/>\n<meta property=\"og:description\" content=\"Est\u00e1 dispon\u00edvel na p\u00e1gina UFMG\/Sisu o resultado da primeira chamada da lista de espera do Sistema de Sele\u00e7\u00e3o Unificada (Sisu) 2016 &#8211; 1\u00aa edi\u00e7\u00e3o. A Universidade recebeu do Minist\u00e9rio da Educa\u00e7\u00e3o a lista dos inscritos na lista de espera e realizou a classifica\u00e7\u00e3o dos candidatos. A rela\u00e7\u00e3o tamb\u00e9m inclui os candidatos que dever\u00e3o antecipar sua [&hellip;]\" \/>\n<meta property=\"og:url\" content=\"https:\/\/www.odonto.ufmg.br\/novo\/noticias\/sai-resultado-da-primeira-chamada-da-lista-de-espera-do-sisu-2016\/\" \/>\n<meta property=\"og:site_name\" content=\"Novo Site\" \/>\n<meta property=\"article:publisher\" content=\"https:\/\/www.facebook.com\/faoufmg\/\" \/>\n<meta property=\"article:published_time\" content=\"2016-02-05T19:17:01+00:00\" \/>\n<meta property=\"article:modified_time\" content=\"2016-02-05T19:28:21+00:00\" \/>\n<meta property=\"og:image\" content=\"https:\/\/www.odonto.ufmg.br\/novo\/wp-content\/uploads\/sites\/32\/2014\/04\/BAN.png\" \/>\n\t<meta property=\"og:image:width\" content=\"1500\" \/>\n\t<meta property=\"og:image:height\" content=\"431\" \/>\n\t<meta property=\"og:image:type\" content=\"image\/png\" \/>\n<meta name=\"twitter:card\" content=\"summary_large_image\" \/>\n<meta name=\"twitter:label1\" content=\"Escrito por\" \/>\n\t<meta name=\"twitter:data1\" content=\"\" \/>\n\t<meta name=\"twitter:label2\" content=\"Est. tempo de leitura\" \/>\n\t<meta name=\"twitter:data2\" content=\"3 minutos\" \/>\n<script type=\"application\/ld+json\" class=\"yoast-schema-graph\">{\"@context\":\"https:\\\/\\\/schema.org\",\"@graph\":[{\"@type\":\"Article\",\"@id\":\"https:\\\/\\\/www.odonto.ufmg.br\\\/novo\\\/noticias\\\/sai-resultado-da-primeira-chamada-da-lista-de-espera-do-sisu-2016\\\/#article\",\"isPartOf\":{\"@id\":\"https:\\\/\\\/www.odonto.ufmg.br\\\/novo\\\/noticias\\\/sai-resultado-da-primeira-chamada-da-lista-de-espera-do-sisu-2016\\\/\"},\"author\":{\"name\":\"\",\"@id\":\"\"},\"headline\":\"Sai resultado da primeira chamada da lista de espera do Sisu 2016\",\"datePublished\":\"2016-02-05T19:17:01+00:00\",\"dateModified\":\"2016-02-05T19:28:21+00:00\",\"mainEntityOfPage\":{\"@id\":\"https:\\\/\\\/www.odonto.ufmg.br\\\/novo\\\/noticias\\\/sai-resultado-da-primeira-chamada-da-lista-de-espera-do-sisu-2016\\\/\"},\"wordCount\":641,\"publisher\":{\"@id\":\"https:\\\/\\\/www.odonto.ufmg.br\\\/novo\\\/#organization\"},\"image\":{\"@id\":\"https:\\\/\\\/www.odonto.ufmg.br\\\/novo\\\/noticias\\\/sai-resultado-da-primeira-chamada-da-lista-de-espera-do-sisu-2016\\\/#primaryimage\"},\"thumbnailUrl\":\"https:\\\/\\\/www.odonto.ufmg.br\\\/novo\\\/wp-content\\\/uploads\\\/sites\\\/32\\\/2014\\\/04\\\/BAN.png\",\"articleSection\":[\"Geral\",\"SISU\"],\"inLanguage\":\"pt-BR\"},{\"@type\":\"WebPage\",\"@id\":\"https:\\\/\\\/www.odonto.ufmg.br\\\/novo\\\/noticias\\\/sai-resultado-da-primeira-chamada-da-lista-de-espera-do-sisu-2016\\\/\",\"url\":\"https:\\\/\\\/www.odonto.ufmg.br\\\/novo\\\/noticias\\\/sai-resultado-da-primeira-chamada-da-lista-de-espera-do-sisu-2016\\\/\",\"name\":\"Sai resultado da primeira chamada da lista de espera do Sisu 2016 - Novo Site\",\"isPartOf\":{\"@id\":\"https:\\\/\\\/www.odonto.ufmg.br\\\/novo\\\/#website\"},\"primaryImageOfPage\":{\"@id\":\"https:\\\/\\\/www.odonto.ufmg.br\\\/novo\\\/noticias\\\/sai-resultado-da-primeira-chamada-da-lista-de-espera-do-sisu-2016\\\/#primaryimage\"},\"image\":{\"@id\":\"https:\\\/\\\/www.odonto.ufmg.br\\\/novo\\\/noticias\\\/sai-resultado-da-primeira-chamada-da-lista-de-espera-do-sisu-2016\\\/#primaryimage\"},\"thumbnailUrl\":\"https:\\\/\\\/www.odonto.ufmg.br\\\/novo\\\/wp-content\\\/uploads\\\/sites\\\/32\\\/2014\\\/04\\\/BAN.png\",\"datePublished\":\"2016-02-05T19:17:01+00:00\",\"dateModified\":\"2016-02-05T19:28:21+00:00\",\"breadcrumb\":{\"@id\":\"https:\\\/\\\/www.odonto.ufmg.br\\\/novo\\\/noticias\\\/sai-resultado-da-primeira-chamada-da-lista-de-espera-do-sisu-2016\\\/#breadcrumb\"},\"inLanguage\":\"pt-BR\",\"potentialAction\":[{\"@type\":\"ReadAction\",\"target\":[\"https:\\\/\\\/www.odonto.ufmg.br\\\/novo\\\/noticias\\\/sai-resultado-da-primeira-chamada-da-lista-de-espera-do-sisu-2016\\\/\"]}]},{\"@type\":\"ImageObject\",\"inLanguage\":\"pt-BR\",\"@id\":\"https:\\\/\\\/www.odonto.ufmg.br\\\/novo\\\/noticias\\\/sai-resultado-da-primeira-chamada-da-lista-de-espera-do-sisu-2016\\\/#primaryimage\",\"url\":\"https:\\\/\\\/www.odonto.ufmg.br\\\/novo\\\/wp-content\\\/uploads\\\/sites\\\/32\\\/2014\\\/04\\\/BAN.png\",\"contentUrl\":\"https:\\\/\\\/www.odonto.ufmg.br\\\/novo\\\/wp-content\\\/uploads\\\/sites\\\/32\\\/2014\\\/04\\\/BAN.png\",\"width\":1500,\"height\":431},{\"@type\":\"BreadcrumbList\",\"@id\":\"https:\\\/\\\/www.odonto.ufmg.br\\\/novo\\\/noticias\\\/sai-resultado-da-primeira-chamada-da-lista-de-espera-do-sisu-2016\\\/#breadcrumb\",\"itemListElement\":[{\"@type\":\"ListItem\",\"position\":1,\"name\":\"In\u00edcio\",\"item\":\"https:\\\/\\\/www.odonto.ufmg.br\\\/novo\\\/inicio-2\\\/\"},{\"@type\":\"ListItem\",\"position\":2,\"name\":\"Sai resultado da primeira chamada da lista de espera do Sisu 2016\"}]},{\"@type\":\"WebSite\",\"@id\":\"https:\\\/\\\/www.odonto.ufmg.br\\\/novo\\\/#website\",\"url\":\"https:\\\/\\\/www.odonto.ufmg.br\\\/novo\\\/\",\"name\":\"Novo Site\",\"description\":\"Portal da Faculdade de Odontologia da Universidade Federal de Minas Gerais\",\"publisher\":{\"@id\":\"https:\\\/\\\/www.odonto.ufmg.br\\\/novo\\\/#organization\"},\"potentialAction\":[{\"@type\":\"SearchAction\",\"target\":{\"@type\":\"EntryPoint\",\"urlTemplate\":\"https:\\\/\\\/www.odonto.ufmg.br\\\/novo\\\/?s={search_term_string}\"},\"query-input\":{\"@type\":\"PropertyValueSpecification\",\"valueRequired\":true,\"valueName\":\"search_term_string\"}}],\"inLanguage\":\"pt-BR\"},{\"@type\":\"Organization\",\"@id\":\"https:\\\/\\\/www.odonto.ufmg.br\\\/novo\\\/#organization\",\"name\":\"Faculdade de Odontologia da UFMG\",\"url\":\"https:\\\/\\\/www.odonto.ufmg.br\\\/novo\\\/\",\"logo\":{\"@type\":\"ImageObject\",\"inLanguage\":\"pt-BR\",\"@id\":\"https:\\\/\\\/www.odonto.ufmg.br\\\/novo\\\/#\\\/schema\\\/logo\\\/image\\\/\",\"url\":\"https:\\\/\\\/www.odonto.ufmg.br\\\/novo\\\/wp-content\\\/uploads\\\/sites\\\/32\\\/2015\\\/12\\\/logo-fao-ufmg.png\",\"contentUrl\":\"https:\\\/\\\/www.odonto.ufmg.br\\\/novo\\\/wp-content\\\/uploads\\\/sites\\\/32\\\/2015\\\/12\\\/logo-fao-ufmg.png\",\"width\":340,\"height\":156,\"caption\":\"Faculdade de Odontologia da UFMG\"},\"image\":{\"@id\":\"https:\\\/\\\/www.odonto.ufmg.br\\\/novo\\\/#\\\/schema\\\/logo\\\/image\\\/\"},\"sameAs\":[\"https:\\\/\\\/www.facebook.com\\\/faoufmg\\\/\"]},{\"@type\":\"Person\",\"@id\":\"\"}]}<\/script>\n<!-- \/ Yoast SEO plugin. -->","yoast_head_json":{"title":"Sai resultado da primeira chamada da lista de espera do Sisu 2016 - Novo Site","robots":{"index":"index","follow":"follow","max-snippet":"max-snippet:-1","max-image-preview":"max-image-preview:large","max-video-preview":"max-video-preview:-1"},"canonical":"https:\/\/www.odonto.ufmg.br\/novo\/noticias\/sai-resultado-da-primeira-chamada-da-lista-de-espera-do-sisu-2016\/","og_locale":"pt_BR","og_type":"article","og_title":"Sai resultado da primeira chamada da lista de espera do Sisu 2016 - Novo Site","og_description":"Est\u00e1 dispon\u00edvel na p\u00e1gina UFMG\/Sisu o resultado da primeira chamada da lista de espera do Sistema de Sele\u00e7\u00e3o Unificada (Sisu) 2016 &#8211; 1\u00aa edi\u00e7\u00e3o. A Universidade recebeu do Minist\u00e9rio da Educa\u00e7\u00e3o a lista dos inscritos na lista de espera e realizou a classifica\u00e7\u00e3o dos candidatos. A rela\u00e7\u00e3o tamb\u00e9m inclui os candidatos que dever\u00e3o antecipar sua [&hellip;]","og_url":"https:\/\/www.odonto.ufmg.br\/novo\/noticias\/sai-resultado-da-primeira-chamada-da-lista-de-espera-do-sisu-2016\/","og_site_name":"Novo Site","article_publisher":"https:\/\/www.facebook.com\/faoufmg\/","article_published_time":"2016-02-05T19:17:01+00:00","article_modified_time":"2016-02-05T19:28:21+00:00","og_image":[{"width":1500,"height":431,"url":"https:\/\/www.odonto.ufmg.br\/novo\/wp-content\/uploads\/sites\/32\/2014\/04\/BAN.png","type":"image\/png"}],"twitter_card":"summary_large_image","twitter_misc":{"Escrito por":"","Est. tempo de leitura":"3 minutos"},"schema":{"@context":"https:\/\/schema.org","@graph":[{"@type":"Article","@id":"https:\/\/www.odonto.ufmg.br\/novo\/noticias\/sai-resultado-da-primeira-chamada-da-lista-de-espera-do-sisu-2016\/#article","isPartOf":{"@id":"https:\/\/www.odonto.ufmg.br\/novo\/noticias\/sai-resultado-da-primeira-chamada-da-lista-de-espera-do-sisu-2016\/"},"author":{"name":"","@id":""},"headline":"Sai resultado da primeira chamada da lista de espera do Sisu 2016","datePublished":"2016-02-05T19:17:01+00:00","dateModified":"2016-02-05T19:28:21+00:00","mainEntityOfPage":{"@id":"https:\/\/www.odonto.ufmg.br\/novo\/noticias\/sai-resultado-da-primeira-chamada-da-lista-de-espera-do-sisu-2016\/"},"wordCount":641,"publisher":{"@id":"https:\/\/www.odonto.ufmg.br\/novo\/#organization"},"image":{"@id":"https:\/\/www.odonto.ufmg.br\/novo\/noticias\/sai-resultado-da-primeira-chamada-da-lista-de-espera-do-sisu-2016\/#primaryimage"},"thumbnailUrl":"https:\/\/www.odonto.ufmg.br\/novo\/wp-content\/uploads\/sites\/32\/2014\/04\/BAN.png","articleSection":["Geral","SISU"],"inLanguage":"pt-BR"},{"@type":"WebPage","@id":"https:\/\/www.odonto.ufmg.br\/novo\/noticias\/sai-resultado-da-primeira-chamada-da-lista-de-espera-do-sisu-2016\/","url":"https:\/\/www.odonto.ufmg.br\/novo\/noticias\/sai-resultado-da-primeira-chamada-da-lista-de-espera-do-sisu-2016\/","name":"Sai resultado da primeira chamada da lista de espera do Sisu 2016 - Novo Site","isPartOf":{"@id":"https:\/\/www.odonto.ufmg.br\/novo\/#website"},"primaryImageOfPage":{"@id":"https:\/\/www.odonto.ufmg.br\/novo\/noticias\/sai-resultado-da-primeira-chamada-da-lista-de-espera-do-sisu-2016\/#primaryimage"},"image":{"@id":"https:\/\/www.odonto.ufmg.br\/novo\/noticias\/sai-resultado-da-primeira-chamada-da-lista-de-espera-do-sisu-2016\/#primaryimage"},"thumbnailUrl":"https:\/\/www.odonto.ufmg.br\/novo\/wp-content\/uploads\/sites\/32\/2014\/04\/BAN.png","datePublished":"2016-02-05T19:17:01+00:00","dateModified":"2016-02-05T19:28:21+00:00","breadcrumb":{"@id":"https:\/\/www.odonto.ufmg.br\/novo\/noticias\/sai-resultado-da-primeira-chamada-da-lista-de-espera-do-sisu-2016\/#breadcrumb"},"inLanguage":"pt-BR","potentialAction":[{"@type":"ReadAction","target":["https:\/\/www.odonto.ufmg.br\/novo\/noticias\/sai-resultado-da-primeira-chamada-da-lista-de-espera-do-sisu-2016\/"]}]},{"@type":"ImageObject","inLanguage":"pt-BR","@id":"https:\/\/www.odonto.ufmg.br\/novo\/noticias\/sai-resultado-da-primeira-chamada-da-lista-de-espera-do-sisu-2016\/#primaryimage","url":"https:\/\/www.odonto.ufmg.br\/novo\/wp-content\/uploads\/sites\/32\/2014\/04\/BAN.png","contentUrl":"https:\/\/www.odonto.ufmg.br\/novo\/wp-content\/uploads\/sites\/32\/2014\/04\/BAN.png","width":1500,"height":431},{"@type":"BreadcrumbList","@id":"https:\/\/www.odonto.ufmg.br\/novo\/noticias\/sai-resultado-da-primeira-chamada-da-lista-de-espera-do-sisu-2016\/#breadcrumb","itemListElement":[{"@type":"ListItem","position":1,"name":"In\u00edcio","item":"https:\/\/www.odonto.ufmg.br\/novo\/inicio-2\/"},{"@type":"ListItem","position":2,"name":"Sai resultado da primeira chamada da lista de espera do Sisu 2016"}]},{"@type":"WebSite","@id":"https:\/\/www.odonto.ufmg.br\/novo\/#website","url":"https:\/\/www.odonto.ufmg.br\/novo\/","name":"Novo Site","description":"Portal da Faculdade de Odontologia da Universidade Federal de Minas Gerais","publisher":{"@id":"https:\/\/www.odonto.ufmg.br\/novo\/#organization"},"potentialAction":[{"@type":"SearchAction","target":{"@type":"EntryPoint","urlTemplate":"https:\/\/www.odonto.ufmg.br\/novo\/?s={search_term_string}"},"query-input":{"@type":"PropertyValueSpecification","valueRequired":true,"valueName":"search_term_string"}}],"inLanguage":"pt-BR"},{"@type":"Organization","@id":"https:\/\/www.odonto.ufmg.br\/novo\/#organization","name":"Faculdade de Odontologia da UFMG","url":"https:\/\/www.odonto.ufmg.br\/novo\/","logo":{"@type":"ImageObject","inLanguage":"pt-BR","@id":"https:\/\/www.odonto.ufmg.br\/novo\/#\/schema\/logo\/image\/","url":"https:\/\/www.odonto.ufmg.br\/novo\/wp-content\/uploads\/sites\/32\/2015\/12\/logo-fao-ufmg.png","contentUrl":"https:\/\/www.odonto.ufmg.br\/novo\/wp-content\/uploads\/sites\/32\/2015\/12\/logo-fao-ufmg.png","width":340,"height":156,"caption":"Faculdade de Odontologia da UFMG"},"image":{"@id":"https:\/\/www.odonto.ufmg.br\/novo\/#\/schema\/logo\/image\/"},"sameAs":["https:\/\/www.facebook.com\/faoufmg\/"]},{"@type":"Person","@id":""}]}},"_links":{"self":[{"href":"https:\/\/www.odonto.ufmg.br\/novo\/wp-json\/wp\/v2\/posts\/5980","targetHints":{"allow":["GET"]}}],"collection":[{"href":"https:\/\/www.odonto.ufmg.br\/novo\/wp-json\/wp\/v2\/posts"}],"about":[{"href":"https:\/\/www.odonto.ufmg.br\/novo\/wp-json\/wp\/v2\/types\/post"}],"author":[{"embeddable":true,"href":"https:\/\/www.odonto.ufmg.br\/novo\/wp-json\/wp\/v2\/users\/4"}],"replies":[{"embeddable":true,"href":"https:\/\/www.odonto.ufmg.br\/novo\/wp-json\/wp\/v2\/comments?post=5980"}],"version-history":[{"count":1,"href":"https:\/\/www.odonto.ufmg.br\/novo\/wp-json\/wp\/v2\/posts\/5980\/revisions"}],"predecessor-version":[{"id":5981,"href":"https:\/\/www.odonto.ufmg.br\/novo\/wp-json\/wp\/v2\/posts\/5980\/revisions\/5981"}],"wp:featuredmedia":[{"embeddable":true,"href":"https:\/\/www.odonto.ufmg.br\/novo\/wp-json\/wp\/v2\/media\/5984"}],"wp:attachment":[{"href":"https:\/\/www.odonto.ufmg.br\/novo\/wp-json\/wp\/v2\/media?parent=5980"}],"wp:term":[{"taxonomy":"category","embeddable":true,"href":"https:\/\/www.odonto.ufmg.br\/novo\/wp-json\/wp\/v2\/categories?post=5980"},{"taxonomy":"post_tag","embeddable":true,"href":"https:\/\/www.odonto.ufmg.br\/novo\/wp-json\/wp\/v2\/tags?post=5980"}],"curies":[{"name":"wp","href":"https:\/\/api.w.org\/{rel}","templated":true}]}}