{"id":528,"date":"2015-05-19T17:11:52","date_gmt":"2015-05-19T20:11:52","guid":{"rendered":"http:\/\/150.164.108.8\/fao\/?p=528"},"modified":"2015-05-19T17:11:52","modified_gmt":"2015-05-19T20:11:52","slug":"antigo-predio-odontologia-transformado-museu","status":"publish","type":"post","link":"https:\/\/www.odonto.ufmg.br\/novo\/noticias\/antigo-predio-odontologia-transformado-museu\/","title":{"rendered":"Antigo pr\u00e9dio da Faculdade de Odontologia ser\u00e1 transformado em Museu"},"content":{"rendered":"<p>A antiga edifica\u00e7\u00e3o da Faculdade de Odontologia da UFMG \u00a0foi tombada pelo Conselho Deliberativo do Patrim\u00f4nio Cultural do Munic\u00edpio de Belo Horizonte (CDPCM-BH) em setembro de 2013 e sua demoli\u00e7\u00e3o \u00e9 terminantemente proibida.\u00a0Por lei, essa edifica\u00e7\u00e3o somente pode ser utilizada para atividades de museu, centro de documenta\u00e7\u00e3o ou biblioteca. Atendendo a legisla\u00e7\u00e3o, o\u00a0pr\u00e9dio da Uni\u00e3o foi oficialmente cedido \u00e0 Pol\u00edcia Federal em outubro de 2013 com a finalidade espec\u00edfica para a implanta\u00e7\u00e3o do\u00a0Museu Nacional de Ci\u00eancias Forenses.<\/p>\n<p>Esse museu \u00e9\u00a0uma iniciativa in\u00e9dita em toda a Am\u00e9rica Latina. Ele foi institu\u00eddo pela Portaria do Ministro da Justi\u00e7a n\u00b0 913, de 02 de junho de 2014, no \u00e2mbito do\u00a0Departamento de Pol\u00edcia Federal. Trata-se de um projeto inovador em seguran\u00e7a p\u00fablica em nosso pa\u00eds, focado em ci\u00eancia, tecnologia, educa\u00e7\u00e3o e cultura,\u00a0como finalidade de discutir a utiliza\u00e7\u00e3o das ci\u00eancias na an\u00e1lise de provas materiais em prol da Justi\u00e7a. \u00c9 uma iniciativa\u00a0intimamente ligado \u00e0 promo\u00e7\u00e3o dos Direitos Humanos e \u00e0 redu\u00e7\u00e3o da impunidade em nosso pa\u00eds. Um museu de ci\u00eancia e t\u00e9cnica, vivo e din\u00e2mico, onde laborat\u00f3rios periciais produzir\u00e3o conhecimento em tecnologia aplicada \u00e0 an\u00e1lise de vest\u00edgios.\u00a0A mobiliza\u00e7\u00e3o visa chamar aten\u00e7\u00e3o dos parlamentares para incluir a reforma da edifica\u00e7\u00e3o, estimada em 30 milh\u00f5es de reais, no or\u00e7amento federal de 2016.<\/p>\n<p><strong>Mobilizando a comunidade<\/strong><\/p>\n<p>No pr\u00f3ximo domingo, 24 de maio, entre 10:00 e 12:00 h, em encerramento \u00e0 Semana Nacional dos Museus, a Associa\u00e7\u00e3o do Moradores do Bairro Cidade Jardim, realiza um abra\u00e7o simb\u00f3lico ao pr\u00e9dio da antiga Faculdade de Odontologia da UFMG, localizado \u00e0 rua Conde de Linhares 141, em uma mobiliza\u00e7\u00e3o de apoio \u00e0 Pol\u00edcia Federal para r\u00e1pida reforma da edifica\u00e7\u00e3o visando a implanta\u00e7\u00e3o do Museu Nacional de Ci\u00eancias Forenses (MNCF).Os moradores do entorno do pr\u00e9dio apoiam a iniciativa pelo seu valor cultural, educacional e pela efetiva ocupa\u00e7\u00e3o de um pr\u00e9dio abandonado, depredado, sujo e que vem servindo de esconderijo para\u00a0desocupados e usu\u00e1rios de drogas.<\/p>\n<p>A pedido da Associa\u00e7\u00e3o de Moradores, a Pol\u00edcia Federal permitir\u00e1 a entrada da popula\u00e7\u00e3o no pr\u00e9dio durante o ato c\u00edvico, para que aqueles que queiram, possam conhecer o estado deste bem p\u00fablico, abandonado h\u00e1 13 anos. Pessoas eminentes de diversas \u00e1reas j\u00e1 confirmaram presen\u00e7a, entre elas, Maria Ignez Mantovani, presidente-diretora do ICOM-Brasil (Internacional Council of Museums), que falar\u00e1 sobre a import\u00e2ncia de museus de ci\u00eancia e tecnologia para um pa\u00eds.<\/p>\n","protected":false},"excerpt":{"rendered":"<p>A antiga edifica\u00e7\u00e3o da Faculdade de Odontologia da UFMG \u00a0foi tombada pelo Conselho Deliberativo do Patrim\u00f4nio Cultural do Munic\u00edpio de Belo Horizonte (CDPCM-BH) em setembro de 2013 e sua demoli\u00e7\u00e3o \u00e9 terminantemente proibida.\u00a0Por lei, essa edifica\u00e7\u00e3o somente pode ser utilizada para atividades de museu, centro de documenta\u00e7\u00e3o ou biblioteca. Atendendo a legisla\u00e7\u00e3o, o\u00a0pr\u00e9dio da Uni\u00e3o [&hellip;]<\/p>\n","protected":false},"author":2,"featured_media":4648,"comment_status":"open","ping_status":"open","sticky":false,"template":"","format":"standard","meta":{"inline_featured_image":false,"footnotes":""},"categories":[49],"tags":[],"class_list":["post-528","post","type-post","status-publish","format-standard","has-post-thumbnail","hentry","category-noticias"],"yoast_head":"<!-- This site is optimized with the Yoast SEO plugin v27.5 - https:\/\/yoast.com\/product\/yoast-seo-wordpress\/ -->\n<title>Antigo pr\u00e9dio da Faculdade de Odontologia ser\u00e1 transformado em Museu - Novo Site<\/title>\n<meta name=\"robots\" content=\"index, follow, max-snippet:-1, max-image-preview:large, max-video-preview:-1\" \/>\n<link rel=\"canonical\" href=\"https:\/\/www.odonto.ufmg.br\/novo\/noticias\/antigo-predio-odontologia-transformado-museu\/\" \/>\n<meta property=\"og:locale\" content=\"pt_BR\" \/>\n<meta property=\"og:type\" content=\"article\" \/>\n<meta property=\"og:title\" content=\"Antigo pr\u00e9dio da Faculdade de Odontologia ser\u00e1 transformado em Museu - Novo Site\" \/>\n<meta property=\"og:description\" content=\"A antiga edifica\u00e7\u00e3o da Faculdade de Odontologia da UFMG \u00a0foi tombada pelo Conselho Deliberativo do Patrim\u00f4nio Cultural do Munic\u00edpio de Belo Horizonte (CDPCM-BH) em setembro de 2013 e sua demoli\u00e7\u00e3o \u00e9 terminantemente proibida.\u00a0Por lei, essa edifica\u00e7\u00e3o somente pode ser utilizada para atividades de museu, centro de documenta\u00e7\u00e3o ou biblioteca. Atendendo a legisla\u00e7\u00e3o, o\u00a0pr\u00e9dio da Uni\u00e3o [&hellip;]\" \/>\n<meta property=\"og:url\" content=\"https:\/\/www.odonto.ufmg.br\/novo\/noticias\/antigo-predio-odontologia-transformado-museu\/\" \/>\n<meta property=\"og:site_name\" content=\"Novo Site\" \/>\n<meta property=\"article:publisher\" content=\"https:\/\/www.facebook.com\/faoufmg\/\" \/>\n<meta property=\"article:published_time\" content=\"2015-05-19T20:11:52+00:00\" \/>\n<meta property=\"og:image\" content=\"https:\/\/www.odonto.ufmg.br\/novo\/wp-content\/uploads\/sites\/32\/2015\/11\/predio-Copy-1139x500.jpg\" \/>\n\t<meta property=\"og:image:width\" content=\"1139\" \/>\n\t<meta property=\"og:image:height\" content=\"500\" \/>\n\t<meta property=\"og:image:type\" content=\"image\/jpeg\" \/>\n<meta name=\"twitter:card\" content=\"summary_large_image\" \/>\n<meta name=\"twitter:label1\" content=\"Escrito por\" \/>\n\t<meta name=\"twitter:data1\" content=\"\" \/>\n\t<meta name=\"twitter:label2\" content=\"Est. tempo de leitura\" \/>\n\t<meta name=\"twitter:data2\" content=\"2 minutos\" \/>\n<script type=\"application\/ld+json\" class=\"yoast-schema-graph\">{\"@context\":\"https:\\\/\\\/schema.org\",\"@graph\":[{\"@type\":\"Article\",\"@id\":\"https:\\\/\\\/www.odonto.ufmg.br\\\/novo\\\/noticias\\\/antigo-predio-odontologia-transformado-museu\\\/#article\",\"isPartOf\":{\"@id\":\"https:\\\/\\\/www.odonto.ufmg.br\\\/novo\\\/noticias\\\/antigo-predio-odontologia-transformado-museu\\\/\"},\"author\":{\"name\":\"\",\"@id\":\"\"},\"headline\":\"Antigo pr\u00e9dio da Faculdade de Odontologia ser\u00e1 transformado em Museu\",\"datePublished\":\"2015-05-19T20:11:52+00:00\",\"mainEntityOfPage\":{\"@id\":\"https:\\\/\\\/www.odonto.ufmg.br\\\/novo\\\/noticias\\\/antigo-predio-odontologia-transformado-museu\\\/\"},\"wordCount\":447,\"commentCount\":0,\"publisher\":{\"@id\":\"https:\\\/\\\/www.odonto.ufmg.br\\\/novo\\\/#organization\"},\"image\":{\"@id\":\"https:\\\/\\\/www.odonto.ufmg.br\\\/novo\\\/noticias\\\/antigo-predio-odontologia-transformado-museu\\\/#primaryimage\"},\"thumbnailUrl\":\"https:\\\/\\\/www.odonto.ufmg.br\\\/novo\\\/wp-content\\\/uploads\\\/sites\\\/32\\\/2015\\\/11\\\/predio-Copy-1139x500.jpg\",\"articleSection\":[\"Geral\"],\"inLanguage\":\"pt-BR\"},{\"@type\":\"WebPage\",\"@id\":\"https:\\\/\\\/www.odonto.ufmg.br\\\/novo\\\/noticias\\\/antigo-predio-odontologia-transformado-museu\\\/\",\"url\":\"https:\\\/\\\/www.odonto.ufmg.br\\\/novo\\\/noticias\\\/antigo-predio-odontologia-transformado-museu\\\/\",\"name\":\"Antigo pr\u00e9dio da Faculdade de Odontologia ser\u00e1 transformado em Museu - Novo Site\",\"isPartOf\":{\"@id\":\"https:\\\/\\\/www.odonto.ufmg.br\\\/novo\\\/#website\"},\"primaryImageOfPage\":{\"@id\":\"https:\\\/\\\/www.odonto.ufmg.br\\\/novo\\\/noticias\\\/antigo-predio-odontologia-transformado-museu\\\/#primaryimage\"},\"image\":{\"@id\":\"https:\\\/\\\/www.odonto.ufmg.br\\\/novo\\\/noticias\\\/antigo-predio-odontologia-transformado-museu\\\/#primaryimage\"},\"thumbnailUrl\":\"https:\\\/\\\/www.odonto.ufmg.br\\\/novo\\\/wp-content\\\/uploads\\\/sites\\\/32\\\/2015\\\/11\\\/predio-Copy-1139x500.jpg\",\"datePublished\":\"2015-05-19T20:11:52+00:00\",\"breadcrumb\":{\"@id\":\"https:\\\/\\\/www.odonto.ufmg.br\\\/novo\\\/noticias\\\/antigo-predio-odontologia-transformado-museu\\\/#breadcrumb\"},\"inLanguage\":\"pt-BR\",\"potentialAction\":[{\"@type\":\"ReadAction\",\"target\":[\"https:\\\/\\\/www.odonto.ufmg.br\\\/novo\\\/noticias\\\/antigo-predio-odontologia-transformado-museu\\\/\"]}]},{\"@type\":\"ImageObject\",\"inLanguage\":\"pt-BR\",\"@id\":\"https:\\\/\\\/www.odonto.ufmg.br\\\/novo\\\/noticias\\\/antigo-predio-odontologia-transformado-museu\\\/#primaryimage\",\"url\":\"https:\\\/\\\/www.odonto.ufmg.br\\\/novo\\\/wp-content\\\/uploads\\\/sites\\\/32\\\/2015\\\/11\\\/predio-Copy-1139x500.jpg\",\"contentUrl\":\"https:\\\/\\\/www.odonto.ufmg.br\\\/novo\\\/wp-content\\\/uploads\\\/sites\\\/32\\\/2015\\\/11\\\/predio-Copy-1139x500.jpg\",\"width\":1139,\"height\":500},{\"@type\":\"BreadcrumbList\",\"@id\":\"https:\\\/\\\/www.odonto.ufmg.br\\\/novo\\\/noticias\\\/antigo-predio-odontologia-transformado-museu\\\/#breadcrumb\",\"itemListElement\":[{\"@type\":\"ListItem\",\"position\":1,\"name\":\"In\u00edcio\",\"item\":\"https:\\\/\\\/www.odonto.ufmg.br\\\/novo\\\/inicio-2\\\/\"},{\"@type\":\"ListItem\",\"position\":2,\"name\":\"Antigo pr\u00e9dio da Faculdade de Odontologia ser\u00e1 transformado em Museu\"}]},{\"@type\":\"WebSite\",\"@id\":\"https:\\\/\\\/www.odonto.ufmg.br\\\/novo\\\/#website\",\"url\":\"https:\\\/\\\/www.odonto.ufmg.br\\\/novo\\\/\",\"name\":\"Novo Site\",\"description\":\"Portal da Faculdade de Odontologia da Universidade Federal de Minas Gerais\",\"publisher\":{\"@id\":\"https:\\\/\\\/www.odonto.ufmg.br\\\/novo\\\/#organization\"},\"potentialAction\":[{\"@type\":\"SearchAction\",\"target\":{\"@type\":\"EntryPoint\",\"urlTemplate\":\"https:\\\/\\\/www.odonto.ufmg.br\\\/novo\\\/?s={search_term_string}\"},\"query-input\":{\"@type\":\"PropertyValueSpecification\",\"valueRequired\":true,\"valueName\":\"search_term_string\"}}],\"inLanguage\":\"pt-BR\"},{\"@type\":\"Organization\",\"@id\":\"https:\\\/\\\/www.odonto.ufmg.br\\\/novo\\\/#organization\",\"name\":\"Faculdade de Odontologia da UFMG\",\"url\":\"https:\\\/\\\/www.odonto.ufmg.br\\\/novo\\\/\",\"logo\":{\"@type\":\"ImageObject\",\"inLanguage\":\"pt-BR\",\"@id\":\"https:\\\/\\\/www.odonto.ufmg.br\\\/novo\\\/#\\\/schema\\\/logo\\\/image\\\/\",\"url\":\"https:\\\/\\\/www.odonto.ufmg.br\\\/novo\\\/wp-content\\\/uploads\\\/sites\\\/32\\\/2015\\\/12\\\/logo-fao-ufmg.png\",\"contentUrl\":\"https:\\\/\\\/www.odonto.ufmg.br\\\/novo\\\/wp-content\\\/uploads\\\/sites\\\/32\\\/2015\\\/12\\\/logo-fao-ufmg.png\",\"width\":340,\"height\":156,\"caption\":\"Faculdade de Odontologia da UFMG\"},\"image\":{\"@id\":\"https:\\\/\\\/www.odonto.ufmg.br\\\/novo\\\/#\\\/schema\\\/logo\\\/image\\\/\"},\"sameAs\":[\"https:\\\/\\\/www.facebook.com\\\/faoufmg\\\/\"]},{\"@type\":\"Person\",\"@id\":\"\"}]}<\/script>\n<!-- \/ Yoast SEO plugin. -->","yoast_head_json":{"title":"Antigo pr\u00e9dio da Faculdade de Odontologia ser\u00e1 transformado em Museu - Novo Site","robots":{"index":"index","follow":"follow","max-snippet":"max-snippet:-1","max-image-preview":"max-image-preview:large","max-video-preview":"max-video-preview:-1"},"canonical":"https:\/\/www.odonto.ufmg.br\/novo\/noticias\/antigo-predio-odontologia-transformado-museu\/","og_locale":"pt_BR","og_type":"article","og_title":"Antigo pr\u00e9dio da Faculdade de Odontologia ser\u00e1 transformado em Museu - Novo Site","og_description":"A antiga edifica\u00e7\u00e3o da Faculdade de Odontologia da UFMG \u00a0foi tombada pelo Conselho Deliberativo do Patrim\u00f4nio Cultural do Munic\u00edpio de Belo Horizonte (CDPCM-BH) em setembro de 2013 e sua demoli\u00e7\u00e3o \u00e9 terminantemente proibida.\u00a0Por lei, essa edifica\u00e7\u00e3o somente pode ser utilizada para atividades de museu, centro de documenta\u00e7\u00e3o ou biblioteca. Atendendo a legisla\u00e7\u00e3o, o\u00a0pr\u00e9dio da Uni\u00e3o [&hellip;]","og_url":"https:\/\/www.odonto.ufmg.br\/novo\/noticias\/antigo-predio-odontologia-transformado-museu\/","og_site_name":"Novo Site","article_publisher":"https:\/\/www.facebook.com\/faoufmg\/","article_published_time":"2015-05-19T20:11:52+00:00","og_image":[{"width":1139,"height":500,"url":"https:\/\/www.odonto.ufmg.br\/novo\/wp-content\/uploads\/sites\/32\/2015\/11\/predio-Copy-1139x500.jpg","type":"image\/jpeg"}],"twitter_card":"summary_large_image","twitter_misc":{"Escrito por":"","Est. tempo de leitura":"2 minutos"},"schema":{"@context":"https:\/\/schema.org","@graph":[{"@type":"Article","@id":"https:\/\/www.odonto.ufmg.br\/novo\/noticias\/antigo-predio-odontologia-transformado-museu\/#article","isPartOf":{"@id":"https:\/\/www.odonto.ufmg.br\/novo\/noticias\/antigo-predio-odontologia-transformado-museu\/"},"author":{"name":"","@id":""},"headline":"Antigo pr\u00e9dio da Faculdade de Odontologia ser\u00e1 transformado em Museu","datePublished":"2015-05-19T20:11:52+00:00","mainEntityOfPage":{"@id":"https:\/\/www.odonto.ufmg.br\/novo\/noticias\/antigo-predio-odontologia-transformado-museu\/"},"wordCount":447,"commentCount":0,"publisher":{"@id":"https:\/\/www.odonto.ufmg.br\/novo\/#organization"},"image":{"@id":"https:\/\/www.odonto.ufmg.br\/novo\/noticias\/antigo-predio-odontologia-transformado-museu\/#primaryimage"},"thumbnailUrl":"https:\/\/www.odonto.ufmg.br\/novo\/wp-content\/uploads\/sites\/32\/2015\/11\/predio-Copy-1139x500.jpg","articleSection":["Geral"],"inLanguage":"pt-BR"},{"@type":"WebPage","@id":"https:\/\/www.odonto.ufmg.br\/novo\/noticias\/antigo-predio-odontologia-transformado-museu\/","url":"https:\/\/www.odonto.ufmg.br\/novo\/noticias\/antigo-predio-odontologia-transformado-museu\/","name":"Antigo pr\u00e9dio da Faculdade de Odontologia ser\u00e1 transformado em Museu - Novo Site","isPartOf":{"@id":"https:\/\/www.odonto.ufmg.br\/novo\/#website"},"primaryImageOfPage":{"@id":"https:\/\/www.odonto.ufmg.br\/novo\/noticias\/antigo-predio-odontologia-transformado-museu\/#primaryimage"},"image":{"@id":"https:\/\/www.odonto.ufmg.br\/novo\/noticias\/antigo-predio-odontologia-transformado-museu\/#primaryimage"},"thumbnailUrl":"https:\/\/www.odonto.ufmg.br\/novo\/wp-content\/uploads\/sites\/32\/2015\/11\/predio-Copy-1139x500.jpg","datePublished":"2015-05-19T20:11:52+00:00","breadcrumb":{"@id":"https:\/\/www.odonto.ufmg.br\/novo\/noticias\/antigo-predio-odontologia-transformado-museu\/#breadcrumb"},"inLanguage":"pt-BR","potentialAction":[{"@type":"ReadAction","target":["https:\/\/www.odonto.ufmg.br\/novo\/noticias\/antigo-predio-odontologia-transformado-museu\/"]}]},{"@type":"ImageObject","inLanguage":"pt-BR","@id":"https:\/\/www.odonto.ufmg.br\/novo\/noticias\/antigo-predio-odontologia-transformado-museu\/#primaryimage","url":"https:\/\/www.odonto.ufmg.br\/novo\/wp-content\/uploads\/sites\/32\/2015\/11\/predio-Copy-1139x500.jpg","contentUrl":"https:\/\/www.odonto.ufmg.br\/novo\/wp-content\/uploads\/sites\/32\/2015\/11\/predio-Copy-1139x500.jpg","width":1139,"height":500},{"@type":"BreadcrumbList","@id":"https:\/\/www.odonto.ufmg.br\/novo\/noticias\/antigo-predio-odontologia-transformado-museu\/#breadcrumb","itemListElement":[{"@type":"ListItem","position":1,"name":"In\u00edcio","item":"https:\/\/www.odonto.ufmg.br\/novo\/inicio-2\/"},{"@type":"ListItem","position":2,"name":"Antigo pr\u00e9dio da Faculdade de Odontologia ser\u00e1 transformado em Museu"}]},{"@type":"WebSite","@id":"https:\/\/www.odonto.ufmg.br\/novo\/#website","url":"https:\/\/www.odonto.ufmg.br\/novo\/","name":"Novo Site","description":"Portal da Faculdade de Odontologia da Universidade Federal de Minas Gerais","publisher":{"@id":"https:\/\/www.odonto.ufmg.br\/novo\/#organization"},"potentialAction":[{"@type":"SearchAction","target":{"@type":"EntryPoint","urlTemplate":"https:\/\/www.odonto.ufmg.br\/novo\/?s={search_term_string}"},"query-input":{"@type":"PropertyValueSpecification","valueRequired":true,"valueName":"search_term_string"}}],"inLanguage":"pt-BR"},{"@type":"Organization","@id":"https:\/\/www.odonto.ufmg.br\/novo\/#organization","name":"Faculdade de Odontologia da UFMG","url":"https:\/\/www.odonto.ufmg.br\/novo\/","logo":{"@type":"ImageObject","inLanguage":"pt-BR","@id":"https:\/\/www.odonto.ufmg.br\/novo\/#\/schema\/logo\/image\/","url":"https:\/\/www.odonto.ufmg.br\/novo\/wp-content\/uploads\/sites\/32\/2015\/12\/logo-fao-ufmg.png","contentUrl":"https:\/\/www.odonto.ufmg.br\/novo\/wp-content\/uploads\/sites\/32\/2015\/12\/logo-fao-ufmg.png","width":340,"height":156,"caption":"Faculdade de Odontologia da UFMG"},"image":{"@id":"https:\/\/www.odonto.ufmg.br\/novo\/#\/schema\/logo\/image\/"},"sameAs":["https:\/\/www.facebook.com\/faoufmg\/"]},{"@type":"Person","@id":""}]}},"_links":{"self":[{"href":"https:\/\/www.odonto.ufmg.br\/novo\/wp-json\/wp\/v2\/posts\/528","targetHints":{"allow":["GET"]}}],"collection":[{"href":"https:\/\/www.odonto.ufmg.br\/novo\/wp-json\/wp\/v2\/posts"}],"about":[{"href":"https:\/\/www.odonto.ufmg.br\/novo\/wp-json\/wp\/v2\/types\/post"}],"author":[{"embeddable":true,"href":"https:\/\/www.odonto.ufmg.br\/novo\/wp-json\/wp\/v2\/users\/2"}],"replies":[{"embeddable":true,"href":"https:\/\/www.odonto.ufmg.br\/novo\/wp-json\/wp\/v2\/comments?post=528"}],"version-history":[{"count":0,"href":"https:\/\/www.odonto.ufmg.br\/novo\/wp-json\/wp\/v2\/posts\/528\/revisions"}],"wp:featuredmedia":[{"embeddable":true,"href":"https:\/\/www.odonto.ufmg.br\/novo\/wp-json\/wp\/v2\/media\/4648"}],"wp:attachment":[{"href":"https:\/\/www.odonto.ufmg.br\/novo\/wp-json\/wp\/v2\/media?parent=528"}],"wp:term":[{"taxonomy":"category","embeddable":true,"href":"https:\/\/www.odonto.ufmg.br\/novo\/wp-json\/wp\/v2\/categories?post=528"},{"taxonomy":"post_tag","embeddable":true,"href":"https:\/\/www.odonto.ufmg.br\/novo\/wp-json\/wp\/v2\/tags?post=528"}],"curies":[{"name":"wp","href":"https:\/\/api.w.org\/{rel}","templated":true}]}}