{"id":14975,"date":"2023-03-17T15:08:35","date_gmt":"2023-03-17T18:08:35","guid":{"rendered":"https:\/\/www.odonto.ufmg.br\/novo\/?p=14975"},"modified":"2023-03-20T13:55:01","modified_gmt":"2023-03-20T16:55:01","slug":"publicacao-portaria-diretoria-fao-22-2023-promocao-titular","status":"publish","type":"post","link":"https:\/\/www.odonto.ufmg.br\/novo\/noticias\/publicacao-portaria-diretoria-fao-22-2023-promocao-titular\/","title":{"rendered":"Publica\u00e7\u00e3o Portaria Diretoria FAO 22\/2023 &#8211; PROMO\u00c7\u00c3O TITULAR"},"content":{"rendered":"<p>Portaria Diretoria FAO 22\/2023 de Designa\u00e7\u00e3o da Comiss\u00e3o Avaliadora para Promo\u00e7\u00e3o para Classe de Professor Titular da FAO.<\/p>\n<p>Para acessa, <a href=\"https:\/\/www.odonto.ufmg.br\/novo\/wp-content\/uploads\/sites\/32\/2023\/03\/2023-portaria-22-Comissao-Avaliadora-de-Promocao-Patricia-Zarzar.pdf\">clique aqui<\/a>.<\/p>\n","protected":false},"excerpt":{"rendered":"<p>Portaria Diretoria FAO 22\/2023 de Designa\u00e7\u00e3o da Comiss\u00e3o Avaliadora para Promo\u00e7\u00e3o para Classe de Professor Titular da FAO. Para acessa, clique aqui.<\/p>\n","protected":false},"author":51,"featured_media":9744,"comment_status":"closed","ping_status":"closed","sticky":false,"template":"","format":"standard","meta":{"inline_featured_image":false,"footnotes":""},"categories":[49],"tags":[],"class_list":["post-14975","post","type-post","status-publish","format-standard","has-post-thumbnail","hentry","category-noticias"],"yoast_head":"<!-- This site is optimized with the Yoast SEO plugin v27.5 - https:\/\/yoast.com\/product\/yoast-seo-wordpress\/ -->\n<title>Publica\u00e7\u00e3o Portaria Diretoria FAO 22\/2023 - PROMO\u00c7\u00c3O TITULAR - Novo Site<\/title>\n<meta name=\"robots\" content=\"index, follow, max-snippet:-1, max-image-preview:large, max-video-preview:-1\" \/>\n<link rel=\"canonical\" href=\"https:\/\/www.odonto.ufmg.br\/novo\/noticias\/publicacao-portaria-diretoria-fao-22-2023-promocao-titular\/\" \/>\n<meta property=\"og:locale\" content=\"pt_BR\" \/>\n<meta property=\"og:type\" content=\"article\" \/>\n<meta property=\"og:title\" content=\"Publica\u00e7\u00e3o Portaria Diretoria FAO 22\/2023 - PROMO\u00c7\u00c3O TITULAR - Novo Site\" \/>\n<meta property=\"og:description\" content=\"Portaria Diretoria FAO 22\/2023 de Designa\u00e7\u00e3o da Comiss\u00e3o Avaliadora para Promo\u00e7\u00e3o para Classe de Professor Titular da FAO. Para acessa, clique aqui.\" \/>\n<meta property=\"og:url\" content=\"https:\/\/www.odonto.ufmg.br\/novo\/noticias\/publicacao-portaria-diretoria-fao-22-2023-promocao-titular\/\" \/>\n<meta property=\"og:site_name\" content=\"Novo Site\" \/>\n<meta property=\"article:publisher\" content=\"https:\/\/www.facebook.com\/faoufmg\/\" \/>\n<meta property=\"article:published_time\" content=\"2023-03-17T18:08:35+00:00\" \/>\n<meta property=\"article:modified_time\" content=\"2023-03-20T16:55:01+00:00\" \/>\n<meta property=\"og:image\" content=\"https:\/\/www.odonto.ufmg.br\/novo\/wp-content\/uploads\/sites\/32\/2018\/07\/mulher-de-negocio-em-trabalhar-com-relatorios-financeiros-e-computador-portatil-no-escritorio_37714-339.jpg\" \/>\n\t<meta property=\"og:image:width\" content=\"626\" \/>\n\t<meta property=\"og:image:height\" content=\"417\" \/>\n\t<meta property=\"og:image:type\" content=\"image\/jpeg\" \/>\n<meta name=\"twitter:card\" content=\"summary_large_image\" \/>\n<meta name=\"twitter:label1\" content=\"Escrito por\" \/>\n\t<meta name=\"twitter:data1\" content=\"\" \/>\n\t<meta name=\"twitter:label2\" content=\"Est. tempo de leitura\" \/>\n\t<meta name=\"twitter:data2\" content=\"1 minuto\" \/>\n<script type=\"application\/ld+json\" class=\"yoast-schema-graph\">{\"@context\":\"https:\\\/\\\/schema.org\",\"@graph\":[{\"@type\":\"Article\",\"@id\":\"https:\\\/\\\/www.odonto.ufmg.br\\\/novo\\\/noticias\\\/publicacao-portaria-diretoria-fao-22-2023-promocao-titular\\\/#article\",\"isPartOf\":{\"@id\":\"https:\\\/\\\/www.odonto.ufmg.br\\\/novo\\\/noticias\\\/publicacao-portaria-diretoria-fao-22-2023-promocao-titular\\\/\"},\"author\":{\"name\":\"\",\"@id\":\"\"},\"headline\":\"Publica\u00e7\u00e3o Portaria Diretoria FAO 22\\\/2023 &#8211; PROMO\u00c7\u00c3O TITULAR\",\"datePublished\":\"2023-03-17T18:08:35+00:00\",\"dateModified\":\"2023-03-20T16:55:01+00:00\",\"mainEntityOfPage\":{\"@id\":\"https:\\\/\\\/www.odonto.ufmg.br\\\/novo\\\/noticias\\\/publicacao-portaria-diretoria-fao-22-2023-promocao-titular\\\/\"},\"wordCount\":33,\"publisher\":{\"@id\":\"https:\\\/\\\/www.odonto.ufmg.br\\\/novo\\\/#organization\"},\"image\":{\"@id\":\"https:\\\/\\\/www.odonto.ufmg.br\\\/novo\\\/noticias\\\/publicacao-portaria-diretoria-fao-22-2023-promocao-titular\\\/#primaryimage\"},\"thumbnailUrl\":\"https:\\\/\\\/www.odonto.ufmg.br\\\/novo\\\/wp-content\\\/uploads\\\/sites\\\/32\\\/2018\\\/07\\\/mulher-de-negocio-em-trabalhar-com-relatorios-financeiros-e-computador-portatil-no-escritorio_37714-339.jpg\",\"articleSection\":[\"Geral\"],\"inLanguage\":\"pt-BR\"},{\"@type\":\"WebPage\",\"@id\":\"https:\\\/\\\/www.odonto.ufmg.br\\\/novo\\\/noticias\\\/publicacao-portaria-diretoria-fao-22-2023-promocao-titular\\\/\",\"url\":\"https:\\\/\\\/www.odonto.ufmg.br\\\/novo\\\/noticias\\\/publicacao-portaria-diretoria-fao-22-2023-promocao-titular\\\/\",\"name\":\"Publica\u00e7\u00e3o Portaria Diretoria FAO 22\\\/2023 - PROMO\u00c7\u00c3O TITULAR - Novo Site\",\"isPartOf\":{\"@id\":\"https:\\\/\\\/www.odonto.ufmg.br\\\/novo\\\/#website\"},\"primaryImageOfPage\":{\"@id\":\"https:\\\/\\\/www.odonto.ufmg.br\\\/novo\\\/noticias\\\/publicacao-portaria-diretoria-fao-22-2023-promocao-titular\\\/#primaryimage\"},\"image\":{\"@id\":\"https:\\\/\\\/www.odonto.ufmg.br\\\/novo\\\/noticias\\\/publicacao-portaria-diretoria-fao-22-2023-promocao-titular\\\/#primaryimage\"},\"thumbnailUrl\":\"https:\\\/\\\/www.odonto.ufmg.br\\\/novo\\\/wp-content\\\/uploads\\\/sites\\\/32\\\/2018\\\/07\\\/mulher-de-negocio-em-trabalhar-com-relatorios-financeiros-e-computador-portatil-no-escritorio_37714-339.jpg\",\"datePublished\":\"2023-03-17T18:08:35+00:00\",\"dateModified\":\"2023-03-20T16:55:01+00:00\",\"breadcrumb\":{\"@id\":\"https:\\\/\\\/www.odonto.ufmg.br\\\/novo\\\/noticias\\\/publicacao-portaria-diretoria-fao-22-2023-promocao-titular\\\/#breadcrumb\"},\"inLanguage\":\"pt-BR\",\"potentialAction\":[{\"@type\":\"ReadAction\",\"target\":[\"https:\\\/\\\/www.odonto.ufmg.br\\\/novo\\\/noticias\\\/publicacao-portaria-diretoria-fao-22-2023-promocao-titular\\\/\"]}]},{\"@type\":\"ImageObject\",\"inLanguage\":\"pt-BR\",\"@id\":\"https:\\\/\\\/www.odonto.ufmg.br\\\/novo\\\/noticias\\\/publicacao-portaria-diretoria-fao-22-2023-promocao-titular\\\/#primaryimage\",\"url\":\"https:\\\/\\\/www.odonto.ufmg.br\\\/novo\\\/wp-content\\\/uploads\\\/sites\\\/32\\\/2018\\\/07\\\/mulher-de-negocio-em-trabalhar-com-relatorios-financeiros-e-computador-portatil-no-escritorio_37714-339.jpg\",\"contentUrl\":\"https:\\\/\\\/www.odonto.ufmg.br\\\/novo\\\/wp-content\\\/uploads\\\/sites\\\/32\\\/2018\\\/07\\\/mulher-de-negocio-em-trabalhar-com-relatorios-financeiros-e-computador-portatil-no-escritorio_37714-339.jpg\",\"width\":626,\"height\":417},{\"@type\":\"BreadcrumbList\",\"@id\":\"https:\\\/\\\/www.odonto.ufmg.br\\\/novo\\\/noticias\\\/publicacao-portaria-diretoria-fao-22-2023-promocao-titular\\\/#breadcrumb\",\"itemListElement\":[{\"@type\":\"ListItem\",\"position\":1,\"name\":\"In\u00edcio\",\"item\":\"https:\\\/\\\/www.odonto.ufmg.br\\\/novo\\\/inicio-2\\\/\"},{\"@type\":\"ListItem\",\"position\":2,\"name\":\"Publica\u00e7\u00e3o Portaria Diretoria FAO 22\\\/2023 &#8211; PROMO\u00c7\u00c3O TITULAR\"}]},{\"@type\":\"WebSite\",\"@id\":\"https:\\\/\\\/www.odonto.ufmg.br\\\/novo\\\/#website\",\"url\":\"https:\\\/\\\/www.odonto.ufmg.br\\\/novo\\\/\",\"name\":\"Novo Site\",\"description\":\"Portal da Faculdade de Odontologia da Universidade Federal de Minas Gerais\",\"publisher\":{\"@id\":\"https:\\\/\\\/www.odonto.ufmg.br\\\/novo\\\/#organization\"},\"potentialAction\":[{\"@type\":\"SearchAction\",\"target\":{\"@type\":\"EntryPoint\",\"urlTemplate\":\"https:\\\/\\\/www.odonto.ufmg.br\\\/novo\\\/?s={search_term_string}\"},\"query-input\":{\"@type\":\"PropertyValueSpecification\",\"valueRequired\":true,\"valueName\":\"search_term_string\"}}],\"inLanguage\":\"pt-BR\"},{\"@type\":\"Organization\",\"@id\":\"https:\\\/\\\/www.odonto.ufmg.br\\\/novo\\\/#organization\",\"name\":\"Faculdade de Odontologia da UFMG\",\"url\":\"https:\\\/\\\/www.odonto.ufmg.br\\\/novo\\\/\",\"logo\":{\"@type\":\"ImageObject\",\"inLanguage\":\"pt-BR\",\"@id\":\"https:\\\/\\\/www.odonto.ufmg.br\\\/novo\\\/#\\\/schema\\\/logo\\\/image\\\/\",\"url\":\"https:\\\/\\\/www.odonto.ufmg.br\\\/novo\\\/wp-content\\\/uploads\\\/sites\\\/32\\\/2015\\\/12\\\/logo-fao-ufmg.png\",\"contentUrl\":\"https:\\\/\\\/www.odonto.ufmg.br\\\/novo\\\/wp-content\\\/uploads\\\/sites\\\/32\\\/2015\\\/12\\\/logo-fao-ufmg.png\",\"width\":340,\"height\":156,\"caption\":\"Faculdade de Odontologia da UFMG\"},\"image\":{\"@id\":\"https:\\\/\\\/www.odonto.ufmg.br\\\/novo\\\/#\\\/schema\\\/logo\\\/image\\\/\"},\"sameAs\":[\"https:\\\/\\\/www.facebook.com\\\/faoufmg\\\/\"]},{\"@type\":\"Person\",\"@id\":\"\"}]}<\/script>\n<!-- \/ Yoast SEO plugin. -->","yoast_head_json":{"title":"Publica\u00e7\u00e3o Portaria Diretoria FAO 22\/2023 - PROMO\u00c7\u00c3O TITULAR - Novo Site","robots":{"index":"index","follow":"follow","max-snippet":"max-snippet:-1","max-image-preview":"max-image-preview:large","max-video-preview":"max-video-preview:-1"},"canonical":"https:\/\/www.odonto.ufmg.br\/novo\/noticias\/publicacao-portaria-diretoria-fao-22-2023-promocao-titular\/","og_locale":"pt_BR","og_type":"article","og_title":"Publica\u00e7\u00e3o Portaria Diretoria FAO 22\/2023 - PROMO\u00c7\u00c3O TITULAR - Novo Site","og_description":"Portaria Diretoria FAO 22\/2023 de Designa\u00e7\u00e3o da Comiss\u00e3o Avaliadora para Promo\u00e7\u00e3o para Classe de Professor Titular da FAO. Para acessa, clique aqui.","og_url":"https:\/\/www.odonto.ufmg.br\/novo\/noticias\/publicacao-portaria-diretoria-fao-22-2023-promocao-titular\/","og_site_name":"Novo Site","article_publisher":"https:\/\/www.facebook.com\/faoufmg\/","article_published_time":"2023-03-17T18:08:35+00:00","article_modified_time":"2023-03-20T16:55:01+00:00","og_image":[{"width":626,"height":417,"url":"https:\/\/www.odonto.ufmg.br\/novo\/wp-content\/uploads\/sites\/32\/2018\/07\/mulher-de-negocio-em-trabalhar-com-relatorios-financeiros-e-computador-portatil-no-escritorio_37714-339.jpg","type":"image\/jpeg"}],"twitter_card":"summary_large_image","twitter_misc":{"Escrito por":"","Est. tempo de leitura":"1 minuto"},"schema":{"@context":"https:\/\/schema.org","@graph":[{"@type":"Article","@id":"https:\/\/www.odonto.ufmg.br\/novo\/noticias\/publicacao-portaria-diretoria-fao-22-2023-promocao-titular\/#article","isPartOf":{"@id":"https:\/\/www.odonto.ufmg.br\/novo\/noticias\/publicacao-portaria-diretoria-fao-22-2023-promocao-titular\/"},"author":{"name":"","@id":""},"headline":"Publica\u00e7\u00e3o Portaria Diretoria FAO 22\/2023 &#8211; PROMO\u00c7\u00c3O TITULAR","datePublished":"2023-03-17T18:08:35+00:00","dateModified":"2023-03-20T16:55:01+00:00","mainEntityOfPage":{"@id":"https:\/\/www.odonto.ufmg.br\/novo\/noticias\/publicacao-portaria-diretoria-fao-22-2023-promocao-titular\/"},"wordCount":33,"publisher":{"@id":"https:\/\/www.odonto.ufmg.br\/novo\/#organization"},"image":{"@id":"https:\/\/www.odonto.ufmg.br\/novo\/noticias\/publicacao-portaria-diretoria-fao-22-2023-promocao-titular\/#primaryimage"},"thumbnailUrl":"https:\/\/www.odonto.ufmg.br\/novo\/wp-content\/uploads\/sites\/32\/2018\/07\/mulher-de-negocio-em-trabalhar-com-relatorios-financeiros-e-computador-portatil-no-escritorio_37714-339.jpg","articleSection":["Geral"],"inLanguage":"pt-BR"},{"@type":"WebPage","@id":"https:\/\/www.odonto.ufmg.br\/novo\/noticias\/publicacao-portaria-diretoria-fao-22-2023-promocao-titular\/","url":"https:\/\/www.odonto.ufmg.br\/novo\/noticias\/publicacao-portaria-diretoria-fao-22-2023-promocao-titular\/","name":"Publica\u00e7\u00e3o Portaria Diretoria FAO 22\/2023 - PROMO\u00c7\u00c3O TITULAR - Novo Site","isPartOf":{"@id":"https:\/\/www.odonto.ufmg.br\/novo\/#website"},"primaryImageOfPage":{"@id":"https:\/\/www.odonto.ufmg.br\/novo\/noticias\/publicacao-portaria-diretoria-fao-22-2023-promocao-titular\/#primaryimage"},"image":{"@id":"https:\/\/www.odonto.ufmg.br\/novo\/noticias\/publicacao-portaria-diretoria-fao-22-2023-promocao-titular\/#primaryimage"},"thumbnailUrl":"https:\/\/www.odonto.ufmg.br\/novo\/wp-content\/uploads\/sites\/32\/2018\/07\/mulher-de-negocio-em-trabalhar-com-relatorios-financeiros-e-computador-portatil-no-escritorio_37714-339.jpg","datePublished":"2023-03-17T18:08:35+00:00","dateModified":"2023-03-20T16:55:01+00:00","breadcrumb":{"@id":"https:\/\/www.odonto.ufmg.br\/novo\/noticias\/publicacao-portaria-diretoria-fao-22-2023-promocao-titular\/#breadcrumb"},"inLanguage":"pt-BR","potentialAction":[{"@type":"ReadAction","target":["https:\/\/www.odonto.ufmg.br\/novo\/noticias\/publicacao-portaria-diretoria-fao-22-2023-promocao-titular\/"]}]},{"@type":"ImageObject","inLanguage":"pt-BR","@id":"https:\/\/www.odonto.ufmg.br\/novo\/noticias\/publicacao-portaria-diretoria-fao-22-2023-promocao-titular\/#primaryimage","url":"https:\/\/www.odonto.ufmg.br\/novo\/wp-content\/uploads\/sites\/32\/2018\/07\/mulher-de-negocio-em-trabalhar-com-relatorios-financeiros-e-computador-portatil-no-escritorio_37714-339.jpg","contentUrl":"https:\/\/www.odonto.ufmg.br\/novo\/wp-content\/uploads\/sites\/32\/2018\/07\/mulher-de-negocio-em-trabalhar-com-relatorios-financeiros-e-computador-portatil-no-escritorio_37714-339.jpg","width":626,"height":417},{"@type":"BreadcrumbList","@id":"https:\/\/www.odonto.ufmg.br\/novo\/noticias\/publicacao-portaria-diretoria-fao-22-2023-promocao-titular\/#breadcrumb","itemListElement":[{"@type":"ListItem","position":1,"name":"In\u00edcio","item":"https:\/\/www.odonto.ufmg.br\/novo\/inicio-2\/"},{"@type":"ListItem","position":2,"name":"Publica\u00e7\u00e3o Portaria Diretoria FAO 22\/2023 &#8211; PROMO\u00c7\u00c3O TITULAR"}]},{"@type":"WebSite","@id":"https:\/\/www.odonto.ufmg.br\/novo\/#website","url":"https:\/\/www.odonto.ufmg.br\/novo\/","name":"Novo Site","description":"Portal da Faculdade de Odontologia da Universidade Federal de Minas Gerais","publisher":{"@id":"https:\/\/www.odonto.ufmg.br\/novo\/#organization"},"potentialAction":[{"@type":"SearchAction","target":{"@type":"EntryPoint","urlTemplate":"https:\/\/www.odonto.ufmg.br\/novo\/?s={search_term_string}"},"query-input":{"@type":"PropertyValueSpecification","valueRequired":true,"valueName":"search_term_string"}}],"inLanguage":"pt-BR"},{"@type":"Organization","@id":"https:\/\/www.odonto.ufmg.br\/novo\/#organization","name":"Faculdade de Odontologia da UFMG","url":"https:\/\/www.odonto.ufmg.br\/novo\/","logo":{"@type":"ImageObject","inLanguage":"pt-BR","@id":"https:\/\/www.odonto.ufmg.br\/novo\/#\/schema\/logo\/image\/","url":"https:\/\/www.odonto.ufmg.br\/novo\/wp-content\/uploads\/sites\/32\/2015\/12\/logo-fao-ufmg.png","contentUrl":"https:\/\/www.odonto.ufmg.br\/novo\/wp-content\/uploads\/sites\/32\/2015\/12\/logo-fao-ufmg.png","width":340,"height":156,"caption":"Faculdade de Odontologia da UFMG"},"image":{"@id":"https:\/\/www.odonto.ufmg.br\/novo\/#\/schema\/logo\/image\/"},"sameAs":["https:\/\/www.facebook.com\/faoufmg\/"]},{"@type":"Person","@id":""}]}},"_links":{"self":[{"href":"https:\/\/www.odonto.ufmg.br\/novo\/wp-json\/wp\/v2\/posts\/14975","targetHints":{"allow":["GET"]}}],"collection":[{"href":"https:\/\/www.odonto.ufmg.br\/novo\/wp-json\/wp\/v2\/posts"}],"about":[{"href":"https:\/\/www.odonto.ufmg.br\/novo\/wp-json\/wp\/v2\/types\/post"}],"author":[{"embeddable":true,"href":"https:\/\/www.odonto.ufmg.br\/novo\/wp-json\/wp\/v2\/users\/51"}],"replies":[{"embeddable":true,"href":"https:\/\/www.odonto.ufmg.br\/novo\/wp-json\/wp\/v2\/comments?post=14975"}],"version-history":[{"count":2,"href":"https:\/\/www.odonto.ufmg.br\/novo\/wp-json\/wp\/v2\/posts\/14975\/revisions"}],"predecessor-version":[{"id":15100,"href":"https:\/\/www.odonto.ufmg.br\/novo\/wp-json\/wp\/v2\/posts\/14975\/revisions\/15100"}],"wp:featuredmedia":[{"embeddable":true,"href":"https:\/\/www.odonto.ufmg.br\/novo\/wp-json\/wp\/v2\/media\/9744"}],"wp:attachment":[{"href":"https:\/\/www.odonto.ufmg.br\/novo\/wp-json\/wp\/v2\/media?parent=14975"}],"wp:term":[{"taxonomy":"category","embeddable":true,"href":"https:\/\/www.odonto.ufmg.br\/novo\/wp-json\/wp\/v2\/categories?post=14975"},{"taxonomy":"post_tag","embeddable":true,"href":"https:\/\/www.odonto.ufmg.br\/novo\/wp-json\/wp\/v2\/tags?post=14975"}],"curies":[{"name":"wp","href":"https:\/\/api.w.org\/{rel}","templated":true}]}}