{"id":10910,"date":"2019-02-19T16:41:20","date_gmt":"2019-02-19T19:41:20","guid":{"rendered":"https:\/\/www.odonto.ufmg.br\/novo\/?p=10910"},"modified":"2019-02-19T16:41:20","modified_gmt":"2019-02-19T19:41:20","slug":"edital-no03-2019-complementar-ao-edital-no02-2019","status":"publish","type":"post","link":"https:\/\/www.odonto.ufmg.br\/novo\/noticias\/edital-no03-2019-complementar-ao-edital-no02-2019\/","title":{"rendered":"Edital N\u00ba03\/2019: complementar ao edital N\u00ba02\/2019."},"content":{"rendered":"<p>O presente edital n\u00ba03\/2019 discorre, com complementa\u00e7\u00e3o ao edital n\u00ba02\/2019, sobre a elei\u00e7\u00e3o dos representantes dos servidores t\u00e9cnicos-administrativos, junto \u00e0 Congrega\u00e7\u00e3o da FOUFMG.\u00a0 Para visualizar o documento na \u00edntegra,\u00a0<a href=\"https:\/\/www.odonto.ufmg.br\/novo\/wp-content\/uploads\/sites\/32\/2019\/02\/EDITAL-03-2019-20190219_16090317.pdf\" target=\"_blank\" rel=\"noopener\">clique aqui.<\/a><\/p>\n<p>Al\u00e9m disso, acesse\u00a0<a href=\"https:\/\/www.odonto.ufmg.br\/novo\/wp-content\/uploads\/sites\/32\/2019\/02\/EDITAL-03-2019-ANEXO20190219_10295073-1.pdf\" target=\"_blank\" rel=\"noopener\">aqui<\/a>\u00a0para visualizar o cronograma referente ao edital complementar.<\/p>\n","protected":false},"excerpt":{"rendered":"<p>O presente edital n\u00ba03\/2019 discorre, com complementa\u00e7\u00e3o ao edital n\u00ba02\/2019, sobre a elei\u00e7\u00e3o dos representantes dos servidores t\u00e9cnicos-administrativos, junto \u00e0 Congrega\u00e7\u00e3o da FOUFMG.\u00a0 Para visualizar o documento na \u00edntegra,\u00a0clique aqui. Al\u00e9m disso, acesse\u00a0aqui\u00a0para visualizar o cronograma referente ao edital complementar.<\/p>\n","protected":false},"author":1,"featured_media":10911,"comment_status":"closed","ping_status":"closed","sticky":false,"template":"","format":"standard","meta":{"footnotes":""},"categories":[90,91,49],"tags":[],"class_list":["post-10910","post","type-post","status-publish","format-standard","has-post-thumbnail","hentry","category-documentos","category-editais-documentos","category-noticias"],"_links":{"self":[{"href":"https:\/\/www.odonto.ufmg.br\/novo\/wp-json\/wp\/v2\/posts\/10910","targetHints":{"allow":["GET"]}}],"collection":[{"href":"https:\/\/www.odonto.ufmg.br\/novo\/wp-json\/wp\/v2\/posts"}],"about":[{"href":"https:\/\/www.odonto.ufmg.br\/novo\/wp-json\/wp\/v2\/types\/post"}],"author":[{"embeddable":true,"href":"https:\/\/www.odonto.ufmg.br\/novo\/wp-json\/wp\/v2\/users\/1"}],"replies":[{"embeddable":true,"href":"https:\/\/www.odonto.ufmg.br\/novo\/wp-json\/wp\/v2\/comments?post=10910"}],"version-history":[{"count":4,"href":"https:\/\/www.odonto.ufmg.br\/novo\/wp-json\/wp\/v2\/posts\/10910\/revisions"}],"predecessor-version":[{"id":10917,"href":"https:\/\/www.odonto.ufmg.br\/novo\/wp-json\/wp\/v2\/posts\/10910\/revisions\/10917"}],"wp:featuredmedia":[{"embeddable":true,"href":"https:\/\/www.odonto.ufmg.br\/novo\/wp-json\/wp\/v2\/media\/10911"}],"wp:attachment":[{"href":"https:\/\/www.odonto.ufmg.br\/novo\/wp-json\/wp\/v2\/media?parent=10910"}],"wp:term":[{"taxonomy":"category","embeddable":true,"href":"https:\/\/www.odonto.ufmg.br\/novo\/wp-json\/wp\/v2\/categories?post=10910"},{"taxonomy":"post_tag","embeddable":true,"href":"https:\/\/www.odonto.ufmg.br\/novo\/wp-json\/wp\/v2\/tags?post=10910"}],"curies":[{"name":"wp","href":"https:\/\/api.w.org\/{rel}","templated":true}]}}