{"id":705,"date":"2018-04-20T18:56:06","date_gmt":"2018-04-20T21:56:06","guid":{"rendered":"https:\/\/www.odonto.ufmg.br\/dentalnews\/?p=705"},"modified":"2018-04-20T18:56:06","modified_gmt":"2018-04-20T21:56:06","slug":"mau-halito-em-todas-as-idades","status":"publish","type":"post","link":"https:\/\/www.odonto.ufmg.br\/dentalnews\/2018\/04\/20\/mau-halito-em-todas-as-idades\/","title":{"rendered":"Mau h\u00e1lito em todas as idades"},"content":{"rendered":"<div id=\"top-row\" class=\"style-scope ytd-video-secondary-info-renderer\">\n<div id=\"upload-info\" class=\"style-scope ytd-video-owner-renderer\"><strong><span class=\"date style-scope ytd-video-secondary-info-renderer\">Transmitido ao vivo em 16 de abr de 2018<\/span><\/strong><\/div>\n<div id=\"sponsor-button\" class=\"style-scope ytd-video-owner-renderer\"><\/div>\n<\/div>\n<div id=\"content\" class=\"style-scope ytd-expander\">A halitose ou mau h\u00e1lito \u00e9 uma condi\u00e7\u00e3o anormal do h\u00e1lito que se altera de forma desagrad\u00e1vel. Em nosso pr\u00f3ximo programa ao vivo da TV DENTAL NEWS, dia 16\/04\/18 \u00e0s 20h (hor\u00e1rio de Bras\u00edlia), receberemos a CD Karyne Magalh\u00e3es para abordar esse importante tema.<\/div>\n<div><\/div>\n<div class=\"style-scope ytd-expander\">TV DENTAL NEWS: a primeira TV da Odontologia: conte\u00fado de qualidade ao alcance de tod@s.<\/div>\n<div><\/div>\n<div class='avia-iframe-wrap'><iframe width=\"1500\" height=\"844\" src=\"https:\/\/www.youtube.com\/embed\/kZDCfDuofV4?start=412&#038;feature=oembed\" frameborder=\"0\" allow=\"autoplay; encrypted-media\" allowfullscreen><\/iframe><\/div>\n","protected":false},"excerpt":{"rendered":"<p>Transmitido ao vivo em 16 de abr de 2018 A halitose ou mau h\u00e1lito \u00e9 uma condi\u00e7\u00e3o anormal do h\u00e1lito que se altera de forma desagrad\u00e1vel. Em nosso pr\u00f3ximo programa ao vivo da TV DENTAL NEWS, dia 16\/04\/18 \u00e0s 20h (hor\u00e1rio de Bras\u00edlia), receberemos a CD Karyne Magalh\u00e3es para abordar esse importante tema. TV DENTAL [&hellip;]<\/p>\n","protected":false},"author":14,"featured_media":0,"comment_status":"closed","ping_status":"closed","sticky":false,"template":"","format":"standard","meta":{"inline_featured_image":false,"footnotes":""},"categories":[15],"tags":[],"class_list":["post-705","post","type-post","status-publish","format-standard","hentry","category-vivo"],"yoast_head":"<!-- This site is optimized with the Yoast SEO plugin v27.5 - https:\/\/yoast.com\/product\/yoast-seo-wordpress\/ -->\n<title>Mau h\u00e1lito em todas as idades - TV Dental News - UFMG<\/title>\n<meta name=\"robots\" content=\"index, follow, max-snippet:-1, max-image-preview:large, max-video-preview:-1\" \/>\n<link rel=\"canonical\" href=\"https:\/\/www.odonto.ufmg.br\/dentalnews\/2018\/04\/20\/mau-halito-em-todas-as-idades\/\" \/>\n<meta property=\"og:locale\" content=\"pt_BR\" \/>\n<meta property=\"og:type\" content=\"article\" \/>\n<meta property=\"og:title\" content=\"Mau h\u00e1lito em todas as idades - TV Dental News - UFMG\" \/>\n<meta property=\"og:description\" content=\"Transmitido ao vivo em 16 de abr de 2018 A halitose ou mau h\u00e1lito \u00e9 uma condi\u00e7\u00e3o anormal do h\u00e1lito que se altera de forma desagrad\u00e1vel. Em nosso pr\u00f3ximo programa ao vivo da TV DENTAL NEWS, dia 16\/04\/18 \u00e0s 20h (hor\u00e1rio de Bras\u00edlia), receberemos a CD Karyne Magalh\u00e3es para abordar esse importante tema. TV DENTAL [&hellip;]\" \/>\n<meta property=\"og:url\" content=\"https:\/\/www.odonto.ufmg.br\/dentalnews\/2018\/04\/20\/mau-halito-em-todas-as-idades\/\" \/>\n<meta property=\"og:site_name\" content=\"TV Dental News - UFMG\" \/>\n<meta property=\"article:published_time\" content=\"2018-04-20T21:56:06+00:00\" \/>\n<meta name=\"author\" content=\"Rodrigo Richard\" \/>\n<meta name=\"twitter:card\" content=\"summary_large_image\" \/>\n<meta name=\"twitter:label1\" content=\"Escrito por\" \/>\n\t<meta name=\"twitter:data1\" content=\"Rodrigo Richard\" \/>\n<script type=\"application\/ld+json\" class=\"yoast-schema-graph\">{\"@context\":\"https:\\\/\\\/schema.org\",\"@graph\":[{\"@type\":\"Article\",\"@id\":\"https:\\\/\\\/www.odonto.ufmg.br\\\/dentalnews\\\/2018\\\/04\\\/20\\\/mau-halito-em-todas-as-idades\\\/#article\",\"isPartOf\":{\"@id\":\"https:\\\/\\\/www.odonto.ufmg.br\\\/dentalnews\\\/2018\\\/04\\\/20\\\/mau-halito-em-todas-as-idades\\\/\"},\"author\":{\"name\":\"Rodrigo Richard\",\"@id\":\"https:\\\/\\\/www.odonto.ufmg.br\\\/dentalnews\\\/#\\\/schema\\\/person\\\/07c18a2ca8f0d3d1d14311d23e7e7463\"},\"headline\":\"Mau h\u00e1lito em todas as idades\",\"datePublished\":\"2018-04-20T21:56:06+00:00\",\"mainEntityOfPage\":{\"@id\":\"https:\\\/\\\/www.odonto.ufmg.br\\\/dentalnews\\\/2018\\\/04\\\/20\\\/mau-halito-em-todas-as-idades\\\/\"},\"wordCount\":91,\"articleSection\":[\"Transmiss\u00e3o Ao Vivo\"],\"inLanguage\":\"pt-BR\"},{\"@type\":\"WebPage\",\"@id\":\"https:\\\/\\\/www.odonto.ufmg.br\\\/dentalnews\\\/2018\\\/04\\\/20\\\/mau-halito-em-todas-as-idades\\\/\",\"url\":\"https:\\\/\\\/www.odonto.ufmg.br\\\/dentalnews\\\/2018\\\/04\\\/20\\\/mau-halito-em-todas-as-idades\\\/\",\"name\":\"Mau h\u00e1lito em todas as idades - TV Dental News - UFMG\",\"isPartOf\":{\"@id\":\"https:\\\/\\\/www.odonto.ufmg.br\\\/dentalnews\\\/#website\"},\"datePublished\":\"2018-04-20T21:56:06+00:00\",\"author\":{\"@id\":\"https:\\\/\\\/www.odonto.ufmg.br\\\/dentalnews\\\/#\\\/schema\\\/person\\\/07c18a2ca8f0d3d1d14311d23e7e7463\"},\"breadcrumb\":{\"@id\":\"https:\\\/\\\/www.odonto.ufmg.br\\\/dentalnews\\\/2018\\\/04\\\/20\\\/mau-halito-em-todas-as-idades\\\/#breadcrumb\"},\"inLanguage\":\"pt-BR\",\"potentialAction\":[{\"@type\":\"ReadAction\",\"target\":[\"https:\\\/\\\/www.odonto.ufmg.br\\\/dentalnews\\\/2018\\\/04\\\/20\\\/mau-halito-em-todas-as-idades\\\/\"]}]},{\"@type\":\"BreadcrumbList\",\"@id\":\"https:\\\/\\\/www.odonto.ufmg.br\\\/dentalnews\\\/2018\\\/04\\\/20\\\/mau-halito-em-todas-as-idades\\\/#breadcrumb\",\"itemListElement\":[{\"@type\":\"ListItem\",\"position\":1,\"name\":\"In\u00edcio\",\"item\":\"https:\\\/\\\/www.odonto.ufmg.br\\\/dentalnews\\\/\"},{\"@type\":\"ListItem\",\"position\":2,\"name\":\"Mau h\u00e1lito em todas as idades\"}]},{\"@type\":\"WebSite\",\"@id\":\"https:\\\/\\\/www.odonto.ufmg.br\\\/dentalnews\\\/#website\",\"url\":\"https:\\\/\\\/www.odonto.ufmg.br\\\/dentalnews\\\/\",\"name\":\"TV Dental News - UFMG\",\"description\":\"Faculdade de Odontologia Universidade Federal de Minas Gerais\",\"potentialAction\":[{\"@type\":\"SearchAction\",\"target\":{\"@type\":\"EntryPoint\",\"urlTemplate\":\"https:\\\/\\\/www.odonto.ufmg.br\\\/dentalnews\\\/?s={search_term_string}\"},\"query-input\":{\"@type\":\"PropertyValueSpecification\",\"valueRequired\":true,\"valueName\":\"search_term_string\"}}],\"inLanguage\":\"pt-BR\"},{\"@type\":\"Person\",\"@id\":\"https:\\\/\\\/www.odonto.ufmg.br\\\/dentalnews\\\/#\\\/schema\\\/person\\\/07c18a2ca8f0d3d1d14311d23e7e7463\",\"name\":\"Rodrigo Richard\",\"image\":{\"@type\":\"ImageObject\",\"inLanguage\":\"pt-BR\",\"@id\":\"https:\\\/\\\/secure.gravatar.com\\\/avatar\\\/c058463eaf009f46c2848b097ddf80ad45af07eab96ff918b7af5918367c27f0?s=96&d=mm&r=g\",\"url\":\"https:\\\/\\\/secure.gravatar.com\\\/avatar\\\/c058463eaf009f46c2848b097ddf80ad45af07eab96ff918b7af5918367c27f0?s=96&d=mm&r=g\",\"contentUrl\":\"https:\\\/\\\/secure.gravatar.com\\\/avatar\\\/c058463eaf009f46c2848b097ddf80ad45af07eab96ff918b7af5918367c27f0?s=96&d=mm&r=g\",\"caption\":\"Rodrigo Richard\"},\"url\":\"https:\\\/\\\/www.odonto.ufmg.br\\\/dentalnews\\\/author\\\/dentalnews\\\/\"}]}<\/script>\n<!-- \/ Yoast SEO plugin. -->","yoast_head_json":{"title":"Mau h\u00e1lito em todas as idades - TV Dental News - UFMG","robots":{"index":"index","follow":"follow","max-snippet":"max-snippet:-1","max-image-preview":"max-image-preview:large","max-video-preview":"max-video-preview:-1"},"canonical":"https:\/\/www.odonto.ufmg.br\/dentalnews\/2018\/04\/20\/mau-halito-em-todas-as-idades\/","og_locale":"pt_BR","og_type":"article","og_title":"Mau h\u00e1lito em todas as idades - TV Dental News - UFMG","og_description":"Transmitido ao vivo em 16 de abr de 2018 A halitose ou mau h\u00e1lito \u00e9 uma condi\u00e7\u00e3o anormal do h\u00e1lito que se altera de forma desagrad\u00e1vel. Em nosso pr\u00f3ximo programa ao vivo da TV DENTAL NEWS, dia 16\/04\/18 \u00e0s 20h (hor\u00e1rio de Bras\u00edlia), receberemos a CD Karyne Magalh\u00e3es para abordar esse importante tema. TV DENTAL [&hellip;]","og_url":"https:\/\/www.odonto.ufmg.br\/dentalnews\/2018\/04\/20\/mau-halito-em-todas-as-idades\/","og_site_name":"TV Dental News - UFMG","article_published_time":"2018-04-20T21:56:06+00:00","author":"Rodrigo Richard","twitter_card":"summary_large_image","twitter_misc":{"Escrito por":"Rodrigo Richard"},"schema":{"@context":"https:\/\/schema.org","@graph":[{"@type":"Article","@id":"https:\/\/www.odonto.ufmg.br\/dentalnews\/2018\/04\/20\/mau-halito-em-todas-as-idades\/#article","isPartOf":{"@id":"https:\/\/www.odonto.ufmg.br\/dentalnews\/2018\/04\/20\/mau-halito-em-todas-as-idades\/"},"author":{"name":"Rodrigo Richard","@id":"https:\/\/www.odonto.ufmg.br\/dentalnews\/#\/schema\/person\/07c18a2ca8f0d3d1d14311d23e7e7463"},"headline":"Mau h\u00e1lito em todas as idades","datePublished":"2018-04-20T21:56:06+00:00","mainEntityOfPage":{"@id":"https:\/\/www.odonto.ufmg.br\/dentalnews\/2018\/04\/20\/mau-halito-em-todas-as-idades\/"},"wordCount":91,"articleSection":["Transmiss\u00e3o Ao Vivo"],"inLanguage":"pt-BR"},{"@type":"WebPage","@id":"https:\/\/www.odonto.ufmg.br\/dentalnews\/2018\/04\/20\/mau-halito-em-todas-as-idades\/","url":"https:\/\/www.odonto.ufmg.br\/dentalnews\/2018\/04\/20\/mau-halito-em-todas-as-idades\/","name":"Mau h\u00e1lito em todas as idades - TV Dental News - UFMG","isPartOf":{"@id":"https:\/\/www.odonto.ufmg.br\/dentalnews\/#website"},"datePublished":"2018-04-20T21:56:06+00:00","author":{"@id":"https:\/\/www.odonto.ufmg.br\/dentalnews\/#\/schema\/person\/07c18a2ca8f0d3d1d14311d23e7e7463"},"breadcrumb":{"@id":"https:\/\/www.odonto.ufmg.br\/dentalnews\/2018\/04\/20\/mau-halito-em-todas-as-idades\/#breadcrumb"},"inLanguage":"pt-BR","potentialAction":[{"@type":"ReadAction","target":["https:\/\/www.odonto.ufmg.br\/dentalnews\/2018\/04\/20\/mau-halito-em-todas-as-idades\/"]}]},{"@type":"BreadcrumbList","@id":"https:\/\/www.odonto.ufmg.br\/dentalnews\/2018\/04\/20\/mau-halito-em-todas-as-idades\/#breadcrumb","itemListElement":[{"@type":"ListItem","position":1,"name":"In\u00edcio","item":"https:\/\/www.odonto.ufmg.br\/dentalnews\/"},{"@type":"ListItem","position":2,"name":"Mau h\u00e1lito em todas as idades"}]},{"@type":"WebSite","@id":"https:\/\/www.odonto.ufmg.br\/dentalnews\/#website","url":"https:\/\/www.odonto.ufmg.br\/dentalnews\/","name":"TV Dental News - UFMG","description":"Faculdade de Odontologia Universidade Federal de Minas Gerais","potentialAction":[{"@type":"SearchAction","target":{"@type":"EntryPoint","urlTemplate":"https:\/\/www.odonto.ufmg.br\/dentalnews\/?s={search_term_string}"},"query-input":{"@type":"PropertyValueSpecification","valueRequired":true,"valueName":"search_term_string"}}],"inLanguage":"pt-BR"},{"@type":"Person","@id":"https:\/\/www.odonto.ufmg.br\/dentalnews\/#\/schema\/person\/07c18a2ca8f0d3d1d14311d23e7e7463","name":"Rodrigo Richard","image":{"@type":"ImageObject","inLanguage":"pt-BR","@id":"https:\/\/secure.gravatar.com\/avatar\/c058463eaf009f46c2848b097ddf80ad45af07eab96ff918b7af5918367c27f0?s=96&d=mm&r=g","url":"https:\/\/secure.gravatar.com\/avatar\/c058463eaf009f46c2848b097ddf80ad45af07eab96ff918b7af5918367c27f0?s=96&d=mm&r=g","contentUrl":"https:\/\/secure.gravatar.com\/avatar\/c058463eaf009f46c2848b097ddf80ad45af07eab96ff918b7af5918367c27f0?s=96&d=mm&r=g","caption":"Rodrigo Richard"},"url":"https:\/\/www.odonto.ufmg.br\/dentalnews\/author\/dentalnews\/"}]}},"_links":{"self":[{"href":"https:\/\/www.odonto.ufmg.br\/dentalnews\/wp-json\/wp\/v2\/posts\/705","targetHints":{"allow":["GET"]}}],"collection":[{"href":"https:\/\/www.odonto.ufmg.br\/dentalnews\/wp-json\/wp\/v2\/posts"}],"about":[{"href":"https:\/\/www.odonto.ufmg.br\/dentalnews\/wp-json\/wp\/v2\/types\/post"}],"author":[{"embeddable":true,"href":"https:\/\/www.odonto.ufmg.br\/dentalnews\/wp-json\/wp\/v2\/users\/14"}],"replies":[{"embeddable":true,"href":"https:\/\/www.odonto.ufmg.br\/dentalnews\/wp-json\/wp\/v2\/comments?post=705"}],"version-history":[{"count":2,"href":"https:\/\/www.odonto.ufmg.br\/dentalnews\/wp-json\/wp\/v2\/posts\/705\/revisions"}],"predecessor-version":[{"id":707,"href":"https:\/\/www.odonto.ufmg.br\/dentalnews\/wp-json\/wp\/v2\/posts\/705\/revisions\/707"}],"wp:attachment":[{"href":"https:\/\/www.odonto.ufmg.br\/dentalnews\/wp-json\/wp\/v2\/media?parent=705"}],"wp:term":[{"taxonomy":"category","embeddable":true,"href":"https:\/\/www.odonto.ufmg.br\/dentalnews\/wp-json\/wp\/v2\/categories?post=705"},{"taxonomy":"post_tag","embeddable":true,"href":"https:\/\/www.odonto.ufmg.br\/dentalnews\/wp-json\/wp\/v2\/tags?post=705"}],"curies":[{"name":"wp","href":"https:\/\/api.w.org\/{rel}","templated":true}]}}