{"id":328,"date":"2017-06-09T18:30:11","date_gmt":"2017-06-09T21:30:11","guid":{"rendered":"https:\/\/www.odonto.ufmg.br\/dentalnews\/?p=328"},"modified":"2017-06-09T18:30:11","modified_gmt":"2017-06-09T21:30:11","slug":"o-impacto-da-periodontite-na-saude-sistemica-do-seu-paciente","status":"publish","type":"post","link":"https:\/\/www.odonto.ufmg.br\/dentalnews\/2017\/06\/09\/o-impacto-da-periodontite-na-saude-sistemica-do-seu-paciente\/","title":{"rendered":"O IMPACTO DA PERIODONTITE NA SA\u00daDE SIST\u00caMICA DO SEU PACIENTE"},"content":{"rendered":"<div id=\"watch-uploader-info\"><strong class=\"watch-time-text\">Transmitido ao vivo em 3 de out de 2016<\/strong><\/div>\n<div id=\"watch-description-text\" class=\"\">\n<p id=\"eow-description\" class=\"\">Ol\u00e1 pessoal!<br \/>\nHoje mais um programa ao vivo da TV DENTAL NEWS, \u00e0s 20h (hor\u00e1rio de Bras\u00edlia): O IMPACTO DA PERIODONTITE NA SA\u00daDE SIST\u00caMICA DO SEU PACIENTE com o Prof. Dr. Carlos Marcelo Figueredo.<\/p>\n<\/div>\n<div class='avia-iframe-wrap'><iframe width=\"1500\" height=\"844\" src=\"https:\/\/www.youtube.com\/embed\/Cu0FIkAqZGs?feature=oembed\" frameborder=\"0\" allowfullscreen><\/iframe><\/div>\n","protected":false},"excerpt":{"rendered":"<p>Transmitido ao vivo em 3 de out de 2016 Ol\u00e1 pessoal! Hoje mais um programa ao vivo da TV DENTAL NEWS, \u00e0s 20h (hor\u00e1rio de Bras\u00edlia): O IMPACTO DA PERIODONTITE NA SA\u00daDE SIST\u00caMICA DO SEU PACIENTE com o Prof. Dr. Carlos Marcelo Figueredo.<\/p>\n","protected":false},"author":14,"featured_media":0,"comment_status":"closed","ping_status":"closed","sticky":false,"template":"","format":"standard","meta":{"inline_featured_image":false,"footnotes":""},"categories":[15],"tags":[],"class_list":["post-328","post","type-post","status-publish","format-standard","hentry","category-vivo"],"yoast_head":"<!-- This site is optimized with the Yoast SEO plugin v27.5 - https:\/\/yoast.com\/product\/yoast-seo-wordpress\/ -->\n<title>O IMPACTO DA PERIODONTITE NA SA\u00daDE SIST\u00caMICA DO SEU PACIENTE - TV Dental News - UFMG<\/title>\n<meta name=\"robots\" content=\"index, follow, max-snippet:-1, max-image-preview:large, max-video-preview:-1\" \/>\n<link rel=\"canonical\" href=\"https:\/\/www.odonto.ufmg.br\/dentalnews\/2017\/06\/09\/o-impacto-da-periodontite-na-saude-sistemica-do-seu-paciente\/\" \/>\n<meta property=\"og:locale\" content=\"pt_BR\" \/>\n<meta property=\"og:type\" content=\"article\" \/>\n<meta property=\"og:title\" content=\"O IMPACTO DA PERIODONTITE NA SA\u00daDE SIST\u00caMICA DO SEU PACIENTE - TV Dental News - UFMG\" \/>\n<meta property=\"og:description\" content=\"Transmitido ao vivo em 3 de out de 2016 Ol\u00e1 pessoal! Hoje mais um programa ao vivo da TV DENTAL NEWS, \u00e0s 20h (hor\u00e1rio de Bras\u00edlia): O IMPACTO DA PERIODONTITE NA SA\u00daDE SIST\u00caMICA DO SEU PACIENTE com o Prof. Dr. Carlos Marcelo Figueredo.\" \/>\n<meta property=\"og:url\" content=\"https:\/\/www.odonto.ufmg.br\/dentalnews\/2017\/06\/09\/o-impacto-da-periodontite-na-saude-sistemica-do-seu-paciente\/\" \/>\n<meta property=\"og:site_name\" content=\"TV Dental News - UFMG\" \/>\n<meta property=\"article:published_time\" content=\"2017-06-09T21:30:11+00:00\" \/>\n<meta name=\"author\" content=\"Rodrigo Richard\" \/>\n<meta name=\"twitter:card\" content=\"summary_large_image\" \/>\n<meta name=\"twitter:label1\" content=\"Escrito por\" \/>\n\t<meta name=\"twitter:data1\" content=\"Rodrigo Richard\" \/>\n<script type=\"application\/ld+json\" class=\"yoast-schema-graph\">{\"@context\":\"https:\\\/\\\/schema.org\",\"@graph\":[{\"@type\":\"Article\",\"@id\":\"https:\\\/\\\/www.odonto.ufmg.br\\\/dentalnews\\\/2017\\\/06\\\/09\\\/o-impacto-da-periodontite-na-saude-sistemica-do-seu-paciente\\\/#article\",\"isPartOf\":{\"@id\":\"https:\\\/\\\/www.odonto.ufmg.br\\\/dentalnews\\\/2017\\\/06\\\/09\\\/o-impacto-da-periodontite-na-saude-sistemica-do-seu-paciente\\\/\"},\"author\":{\"name\":\"Rodrigo Richard\",\"@id\":\"https:\\\/\\\/www.odonto.ufmg.br\\\/dentalnews\\\/#\\\/schema\\\/person\\\/07c18a2ca8f0d3d1d14311d23e7e7463\"},\"headline\":\"O IMPACTO DA PERIODONTITE NA SA\u00daDE SIST\u00caMICA DO SEU PACIENTE\",\"datePublished\":\"2017-06-09T21:30:11+00:00\",\"mainEntityOfPage\":{\"@id\":\"https:\\\/\\\/www.odonto.ufmg.br\\\/dentalnews\\\/2017\\\/06\\\/09\\\/o-impacto-da-periodontite-na-saude-sistemica-do-seu-paciente\\\/\"},\"wordCount\":65,\"articleSection\":[\"Transmiss\u00e3o Ao Vivo\"],\"inLanguage\":\"pt-BR\"},{\"@type\":\"WebPage\",\"@id\":\"https:\\\/\\\/www.odonto.ufmg.br\\\/dentalnews\\\/2017\\\/06\\\/09\\\/o-impacto-da-periodontite-na-saude-sistemica-do-seu-paciente\\\/\",\"url\":\"https:\\\/\\\/www.odonto.ufmg.br\\\/dentalnews\\\/2017\\\/06\\\/09\\\/o-impacto-da-periodontite-na-saude-sistemica-do-seu-paciente\\\/\",\"name\":\"O IMPACTO DA PERIODONTITE NA SA\u00daDE SIST\u00caMICA DO SEU PACIENTE - TV Dental News - UFMG\",\"isPartOf\":{\"@id\":\"https:\\\/\\\/www.odonto.ufmg.br\\\/dentalnews\\\/#website\"},\"datePublished\":\"2017-06-09T21:30:11+00:00\",\"author\":{\"@id\":\"https:\\\/\\\/www.odonto.ufmg.br\\\/dentalnews\\\/#\\\/schema\\\/person\\\/07c18a2ca8f0d3d1d14311d23e7e7463\"},\"breadcrumb\":{\"@id\":\"https:\\\/\\\/www.odonto.ufmg.br\\\/dentalnews\\\/2017\\\/06\\\/09\\\/o-impacto-da-periodontite-na-saude-sistemica-do-seu-paciente\\\/#breadcrumb\"},\"inLanguage\":\"pt-BR\",\"potentialAction\":[{\"@type\":\"ReadAction\",\"target\":[\"https:\\\/\\\/www.odonto.ufmg.br\\\/dentalnews\\\/2017\\\/06\\\/09\\\/o-impacto-da-periodontite-na-saude-sistemica-do-seu-paciente\\\/\"]}]},{\"@type\":\"BreadcrumbList\",\"@id\":\"https:\\\/\\\/www.odonto.ufmg.br\\\/dentalnews\\\/2017\\\/06\\\/09\\\/o-impacto-da-periodontite-na-saude-sistemica-do-seu-paciente\\\/#breadcrumb\",\"itemListElement\":[{\"@type\":\"ListItem\",\"position\":1,\"name\":\"In\u00edcio\",\"item\":\"https:\\\/\\\/www.odonto.ufmg.br\\\/dentalnews\\\/\"},{\"@type\":\"ListItem\",\"position\":2,\"name\":\"O IMPACTO DA PERIODONTITE NA SA\u00daDE SIST\u00caMICA DO SEU PACIENTE\"}]},{\"@type\":\"WebSite\",\"@id\":\"https:\\\/\\\/www.odonto.ufmg.br\\\/dentalnews\\\/#website\",\"url\":\"https:\\\/\\\/www.odonto.ufmg.br\\\/dentalnews\\\/\",\"name\":\"TV Dental News - UFMG\",\"description\":\"Faculdade de Odontologia Universidade Federal de Minas Gerais\",\"potentialAction\":[{\"@type\":\"SearchAction\",\"target\":{\"@type\":\"EntryPoint\",\"urlTemplate\":\"https:\\\/\\\/www.odonto.ufmg.br\\\/dentalnews\\\/?s={search_term_string}\"},\"query-input\":{\"@type\":\"PropertyValueSpecification\",\"valueRequired\":true,\"valueName\":\"search_term_string\"}}],\"inLanguage\":\"pt-BR\"},{\"@type\":\"Person\",\"@id\":\"https:\\\/\\\/www.odonto.ufmg.br\\\/dentalnews\\\/#\\\/schema\\\/person\\\/07c18a2ca8f0d3d1d14311d23e7e7463\",\"name\":\"Rodrigo Richard\",\"image\":{\"@type\":\"ImageObject\",\"inLanguage\":\"pt-BR\",\"@id\":\"https:\\\/\\\/secure.gravatar.com\\\/avatar\\\/c058463eaf009f46c2848b097ddf80ad45af07eab96ff918b7af5918367c27f0?s=96&d=mm&r=g\",\"url\":\"https:\\\/\\\/secure.gravatar.com\\\/avatar\\\/c058463eaf009f46c2848b097ddf80ad45af07eab96ff918b7af5918367c27f0?s=96&d=mm&r=g\",\"contentUrl\":\"https:\\\/\\\/secure.gravatar.com\\\/avatar\\\/c058463eaf009f46c2848b097ddf80ad45af07eab96ff918b7af5918367c27f0?s=96&d=mm&r=g\",\"caption\":\"Rodrigo Richard\"},\"url\":\"https:\\\/\\\/www.odonto.ufmg.br\\\/dentalnews\\\/author\\\/dentalnews\\\/\"}]}<\/script>\n<!-- \/ Yoast SEO plugin. -->","yoast_head_json":{"title":"O IMPACTO DA PERIODONTITE NA SA\u00daDE SIST\u00caMICA DO SEU PACIENTE - TV Dental News - UFMG","robots":{"index":"index","follow":"follow","max-snippet":"max-snippet:-1","max-image-preview":"max-image-preview:large","max-video-preview":"max-video-preview:-1"},"canonical":"https:\/\/www.odonto.ufmg.br\/dentalnews\/2017\/06\/09\/o-impacto-da-periodontite-na-saude-sistemica-do-seu-paciente\/","og_locale":"pt_BR","og_type":"article","og_title":"O IMPACTO DA PERIODONTITE NA SA\u00daDE SIST\u00caMICA DO SEU PACIENTE - TV Dental News - UFMG","og_description":"Transmitido ao vivo em 3 de out de 2016 Ol\u00e1 pessoal! Hoje mais um programa ao vivo da TV DENTAL NEWS, \u00e0s 20h (hor\u00e1rio de Bras\u00edlia): O IMPACTO DA PERIODONTITE NA SA\u00daDE SIST\u00caMICA DO SEU PACIENTE com o Prof. Dr. Carlos Marcelo Figueredo.","og_url":"https:\/\/www.odonto.ufmg.br\/dentalnews\/2017\/06\/09\/o-impacto-da-periodontite-na-saude-sistemica-do-seu-paciente\/","og_site_name":"TV Dental News - UFMG","article_published_time":"2017-06-09T21:30:11+00:00","author":"Rodrigo Richard","twitter_card":"summary_large_image","twitter_misc":{"Escrito por":"Rodrigo Richard"},"schema":{"@context":"https:\/\/schema.org","@graph":[{"@type":"Article","@id":"https:\/\/www.odonto.ufmg.br\/dentalnews\/2017\/06\/09\/o-impacto-da-periodontite-na-saude-sistemica-do-seu-paciente\/#article","isPartOf":{"@id":"https:\/\/www.odonto.ufmg.br\/dentalnews\/2017\/06\/09\/o-impacto-da-periodontite-na-saude-sistemica-do-seu-paciente\/"},"author":{"name":"Rodrigo Richard","@id":"https:\/\/www.odonto.ufmg.br\/dentalnews\/#\/schema\/person\/07c18a2ca8f0d3d1d14311d23e7e7463"},"headline":"O IMPACTO DA PERIODONTITE NA SA\u00daDE SIST\u00caMICA DO SEU PACIENTE","datePublished":"2017-06-09T21:30:11+00:00","mainEntityOfPage":{"@id":"https:\/\/www.odonto.ufmg.br\/dentalnews\/2017\/06\/09\/o-impacto-da-periodontite-na-saude-sistemica-do-seu-paciente\/"},"wordCount":65,"articleSection":["Transmiss\u00e3o Ao Vivo"],"inLanguage":"pt-BR"},{"@type":"WebPage","@id":"https:\/\/www.odonto.ufmg.br\/dentalnews\/2017\/06\/09\/o-impacto-da-periodontite-na-saude-sistemica-do-seu-paciente\/","url":"https:\/\/www.odonto.ufmg.br\/dentalnews\/2017\/06\/09\/o-impacto-da-periodontite-na-saude-sistemica-do-seu-paciente\/","name":"O IMPACTO DA PERIODONTITE NA SA\u00daDE SIST\u00caMICA DO SEU PACIENTE - TV Dental News - UFMG","isPartOf":{"@id":"https:\/\/www.odonto.ufmg.br\/dentalnews\/#website"},"datePublished":"2017-06-09T21:30:11+00:00","author":{"@id":"https:\/\/www.odonto.ufmg.br\/dentalnews\/#\/schema\/person\/07c18a2ca8f0d3d1d14311d23e7e7463"},"breadcrumb":{"@id":"https:\/\/www.odonto.ufmg.br\/dentalnews\/2017\/06\/09\/o-impacto-da-periodontite-na-saude-sistemica-do-seu-paciente\/#breadcrumb"},"inLanguage":"pt-BR","potentialAction":[{"@type":"ReadAction","target":["https:\/\/www.odonto.ufmg.br\/dentalnews\/2017\/06\/09\/o-impacto-da-periodontite-na-saude-sistemica-do-seu-paciente\/"]}]},{"@type":"BreadcrumbList","@id":"https:\/\/www.odonto.ufmg.br\/dentalnews\/2017\/06\/09\/o-impacto-da-periodontite-na-saude-sistemica-do-seu-paciente\/#breadcrumb","itemListElement":[{"@type":"ListItem","position":1,"name":"In\u00edcio","item":"https:\/\/www.odonto.ufmg.br\/dentalnews\/"},{"@type":"ListItem","position":2,"name":"O IMPACTO DA PERIODONTITE NA SA\u00daDE SIST\u00caMICA DO SEU PACIENTE"}]},{"@type":"WebSite","@id":"https:\/\/www.odonto.ufmg.br\/dentalnews\/#website","url":"https:\/\/www.odonto.ufmg.br\/dentalnews\/","name":"TV Dental News - UFMG","description":"Faculdade de Odontologia Universidade Federal de Minas Gerais","potentialAction":[{"@type":"SearchAction","target":{"@type":"EntryPoint","urlTemplate":"https:\/\/www.odonto.ufmg.br\/dentalnews\/?s={search_term_string}"},"query-input":{"@type":"PropertyValueSpecification","valueRequired":true,"valueName":"search_term_string"}}],"inLanguage":"pt-BR"},{"@type":"Person","@id":"https:\/\/www.odonto.ufmg.br\/dentalnews\/#\/schema\/person\/07c18a2ca8f0d3d1d14311d23e7e7463","name":"Rodrigo Richard","image":{"@type":"ImageObject","inLanguage":"pt-BR","@id":"https:\/\/secure.gravatar.com\/avatar\/c058463eaf009f46c2848b097ddf80ad45af07eab96ff918b7af5918367c27f0?s=96&d=mm&r=g","url":"https:\/\/secure.gravatar.com\/avatar\/c058463eaf009f46c2848b097ddf80ad45af07eab96ff918b7af5918367c27f0?s=96&d=mm&r=g","contentUrl":"https:\/\/secure.gravatar.com\/avatar\/c058463eaf009f46c2848b097ddf80ad45af07eab96ff918b7af5918367c27f0?s=96&d=mm&r=g","caption":"Rodrigo Richard"},"url":"https:\/\/www.odonto.ufmg.br\/dentalnews\/author\/dentalnews\/"}]}},"_links":{"self":[{"href":"https:\/\/www.odonto.ufmg.br\/dentalnews\/wp-json\/wp\/v2\/posts\/328","targetHints":{"allow":["GET"]}}],"collection":[{"href":"https:\/\/www.odonto.ufmg.br\/dentalnews\/wp-json\/wp\/v2\/posts"}],"about":[{"href":"https:\/\/www.odonto.ufmg.br\/dentalnews\/wp-json\/wp\/v2\/types\/post"}],"author":[{"embeddable":true,"href":"https:\/\/www.odonto.ufmg.br\/dentalnews\/wp-json\/wp\/v2\/users\/14"}],"replies":[{"embeddable":true,"href":"https:\/\/www.odonto.ufmg.br\/dentalnews\/wp-json\/wp\/v2\/comments?post=328"}],"version-history":[{"count":2,"href":"https:\/\/www.odonto.ufmg.br\/dentalnews\/wp-json\/wp\/v2\/posts\/328\/revisions"}],"predecessor-version":[{"id":330,"href":"https:\/\/www.odonto.ufmg.br\/dentalnews\/wp-json\/wp\/v2\/posts\/328\/revisions\/330"}],"wp:attachment":[{"href":"https:\/\/www.odonto.ufmg.br\/dentalnews\/wp-json\/wp\/v2\/media?parent=328"}],"wp:term":[{"taxonomy":"category","embeddable":true,"href":"https:\/\/www.odonto.ufmg.br\/dentalnews\/wp-json\/wp\/v2\/categories?post=328"},{"taxonomy":"post_tag","embeddable":true,"href":"https:\/\/www.odonto.ufmg.br\/dentalnews\/wp-json\/wp\/v2\/tags?post=328"}],"curies":[{"name":"wp","href":"https:\/\/api.w.org\/{rel}","templated":true}]}}