{"id":180,"date":"2014-02-18T12:32:16","date_gmt":"2014-02-18T15:32:16","guid":{"rendered":"http:\/\/www.odonto.ufmg.br\/colgrad\/?p=180"},"modified":"2016-06-02T12:33:31","modified_gmt":"2016-06-02T15:33:31","slug":"ata-col-de-graduacao-2014-02-18","status":"publish","type":"post","link":"https:\/\/www.odonto.ufmg.br\/colgrad\/documentos\/atas\/ata-col-de-graduacao-2014-02-18\/","title":{"rendered":"Ata Col. de Gradua\u00e7\u00e3o &#8211; 2014-02-18"},"content":{"rendered":"<p>A Profa Maria In\u00eas iniciou a reuni\u00e3o falando sobre o processo de 11 matr\u00edculas 2014\/1\u00ba, enumerando pontos positivos e negativos. Informou sobre o edital 12 para elei\u00e7\u00e3o dos membros do N\u00facleo Docente Estruturante (NDE). Para visualizar o documento na \u00edntegra <a href=\"https:\/\/www.odonto.ufmg.br\/wp-content\/uploads\/2015\/12\/ata_18.02.2014.pdf\">clique aqui.<\/a><\/p>\n","protected":false},"excerpt":{"rendered":"<p>A Profa Maria In\u00eas iniciou a reuni\u00e3o falando sobre o processo de 11 matr\u00edculas 2014\/1\u00ba, enumerando pontos positivos e negativos. Informou sobre o edital 12 para elei\u00e7\u00e3o dos membros do N\u00facleo Docente Estruturante (NDE). Para visualizar o documento na \u00edntegra clique aqui.<\/p>\n","protected":false},"author":5,"featured_media":153,"comment_status":"closed","ping_status":"closed","sticky":false,"template":"","format":"standard","meta":{"inline_featured_image":false,"footnotes":""},"categories":[5],"tags":[],"class_list":["post-180","post","type-post","status-publish","format-standard","has-post-thumbnail","hentry","category-atas"],"yoast_head":"<!-- This site is optimized with the Yoast SEO plugin v27.5 - https:\/\/yoast.com\/product\/yoast-seo-wordpress\/ -->\n<title>Ata Col. de Gradua\u00e7\u00e3o - 2014-02-18 - Colegiado de Gradua\u00e7\u00e3o<\/title>\n<meta name=\"robots\" content=\"index, follow, max-snippet:-1, max-image-preview:large, max-video-preview:-1\" \/>\n<link rel=\"canonical\" href=\"https:\/\/www.odonto.ufmg.br\/colgrad\/documentos\/atas\/ata-col-de-graduacao-2014-02-18\/\" \/>\n<meta property=\"og:locale\" content=\"pt_BR\" \/>\n<meta property=\"og:type\" content=\"article\" \/>\n<meta property=\"og:title\" content=\"Ata Col. de Gradua\u00e7\u00e3o - 2014-02-18 - Colegiado de Gradua\u00e7\u00e3o\" \/>\n<meta property=\"og:description\" content=\"A Profa Maria In\u00eas iniciou a reuni\u00e3o falando sobre o processo de 11 matr\u00edculas 2014\/1\u00ba, enumerando pontos positivos e negativos. Informou sobre o edital 12 para elei\u00e7\u00e3o dos membros do N\u00facleo Docente Estruturante (NDE). Para visualizar o documento na \u00edntegra clique aqui.\" \/>\n<meta property=\"og:url\" content=\"https:\/\/www.odonto.ufmg.br\/colgrad\/documentos\/atas\/ata-col-de-graduacao-2014-02-18\/\" \/>\n<meta property=\"og:site_name\" content=\"Colegiado de Gradua\u00e7\u00e3o\" \/>\n<meta property=\"article:published_time\" content=\"2014-02-18T15:32:16+00:00\" \/>\n<meta property=\"article:modified_time\" content=\"2016-06-02T15:33:31+00:00\" \/>\n<meta property=\"og:image\" content=\"https:\/\/www.odonto.ufmg.br\/colgrad\/wp-content\/uploads\/sites\/3\/2016\/06\/edital-1030x634.jpg\" \/>\n\t<meta property=\"og:image:width\" content=\"1030\" \/>\n\t<meta property=\"og:image:height\" content=\"634\" \/>\n\t<meta property=\"og:image:type\" content=\"image\/jpeg\" \/>\n<meta name=\"author\" content=\"cristiano\" \/>\n<meta name=\"twitter:card\" content=\"summary_large_image\" \/>\n<meta name=\"twitter:label1\" content=\"Escrito por\" \/>\n\t<meta name=\"twitter:data1\" content=\"cristiano\" \/>\n<script type=\"application\/ld+json\" class=\"yoast-schema-graph\">{\"@context\":\"https:\\\/\\\/schema.org\",\"@graph\":[{\"@type\":\"Article\",\"@id\":\"https:\\\/\\\/www.odonto.ufmg.br\\\/colgrad\\\/documentos\\\/atas\\\/ata-col-de-graduacao-2014-02-18\\\/#article\",\"isPartOf\":{\"@id\":\"https:\\\/\\\/www.odonto.ufmg.br\\\/colgrad\\\/documentos\\\/atas\\\/ata-col-de-graduacao-2014-02-18\\\/\"},\"author\":{\"name\":\"cristiano\",\"@id\":\"https:\\\/\\\/www.odonto.ufmg.br\\\/colgrad\\\/#\\\/schema\\\/person\\\/25c8dccfb2b8a933d4c9cacb1f1bf0db\"},\"headline\":\"Ata Col. de Gradua\u00e7\u00e3o &#8211; 2014-02-18\",\"datePublished\":\"2014-02-18T15:32:16+00:00\",\"dateModified\":\"2016-06-02T15:33:31+00:00\",\"mainEntityOfPage\":{\"@id\":\"https:\\\/\\\/www.odonto.ufmg.br\\\/colgrad\\\/documentos\\\/atas\\\/ata-col-de-graduacao-2014-02-18\\\/\"},\"wordCount\":52,\"image\":{\"@id\":\"https:\\\/\\\/www.odonto.ufmg.br\\\/colgrad\\\/documentos\\\/atas\\\/ata-col-de-graduacao-2014-02-18\\\/#primaryimage\"},\"thumbnailUrl\":\"https:\\\/\\\/www.odonto.ufmg.br\\\/colgrad\\\/wp-content\\\/uploads\\\/sites\\\/3\\\/2016\\\/06\\\/edital-1030x634.jpg\",\"articleSection\":[\"Atas\"],\"inLanguage\":\"pt-BR\"},{\"@type\":\"WebPage\",\"@id\":\"https:\\\/\\\/www.odonto.ufmg.br\\\/colgrad\\\/documentos\\\/atas\\\/ata-col-de-graduacao-2014-02-18\\\/\",\"url\":\"https:\\\/\\\/www.odonto.ufmg.br\\\/colgrad\\\/documentos\\\/atas\\\/ata-col-de-graduacao-2014-02-18\\\/\",\"name\":\"Ata Col. de Gradua\u00e7\u00e3o - 2014-02-18 - Colegiado de Gradua\u00e7\u00e3o\",\"isPartOf\":{\"@id\":\"https:\\\/\\\/www.odonto.ufmg.br\\\/colgrad\\\/#website\"},\"primaryImageOfPage\":{\"@id\":\"https:\\\/\\\/www.odonto.ufmg.br\\\/colgrad\\\/documentos\\\/atas\\\/ata-col-de-graduacao-2014-02-18\\\/#primaryimage\"},\"image\":{\"@id\":\"https:\\\/\\\/www.odonto.ufmg.br\\\/colgrad\\\/documentos\\\/atas\\\/ata-col-de-graduacao-2014-02-18\\\/#primaryimage\"},\"thumbnailUrl\":\"https:\\\/\\\/www.odonto.ufmg.br\\\/colgrad\\\/wp-content\\\/uploads\\\/sites\\\/3\\\/2016\\\/06\\\/edital-1030x634.jpg\",\"datePublished\":\"2014-02-18T15:32:16+00:00\",\"dateModified\":\"2016-06-02T15:33:31+00:00\",\"author\":{\"@id\":\"https:\\\/\\\/www.odonto.ufmg.br\\\/colgrad\\\/#\\\/schema\\\/person\\\/25c8dccfb2b8a933d4c9cacb1f1bf0db\"},\"breadcrumb\":{\"@id\":\"https:\\\/\\\/www.odonto.ufmg.br\\\/colgrad\\\/documentos\\\/atas\\\/ata-col-de-graduacao-2014-02-18\\\/#breadcrumb\"},\"inLanguage\":\"pt-BR\",\"potentialAction\":[{\"@type\":\"ReadAction\",\"target\":[\"https:\\\/\\\/www.odonto.ufmg.br\\\/colgrad\\\/documentos\\\/atas\\\/ata-col-de-graduacao-2014-02-18\\\/\"]}]},{\"@type\":\"ImageObject\",\"inLanguage\":\"pt-BR\",\"@id\":\"https:\\\/\\\/www.odonto.ufmg.br\\\/colgrad\\\/documentos\\\/atas\\\/ata-col-de-graduacao-2014-02-18\\\/#primaryimage\",\"url\":\"https:\\\/\\\/www.odonto.ufmg.br\\\/colgrad\\\/wp-content\\\/uploads\\\/sites\\\/3\\\/2016\\\/06\\\/edital-1030x634.jpg\",\"contentUrl\":\"https:\\\/\\\/www.odonto.ufmg.br\\\/colgrad\\\/wp-content\\\/uploads\\\/sites\\\/3\\\/2016\\\/06\\\/edital-1030x634.jpg\",\"width\":1030,\"height\":634},{\"@type\":\"BreadcrumbList\",\"@id\":\"https:\\\/\\\/www.odonto.ufmg.br\\\/colgrad\\\/documentos\\\/atas\\\/ata-col-de-graduacao-2014-02-18\\\/#breadcrumb\",\"itemListElement\":[{\"@type\":\"ListItem\",\"position\":1,\"name\":\"In\u00edcio\",\"item\":\"https:\\\/\\\/www.odonto.ufmg.br\\\/colgrad\\\/inicio\\\/\"},{\"@type\":\"ListItem\",\"position\":2,\"name\":\"Ata Col. de Gradua\u00e7\u00e3o &#8211; 2014-02-18\"}]},{\"@type\":\"WebSite\",\"@id\":\"https:\\\/\\\/www.odonto.ufmg.br\\\/colgrad\\\/#website\",\"url\":\"https:\\\/\\\/www.odonto.ufmg.br\\\/colgrad\\\/\",\"name\":\"Colegiado de Gradua\u00e7\u00e3o\",\"description\":\"Faculdade de Odontologia UFMG\",\"potentialAction\":[{\"@type\":\"SearchAction\",\"target\":{\"@type\":\"EntryPoint\",\"urlTemplate\":\"https:\\\/\\\/www.odonto.ufmg.br\\\/colgrad\\\/?s={search_term_string}\"},\"query-input\":{\"@type\":\"PropertyValueSpecification\",\"valueRequired\":true,\"valueName\":\"search_term_string\"}}],\"inLanguage\":\"pt-BR\"},{\"@type\":\"Person\",\"@id\":\"https:\\\/\\\/www.odonto.ufmg.br\\\/colgrad\\\/#\\\/schema\\\/person\\\/25c8dccfb2b8a933d4c9cacb1f1bf0db\",\"name\":\"cristiano\",\"image\":{\"@type\":\"ImageObject\",\"inLanguage\":\"pt-BR\",\"@id\":\"https:\\\/\\\/secure.gravatar.com\\\/avatar\\\/3ca61e4454966479a762b9f7682317c841b3f6d64d4eaeb9737c72573dfea596?s=96&r=pg\",\"url\":\"https:\\\/\\\/secure.gravatar.com\\\/avatar\\\/3ca61e4454966479a762b9f7682317c841b3f6d64d4eaeb9737c72573dfea596?s=96&r=pg\",\"contentUrl\":\"https:\\\/\\\/secure.gravatar.com\\\/avatar\\\/3ca61e4454966479a762b9f7682317c841b3f6d64d4eaeb9737c72573dfea596?s=96&r=pg\",\"caption\":\"cristiano\"},\"url\":\"https:\\\/\\\/www.odonto.ufmg.br\\\/colgrad\\\/author\\\/cristiano\\\/\"}]}<\/script>\n<!-- \/ Yoast SEO plugin. -->","yoast_head_json":{"title":"Ata Col. de Gradua\u00e7\u00e3o - 2014-02-18 - Colegiado de Gradua\u00e7\u00e3o","robots":{"index":"index","follow":"follow","max-snippet":"max-snippet:-1","max-image-preview":"max-image-preview:large","max-video-preview":"max-video-preview:-1"},"canonical":"https:\/\/www.odonto.ufmg.br\/colgrad\/documentos\/atas\/ata-col-de-graduacao-2014-02-18\/","og_locale":"pt_BR","og_type":"article","og_title":"Ata Col. de Gradua\u00e7\u00e3o - 2014-02-18 - Colegiado de Gradua\u00e7\u00e3o","og_description":"A Profa Maria In\u00eas iniciou a reuni\u00e3o falando sobre o processo de 11 matr\u00edculas 2014\/1\u00ba, enumerando pontos positivos e negativos. Informou sobre o edital 12 para elei\u00e7\u00e3o dos membros do N\u00facleo Docente Estruturante (NDE). Para visualizar o documento na \u00edntegra clique aqui.","og_url":"https:\/\/www.odonto.ufmg.br\/colgrad\/documentos\/atas\/ata-col-de-graduacao-2014-02-18\/","og_site_name":"Colegiado de Gradua\u00e7\u00e3o","article_published_time":"2014-02-18T15:32:16+00:00","article_modified_time":"2016-06-02T15:33:31+00:00","og_image":[{"width":1030,"height":634,"url":"https:\/\/www.odonto.ufmg.br\/colgrad\/wp-content\/uploads\/sites\/3\/2016\/06\/edital-1030x634.jpg","type":"image\/jpeg"}],"author":"cristiano","twitter_card":"summary_large_image","twitter_misc":{"Escrito por":"cristiano"},"schema":{"@context":"https:\/\/schema.org","@graph":[{"@type":"Article","@id":"https:\/\/www.odonto.ufmg.br\/colgrad\/documentos\/atas\/ata-col-de-graduacao-2014-02-18\/#article","isPartOf":{"@id":"https:\/\/www.odonto.ufmg.br\/colgrad\/documentos\/atas\/ata-col-de-graduacao-2014-02-18\/"},"author":{"name":"cristiano","@id":"https:\/\/www.odonto.ufmg.br\/colgrad\/#\/schema\/person\/25c8dccfb2b8a933d4c9cacb1f1bf0db"},"headline":"Ata Col. de Gradua\u00e7\u00e3o &#8211; 2014-02-18","datePublished":"2014-02-18T15:32:16+00:00","dateModified":"2016-06-02T15:33:31+00:00","mainEntityOfPage":{"@id":"https:\/\/www.odonto.ufmg.br\/colgrad\/documentos\/atas\/ata-col-de-graduacao-2014-02-18\/"},"wordCount":52,"image":{"@id":"https:\/\/www.odonto.ufmg.br\/colgrad\/documentos\/atas\/ata-col-de-graduacao-2014-02-18\/#primaryimage"},"thumbnailUrl":"https:\/\/www.odonto.ufmg.br\/colgrad\/wp-content\/uploads\/sites\/3\/2016\/06\/edital-1030x634.jpg","articleSection":["Atas"],"inLanguage":"pt-BR"},{"@type":"WebPage","@id":"https:\/\/www.odonto.ufmg.br\/colgrad\/documentos\/atas\/ata-col-de-graduacao-2014-02-18\/","url":"https:\/\/www.odonto.ufmg.br\/colgrad\/documentos\/atas\/ata-col-de-graduacao-2014-02-18\/","name":"Ata Col. de Gradua\u00e7\u00e3o - 2014-02-18 - Colegiado de Gradua\u00e7\u00e3o","isPartOf":{"@id":"https:\/\/www.odonto.ufmg.br\/colgrad\/#website"},"primaryImageOfPage":{"@id":"https:\/\/www.odonto.ufmg.br\/colgrad\/documentos\/atas\/ata-col-de-graduacao-2014-02-18\/#primaryimage"},"image":{"@id":"https:\/\/www.odonto.ufmg.br\/colgrad\/documentos\/atas\/ata-col-de-graduacao-2014-02-18\/#primaryimage"},"thumbnailUrl":"https:\/\/www.odonto.ufmg.br\/colgrad\/wp-content\/uploads\/sites\/3\/2016\/06\/edital-1030x634.jpg","datePublished":"2014-02-18T15:32:16+00:00","dateModified":"2016-06-02T15:33:31+00:00","author":{"@id":"https:\/\/www.odonto.ufmg.br\/colgrad\/#\/schema\/person\/25c8dccfb2b8a933d4c9cacb1f1bf0db"},"breadcrumb":{"@id":"https:\/\/www.odonto.ufmg.br\/colgrad\/documentos\/atas\/ata-col-de-graduacao-2014-02-18\/#breadcrumb"},"inLanguage":"pt-BR","potentialAction":[{"@type":"ReadAction","target":["https:\/\/www.odonto.ufmg.br\/colgrad\/documentos\/atas\/ata-col-de-graduacao-2014-02-18\/"]}]},{"@type":"ImageObject","inLanguage":"pt-BR","@id":"https:\/\/www.odonto.ufmg.br\/colgrad\/documentos\/atas\/ata-col-de-graduacao-2014-02-18\/#primaryimage","url":"https:\/\/www.odonto.ufmg.br\/colgrad\/wp-content\/uploads\/sites\/3\/2016\/06\/edital-1030x634.jpg","contentUrl":"https:\/\/www.odonto.ufmg.br\/colgrad\/wp-content\/uploads\/sites\/3\/2016\/06\/edital-1030x634.jpg","width":1030,"height":634},{"@type":"BreadcrumbList","@id":"https:\/\/www.odonto.ufmg.br\/colgrad\/documentos\/atas\/ata-col-de-graduacao-2014-02-18\/#breadcrumb","itemListElement":[{"@type":"ListItem","position":1,"name":"In\u00edcio","item":"https:\/\/www.odonto.ufmg.br\/colgrad\/inicio\/"},{"@type":"ListItem","position":2,"name":"Ata Col. de Gradua\u00e7\u00e3o &#8211; 2014-02-18"}]},{"@type":"WebSite","@id":"https:\/\/www.odonto.ufmg.br\/colgrad\/#website","url":"https:\/\/www.odonto.ufmg.br\/colgrad\/","name":"Colegiado de Gradua\u00e7\u00e3o","description":"Faculdade de Odontologia UFMG","potentialAction":[{"@type":"SearchAction","target":{"@type":"EntryPoint","urlTemplate":"https:\/\/www.odonto.ufmg.br\/colgrad\/?s={search_term_string}"},"query-input":{"@type":"PropertyValueSpecification","valueRequired":true,"valueName":"search_term_string"}}],"inLanguage":"pt-BR"},{"@type":"Person","@id":"https:\/\/www.odonto.ufmg.br\/colgrad\/#\/schema\/person\/25c8dccfb2b8a933d4c9cacb1f1bf0db","name":"cristiano","image":{"@type":"ImageObject","inLanguage":"pt-BR","@id":"https:\/\/secure.gravatar.com\/avatar\/3ca61e4454966479a762b9f7682317c841b3f6d64d4eaeb9737c72573dfea596?s=96&r=pg","url":"https:\/\/secure.gravatar.com\/avatar\/3ca61e4454966479a762b9f7682317c841b3f6d64d4eaeb9737c72573dfea596?s=96&r=pg","contentUrl":"https:\/\/secure.gravatar.com\/avatar\/3ca61e4454966479a762b9f7682317c841b3f6d64d4eaeb9737c72573dfea596?s=96&r=pg","caption":"cristiano"},"url":"https:\/\/www.odonto.ufmg.br\/colgrad\/author\/cristiano\/"}]}},"_links":{"self":[{"href":"https:\/\/www.odonto.ufmg.br\/colgrad\/wp-json\/wp\/v2\/posts\/180","targetHints":{"allow":["GET"]}}],"collection":[{"href":"https:\/\/www.odonto.ufmg.br\/colgrad\/wp-json\/wp\/v2\/posts"}],"about":[{"href":"https:\/\/www.odonto.ufmg.br\/colgrad\/wp-json\/wp\/v2\/types\/post"}],"author":[{"embeddable":true,"href":"https:\/\/www.odonto.ufmg.br\/colgrad\/wp-json\/wp\/v2\/users\/5"}],"replies":[{"embeddable":true,"href":"https:\/\/www.odonto.ufmg.br\/colgrad\/wp-json\/wp\/v2\/comments?post=180"}],"version-history":[{"count":2,"href":"https:\/\/www.odonto.ufmg.br\/colgrad\/wp-json\/wp\/v2\/posts\/180\/revisions"}],"predecessor-version":[{"id":182,"href":"https:\/\/www.odonto.ufmg.br\/colgrad\/wp-json\/wp\/v2\/posts\/180\/revisions\/182"}],"wp:featuredmedia":[{"embeddable":true,"href":"https:\/\/www.odonto.ufmg.br\/colgrad\/wp-json\/wp\/v2\/media\/153"}],"wp:attachment":[{"href":"https:\/\/www.odonto.ufmg.br\/colgrad\/wp-json\/wp\/v2\/media?parent=180"}],"wp:term":[{"taxonomy":"category","embeddable":true,"href":"https:\/\/www.odonto.ufmg.br\/colgrad\/wp-json\/wp\/v2\/categories?post=180"},{"taxonomy":"post_tag","embeddable":true,"href":"https:\/\/www.odonto.ufmg.br\/colgrad\/wp-json\/wp\/v2\/tags?post=180"}],"curies":[{"name":"wp","href":"https:\/\/api.w.org\/{rel}","templated":true}]}}