{"id":9741,"date":"2019-08-19T14:00:30","date_gmt":"2019-08-19T17:00:30","guid":{"rendered":"http:\/\/www.odonto.ufmg.br\/cenex\/?p=9741"},"modified":"2019-08-19T14:00:27","modified_gmt":"2019-08-19T17:00:27","slug":"selecao-projeto-de-extensao-centro-de-memoria-ciencia-e-cultura-no-discurso-da-odontologia-rede-de-museus-ufmg-2019-2","status":"publish","type":"post","link":"https:\/\/www.odonto.ufmg.br\/cenex\/ata\/selecao-projeto-de-extensao-centro-de-memoria-ciencia-e-cultura-no-discurso-da-odontologia-rede-de-museus-ufmg-2019-2\/","title":{"rendered":"RESULTADO &#8211; Projeto de Extens\u00e3o \u201cCENTRO DE MEM\u00d3RIA: CI\u00caNCIA E CULTURA NO DISCURSO DA ODONTOLOGIA \u2013 REDE DE MUSEUS UFMG\u201d 2019\/2"},"content":{"rendered":"<p>RESULTADO<\/p>\n<p>Foi divulgado o resultado da chamada do projeto de extens\u00e3o \u201cCENTRO DE MEM\u00d3RIA: CI\u00caNCIA E CULTURA NO DISCURSO DA ODONTOLOGIA \u2013 REDE DE MUSEUS UFMG\u201d.<\/p>\n<p>Confira a <a href=\"http:\/\/www.odonto.ufmg.br\/cenex\/wp-content\/uploads\/sites\/2\/2019\/08\/RESULTADO-DO-PROJETO-DE-EXTENS\u00c3O-CMO.pdf\">lista<\/a>.<\/p>\n<p>&nbsp;<\/p>\n<p>&nbsp;<\/p>\n<p>CHAMADA<\/p>\n<p>Est\u00e3o abertas as inscri\u00e7\u00f5es para o projeto de extens\u00e3o \u201cCENTRO DE MEM\u00d3RIA: CI\u00caNCIA E CULTURA NO DISCURSO DA ODONTOLOGIA \u2013 REDE DE MUSEUS UFMG\u201d. Coordenado pela Profa. Maria In\u00eas Barreiros Senna, a chamada selecionar\u00e1 3 volunt\u00e1rios com disponibilidade de segunda a sexta (de acordo a disponibilidade) manh\u00e3 e tarde e que estejam matriculados a partir do 1\u00b0 per\u00edodo. A sele\u00e7\u00e3o acontecer\u00e1 dia 19\/08.<\/p>\n<p>Acesse <a href=\"http:\/\/www.odonto.ufmg.br\/cenex\/wp-content\/uploads\/sites\/2\/2019\/08\/CHAMADA-095-2019-Volunt\u00e1rios-Centro-de-Mem\u00f3ria.pdf\">aqui<\/a> a chamada.<\/p>\n","protected":false},"excerpt":{"rendered":"<p>RESULTADO Foi divulgado o resultado da chamada do projeto de extens\u00e3o \u201cCENTRO DE MEM\u00d3RIA: CI\u00caNCIA E CULTURA NO DISCURSO DA ODONTOLOGIA \u2013 REDE DE MUSEUS UFMG\u201d. Confira a lista. &nbsp; &nbsp; CHAMADA Est\u00e3o abertas as inscri\u00e7\u00f5es para o projeto de extens\u00e3o \u201cCENTRO DE MEM\u00d3RIA: CI\u00caNCIA E CULTURA NO DISCURSO DA ODONTOLOGIA \u2013 REDE DE MUSEUS [&hellip;]<\/p>\n","protected":false},"author":1,"featured_media":9300,"comment_status":"closed","ping_status":"closed","sticky":false,"template":"","format":"standard","meta":{"inline_featured_image":false,"footnotes":""},"categories":[2],"tags":[],"class_list":["post-9741","post","type-post","status-publish","format-standard","has-post-thumbnail","hentry","category-ata"],"yoast_head":"<!-- This site is optimized with the Yoast SEO plugin v27.5 - https:\/\/yoast.com\/product\/yoast-seo-wordpress\/ -->\n<title>RESULTADO - Projeto de Extens\u00e3o \u201cCENTRO DE MEM\u00d3RIA: CI\u00caNCIA E CULTURA NO DISCURSO DA ODONTOLOGIA \u2013 REDE DE MUSEUS UFMG\u201d 2019\/2 | CENEX Odonto<\/title>\n<meta name=\"robots\" content=\"index, follow, max-snippet:-1, max-image-preview:large, max-video-preview:-1\" \/>\n<link rel=\"canonical\" href=\"https:\/\/www.odonto.ufmg.br\/cenex\/noticias\/selecao-projeto-de-extensao-centro-de-memoria-ciencia-e-cultura-no-discurso-da-odontologia-rede-de-museus-ufmg-2019-2\/\" \/>\n<meta property=\"og:locale\" content=\"pt_BR\" \/>\n<meta property=\"og:type\" content=\"article\" \/>\n<meta property=\"og:title\" content=\"RESULTADO - Projeto de Extens\u00e3o \u201cCENTRO DE MEM\u00d3RIA: CI\u00caNCIA E CULTURA NO DISCURSO DA ODONTOLOGIA \u2013 REDE DE MUSEUS UFMG\u201d 2019\/2 | CENEX Odonto\" \/>\n<meta property=\"og:description\" content=\"RESULTADO Foi divulgado o resultado da chamada do projeto de extens\u00e3o \u201cCENTRO DE MEM\u00d3RIA: CI\u00caNCIA E CULTURA NO DISCURSO DA ODONTOLOGIA \u2013 REDE DE MUSEUS UFMG\u201d. Confira a lista. &nbsp; &nbsp; CHAMADA Est\u00e3o abertas as inscri\u00e7\u00f5es para o projeto de extens\u00e3o \u201cCENTRO DE MEM\u00d3RIA: CI\u00caNCIA E CULTURA NO DISCURSO DA ODONTOLOGIA \u2013 REDE DE MUSEUS [&hellip;]\" \/>\n<meta property=\"og:url\" content=\"https:\/\/www.odonto.ufmg.br\/cenex\/noticias\/selecao-projeto-de-extensao-centro-de-memoria-ciencia-e-cultura-no-discurso-da-odontologia-rede-de-museus-ufmg-2019-2\/\" \/>\n<meta property=\"og:site_name\" content=\"CENEX Odonto\" \/>\n<meta property=\"article:publisher\" content=\"https:\/\/www.facebook.com\/cenexfao\/?locale=pt_BR\" \/>\n<meta property=\"article:published_time\" content=\"2019-08-19T17:00:30+00:00\" \/>\n<meta property=\"og:image\" content=\"https:\/\/www.odonto.ufmg.br\/cenex\/wp-content\/uploads\/sites\/2\/2019\/07\/Resultado-Cenex.jpg\" \/>\n\t<meta property=\"og:image:width\" content=\"937\" \/>\n\t<meta property=\"og:image:height\" content=\"469\" \/>\n\t<meta property=\"og:image:type\" content=\"image\/jpeg\" \/>\n<meta name=\"author\" content=\"Faculdade de Odontologia UFMG\" \/>\n<meta name=\"twitter:card\" content=\"summary_large_image\" \/>\n<meta name=\"twitter:label1\" content=\"Escrito por\" \/>\n\t<meta name=\"twitter:data1\" content=\"Faculdade de Odontologia UFMG\" \/>\n\t<meta name=\"twitter:label2\" content=\"Est. tempo de leitura\" \/>\n\t<meta name=\"twitter:data2\" content=\"1 minuto\" \/>\n<script type=\"application\/ld+json\" class=\"yoast-schema-graph\">{\"@context\":\"https:\\\/\\\/schema.org\",\"@graph\":[{\"@type\":\"Article\",\"@id\":\"https:\\\/\\\/www.odonto.ufmg.br\\\/cenex\\\/noticias\\\/selecao-projeto-de-extensao-centro-de-memoria-ciencia-e-cultura-no-discurso-da-odontologia-rede-de-museus-ufmg-2019-2\\\/#article\",\"isPartOf\":{\"@id\":\"https:\\\/\\\/www.odonto.ufmg.br\\\/cenex\\\/noticias\\\/selecao-projeto-de-extensao-centro-de-memoria-ciencia-e-cultura-no-discurso-da-odontologia-rede-de-museus-ufmg-2019-2\\\/\"},\"author\":{\"name\":\"Faculdade de Odontologia UFMG\",\"@id\":\"https:\\\/\\\/www.odonto.ufmg.br\\\/cenex\\\/#\\\/schema\\\/person\\\/8c31067ef949cf5efe6c3ef4f6f51797\"},\"headline\":\"RESULTADO &#8211; Projeto de Extens\u00e3o \u201cCENTRO DE MEM\u00d3RIA: CI\u00caNCIA E CULTURA NO DISCURSO DA ODONTOLOGIA \u2013 REDE DE MUSEUS UFMG\u201d 2019\\\/2\",\"datePublished\":\"2019-08-19T17:00:30+00:00\",\"mainEntityOfPage\":{\"@id\":\"https:\\\/\\\/www.odonto.ufmg.br\\\/cenex\\\/noticias\\\/selecao-projeto-de-extensao-centro-de-memoria-ciencia-e-cultura-no-discurso-da-odontologia-rede-de-museus-ufmg-2019-2\\\/\"},\"wordCount\":128,\"publisher\":{\"@id\":\"https:\\\/\\\/www.odonto.ufmg.br\\\/cenex\\\/#organization\"},\"image\":{\"@id\":\"https:\\\/\\\/www.odonto.ufmg.br\\\/cenex\\\/noticias\\\/selecao-projeto-de-extensao-centro-de-memoria-ciencia-e-cultura-no-discurso-da-odontologia-rede-de-museus-ufmg-2019-2\\\/#primaryimage\"},\"thumbnailUrl\":\"https:\\\/\\\/www.odonto.ufmg.br\\\/cenex\\\/wp-content\\\/uploads\\\/sites\\\/2\\\/2019\\\/07\\\/Resultado-Cenex.jpg\",\"articleSection\":[\"ATA\"],\"inLanguage\":\"pt-BR\"},{\"@type\":\"WebPage\",\"@id\":\"https:\\\/\\\/www.odonto.ufmg.br\\\/cenex\\\/noticias\\\/selecao-projeto-de-extensao-centro-de-memoria-ciencia-e-cultura-no-discurso-da-odontologia-rede-de-museus-ufmg-2019-2\\\/\",\"url\":\"https:\\\/\\\/www.odonto.ufmg.br\\\/cenex\\\/noticias\\\/selecao-projeto-de-extensao-centro-de-memoria-ciencia-e-cultura-no-discurso-da-odontologia-rede-de-museus-ufmg-2019-2\\\/\",\"name\":\"RESULTADO - Projeto de Extens\u00e3o \u201cCENTRO DE MEM\u00d3RIA: CI\u00caNCIA E CULTURA NO DISCURSO DA ODONTOLOGIA \u2013 REDE DE MUSEUS UFMG\u201d 2019\\\/2 | CENEX Odonto\",\"isPartOf\":{\"@id\":\"https:\\\/\\\/www.odonto.ufmg.br\\\/cenex\\\/#website\"},\"primaryImageOfPage\":{\"@id\":\"https:\\\/\\\/www.odonto.ufmg.br\\\/cenex\\\/noticias\\\/selecao-projeto-de-extensao-centro-de-memoria-ciencia-e-cultura-no-discurso-da-odontologia-rede-de-museus-ufmg-2019-2\\\/#primaryimage\"},\"image\":{\"@id\":\"https:\\\/\\\/www.odonto.ufmg.br\\\/cenex\\\/noticias\\\/selecao-projeto-de-extensao-centro-de-memoria-ciencia-e-cultura-no-discurso-da-odontologia-rede-de-museus-ufmg-2019-2\\\/#primaryimage\"},\"thumbnailUrl\":\"https:\\\/\\\/www.odonto.ufmg.br\\\/cenex\\\/wp-content\\\/uploads\\\/sites\\\/2\\\/2019\\\/07\\\/Resultado-Cenex.jpg\",\"datePublished\":\"2019-08-19T17:00:30+00:00\",\"breadcrumb\":{\"@id\":\"https:\\\/\\\/www.odonto.ufmg.br\\\/cenex\\\/noticias\\\/selecao-projeto-de-extensao-centro-de-memoria-ciencia-e-cultura-no-discurso-da-odontologia-rede-de-museus-ufmg-2019-2\\\/#breadcrumb\"},\"inLanguage\":\"pt-BR\",\"potentialAction\":[{\"@type\":\"ReadAction\",\"target\":[\"https:\\\/\\\/www.odonto.ufmg.br\\\/cenex\\\/noticias\\\/selecao-projeto-de-extensao-centro-de-memoria-ciencia-e-cultura-no-discurso-da-odontologia-rede-de-museus-ufmg-2019-2\\\/\"]}]},{\"@type\":\"ImageObject\",\"inLanguage\":\"pt-BR\",\"@id\":\"https:\\\/\\\/www.odonto.ufmg.br\\\/cenex\\\/noticias\\\/selecao-projeto-de-extensao-centro-de-memoria-ciencia-e-cultura-no-discurso-da-odontologia-rede-de-museus-ufmg-2019-2\\\/#primaryimage\",\"url\":\"https:\\\/\\\/www.odonto.ufmg.br\\\/cenex\\\/wp-content\\\/uploads\\\/sites\\\/2\\\/2019\\\/07\\\/Resultado-Cenex.jpg\",\"contentUrl\":\"https:\\\/\\\/www.odonto.ufmg.br\\\/cenex\\\/wp-content\\\/uploads\\\/sites\\\/2\\\/2019\\\/07\\\/Resultado-Cenex.jpg\",\"width\":937,\"height\":469},{\"@type\":\"BreadcrumbList\",\"@id\":\"https:\\\/\\\/www.odonto.ufmg.br\\\/cenex\\\/noticias\\\/selecao-projeto-de-extensao-centro-de-memoria-ciencia-e-cultura-no-discurso-da-odontologia-rede-de-museus-ufmg-2019-2\\\/#breadcrumb\",\"itemListElement\":[{\"@type\":\"ListItem\",\"position\":1,\"name\":\"In\u00edcio\",\"item\":\"https:\\\/\\\/www.odonto.ufmg.br\\\/cenex\\\/cenex\\\/\"},{\"@type\":\"ListItem\",\"position\":2,\"name\":\"RESULTADO &#8211; Projeto de Extens\u00e3o \u201cCENTRO DE MEM\u00d3RIA: CI\u00caNCIA E CULTURA NO DISCURSO DA ODONTOLOGIA \u2013 REDE DE MUSEUS UFMG\u201d 2019\\\/2\"}]},{\"@type\":\"WebSite\",\"@id\":\"https:\\\/\\\/www.odonto.ufmg.br\\\/cenex\\\/#website\",\"url\":\"https:\\\/\\\/www.odonto.ufmg.br\\\/cenex\\\/\",\"name\":\"CENEX Odonto\",\"description\":\"Centro de Extens\u00e3o - Faculdade de Odontologia UFMG\",\"publisher\":{\"@id\":\"https:\\\/\\\/www.odonto.ufmg.br\\\/cenex\\\/#organization\"},\"potentialAction\":[{\"@type\":\"SearchAction\",\"target\":{\"@type\":\"EntryPoint\",\"urlTemplate\":\"https:\\\/\\\/www.odonto.ufmg.br\\\/cenex\\\/?s={search_term_string}\"},\"query-input\":{\"@type\":\"PropertyValueSpecification\",\"valueRequired\":true,\"valueName\":\"search_term_string\"}}],\"inLanguage\":\"pt-BR\"},{\"@type\":\"Organization\",\"@id\":\"https:\\\/\\\/www.odonto.ufmg.br\\\/cenex\\\/#organization\",\"name\":\"Faculdade de Odontologia da UFMG\",\"url\":\"https:\\\/\\\/www.odonto.ufmg.br\\\/cenex\\\/\",\"logo\":{\"@type\":\"ImageObject\",\"inLanguage\":\"pt-BR\",\"@id\":\"https:\\\/\\\/www.odonto.ufmg.br\\\/cenex\\\/#\\\/schema\\\/logo\\\/image\\\/\",\"url\":\"http:\\\/\\\/www.odonto.ufmg.br\\\/cenex\\\/wp-content\\\/uploads\\\/sites\\\/2\\\/2015\\\/12\\\/logo_cenex.svg\",\"contentUrl\":\"http:\\\/\\\/www.odonto.ufmg.br\\\/cenex\\\/wp-content\\\/uploads\\\/sites\\\/2\\\/2015\\\/12\\\/logo_cenex.svg\",\"width\":1,\"height\":1,\"caption\":\"Faculdade de Odontologia da UFMG\"},\"image\":{\"@id\":\"https:\\\/\\\/www.odonto.ufmg.br\\\/cenex\\\/#\\\/schema\\\/logo\\\/image\\\/\"},\"sameAs\":[\"https:\\\/\\\/www.facebook.com\\\/cenexfao\\\/?locale=pt_BR\",\"https:\\\/\\\/www.instagram.com\\\/cenexfao\\\/\"]},{\"@type\":\"Person\",\"@id\":\"https:\\\/\\\/www.odonto.ufmg.br\\\/cenex\\\/#\\\/schema\\\/person\\\/8c31067ef949cf5efe6c3ef4f6f51797\",\"name\":\"Faculdade de Odontologia UFMG\",\"url\":\"https:\\\/\\\/www.odonto.ufmg.br\\\/cenex\\\/author\\\/sites\\\/\"}]}<\/script>\n<!-- \/ Yoast SEO plugin. -->","yoast_head_json":{"title":"RESULTADO - Projeto de Extens\u00e3o \u201cCENTRO DE MEM\u00d3RIA: CI\u00caNCIA E CULTURA NO DISCURSO DA ODONTOLOGIA \u2013 REDE DE MUSEUS UFMG\u201d 2019\/2 | CENEX Odonto","robots":{"index":"index","follow":"follow","max-snippet":"max-snippet:-1","max-image-preview":"max-image-preview:large","max-video-preview":"max-video-preview:-1"},"canonical":"https:\/\/www.odonto.ufmg.br\/cenex\/noticias\/selecao-projeto-de-extensao-centro-de-memoria-ciencia-e-cultura-no-discurso-da-odontologia-rede-de-museus-ufmg-2019-2\/","og_locale":"pt_BR","og_type":"article","og_title":"RESULTADO - Projeto de Extens\u00e3o \u201cCENTRO DE MEM\u00d3RIA: CI\u00caNCIA E CULTURA NO DISCURSO DA ODONTOLOGIA \u2013 REDE DE MUSEUS UFMG\u201d 2019\/2 | CENEX Odonto","og_description":"RESULTADO Foi divulgado o resultado da chamada do projeto de extens\u00e3o \u201cCENTRO DE MEM\u00d3RIA: CI\u00caNCIA E CULTURA NO DISCURSO DA ODONTOLOGIA \u2013 REDE DE MUSEUS UFMG\u201d. Confira a lista. &nbsp; &nbsp; CHAMADA Est\u00e3o abertas as inscri\u00e7\u00f5es para o projeto de extens\u00e3o \u201cCENTRO DE MEM\u00d3RIA: CI\u00caNCIA E CULTURA NO DISCURSO DA ODONTOLOGIA \u2013 REDE DE MUSEUS [&hellip;]","og_url":"https:\/\/www.odonto.ufmg.br\/cenex\/noticias\/selecao-projeto-de-extensao-centro-de-memoria-ciencia-e-cultura-no-discurso-da-odontologia-rede-de-museus-ufmg-2019-2\/","og_site_name":"CENEX Odonto","article_publisher":"https:\/\/www.facebook.com\/cenexfao\/?locale=pt_BR","article_published_time":"2019-08-19T17:00:30+00:00","og_image":[{"width":937,"height":469,"url":"https:\/\/www.odonto.ufmg.br\/cenex\/wp-content\/uploads\/sites\/2\/2019\/07\/Resultado-Cenex.jpg","type":"image\/jpeg"}],"author":"Faculdade de Odontologia UFMG","twitter_card":"summary_large_image","twitter_misc":{"Escrito por":"Faculdade de Odontologia UFMG","Est. tempo de leitura":"1 minuto"},"schema":{"@context":"https:\/\/schema.org","@graph":[{"@type":"Article","@id":"https:\/\/www.odonto.ufmg.br\/cenex\/noticias\/selecao-projeto-de-extensao-centro-de-memoria-ciencia-e-cultura-no-discurso-da-odontologia-rede-de-museus-ufmg-2019-2\/#article","isPartOf":{"@id":"https:\/\/www.odonto.ufmg.br\/cenex\/noticias\/selecao-projeto-de-extensao-centro-de-memoria-ciencia-e-cultura-no-discurso-da-odontologia-rede-de-museus-ufmg-2019-2\/"},"author":{"name":"Faculdade de Odontologia UFMG","@id":"https:\/\/www.odonto.ufmg.br\/cenex\/#\/schema\/person\/8c31067ef949cf5efe6c3ef4f6f51797"},"headline":"RESULTADO &#8211; Projeto de Extens\u00e3o \u201cCENTRO DE MEM\u00d3RIA: CI\u00caNCIA E CULTURA NO DISCURSO DA ODONTOLOGIA \u2013 REDE DE MUSEUS UFMG\u201d 2019\/2","datePublished":"2019-08-19T17:00:30+00:00","mainEntityOfPage":{"@id":"https:\/\/www.odonto.ufmg.br\/cenex\/noticias\/selecao-projeto-de-extensao-centro-de-memoria-ciencia-e-cultura-no-discurso-da-odontologia-rede-de-museus-ufmg-2019-2\/"},"wordCount":128,"publisher":{"@id":"https:\/\/www.odonto.ufmg.br\/cenex\/#organization"},"image":{"@id":"https:\/\/www.odonto.ufmg.br\/cenex\/noticias\/selecao-projeto-de-extensao-centro-de-memoria-ciencia-e-cultura-no-discurso-da-odontologia-rede-de-museus-ufmg-2019-2\/#primaryimage"},"thumbnailUrl":"https:\/\/www.odonto.ufmg.br\/cenex\/wp-content\/uploads\/sites\/2\/2019\/07\/Resultado-Cenex.jpg","articleSection":["ATA"],"inLanguage":"pt-BR"},{"@type":"WebPage","@id":"https:\/\/www.odonto.ufmg.br\/cenex\/noticias\/selecao-projeto-de-extensao-centro-de-memoria-ciencia-e-cultura-no-discurso-da-odontologia-rede-de-museus-ufmg-2019-2\/","url":"https:\/\/www.odonto.ufmg.br\/cenex\/noticias\/selecao-projeto-de-extensao-centro-de-memoria-ciencia-e-cultura-no-discurso-da-odontologia-rede-de-museus-ufmg-2019-2\/","name":"RESULTADO - Projeto de Extens\u00e3o \u201cCENTRO DE MEM\u00d3RIA: CI\u00caNCIA E CULTURA NO DISCURSO DA ODONTOLOGIA \u2013 REDE DE MUSEUS UFMG\u201d 2019\/2 | CENEX Odonto","isPartOf":{"@id":"https:\/\/www.odonto.ufmg.br\/cenex\/#website"},"primaryImageOfPage":{"@id":"https:\/\/www.odonto.ufmg.br\/cenex\/noticias\/selecao-projeto-de-extensao-centro-de-memoria-ciencia-e-cultura-no-discurso-da-odontologia-rede-de-museus-ufmg-2019-2\/#primaryimage"},"image":{"@id":"https:\/\/www.odonto.ufmg.br\/cenex\/noticias\/selecao-projeto-de-extensao-centro-de-memoria-ciencia-e-cultura-no-discurso-da-odontologia-rede-de-museus-ufmg-2019-2\/#primaryimage"},"thumbnailUrl":"https:\/\/www.odonto.ufmg.br\/cenex\/wp-content\/uploads\/sites\/2\/2019\/07\/Resultado-Cenex.jpg","datePublished":"2019-08-19T17:00:30+00:00","breadcrumb":{"@id":"https:\/\/www.odonto.ufmg.br\/cenex\/noticias\/selecao-projeto-de-extensao-centro-de-memoria-ciencia-e-cultura-no-discurso-da-odontologia-rede-de-museus-ufmg-2019-2\/#breadcrumb"},"inLanguage":"pt-BR","potentialAction":[{"@type":"ReadAction","target":["https:\/\/www.odonto.ufmg.br\/cenex\/noticias\/selecao-projeto-de-extensao-centro-de-memoria-ciencia-e-cultura-no-discurso-da-odontologia-rede-de-museus-ufmg-2019-2\/"]}]},{"@type":"ImageObject","inLanguage":"pt-BR","@id":"https:\/\/www.odonto.ufmg.br\/cenex\/noticias\/selecao-projeto-de-extensao-centro-de-memoria-ciencia-e-cultura-no-discurso-da-odontologia-rede-de-museus-ufmg-2019-2\/#primaryimage","url":"https:\/\/www.odonto.ufmg.br\/cenex\/wp-content\/uploads\/sites\/2\/2019\/07\/Resultado-Cenex.jpg","contentUrl":"https:\/\/www.odonto.ufmg.br\/cenex\/wp-content\/uploads\/sites\/2\/2019\/07\/Resultado-Cenex.jpg","width":937,"height":469},{"@type":"BreadcrumbList","@id":"https:\/\/www.odonto.ufmg.br\/cenex\/noticias\/selecao-projeto-de-extensao-centro-de-memoria-ciencia-e-cultura-no-discurso-da-odontologia-rede-de-museus-ufmg-2019-2\/#breadcrumb","itemListElement":[{"@type":"ListItem","position":1,"name":"In\u00edcio","item":"https:\/\/www.odonto.ufmg.br\/cenex\/cenex\/"},{"@type":"ListItem","position":2,"name":"RESULTADO &#8211; Projeto de Extens\u00e3o \u201cCENTRO DE MEM\u00d3RIA: CI\u00caNCIA E CULTURA NO DISCURSO DA ODONTOLOGIA \u2013 REDE DE MUSEUS UFMG\u201d 2019\/2"}]},{"@type":"WebSite","@id":"https:\/\/www.odonto.ufmg.br\/cenex\/#website","url":"https:\/\/www.odonto.ufmg.br\/cenex\/","name":"CENEX Odonto","description":"Centro de Extens\u00e3o - Faculdade de Odontologia UFMG","publisher":{"@id":"https:\/\/www.odonto.ufmg.br\/cenex\/#organization"},"potentialAction":[{"@type":"SearchAction","target":{"@type":"EntryPoint","urlTemplate":"https:\/\/www.odonto.ufmg.br\/cenex\/?s={search_term_string}"},"query-input":{"@type":"PropertyValueSpecification","valueRequired":true,"valueName":"search_term_string"}}],"inLanguage":"pt-BR"},{"@type":"Organization","@id":"https:\/\/www.odonto.ufmg.br\/cenex\/#organization","name":"Faculdade de Odontologia da UFMG","url":"https:\/\/www.odonto.ufmg.br\/cenex\/","logo":{"@type":"ImageObject","inLanguage":"pt-BR","@id":"https:\/\/www.odonto.ufmg.br\/cenex\/#\/schema\/logo\/image\/","url":"http:\/\/www.odonto.ufmg.br\/cenex\/wp-content\/uploads\/sites\/2\/2015\/12\/logo_cenex.svg","contentUrl":"http:\/\/www.odonto.ufmg.br\/cenex\/wp-content\/uploads\/sites\/2\/2015\/12\/logo_cenex.svg","width":1,"height":1,"caption":"Faculdade de Odontologia da UFMG"},"image":{"@id":"https:\/\/www.odonto.ufmg.br\/cenex\/#\/schema\/logo\/image\/"},"sameAs":["https:\/\/www.facebook.com\/cenexfao\/?locale=pt_BR","https:\/\/www.instagram.com\/cenexfao\/"]},{"@type":"Person","@id":"https:\/\/www.odonto.ufmg.br\/cenex\/#\/schema\/person\/8c31067ef949cf5efe6c3ef4f6f51797","name":"Faculdade de Odontologia UFMG","url":"https:\/\/www.odonto.ufmg.br\/cenex\/author\/sites\/"}]}},"_links":{"self":[{"href":"https:\/\/www.odonto.ufmg.br\/cenex\/wp-json\/wp\/v2\/posts\/9741","targetHints":{"allow":["GET"]}}],"collection":[{"href":"https:\/\/www.odonto.ufmg.br\/cenex\/wp-json\/wp\/v2\/posts"}],"about":[{"href":"https:\/\/www.odonto.ufmg.br\/cenex\/wp-json\/wp\/v2\/types\/post"}],"author":[{"embeddable":true,"href":"https:\/\/www.odonto.ufmg.br\/cenex\/wp-json\/wp\/v2\/users\/1"}],"replies":[{"embeddable":true,"href":"https:\/\/www.odonto.ufmg.br\/cenex\/wp-json\/wp\/v2\/comments?post=9741"}],"version-history":[{"count":4,"href":"https:\/\/www.odonto.ufmg.br\/cenex\/wp-json\/wp\/v2\/posts\/9741\/revisions"}],"predecessor-version":[{"id":9860,"href":"https:\/\/www.odonto.ufmg.br\/cenex\/wp-json\/wp\/v2\/posts\/9741\/revisions\/9860"}],"wp:featuredmedia":[{"embeddable":true,"href":"https:\/\/www.odonto.ufmg.br\/cenex\/wp-json\/wp\/v2\/media\/9300"}],"wp:attachment":[{"href":"https:\/\/www.odonto.ufmg.br\/cenex\/wp-json\/wp\/v2\/media?parent=9741"}],"wp:term":[{"taxonomy":"category","embeddable":true,"href":"https:\/\/www.odonto.ufmg.br\/cenex\/wp-json\/wp\/v2\/categories?post=9741"},{"taxonomy":"post_tag","embeddable":true,"href":"https:\/\/www.odonto.ufmg.br\/cenex\/wp-json\/wp\/v2\/tags?post=9741"}],"curies":[{"name":"wp","href":"https:\/\/api.w.org\/{rel}","templated":true}]}}