{"id":8795,"date":"2019-04-15T10:53:56","date_gmt":"2019-04-15T13:53:56","guid":{"rendered":"http:\/\/www.odonto.ufmg.br\/cenex\/?p=8795"},"modified":"2019-04-15T10:53:56","modified_gmt":"2019-04-15T13:53:56","slug":"websimposio-sobre-cancer-de-labio-e-cavidade-oral","status":"publish","type":"post","link":"https:\/\/www.odonto.ufmg.br\/cenex\/ata\/websimposio-sobre-cancer-de-labio-e-cavidade-oral\/","title":{"rendered":"WEBSIMP\u00d3SIO SOBRE C\u00c2NCER DE L\u00c1BIO E CAVIDADE ORAL"},"content":{"rendered":"<p style=\"font-weight: 400\"><strong>Qual o p\u00fablico alvo?<\/strong><\/p>\n<p style=\"font-weight: 400\">Equipes de Sa\u00fade Bucal, Coordenadores de Sa\u00fade Bucal e de Aten\u00e7\u00e3o B\u00e1sica, Profissionais das Equipes de Sa\u00fade da Fam\u00edlia, Dentistas e Gerentes dos Centros de Especialistas Odontol\u00f3gicas, Refer\u00eancias Regionais de Sa\u00fade Bucal, Estudantes de Gradua\u00e7\u00e3o da \u00c1rea da Sa\u00fade (Odontologia, Enfermagem, Medicina, Nutri\u00e7\u00e3o, Fonoaudiologia)<\/p>\n<p style=\"font-weight: 400\"><strong>Per\u00edodo de realiza\u00e7\u00e3o<\/strong><\/p>\n<p style=\"font-weight: 400\">Dias 24\/04\/2019 e 15\/05\/2019<\/p>\n<p style=\"font-weight: 400\"><b>Hor\u00e1rio<\/b><\/p>\n<p style=\"font-weight: 400\">09h00 as 11h00 da manh\u00e3<\/p>\n<p>&nbsp;<\/p>\n<p style=\"font-weight: 400\"><strong>Palestrantes<\/strong><\/p>\n<p style=\"font-weight: 400\"><strong>Dia 24\/04<\/strong><\/p>\n<p style=\"font-weight: 400\">Wanda Taulois Braga \u2013\u00a0<em>C\u00e2ncer de L\u00e1bio e Cavidade Oral \u2013 Rede de Aten\u00e7\u00e3o no SUS\/MG<\/em>\u00a0&#8211;\u00a0Refer\u00eancia T\u00e9cnica Aten\u00e7\u00e3o Especializada em Sa\u00fade Bucal\/CSB\/DAE\/SES-MG<\/p>\n<p style=\"font-weight: 400\">Jacqueline Silva Santos \u2013\u00a0<em>C\u00e2ncer de L\u00e1bio e Cavidade Oral &#8211; Produ\u00e7\u00e3o do cuidado nos pontos de aten\u00e7\u00e3o<\/em><strong>\u00a0&#8211;\u00a0<\/strong>Refer\u00eancia T\u00e9cnica Aten\u00e7\u00e3o Especializada em Sa\u00fade Bucal\/CSB\/DAE\/SES-MG<\/p>\n<p style=\"font-weight: 400\">Maria C\u00e1ssia Ferreira de Aguiar \u2013\u00a0<em>Aspectos cl\u00ednicos de c\u00e2ncer de l\u00e1bio e cavidade ora<\/em>l-\u00a0Professora do Departamento de Cl\u00ednica, Patologia e Cirurgia da Faculdade de Odontologia da UFMG<\/p>\n<p style=\"font-weight: 400\"><strong>\u00a0<\/strong><\/p>\n<p style=\"font-weight: 400\"><strong>Dia 15\/05<\/strong><\/p>\n<p style=\"font-weight: 400\">Alexandre de Andrade Sousa \u2013\u00a0<em>Tratamento do c\u00e2ncer de boca e orofaringe<\/em>\u00a0\u2013 Professor do Departamento de Cirurgia da Faculdade de Medicina da UFMG<\/p>\n<p style=\"font-weight: 400\">Patr\u00edcia Carlos Caldeira \u2013\u00a0<em>Cuidados odontol\u00f3gicos em pacientes com c\u00e2ncer de cabe\u00e7a e pesco\u00e7o\u00a0<\/em>\u2013 Professora do Departamento de Cl\u00ednica, Patologia e Cirurgia da Faculdade de Odontologia da UFMG.<\/p>\n<p>&nbsp;<\/p>\n<p>Para maiores informa\u00e7\u00f5es, <a href=\"https:\/\/medicina.ufmg.br\/websimposio\/\">clique aqui!<\/a><\/p>\n","protected":false},"excerpt":{"rendered":"<p>Qual o p\u00fablico alvo? Equipes de Sa\u00fade Bucal, Coordenadores de Sa\u00fade Bucal e de Aten\u00e7\u00e3o B\u00e1sica, Profissionais das Equipes de Sa\u00fade da Fam\u00edlia, Dentistas e Gerentes dos Centros de Especialistas Odontol\u00f3gicas, Refer\u00eancias Regionais de Sa\u00fade Bucal, Estudantes de Gradua\u00e7\u00e3o da \u00c1rea da Sa\u00fade (Odontologia, Enfermagem, Medicina, Nutri\u00e7\u00e3o, Fonoaudiologia) Per\u00edodo de realiza\u00e7\u00e3o Dias 24\/04\/2019 e 15\/05\/2019 [&hellip;]<\/p>\n","protected":false},"author":6,"featured_media":8796,"comment_status":"closed","ping_status":"closed","sticky":false,"template":"","format":"standard","meta":{"footnotes":""},"categories":[2],"tags":[],"class_list":["post-8795","post","type-post","status-publish","format-standard","has-post-thumbnail","hentry","category-ata"],"_links":{"self":[{"href":"https:\/\/www.odonto.ufmg.br\/cenex\/wp-json\/wp\/v2\/posts\/8795","targetHints":{"allow":["GET"]}}],"collection":[{"href":"https:\/\/www.odonto.ufmg.br\/cenex\/wp-json\/wp\/v2\/posts"}],"about":[{"href":"https:\/\/www.odonto.ufmg.br\/cenex\/wp-json\/wp\/v2\/types\/post"}],"author":[{"embeddable":true,"href":"https:\/\/www.odonto.ufmg.br\/cenex\/wp-json\/wp\/v2\/users\/6"}],"replies":[{"embeddable":true,"href":"https:\/\/www.odonto.ufmg.br\/cenex\/wp-json\/wp\/v2\/comments?post=8795"}],"version-history":[{"count":2,"href":"https:\/\/www.odonto.ufmg.br\/cenex\/wp-json\/wp\/v2\/posts\/8795\/revisions"}],"predecessor-version":[{"id":8798,"href":"https:\/\/www.odonto.ufmg.br\/cenex\/wp-json\/wp\/v2\/posts\/8795\/revisions\/8798"}],"wp:featuredmedia":[{"embeddable":true,"href":"https:\/\/www.odonto.ufmg.br\/cenex\/wp-json\/wp\/v2\/media\/8796"}],"wp:attachment":[{"href":"https:\/\/www.odonto.ufmg.br\/cenex\/wp-json\/wp\/v2\/media?parent=8795"}],"wp:term":[{"taxonomy":"category","embeddable":true,"href":"https:\/\/www.odonto.ufmg.br\/cenex\/wp-json\/wp\/v2\/categories?post=8795"},{"taxonomy":"post_tag","embeddable":true,"href":"https:\/\/www.odonto.ufmg.br\/cenex\/wp-json\/wp\/v2\/tags?post=8795"}],"curies":[{"name":"wp","href":"https:\/\/api.w.org\/{rel}","templated":true}]}}