{"id":7439,"date":"2018-10-16T10:39:39","date_gmt":"2018-10-16T13:39:39","guid":{"rendered":"http:\/\/www.odonto.ufmg.br\/cenex\/?p=7439"},"modified":"2018-12-04T10:51:21","modified_gmt":"2018-12-04T12:51:21","slug":"traumatismos-denticao-decidua","status":"publish","type":"post","link":"https:\/\/www.odonto.ufmg.br\/cenex\/ata\/traumatismos-denticao-decidua\/","title":{"rendered":"PROJETO DE EXTENS\u00c3O \u201cTRAUMATISMOS DENT\u00c1RIOS NA DENTI\u00c7\u00c3O DEC\u00cdDUA\u201d: RELEV\u00c2NCIA NO ENSINO E SOCIAL"},"content":{"rendered":"\n<style type=\"text\/css\" data-created_by=\"avia_inline_auto\" id=\"style-css-av-av_one_half-6126cab7d8fab8d08143dd2dacdf673c\">\n.flex_column.av-av_one_half-6126cab7d8fab8d08143dd2dacdf673c{\nborder-radius:0px 0px 0px 0px;\npadding:0px 0px 0px 0px;\n}\n<\/style>\n<div  class='flex_column av-av_one_half-6126cab7d8fab8d08143dd2dacdf673c av_one_half  avia-builder-el-0  el_before_av_one_half  avia-builder-el-first  first flex_column_div av-zero-column-padding  '     ><style type=\"text\/css\" data-created_by=\"avia_inline_auto\" id=\"style-css-av-av_image-5c94844eb339891da5522acb52c49a58\">\n.avia-image-container.av-av_image-5c94844eb339891da5522acb52c49a58 img.avia_image{\nbox-shadow:none;\n}\n.avia-image-container.av-av_image-5c94844eb339891da5522acb52c49a58 .av-image-caption-overlay-center{\ncolor:#ffffff;\n}\n<\/style>\n<div  class='avia-image-container av-av_image-5c94844eb339891da5522acb52c49a58 av-styling- av-img-linked avia-align-center  avia-builder-el-1  avia-builder-el-no-sibling '   itemprop=\"image\" itemscope=\"itemscope\" itemtype=\"https:\/\/schema.org\/ImageObject\" ><div class=\"avia-image-container-inner\"><div class=\"avia-image-overlay-wrap\"><a href=\"https:\/\/www.odonto.ufmg.br\/cenex\/wp-content\/uploads\/sites\/2\/2018\/10\/Slide-Jonathan-Lopes.pdf?iframe=true\" class='avia_image '  aria-label='Projeto de Extens\u00e3o TV Dental News'><img decoding=\"async\" fetchpriority=\"high\" class='wp-image-7545 avia-img-lazy-loading-not-7545 avia_image ' src=\"https:\/\/www.odonto.ufmg.br\/cenex\/wp-content\/uploads\/sites\/2\/2018\/11\/Encontro-300x221.png\" alt='' title='Projeto de Extens\u00e3o TV Dental News'  height=\"221\" width=\"300\"  itemprop=\"thumbnailUrl\" srcset=\"https:\/\/www.odonto.ufmg.br\/cenex\/wp-content\/uploads\/sites\/2\/2018\/11\/Encontro-300x221.png 300w, https:\/\/www.odonto.ufmg.br\/cenex\/wp-content\/uploads\/sites\/2\/2018\/11\/Encontro-80x59.png 80w, https:\/\/www.odonto.ufmg.br\/cenex\/wp-content\/uploads\/sites\/2\/2018\/11\/Encontro.png 400w\" sizes=\"(max-width: 300px) 100vw, 300px\" \/><\/a><\/div><\/div><\/div><\/div>\n\n<style type=\"text\/css\" data-created_by=\"avia_inline_auto\" id=\"style-css-av-av_one_half-0aa7055fe62c3622faec82866afbaeb2\">\n.flex_column.av-av_one_half-0aa7055fe62c3622faec82866afbaeb2{\nborder-radius:0px 0px 0px 0px;\npadding:0px 0px 0px 0px;\n}\n<\/style>\n<div  class='flex_column av-av_one_half-0aa7055fe62c3622faec82866afbaeb2 av_one_half  avia-builder-el-2  el_after_av_one_half  el_before_av_one_full  flex_column_div av-zero-column-padding  '     ><p><section  class='av_textblock_section av-av_textblock-0366cc7376be6c9e82a3e9cc8987b64f '   itemscope=\"itemscope\" itemtype=\"https:\/\/schema.org\/BlogPosting\" itemprop=\"blogPost\" ><div class='avia_textblock'  itemprop=\"text\" ><p>Caso n\u00e3o visualize o documento clicando na imagem ao lado, clique no bot\u00e3o abaixo e fa\u00e7a o download do arquivo em PDF.<\/p>\n<\/div><\/section><br \/>\n<div  class='avia-button-wrap av-av_button-3323d4189a99df97dffa089a03f2f5c0-wrap avia-button-center  avia-builder-el-4  el_after_av_textblock  avia-builder-el-last '><a href='http:\/\/www.odonto.ufmg.br\/cenex\/wp-content\/uploads\/sites\/2\/2018\/10\/Slide-Jonathan-Lopes.pdf'  class='avia-button av-av_button-3323d4189a99df97dffa089a03f2f5c0 av-link-btn avia-icon_select-yes-left-icon avia-size-small avia-position-center avia-color-theme-color'  target=\"_blank\"  rel=\"noopener noreferrer\"  aria-label=\"Download do pdf\"><span class='avia_button_icon avia_button_icon_left avia-iconfont avia-font-entypo-fontello' data-av_icon='\ue82d' data-av_iconfont='entypo-fontello' ><\/span><span class='avia_iconbox_title' >Download do pdf<\/span><\/a><\/div><\/p><\/div>\n\n<style type=\"text\/css\" data-created_by=\"avia_inline_auto\" id=\"style-css-av-av_one_full-6126cab7d8fab8d08143dd2dacdf673c\">\n.flex_column.av-av_one_full-6126cab7d8fab8d08143dd2dacdf673c{\nborder-radius:0px 0px 0px 0px;\npadding:0px 0px 0px 0px;\n}\n<\/style>\n<div  class='flex_column av-av_one_full-6126cab7d8fab8d08143dd2dacdf673c av_one_full  avia-builder-el-5  el_after_av_one_half  avia-builder-el-last  first flex_column_div av-zero-column-padding  column-top-margin'     ><\/div>\n","protected":false},"excerpt":{"rendered":"","protected":false},"author":5,"featured_media":7658,"comment_status":"open","ping_status":"closed","sticky":false,"template":"","format":"standard","meta":{"inline_featured_image":false,"footnotes":""},"categories":[2],"tags":[],"class_list":["post-7439","post","type-post","status-publish","format-standard","has-post-thumbnail","hentry","category-ata"],"yoast_head":"<!-- This site is optimized with the Yoast SEO plugin v27.5 - https:\/\/yoast.com\/product\/yoast-seo-wordpress\/ -->\n<title>PROJETO DE EXTENS\u00c3O \u201cTRAUMATISMOS DENT\u00c1RIOS NA DENTI\u00c7\u00c3O DEC\u00cdDUA\u201d: RELEV\u00c2NCIA NO ENSINO E SOCIAL | CENEX Odonto<\/title>\n<meta name=\"robots\" content=\"index, follow, max-snippet:-1, max-image-preview:large, max-video-preview:-1\" \/>\n<link rel=\"canonical\" href=\"https:\/\/www.odonto.ufmg.br\/cenex\/semana-do-conhecimento\/traumatismos-denticao-decidua\/\" \/>\n<meta property=\"og:locale\" content=\"pt_BR\" \/>\n<meta property=\"og:type\" content=\"article\" \/>\n<meta property=\"og:title\" content=\"PROJETO DE EXTENS\u00c3O \u201cTRAUMATISMOS DENT\u00c1RIOS NA DENTI\u00c7\u00c3O DEC\u00cdDUA\u201d: RELEV\u00c2NCIA NO ENSINO E SOCIAL | CENEX Odonto\" \/>\n<meta property=\"og:url\" content=\"https:\/\/www.odonto.ufmg.br\/cenex\/semana-do-conhecimento\/traumatismos-denticao-decidua\/\" \/>\n<meta property=\"og:site_name\" content=\"CENEX Odonto\" \/>\n<meta property=\"article:publisher\" content=\"https:\/\/www.facebook.com\/cenexfao\/?locale=pt_BR\" \/>\n<meta property=\"article:published_time\" content=\"2018-10-16T13:39:39+00:00\" \/>\n<meta property=\"article:modified_time\" content=\"2018-12-04T12:51:21+00:00\" \/>\n<meta property=\"og:image\" content=\"https:\/\/www.odonto.ufmg.br\/cenex\/wp-content\/uploads\/sites\/2\/2018\/12\/Encontro-2.png\" \/>\n\t<meta property=\"og:image:width\" content=\"400\" \/>\n\t<meta property=\"og:image:height\" content=\"294\" \/>\n\t<meta property=\"og:image:type\" content=\"image\/png\" \/>\n<meta name=\"author\" content=\"cristiano\" \/>\n<meta name=\"twitter:card\" content=\"summary_large_image\" \/>\n<meta name=\"twitter:label1\" content=\"Escrito por\" \/>\n\t<meta name=\"twitter:data1\" content=\"cristiano\" \/>\n\t<meta name=\"twitter:label2\" content=\"Est. tempo de leitura\" \/>\n\t<meta name=\"twitter:data2\" content=\"2 minutos\" \/>\n<script type=\"application\/ld+json\" class=\"yoast-schema-graph\">{\"@context\":\"https:\\\/\\\/schema.org\",\"@graph\":[{\"@type\":\"Article\",\"@id\":\"https:\\\/\\\/www.odonto.ufmg.br\\\/cenex\\\/semana-do-conhecimento\\\/traumatismos-denticao-decidua\\\/#article\",\"isPartOf\":{\"@id\":\"https:\\\/\\\/www.odonto.ufmg.br\\\/cenex\\\/semana-do-conhecimento\\\/traumatismos-denticao-decidua\\\/\"},\"author\":{\"name\":\"cristiano\",\"@id\":\"https:\\\/\\\/www.odonto.ufmg.br\\\/cenex\\\/#\\\/schema\\\/person\\\/25c8dccfb2b8a933d4c9cacb1f1bf0db\"},\"headline\":\"PROJETO DE EXTENS\u00c3O \u201cTRAUMATISMOS DENT\u00c1RIOS NA DENTI\u00c7\u00c3O DEC\u00cdDUA\u201d: RELEV\u00c2NCIA NO ENSINO E SOCIAL\",\"datePublished\":\"2018-10-16T13:39:39+00:00\",\"dateModified\":\"2018-12-04T12:51:21+00:00\",\"mainEntityOfPage\":{\"@id\":\"https:\\\/\\\/www.odonto.ufmg.br\\\/cenex\\\/semana-do-conhecimento\\\/traumatismos-denticao-decidua\\\/\"},\"wordCount\":275,\"commentCount\":0,\"publisher\":{\"@id\":\"https:\\\/\\\/www.odonto.ufmg.br\\\/cenex\\\/#organization\"},\"image\":{\"@id\":\"https:\\\/\\\/www.odonto.ufmg.br\\\/cenex\\\/semana-do-conhecimento\\\/traumatismos-denticao-decidua\\\/#primaryimage\"},\"thumbnailUrl\":\"https:\\\/\\\/www.odonto.ufmg.br\\\/cenex\\\/wp-content\\\/uploads\\\/sites\\\/2\\\/2018\\\/12\\\/Encontro-2.png\",\"articleSection\":[\"ATA\"],\"inLanguage\":\"pt-BR\"},{\"@type\":\"WebPage\",\"@id\":\"https:\\\/\\\/www.odonto.ufmg.br\\\/cenex\\\/semana-do-conhecimento\\\/traumatismos-denticao-decidua\\\/\",\"url\":\"https:\\\/\\\/www.odonto.ufmg.br\\\/cenex\\\/semana-do-conhecimento\\\/traumatismos-denticao-decidua\\\/\",\"name\":\"PROJETO DE EXTENS\u00c3O \u201cTRAUMATISMOS DENT\u00c1RIOS NA DENTI\u00c7\u00c3O DEC\u00cdDUA\u201d: RELEV\u00c2NCIA NO ENSINO E SOCIAL | CENEX Odonto\",\"isPartOf\":{\"@id\":\"https:\\\/\\\/www.odonto.ufmg.br\\\/cenex\\\/#website\"},\"primaryImageOfPage\":{\"@id\":\"https:\\\/\\\/www.odonto.ufmg.br\\\/cenex\\\/semana-do-conhecimento\\\/traumatismos-denticao-decidua\\\/#primaryimage\"},\"image\":{\"@id\":\"https:\\\/\\\/www.odonto.ufmg.br\\\/cenex\\\/semana-do-conhecimento\\\/traumatismos-denticao-decidua\\\/#primaryimage\"},\"thumbnailUrl\":\"https:\\\/\\\/www.odonto.ufmg.br\\\/cenex\\\/wp-content\\\/uploads\\\/sites\\\/2\\\/2018\\\/12\\\/Encontro-2.png\",\"datePublished\":\"2018-10-16T13:39:39+00:00\",\"dateModified\":\"2018-12-04T12:51:21+00:00\",\"breadcrumb\":{\"@id\":\"https:\\\/\\\/www.odonto.ufmg.br\\\/cenex\\\/semana-do-conhecimento\\\/traumatismos-denticao-decidua\\\/#breadcrumb\"},\"inLanguage\":\"pt-BR\",\"potentialAction\":[{\"@type\":\"ReadAction\",\"target\":[\"https:\\\/\\\/www.odonto.ufmg.br\\\/cenex\\\/semana-do-conhecimento\\\/traumatismos-denticao-decidua\\\/\"]}]},{\"@type\":\"ImageObject\",\"inLanguage\":\"pt-BR\",\"@id\":\"https:\\\/\\\/www.odonto.ufmg.br\\\/cenex\\\/semana-do-conhecimento\\\/traumatismos-denticao-decidua\\\/#primaryimage\",\"url\":\"https:\\\/\\\/www.odonto.ufmg.br\\\/cenex\\\/wp-content\\\/uploads\\\/sites\\\/2\\\/2018\\\/12\\\/Encontro-2.png\",\"contentUrl\":\"https:\\\/\\\/www.odonto.ufmg.br\\\/cenex\\\/wp-content\\\/uploads\\\/sites\\\/2\\\/2018\\\/12\\\/Encontro-2.png\",\"width\":400,\"height\":294},{\"@type\":\"BreadcrumbList\",\"@id\":\"https:\\\/\\\/www.odonto.ufmg.br\\\/cenex\\\/semana-do-conhecimento\\\/traumatismos-denticao-decidua\\\/#breadcrumb\",\"itemListElement\":[{\"@type\":\"ListItem\",\"position\":1,\"name\":\"In\u00edcio\",\"item\":\"https:\\\/\\\/www.odonto.ufmg.br\\\/cenex\\\/cenex\\\/\"},{\"@type\":\"ListItem\",\"position\":2,\"name\":\"PROJETO DE EXTENS\u00c3O \u201cTRAUMATISMOS DENT\u00c1RIOS NA DENTI\u00c7\u00c3O DEC\u00cdDUA\u201d: RELEV\u00c2NCIA NO ENSINO E SOCIAL\"}]},{\"@type\":\"WebSite\",\"@id\":\"https:\\\/\\\/www.odonto.ufmg.br\\\/cenex\\\/#website\",\"url\":\"https:\\\/\\\/www.odonto.ufmg.br\\\/cenex\\\/\",\"name\":\"CENEX Odonto\",\"description\":\"Centro de Extens\u00e3o - Faculdade de Odontologia UFMG\",\"publisher\":{\"@id\":\"https:\\\/\\\/www.odonto.ufmg.br\\\/cenex\\\/#organization\"},\"potentialAction\":[{\"@type\":\"SearchAction\",\"target\":{\"@type\":\"EntryPoint\",\"urlTemplate\":\"https:\\\/\\\/www.odonto.ufmg.br\\\/cenex\\\/?s={search_term_string}\"},\"query-input\":{\"@type\":\"PropertyValueSpecification\",\"valueRequired\":true,\"valueName\":\"search_term_string\"}}],\"inLanguage\":\"pt-BR\"},{\"@type\":\"Organization\",\"@id\":\"https:\\\/\\\/www.odonto.ufmg.br\\\/cenex\\\/#organization\",\"name\":\"Faculdade de Odontologia da UFMG\",\"url\":\"https:\\\/\\\/www.odonto.ufmg.br\\\/cenex\\\/\",\"logo\":{\"@type\":\"ImageObject\",\"inLanguage\":\"pt-BR\",\"@id\":\"https:\\\/\\\/www.odonto.ufmg.br\\\/cenex\\\/#\\\/schema\\\/logo\\\/image\\\/\",\"url\":\"http:\\\/\\\/www.odonto.ufmg.br\\\/cenex\\\/wp-content\\\/uploads\\\/sites\\\/2\\\/2015\\\/12\\\/logo_cenex.svg\",\"contentUrl\":\"http:\\\/\\\/www.odonto.ufmg.br\\\/cenex\\\/wp-content\\\/uploads\\\/sites\\\/2\\\/2015\\\/12\\\/logo_cenex.svg\",\"width\":1,\"height\":1,\"caption\":\"Faculdade de Odontologia da UFMG\"},\"image\":{\"@id\":\"https:\\\/\\\/www.odonto.ufmg.br\\\/cenex\\\/#\\\/schema\\\/logo\\\/image\\\/\"},\"sameAs\":[\"https:\\\/\\\/www.facebook.com\\\/cenexfao\\\/?locale=pt_BR\",\"https:\\\/\\\/www.instagram.com\\\/cenexfao\\\/\"]},{\"@type\":\"Person\",\"@id\":\"https:\\\/\\\/www.odonto.ufmg.br\\\/cenex\\\/#\\\/schema\\\/person\\\/25c8dccfb2b8a933d4c9cacb1f1bf0db\",\"name\":\"cristiano\",\"url\":\"https:\\\/\\\/www.odonto.ufmg.br\\\/cenex\\\/author\\\/cristiano\\\/\"}]}<\/script>\n<!-- \/ Yoast SEO plugin. -->","yoast_head_json":{"title":"PROJETO DE EXTENS\u00c3O \u201cTRAUMATISMOS DENT\u00c1RIOS NA DENTI\u00c7\u00c3O DEC\u00cdDUA\u201d: RELEV\u00c2NCIA NO ENSINO E SOCIAL | CENEX Odonto","robots":{"index":"index","follow":"follow","max-snippet":"max-snippet:-1","max-image-preview":"max-image-preview:large","max-video-preview":"max-video-preview:-1"},"canonical":"https:\/\/www.odonto.ufmg.br\/cenex\/semana-do-conhecimento\/traumatismos-denticao-decidua\/","og_locale":"pt_BR","og_type":"article","og_title":"PROJETO DE EXTENS\u00c3O \u201cTRAUMATISMOS DENT\u00c1RIOS NA DENTI\u00c7\u00c3O DEC\u00cdDUA\u201d: RELEV\u00c2NCIA NO ENSINO E SOCIAL | CENEX Odonto","og_url":"https:\/\/www.odonto.ufmg.br\/cenex\/semana-do-conhecimento\/traumatismos-denticao-decidua\/","og_site_name":"CENEX Odonto","article_publisher":"https:\/\/www.facebook.com\/cenexfao\/?locale=pt_BR","article_published_time":"2018-10-16T13:39:39+00:00","article_modified_time":"2018-12-04T12:51:21+00:00","og_image":[{"width":400,"height":294,"url":"https:\/\/www.odonto.ufmg.br\/cenex\/wp-content\/uploads\/sites\/2\/2018\/12\/Encontro-2.png","type":"image\/png"}],"author":"cristiano","twitter_card":"summary_large_image","twitter_misc":{"Escrito por":"cristiano","Est. tempo de leitura":"2 minutos"},"schema":{"@context":"https:\/\/schema.org","@graph":[{"@type":"Article","@id":"https:\/\/www.odonto.ufmg.br\/cenex\/semana-do-conhecimento\/traumatismos-denticao-decidua\/#article","isPartOf":{"@id":"https:\/\/www.odonto.ufmg.br\/cenex\/semana-do-conhecimento\/traumatismos-denticao-decidua\/"},"author":{"name":"cristiano","@id":"https:\/\/www.odonto.ufmg.br\/cenex\/#\/schema\/person\/25c8dccfb2b8a933d4c9cacb1f1bf0db"},"headline":"PROJETO DE EXTENS\u00c3O \u201cTRAUMATISMOS DENT\u00c1RIOS NA DENTI\u00c7\u00c3O DEC\u00cdDUA\u201d: RELEV\u00c2NCIA NO ENSINO E SOCIAL","datePublished":"2018-10-16T13:39:39+00:00","dateModified":"2018-12-04T12:51:21+00:00","mainEntityOfPage":{"@id":"https:\/\/www.odonto.ufmg.br\/cenex\/semana-do-conhecimento\/traumatismos-denticao-decidua\/"},"wordCount":275,"commentCount":0,"publisher":{"@id":"https:\/\/www.odonto.ufmg.br\/cenex\/#organization"},"image":{"@id":"https:\/\/www.odonto.ufmg.br\/cenex\/semana-do-conhecimento\/traumatismos-denticao-decidua\/#primaryimage"},"thumbnailUrl":"https:\/\/www.odonto.ufmg.br\/cenex\/wp-content\/uploads\/sites\/2\/2018\/12\/Encontro-2.png","articleSection":["ATA"],"inLanguage":"pt-BR"},{"@type":"WebPage","@id":"https:\/\/www.odonto.ufmg.br\/cenex\/semana-do-conhecimento\/traumatismos-denticao-decidua\/","url":"https:\/\/www.odonto.ufmg.br\/cenex\/semana-do-conhecimento\/traumatismos-denticao-decidua\/","name":"PROJETO DE EXTENS\u00c3O \u201cTRAUMATISMOS DENT\u00c1RIOS NA DENTI\u00c7\u00c3O DEC\u00cdDUA\u201d: RELEV\u00c2NCIA NO ENSINO E SOCIAL | CENEX Odonto","isPartOf":{"@id":"https:\/\/www.odonto.ufmg.br\/cenex\/#website"},"primaryImageOfPage":{"@id":"https:\/\/www.odonto.ufmg.br\/cenex\/semana-do-conhecimento\/traumatismos-denticao-decidua\/#primaryimage"},"image":{"@id":"https:\/\/www.odonto.ufmg.br\/cenex\/semana-do-conhecimento\/traumatismos-denticao-decidua\/#primaryimage"},"thumbnailUrl":"https:\/\/www.odonto.ufmg.br\/cenex\/wp-content\/uploads\/sites\/2\/2018\/12\/Encontro-2.png","datePublished":"2018-10-16T13:39:39+00:00","dateModified":"2018-12-04T12:51:21+00:00","breadcrumb":{"@id":"https:\/\/www.odonto.ufmg.br\/cenex\/semana-do-conhecimento\/traumatismos-denticao-decidua\/#breadcrumb"},"inLanguage":"pt-BR","potentialAction":[{"@type":"ReadAction","target":["https:\/\/www.odonto.ufmg.br\/cenex\/semana-do-conhecimento\/traumatismos-denticao-decidua\/"]}]},{"@type":"ImageObject","inLanguage":"pt-BR","@id":"https:\/\/www.odonto.ufmg.br\/cenex\/semana-do-conhecimento\/traumatismos-denticao-decidua\/#primaryimage","url":"https:\/\/www.odonto.ufmg.br\/cenex\/wp-content\/uploads\/sites\/2\/2018\/12\/Encontro-2.png","contentUrl":"https:\/\/www.odonto.ufmg.br\/cenex\/wp-content\/uploads\/sites\/2\/2018\/12\/Encontro-2.png","width":400,"height":294},{"@type":"BreadcrumbList","@id":"https:\/\/www.odonto.ufmg.br\/cenex\/semana-do-conhecimento\/traumatismos-denticao-decidua\/#breadcrumb","itemListElement":[{"@type":"ListItem","position":1,"name":"In\u00edcio","item":"https:\/\/www.odonto.ufmg.br\/cenex\/cenex\/"},{"@type":"ListItem","position":2,"name":"PROJETO DE EXTENS\u00c3O \u201cTRAUMATISMOS DENT\u00c1RIOS NA DENTI\u00c7\u00c3O DEC\u00cdDUA\u201d: RELEV\u00c2NCIA NO ENSINO E SOCIAL"}]},{"@type":"WebSite","@id":"https:\/\/www.odonto.ufmg.br\/cenex\/#website","url":"https:\/\/www.odonto.ufmg.br\/cenex\/","name":"CENEX Odonto","description":"Centro de Extens\u00e3o - Faculdade de Odontologia UFMG","publisher":{"@id":"https:\/\/www.odonto.ufmg.br\/cenex\/#organization"},"potentialAction":[{"@type":"SearchAction","target":{"@type":"EntryPoint","urlTemplate":"https:\/\/www.odonto.ufmg.br\/cenex\/?s={search_term_string}"},"query-input":{"@type":"PropertyValueSpecification","valueRequired":true,"valueName":"search_term_string"}}],"inLanguage":"pt-BR"},{"@type":"Organization","@id":"https:\/\/www.odonto.ufmg.br\/cenex\/#organization","name":"Faculdade de Odontologia da UFMG","url":"https:\/\/www.odonto.ufmg.br\/cenex\/","logo":{"@type":"ImageObject","inLanguage":"pt-BR","@id":"https:\/\/www.odonto.ufmg.br\/cenex\/#\/schema\/logo\/image\/","url":"http:\/\/www.odonto.ufmg.br\/cenex\/wp-content\/uploads\/sites\/2\/2015\/12\/logo_cenex.svg","contentUrl":"http:\/\/www.odonto.ufmg.br\/cenex\/wp-content\/uploads\/sites\/2\/2015\/12\/logo_cenex.svg","width":1,"height":1,"caption":"Faculdade de Odontologia da UFMG"},"image":{"@id":"https:\/\/www.odonto.ufmg.br\/cenex\/#\/schema\/logo\/image\/"},"sameAs":["https:\/\/www.facebook.com\/cenexfao\/?locale=pt_BR","https:\/\/www.instagram.com\/cenexfao\/"]},{"@type":"Person","@id":"https:\/\/www.odonto.ufmg.br\/cenex\/#\/schema\/person\/25c8dccfb2b8a933d4c9cacb1f1bf0db","name":"cristiano","url":"https:\/\/www.odonto.ufmg.br\/cenex\/author\/cristiano\/"}]}},"_links":{"self":[{"href":"https:\/\/www.odonto.ufmg.br\/cenex\/wp-json\/wp\/v2\/posts\/7439","targetHints":{"allow":["GET"]}}],"collection":[{"href":"https:\/\/www.odonto.ufmg.br\/cenex\/wp-json\/wp\/v2\/posts"}],"about":[{"href":"https:\/\/www.odonto.ufmg.br\/cenex\/wp-json\/wp\/v2\/types\/post"}],"author":[{"embeddable":true,"href":"https:\/\/www.odonto.ufmg.br\/cenex\/wp-json\/wp\/v2\/users\/5"}],"replies":[{"embeddable":true,"href":"https:\/\/www.odonto.ufmg.br\/cenex\/wp-json\/wp\/v2\/comments?post=7439"}],"version-history":[{"count":14,"href":"https:\/\/www.odonto.ufmg.br\/cenex\/wp-json\/wp\/v2\/posts\/7439\/revisions"}],"predecessor-version":[{"id":9348,"href":"https:\/\/www.odonto.ufmg.br\/cenex\/wp-json\/wp\/v2\/posts\/7439\/revisions\/9348"}],"wp:featuredmedia":[{"embeddable":true,"href":"https:\/\/www.odonto.ufmg.br\/cenex\/wp-json\/wp\/v2\/media\/7658"}],"wp:attachment":[{"href":"https:\/\/www.odonto.ufmg.br\/cenex\/wp-json\/wp\/v2\/media?parent=7439"}],"wp:term":[{"taxonomy":"category","embeddable":true,"href":"https:\/\/www.odonto.ufmg.br\/cenex\/wp-json\/wp\/v2\/categories?post=7439"},{"taxonomy":"post_tag","embeddable":true,"href":"https:\/\/www.odonto.ufmg.br\/cenex\/wp-json\/wp\/v2\/tags?post=7439"}],"curies":[{"name":"wp","href":"https:\/\/api.w.org\/{rel}","templated":true}]}}