{"id":6439,"date":"2019-03-18T10:00:41","date_gmt":"2019-03-18T13:00:41","guid":{"rendered":"http:\/\/www.odonto.ufmg.br\/cenex\/?p=6439"},"modified":"2019-03-27T11:36:43","modified_gmt":"2019-03-27T14:36:43","slug":"cenex-foufmg-lanca-chamada-de-fomento-a-programas-e-projetos-de-extensao-da-faculdade-de-odontologia-da-ufmg","status":"publish","type":"post","link":"https:\/\/www.odonto.ufmg.br\/cenex\/ata\/cenex-foufmg-lanca-chamada-de-fomento-a-programas-e-projetos-de-extensao-da-faculdade-de-odontologia-da-ufmg\/","title":{"rendered":"CENEX FOUFMG lan\u00e7a chamada de fomento a Programas e Projetos de Extens\u00e3o da Faculdade de Odontologia da UFMG &#8211; 2019"},"content":{"rendered":"<p>O Centro de Extens\u00e3o da Faculdade de Odontologia da UFMG torna p\u00fablica a <a href=\"http:\/\/www.odonto.ufmg.br\/cenex\/editais\/cenex-foufmg-lanca-chamada-de-fomento-a-programas-e-projetos-de-extensao-da-faculdade-de-odontologia-da-ufmg\/attachment\/chamada-cenex-040-2019-fmp\/\" rel=\"attachment wp-att-8641\">CHAMADA CENEX 040-2019 (FMP)<\/a>\u00a0de fomento a Programas e Projetos de Extens\u00e3o da Faculdade de Odontologia da UFMG para o ano de 2019.<\/p>\n<p>A chamada objetiva fomentar Programas e Projetos de Extens\u00e3o da Faculdade de Odontologia da UFMG que n\u00e3o captem recursos financeiros externos \u00e0 UFMG.<\/p>\n<p><strong>Submiss\u00e3o de propostas<\/strong><\/p>\n<p>A data limite para inscri\u00e7\u00e3o no sitio eletr\u00f4nico do CENEX \u00e9 at\u00e9 \u00e0s <strong>16h00min do dia 25 de abril de 2019<\/strong>. Poder\u00e3o apresentar propostas, docentes e servidores t\u00e9cnico-administrativos em educa\u00e7\u00e3o, em efetivo exerc\u00edcio, que sejam coordenadores de Programa ou Projeto de Extens\u00e3o da Faculdade de Odontologia da UFMG.<\/p>\n<p><a href=\"https:\/\/www.odonto.ufmg.br\/cenex\/noticias\/formulario-de-fomento-a-programas-e-projetos-de-extensao-da-faculdade-de-odontologia-da-2019\/\" target=\"_blank\" rel=\"noopener noreferrer\"><strong><em><u>FORMUL\u00c1RIO DE SUBMISS\u00c3O ON-LINE<\/u><\/em><\/strong><\/a><\/p>\n<p>As propostas ser\u00e3o avaliadas pelo Conselho Administrativo do CENEX, que divulgar\u00e1 o <strong>resultado parcial em \u00a010 de junho de 2019<\/strong>.<\/p>\n<p>Outras informa\u00e7\u00f5es na secretaria do CENEX FO pelo telefone: (31) 3409-2451 ou pelo Whatsapp: (31) 9286-2257.<\/p>\n<p><a href=\"http:\/\/www.odonto.ufmg.br\/cenex\/wp-content\/uploads\/sites\/2\/2019\/03\/ANEXO-I-Formul\u00e1rio-FMP-2019.doc\">Anexo I \u2013 Formul\u00e1rio de solicita\u00e7\u00e3o dos itens da proposta\u00a0 (WORD)<\/a><\/p>\n<p><a href=\"http:\/\/www.odonto.ufmg.br\/cenex\/wp-content\/uploads\/sites\/2\/2019\/03\/ANEXO-II-JUSTIFICATIVA-FUNDAMENTADA-2019.doc\">Anexo II &#8211; Justificativa fundamentada para aquisi\u00e7\u00e3o dos itens da proposta (WORD)<\/a><\/p>\n<p>&nbsp;<\/p>\n<p>&nbsp;<\/p>\n","protected":false},"excerpt":{"rendered":"<p>O Centro de Extens\u00e3o da Faculdade de Odontologia da UFMG torna p\u00fablica a CHAMADA CENEX 040-2019 (FMP)\u00a0de fomento a Programas e Projetos de Extens\u00e3o da Faculdade de Odontologia da UFMG para o ano de 2019. A chamada objetiva fomentar Programas e Projetos de Extens\u00e3o da Faculdade de Odontologia da UFMG que n\u00e3o captem recursos financeiros [&hellip;]<\/p>\n","protected":false},"author":6,"featured_media":8643,"comment_status":"closed","ping_status":"closed","sticky":false,"template":"","format":"standard","meta":{"inline_featured_image":false,"footnotes":""},"categories":[2],"tags":[],"class_list":["post-6439","post","type-post","status-publish","format-standard","has-post-thumbnail","hentry","category-ata"],"yoast_head":"<!-- This site is optimized with the Yoast SEO plugin v27.5 - https:\/\/yoast.com\/product\/yoast-seo-wordpress\/ -->\n<title>CENEX FOUFMG lan\u00e7a chamada de fomento a Programas e Projetos de Extens\u00e3o da Faculdade de Odontologia da UFMG - 2019 | CENEX Odonto<\/title>\n<meta name=\"robots\" content=\"index, follow, max-snippet:-1, max-image-preview:large, max-video-preview:-1\" \/>\n<link rel=\"canonical\" href=\"https:\/\/www.odonto.ufmg.br\/cenex\/editais\/cenex-foufmg-lanca-chamada-de-fomento-a-programas-e-projetos-de-extensao-da-faculdade-de-odontologia-da-ufmg\/\" \/>\n<meta property=\"og:locale\" content=\"pt_BR\" \/>\n<meta property=\"og:type\" content=\"article\" \/>\n<meta property=\"og:title\" content=\"CENEX FOUFMG lan\u00e7a chamada de fomento a Programas e Projetos de Extens\u00e3o da Faculdade de Odontologia da UFMG - 2019 | CENEX Odonto\" \/>\n<meta property=\"og:description\" content=\"O Centro de Extens\u00e3o da Faculdade de Odontologia da UFMG torna p\u00fablica a CHAMADA CENEX 040-2019 (FMP)\u00a0de fomento a Programas e Projetos de Extens\u00e3o da Faculdade de Odontologia da UFMG para o ano de 2019. A chamada objetiva fomentar Programas e Projetos de Extens\u00e3o da Faculdade de Odontologia da UFMG que n\u00e3o captem recursos financeiros [&hellip;]\" \/>\n<meta property=\"og:url\" content=\"https:\/\/www.odonto.ufmg.br\/cenex\/editais\/cenex-foufmg-lanca-chamada-de-fomento-a-programas-e-projetos-de-extensao-da-faculdade-de-odontologia-da-ufmg\/\" \/>\n<meta property=\"og:site_name\" content=\"CENEX Odonto\" \/>\n<meta property=\"article:publisher\" content=\"https:\/\/www.facebook.com\/cenexfao\/?locale=pt_BR\" \/>\n<meta property=\"article:published_time\" content=\"2019-03-18T13:00:41+00:00\" \/>\n<meta property=\"article:modified_time\" content=\"2019-03-27T14:36:43+00:00\" \/>\n<meta property=\"og:image\" content=\"https:\/\/www.odonto.ufmg.br\/cenex\/wp-content\/uploads\/sites\/2\/2019\/03\/Fomento-Logo.jpg\" \/>\n\t<meta property=\"og:image:width\" content=\"1898\" \/>\n\t<meta property=\"og:image:height\" content=\"718\" \/>\n\t<meta property=\"og:image:type\" content=\"image\/jpeg\" \/>\n<meta name=\"twitter:card\" content=\"summary_large_image\" \/>\n<meta name=\"twitter:label1\" content=\"Escrito por\" \/>\n\t<meta name=\"twitter:data1\" content=\"\" \/>\n\t<meta name=\"twitter:label2\" content=\"Est. tempo de leitura\" \/>\n\t<meta name=\"twitter:data2\" content=\"1 minuto\" \/>\n<script type=\"application\/ld+json\" class=\"yoast-schema-graph\">{\"@context\":\"https:\\\/\\\/schema.org\",\"@graph\":[{\"@type\":\"Article\",\"@id\":\"https:\\\/\\\/www.odonto.ufmg.br\\\/cenex\\\/editais\\\/cenex-foufmg-lanca-chamada-de-fomento-a-programas-e-projetos-de-extensao-da-faculdade-de-odontologia-da-ufmg\\\/#article\",\"isPartOf\":{\"@id\":\"https:\\\/\\\/www.odonto.ufmg.br\\\/cenex\\\/editais\\\/cenex-foufmg-lanca-chamada-de-fomento-a-programas-e-projetos-de-extensao-da-faculdade-de-odontologia-da-ufmg\\\/\"},\"author\":{\"name\":\"\",\"@id\":\"\"},\"headline\":\"CENEX FOUFMG lan\u00e7a chamada de fomento a Programas e Projetos de Extens\u00e3o da Faculdade de Odontologia da UFMG &#8211; 2019\",\"datePublished\":\"2019-03-18T13:00:41+00:00\",\"dateModified\":\"2019-03-27T14:36:43+00:00\",\"mainEntityOfPage\":{\"@id\":\"https:\\\/\\\/www.odonto.ufmg.br\\\/cenex\\\/editais\\\/cenex-foufmg-lanca-chamada-de-fomento-a-programas-e-projetos-de-extensao-da-faculdade-de-odontologia-da-ufmg\\\/\"},\"wordCount\":207,\"publisher\":{\"@id\":\"https:\\\/\\\/www.odonto.ufmg.br\\\/cenex\\\/#organization\"},\"image\":{\"@id\":\"https:\\\/\\\/www.odonto.ufmg.br\\\/cenex\\\/editais\\\/cenex-foufmg-lanca-chamada-de-fomento-a-programas-e-projetos-de-extensao-da-faculdade-de-odontologia-da-ufmg\\\/#primaryimage\"},\"thumbnailUrl\":\"https:\\\/\\\/www.odonto.ufmg.br\\\/cenex\\\/wp-content\\\/uploads\\\/sites\\\/2\\\/2019\\\/03\\\/Fomento-Logo.jpg\",\"articleSection\":[\"ATA\"],\"inLanguage\":\"pt-BR\"},{\"@type\":\"WebPage\",\"@id\":\"https:\\\/\\\/www.odonto.ufmg.br\\\/cenex\\\/editais\\\/cenex-foufmg-lanca-chamada-de-fomento-a-programas-e-projetos-de-extensao-da-faculdade-de-odontologia-da-ufmg\\\/\",\"url\":\"https:\\\/\\\/www.odonto.ufmg.br\\\/cenex\\\/editais\\\/cenex-foufmg-lanca-chamada-de-fomento-a-programas-e-projetos-de-extensao-da-faculdade-de-odontologia-da-ufmg\\\/\",\"name\":\"CENEX FOUFMG lan\u00e7a chamada de fomento a Programas e Projetos de Extens\u00e3o da Faculdade de Odontologia da UFMG - 2019 | CENEX Odonto\",\"isPartOf\":{\"@id\":\"https:\\\/\\\/www.odonto.ufmg.br\\\/cenex\\\/#website\"},\"primaryImageOfPage\":{\"@id\":\"https:\\\/\\\/www.odonto.ufmg.br\\\/cenex\\\/editais\\\/cenex-foufmg-lanca-chamada-de-fomento-a-programas-e-projetos-de-extensao-da-faculdade-de-odontologia-da-ufmg\\\/#primaryimage\"},\"image\":{\"@id\":\"https:\\\/\\\/www.odonto.ufmg.br\\\/cenex\\\/editais\\\/cenex-foufmg-lanca-chamada-de-fomento-a-programas-e-projetos-de-extensao-da-faculdade-de-odontologia-da-ufmg\\\/#primaryimage\"},\"thumbnailUrl\":\"https:\\\/\\\/www.odonto.ufmg.br\\\/cenex\\\/wp-content\\\/uploads\\\/sites\\\/2\\\/2019\\\/03\\\/Fomento-Logo.jpg\",\"datePublished\":\"2019-03-18T13:00:41+00:00\",\"dateModified\":\"2019-03-27T14:36:43+00:00\",\"breadcrumb\":{\"@id\":\"https:\\\/\\\/www.odonto.ufmg.br\\\/cenex\\\/editais\\\/cenex-foufmg-lanca-chamada-de-fomento-a-programas-e-projetos-de-extensao-da-faculdade-de-odontologia-da-ufmg\\\/#breadcrumb\"},\"inLanguage\":\"pt-BR\",\"potentialAction\":[{\"@type\":\"ReadAction\",\"target\":[\"https:\\\/\\\/www.odonto.ufmg.br\\\/cenex\\\/editais\\\/cenex-foufmg-lanca-chamada-de-fomento-a-programas-e-projetos-de-extensao-da-faculdade-de-odontologia-da-ufmg\\\/\"]}]},{\"@type\":\"ImageObject\",\"inLanguage\":\"pt-BR\",\"@id\":\"https:\\\/\\\/www.odonto.ufmg.br\\\/cenex\\\/editais\\\/cenex-foufmg-lanca-chamada-de-fomento-a-programas-e-projetos-de-extensao-da-faculdade-de-odontologia-da-ufmg\\\/#primaryimage\",\"url\":\"https:\\\/\\\/www.odonto.ufmg.br\\\/cenex\\\/wp-content\\\/uploads\\\/sites\\\/2\\\/2019\\\/03\\\/Fomento-Logo.jpg\",\"contentUrl\":\"https:\\\/\\\/www.odonto.ufmg.br\\\/cenex\\\/wp-content\\\/uploads\\\/sites\\\/2\\\/2019\\\/03\\\/Fomento-Logo.jpg\",\"width\":1898,\"height\":718},{\"@type\":\"BreadcrumbList\",\"@id\":\"https:\\\/\\\/www.odonto.ufmg.br\\\/cenex\\\/editais\\\/cenex-foufmg-lanca-chamada-de-fomento-a-programas-e-projetos-de-extensao-da-faculdade-de-odontologia-da-ufmg\\\/#breadcrumb\",\"itemListElement\":[{\"@type\":\"ListItem\",\"position\":1,\"name\":\"In\u00edcio\",\"item\":\"https:\\\/\\\/www.odonto.ufmg.br\\\/cenex\\\/cenex\\\/\"},{\"@type\":\"ListItem\",\"position\":2,\"name\":\"CENEX FOUFMG lan\u00e7a chamada de fomento a Programas e Projetos de Extens\u00e3o da Faculdade de Odontologia da UFMG &#8211; 2019\"}]},{\"@type\":\"WebSite\",\"@id\":\"https:\\\/\\\/www.odonto.ufmg.br\\\/cenex\\\/#website\",\"url\":\"https:\\\/\\\/www.odonto.ufmg.br\\\/cenex\\\/\",\"name\":\"CENEX Odonto\",\"description\":\"Centro de Extens\u00e3o - Faculdade de Odontologia UFMG\",\"publisher\":{\"@id\":\"https:\\\/\\\/www.odonto.ufmg.br\\\/cenex\\\/#organization\"},\"potentialAction\":[{\"@type\":\"SearchAction\",\"target\":{\"@type\":\"EntryPoint\",\"urlTemplate\":\"https:\\\/\\\/www.odonto.ufmg.br\\\/cenex\\\/?s={search_term_string}\"},\"query-input\":{\"@type\":\"PropertyValueSpecification\",\"valueRequired\":true,\"valueName\":\"search_term_string\"}}],\"inLanguage\":\"pt-BR\"},{\"@type\":\"Organization\",\"@id\":\"https:\\\/\\\/www.odonto.ufmg.br\\\/cenex\\\/#organization\",\"name\":\"Faculdade de Odontologia da UFMG\",\"url\":\"https:\\\/\\\/www.odonto.ufmg.br\\\/cenex\\\/\",\"logo\":{\"@type\":\"ImageObject\",\"inLanguage\":\"pt-BR\",\"@id\":\"https:\\\/\\\/www.odonto.ufmg.br\\\/cenex\\\/#\\\/schema\\\/logo\\\/image\\\/\",\"url\":\"http:\\\/\\\/www.odonto.ufmg.br\\\/cenex\\\/wp-content\\\/uploads\\\/sites\\\/2\\\/2015\\\/12\\\/logo_cenex.svg\",\"contentUrl\":\"http:\\\/\\\/www.odonto.ufmg.br\\\/cenex\\\/wp-content\\\/uploads\\\/sites\\\/2\\\/2015\\\/12\\\/logo_cenex.svg\",\"width\":1,\"height\":1,\"caption\":\"Faculdade de Odontologia da UFMG\"},\"image\":{\"@id\":\"https:\\\/\\\/www.odonto.ufmg.br\\\/cenex\\\/#\\\/schema\\\/logo\\\/image\\\/\"},\"sameAs\":[\"https:\\\/\\\/www.facebook.com\\\/cenexfao\\\/?locale=pt_BR\",\"https:\\\/\\\/www.instagram.com\\\/cenexfao\\\/\"]},{\"@type\":\"Person\",\"@id\":\"\",\"url\":\"https:\\\/\\\/www.odonto.ufmg.br\\\/cenex\\\/author\\\/\"}]}<\/script>\n<!-- \/ Yoast SEO plugin. -->","yoast_head_json":{"title":"CENEX FOUFMG lan\u00e7a chamada de fomento a Programas e Projetos de Extens\u00e3o da Faculdade de Odontologia da UFMG - 2019 | CENEX Odonto","robots":{"index":"index","follow":"follow","max-snippet":"max-snippet:-1","max-image-preview":"max-image-preview:large","max-video-preview":"max-video-preview:-1"},"canonical":"https:\/\/www.odonto.ufmg.br\/cenex\/editais\/cenex-foufmg-lanca-chamada-de-fomento-a-programas-e-projetos-de-extensao-da-faculdade-de-odontologia-da-ufmg\/","og_locale":"pt_BR","og_type":"article","og_title":"CENEX FOUFMG lan\u00e7a chamada de fomento a Programas e Projetos de Extens\u00e3o da Faculdade de Odontologia da UFMG - 2019 | CENEX Odonto","og_description":"O Centro de Extens\u00e3o da Faculdade de Odontologia da UFMG torna p\u00fablica a CHAMADA CENEX 040-2019 (FMP)\u00a0de fomento a Programas e Projetos de Extens\u00e3o da Faculdade de Odontologia da UFMG para o ano de 2019. A chamada objetiva fomentar Programas e Projetos de Extens\u00e3o da Faculdade de Odontologia da UFMG que n\u00e3o captem recursos financeiros [&hellip;]","og_url":"https:\/\/www.odonto.ufmg.br\/cenex\/editais\/cenex-foufmg-lanca-chamada-de-fomento-a-programas-e-projetos-de-extensao-da-faculdade-de-odontologia-da-ufmg\/","og_site_name":"CENEX Odonto","article_publisher":"https:\/\/www.facebook.com\/cenexfao\/?locale=pt_BR","article_published_time":"2019-03-18T13:00:41+00:00","article_modified_time":"2019-03-27T14:36:43+00:00","og_image":[{"width":1898,"height":718,"url":"https:\/\/www.odonto.ufmg.br\/cenex\/wp-content\/uploads\/sites\/2\/2019\/03\/Fomento-Logo.jpg","type":"image\/jpeg"}],"twitter_card":"summary_large_image","twitter_misc":{"Escrito por":"","Est. tempo de leitura":"1 minuto"},"schema":{"@context":"https:\/\/schema.org","@graph":[{"@type":"Article","@id":"https:\/\/www.odonto.ufmg.br\/cenex\/editais\/cenex-foufmg-lanca-chamada-de-fomento-a-programas-e-projetos-de-extensao-da-faculdade-de-odontologia-da-ufmg\/#article","isPartOf":{"@id":"https:\/\/www.odonto.ufmg.br\/cenex\/editais\/cenex-foufmg-lanca-chamada-de-fomento-a-programas-e-projetos-de-extensao-da-faculdade-de-odontologia-da-ufmg\/"},"author":{"name":"","@id":""},"headline":"CENEX FOUFMG lan\u00e7a chamada de fomento a Programas e Projetos de Extens\u00e3o da Faculdade de Odontologia da UFMG &#8211; 2019","datePublished":"2019-03-18T13:00:41+00:00","dateModified":"2019-03-27T14:36:43+00:00","mainEntityOfPage":{"@id":"https:\/\/www.odonto.ufmg.br\/cenex\/editais\/cenex-foufmg-lanca-chamada-de-fomento-a-programas-e-projetos-de-extensao-da-faculdade-de-odontologia-da-ufmg\/"},"wordCount":207,"publisher":{"@id":"https:\/\/www.odonto.ufmg.br\/cenex\/#organization"},"image":{"@id":"https:\/\/www.odonto.ufmg.br\/cenex\/editais\/cenex-foufmg-lanca-chamada-de-fomento-a-programas-e-projetos-de-extensao-da-faculdade-de-odontologia-da-ufmg\/#primaryimage"},"thumbnailUrl":"https:\/\/www.odonto.ufmg.br\/cenex\/wp-content\/uploads\/sites\/2\/2019\/03\/Fomento-Logo.jpg","articleSection":["ATA"],"inLanguage":"pt-BR"},{"@type":"WebPage","@id":"https:\/\/www.odonto.ufmg.br\/cenex\/editais\/cenex-foufmg-lanca-chamada-de-fomento-a-programas-e-projetos-de-extensao-da-faculdade-de-odontologia-da-ufmg\/","url":"https:\/\/www.odonto.ufmg.br\/cenex\/editais\/cenex-foufmg-lanca-chamada-de-fomento-a-programas-e-projetos-de-extensao-da-faculdade-de-odontologia-da-ufmg\/","name":"CENEX FOUFMG lan\u00e7a chamada de fomento a Programas e Projetos de Extens\u00e3o da Faculdade de Odontologia da UFMG - 2019 | CENEX Odonto","isPartOf":{"@id":"https:\/\/www.odonto.ufmg.br\/cenex\/#website"},"primaryImageOfPage":{"@id":"https:\/\/www.odonto.ufmg.br\/cenex\/editais\/cenex-foufmg-lanca-chamada-de-fomento-a-programas-e-projetos-de-extensao-da-faculdade-de-odontologia-da-ufmg\/#primaryimage"},"image":{"@id":"https:\/\/www.odonto.ufmg.br\/cenex\/editais\/cenex-foufmg-lanca-chamada-de-fomento-a-programas-e-projetos-de-extensao-da-faculdade-de-odontologia-da-ufmg\/#primaryimage"},"thumbnailUrl":"https:\/\/www.odonto.ufmg.br\/cenex\/wp-content\/uploads\/sites\/2\/2019\/03\/Fomento-Logo.jpg","datePublished":"2019-03-18T13:00:41+00:00","dateModified":"2019-03-27T14:36:43+00:00","breadcrumb":{"@id":"https:\/\/www.odonto.ufmg.br\/cenex\/editais\/cenex-foufmg-lanca-chamada-de-fomento-a-programas-e-projetos-de-extensao-da-faculdade-de-odontologia-da-ufmg\/#breadcrumb"},"inLanguage":"pt-BR","potentialAction":[{"@type":"ReadAction","target":["https:\/\/www.odonto.ufmg.br\/cenex\/editais\/cenex-foufmg-lanca-chamada-de-fomento-a-programas-e-projetos-de-extensao-da-faculdade-de-odontologia-da-ufmg\/"]}]},{"@type":"ImageObject","inLanguage":"pt-BR","@id":"https:\/\/www.odonto.ufmg.br\/cenex\/editais\/cenex-foufmg-lanca-chamada-de-fomento-a-programas-e-projetos-de-extensao-da-faculdade-de-odontologia-da-ufmg\/#primaryimage","url":"https:\/\/www.odonto.ufmg.br\/cenex\/wp-content\/uploads\/sites\/2\/2019\/03\/Fomento-Logo.jpg","contentUrl":"https:\/\/www.odonto.ufmg.br\/cenex\/wp-content\/uploads\/sites\/2\/2019\/03\/Fomento-Logo.jpg","width":1898,"height":718},{"@type":"BreadcrumbList","@id":"https:\/\/www.odonto.ufmg.br\/cenex\/editais\/cenex-foufmg-lanca-chamada-de-fomento-a-programas-e-projetos-de-extensao-da-faculdade-de-odontologia-da-ufmg\/#breadcrumb","itemListElement":[{"@type":"ListItem","position":1,"name":"In\u00edcio","item":"https:\/\/www.odonto.ufmg.br\/cenex\/cenex\/"},{"@type":"ListItem","position":2,"name":"CENEX FOUFMG lan\u00e7a chamada de fomento a Programas e Projetos de Extens\u00e3o da Faculdade de Odontologia da UFMG &#8211; 2019"}]},{"@type":"WebSite","@id":"https:\/\/www.odonto.ufmg.br\/cenex\/#website","url":"https:\/\/www.odonto.ufmg.br\/cenex\/","name":"CENEX Odonto","description":"Centro de Extens\u00e3o - Faculdade de Odontologia UFMG","publisher":{"@id":"https:\/\/www.odonto.ufmg.br\/cenex\/#organization"},"potentialAction":[{"@type":"SearchAction","target":{"@type":"EntryPoint","urlTemplate":"https:\/\/www.odonto.ufmg.br\/cenex\/?s={search_term_string}"},"query-input":{"@type":"PropertyValueSpecification","valueRequired":true,"valueName":"search_term_string"}}],"inLanguage":"pt-BR"},{"@type":"Organization","@id":"https:\/\/www.odonto.ufmg.br\/cenex\/#organization","name":"Faculdade de Odontologia da UFMG","url":"https:\/\/www.odonto.ufmg.br\/cenex\/","logo":{"@type":"ImageObject","inLanguage":"pt-BR","@id":"https:\/\/www.odonto.ufmg.br\/cenex\/#\/schema\/logo\/image\/","url":"http:\/\/www.odonto.ufmg.br\/cenex\/wp-content\/uploads\/sites\/2\/2015\/12\/logo_cenex.svg","contentUrl":"http:\/\/www.odonto.ufmg.br\/cenex\/wp-content\/uploads\/sites\/2\/2015\/12\/logo_cenex.svg","width":1,"height":1,"caption":"Faculdade de Odontologia da UFMG"},"image":{"@id":"https:\/\/www.odonto.ufmg.br\/cenex\/#\/schema\/logo\/image\/"},"sameAs":["https:\/\/www.facebook.com\/cenexfao\/?locale=pt_BR","https:\/\/www.instagram.com\/cenexfao\/"]},{"@type":"Person","@id":"","url":"https:\/\/www.odonto.ufmg.br\/cenex\/author\/"}]}},"_links":{"self":[{"href":"https:\/\/www.odonto.ufmg.br\/cenex\/wp-json\/wp\/v2\/posts\/6439","targetHints":{"allow":["GET"]}}],"collection":[{"href":"https:\/\/www.odonto.ufmg.br\/cenex\/wp-json\/wp\/v2\/posts"}],"about":[{"href":"https:\/\/www.odonto.ufmg.br\/cenex\/wp-json\/wp\/v2\/types\/post"}],"author":[{"embeddable":true,"href":"https:\/\/www.odonto.ufmg.br\/cenex\/wp-json\/wp\/v2\/users\/6"}],"replies":[{"embeddable":true,"href":"https:\/\/www.odonto.ufmg.br\/cenex\/wp-json\/wp\/v2\/comments?post=6439"}],"version-history":[{"count":22,"href":"https:\/\/www.odonto.ufmg.br\/cenex\/wp-json\/wp\/v2\/posts\/6439\/revisions"}],"predecessor-version":[{"id":9133,"href":"https:\/\/www.odonto.ufmg.br\/cenex\/wp-json\/wp\/v2\/posts\/6439\/revisions\/9133"}],"wp:featuredmedia":[{"embeddable":true,"href":"https:\/\/www.odonto.ufmg.br\/cenex\/wp-json\/wp\/v2\/media\/8643"}],"wp:attachment":[{"href":"https:\/\/www.odonto.ufmg.br\/cenex\/wp-json\/wp\/v2\/media?parent=6439"}],"wp:term":[{"taxonomy":"category","embeddable":true,"href":"https:\/\/www.odonto.ufmg.br\/cenex\/wp-json\/wp\/v2\/categories?post=6439"},{"taxonomy":"post_tag","embeddable":true,"href":"https:\/\/www.odonto.ufmg.br\/cenex\/wp-json\/wp\/v2\/tags?post=6439"}],"curies":[{"name":"wp","href":"https:\/\/api.w.org\/{rel}","templated":true}]}}