{"id":6186,"date":"2018-03-07T11:15:24","date_gmt":"2018-03-07T14:15:24","guid":{"rendered":"http:\/\/www.odonto.ufmg.br\/cenex\/?p=6186"},"modified":"2018-03-07T13:29:55","modified_gmt":"2018-03-07T16:29:55","slug":"concurso-para-criacao-de-uma-logomarca-logotipo-para-o-servico-de-radiologia-odontologica-e-imaginologia-da-fao-ufmg","status":"publish","type":"post","link":"https:\/\/www.odonto.ufmg.br\/cenex\/ata\/concurso-para-criacao-de-uma-logomarca-logotipo-para-o-servico-de-radiologia-odontologica-e-imaginologia-da-fao-ufmg\/","title":{"rendered":"RESULTADO Concurso para a cria\u00e7\u00e3o de uma logomarca\/logotipo para o Servi\u00e7o de Radiologia Odontol\u00f3gica e Imaginologia da FAO\/UFMG"},"content":{"rendered":"<div dir=\"ltr\">\n<div class=\"gmail_signature\">\n<div dir=\"ltr\">\n<div dir=\"ltr\">\n<div dir=\"ltr\">\n<div dir=\"ltr\">\n<div dir=\"ltr\">\n<div dir=\"ltr\">\n<div dir=\"ltr\">\n<div dir=\"ltr\"><span style=\"font-family: tahoma, sans-serif\">Comunicamos que a proposta apresentada pelo acad\u00eamico <b><u>Renato V\u00edtor Vieira<\/u><\/b>, matr\u00edcula <b><u>2012045108<\/u><\/b>, foi a vencedora do <b><u>&#8220;Concurso da Logomarca\/Logotipo do Servi\u00e7o de Radiologia da Faculdade de Odontologia da UFMG&#8221;<\/u><\/b>.<\/span><\/div>\n<div dir=\"ltr\"><span style=\"font-family: tahoma, sans-serif\">\u00a0<\/span><\/div>\n<div dir=\"ltr\"><span style=\"font-family: tahoma, sans-serif\">A entrega do certificado de premia\u00e7\u00e3o ser\u00e1 realizada no dia <b><u>20\/03\/2018.<\/u><\/b><\/span><\/div>\n<div dir=\"ltr\"><span style=\"font-family: tahoma, sans-serif\">\u00a0<\/span><\/div>\n<div dir=\"ltr\"><span style=\"font-family: tahoma, sans-serif\">Conforme edital, as propostas receber\u00e3o certificado de participa\u00e7\u00e3o.<\/span><\/div>\n<\/div>\n<\/div>\n<\/div>\n<\/div>\n<\/div>\n<\/div>\n<\/div>\n<\/div>\n<\/div>\n","protected":false},"excerpt":{"rendered":"<p>Comunicamos que a proposta apresentada pelo acad\u00eamico Renato V\u00edtor Vieira, matr\u00edcula 2012045108, foi a vencedora do &#8220;Concurso da Logomarca\/Logotipo do Servi\u00e7o de Radiologia da Faculdade de Odontologia da UFMG&#8221;. \u00a0 A entrega do certificado de premia\u00e7\u00e3o ser\u00e1 realizada no dia 20\/03\/2018. \u00a0 Conforme edital, as propostas receber\u00e3o certificado de participa\u00e7\u00e3o.<\/p>\n","protected":false},"author":6,"featured_media":6194,"comment_status":"closed","ping_status":"closed","sticky":false,"template":"","format":"standard","meta":{"inline_featured_image":false,"footnotes":""},"categories":[2],"tags":[],"class_list":["post-6186","post","type-post","status-publish","format-standard","has-post-thumbnail","hentry","category-ata"],"yoast_head":"<!-- This site is optimized with the Yoast SEO plugin v27.5 - https:\/\/yoast.com\/product\/yoast-seo-wordpress\/ -->\n<title>RESULTADO Concurso para a cria\u00e7\u00e3o de uma logomarca\/logotipo para o Servi\u00e7o de Radiologia Odontol\u00f3gica e Imaginologia da FAO\/UFMG | CENEX Odonto<\/title>\n<meta name=\"robots\" content=\"index, follow, max-snippet:-1, max-image-preview:large, max-video-preview:-1\" \/>\n<link rel=\"canonical\" href=\"https:\/\/www.odonto.ufmg.br\/cenex\/editais\/concurso-para-criacao-de-uma-logomarca-logotipo-para-o-servico-de-radiologia-odontologica-e-imaginologia-da-fao-ufmg\/\" \/>\n<meta property=\"og:locale\" content=\"pt_BR\" \/>\n<meta property=\"og:type\" content=\"article\" \/>\n<meta property=\"og:title\" content=\"RESULTADO Concurso para a cria\u00e7\u00e3o de uma logomarca\/logotipo para o Servi\u00e7o de Radiologia Odontol\u00f3gica e Imaginologia da FAO\/UFMG | CENEX Odonto\" \/>\n<meta property=\"og:description\" content=\"Comunicamos que a proposta apresentada pelo acad\u00eamico Renato V\u00edtor Vieira, matr\u00edcula 2012045108, foi a vencedora do &#8220;Concurso da Logomarca\/Logotipo do Servi\u00e7o de Radiologia da Faculdade de Odontologia da UFMG&#8221;. \u00a0 A entrega do certificado de premia\u00e7\u00e3o ser\u00e1 realizada no dia 20\/03\/2018. \u00a0 Conforme edital, as propostas receber\u00e3o certificado de participa\u00e7\u00e3o.\" \/>\n<meta property=\"og:url\" content=\"https:\/\/www.odonto.ufmg.br\/cenex\/editais\/concurso-para-criacao-de-uma-logomarca-logotipo-para-o-servico-de-radiologia-odontologica-e-imaginologia-da-fao-ufmg\/\" \/>\n<meta property=\"og:site_name\" content=\"CENEX Odonto\" \/>\n<meta property=\"article:publisher\" content=\"https:\/\/www.facebook.com\/cenexfao\/?locale=pt_BR\" \/>\n<meta property=\"article:published_time\" content=\"2018-03-07T14:15:24+00:00\" \/>\n<meta property=\"article:modified_time\" content=\"2018-03-07T16:29:55+00:00\" \/>\n<meta property=\"og:image\" content=\"https:\/\/www.odonto.ufmg.br\/cenex\/wp-content\/uploads\/sites\/2\/2018\/03\/radiologia-1.jpg\" \/>\n\t<meta property=\"og:image:width\" content=\"616\" \/>\n\t<meta property=\"og:image:height\" content=\"317\" \/>\n\t<meta property=\"og:image:type\" content=\"image\/jpeg\" \/>\n<meta name=\"twitter:card\" content=\"summary_large_image\" \/>\n<meta name=\"twitter:label1\" content=\"Escrito por\" \/>\n\t<meta name=\"twitter:data1\" content=\"\" \/>\n<script type=\"application\/ld+json\" class=\"yoast-schema-graph\">{\"@context\":\"https:\\\/\\\/schema.org\",\"@graph\":[{\"@type\":\"Article\",\"@id\":\"https:\\\/\\\/www.odonto.ufmg.br\\\/cenex\\\/editais\\\/concurso-para-criacao-de-uma-logomarca-logotipo-para-o-servico-de-radiologia-odontologica-e-imaginologia-da-fao-ufmg\\\/#article\",\"isPartOf\":{\"@id\":\"https:\\\/\\\/www.odonto.ufmg.br\\\/cenex\\\/editais\\\/concurso-para-criacao-de-uma-logomarca-logotipo-para-o-servico-de-radiologia-odontologica-e-imaginologia-da-fao-ufmg\\\/\"},\"author\":{\"name\":\"\",\"@id\":\"\"},\"headline\":\"RESULTADO Concurso para a cria\u00e7\u00e3o de uma logomarca\\\/logotipo para o Servi\u00e7o de Radiologia Odontol\u00f3gica e Imaginologia da FAO\\\/UFMG\",\"datePublished\":\"2018-03-07T14:15:24+00:00\",\"dateModified\":\"2018-03-07T16:29:55+00:00\",\"mainEntityOfPage\":{\"@id\":\"https:\\\/\\\/www.odonto.ufmg.br\\\/cenex\\\/editais\\\/concurso-para-criacao-de-uma-logomarca-logotipo-para-o-servico-de-radiologia-odontologica-e-imaginologia-da-fao-ufmg\\\/\"},\"wordCount\":77,\"publisher\":{\"@id\":\"https:\\\/\\\/www.odonto.ufmg.br\\\/cenex\\\/#organization\"},\"image\":{\"@id\":\"https:\\\/\\\/www.odonto.ufmg.br\\\/cenex\\\/editais\\\/concurso-para-criacao-de-uma-logomarca-logotipo-para-o-servico-de-radiologia-odontologica-e-imaginologia-da-fao-ufmg\\\/#primaryimage\"},\"thumbnailUrl\":\"https:\\\/\\\/www.odonto.ufmg.br\\\/cenex\\\/wp-content\\\/uploads\\\/sites\\\/2\\\/2018\\\/03\\\/radiologia-1.jpg\",\"articleSection\":[\"ATA\"],\"inLanguage\":\"pt-BR\"},{\"@type\":\"WebPage\",\"@id\":\"https:\\\/\\\/www.odonto.ufmg.br\\\/cenex\\\/editais\\\/concurso-para-criacao-de-uma-logomarca-logotipo-para-o-servico-de-radiologia-odontologica-e-imaginologia-da-fao-ufmg\\\/\",\"url\":\"https:\\\/\\\/www.odonto.ufmg.br\\\/cenex\\\/editais\\\/concurso-para-criacao-de-uma-logomarca-logotipo-para-o-servico-de-radiologia-odontologica-e-imaginologia-da-fao-ufmg\\\/\",\"name\":\"RESULTADO Concurso para a cria\u00e7\u00e3o de uma logomarca\\\/logotipo para o Servi\u00e7o de Radiologia Odontol\u00f3gica e Imaginologia da FAO\\\/UFMG | CENEX Odonto\",\"isPartOf\":{\"@id\":\"https:\\\/\\\/www.odonto.ufmg.br\\\/cenex\\\/#website\"},\"primaryImageOfPage\":{\"@id\":\"https:\\\/\\\/www.odonto.ufmg.br\\\/cenex\\\/editais\\\/concurso-para-criacao-de-uma-logomarca-logotipo-para-o-servico-de-radiologia-odontologica-e-imaginologia-da-fao-ufmg\\\/#primaryimage\"},\"image\":{\"@id\":\"https:\\\/\\\/www.odonto.ufmg.br\\\/cenex\\\/editais\\\/concurso-para-criacao-de-uma-logomarca-logotipo-para-o-servico-de-radiologia-odontologica-e-imaginologia-da-fao-ufmg\\\/#primaryimage\"},\"thumbnailUrl\":\"https:\\\/\\\/www.odonto.ufmg.br\\\/cenex\\\/wp-content\\\/uploads\\\/sites\\\/2\\\/2018\\\/03\\\/radiologia-1.jpg\",\"datePublished\":\"2018-03-07T14:15:24+00:00\",\"dateModified\":\"2018-03-07T16:29:55+00:00\",\"breadcrumb\":{\"@id\":\"https:\\\/\\\/www.odonto.ufmg.br\\\/cenex\\\/editais\\\/concurso-para-criacao-de-uma-logomarca-logotipo-para-o-servico-de-radiologia-odontologica-e-imaginologia-da-fao-ufmg\\\/#breadcrumb\"},\"inLanguage\":\"pt-BR\",\"potentialAction\":[{\"@type\":\"ReadAction\",\"target\":[\"https:\\\/\\\/www.odonto.ufmg.br\\\/cenex\\\/editais\\\/concurso-para-criacao-de-uma-logomarca-logotipo-para-o-servico-de-radiologia-odontologica-e-imaginologia-da-fao-ufmg\\\/\"]}]},{\"@type\":\"ImageObject\",\"inLanguage\":\"pt-BR\",\"@id\":\"https:\\\/\\\/www.odonto.ufmg.br\\\/cenex\\\/editais\\\/concurso-para-criacao-de-uma-logomarca-logotipo-para-o-servico-de-radiologia-odontologica-e-imaginologia-da-fao-ufmg\\\/#primaryimage\",\"url\":\"https:\\\/\\\/www.odonto.ufmg.br\\\/cenex\\\/wp-content\\\/uploads\\\/sites\\\/2\\\/2018\\\/03\\\/radiologia-1.jpg\",\"contentUrl\":\"https:\\\/\\\/www.odonto.ufmg.br\\\/cenex\\\/wp-content\\\/uploads\\\/sites\\\/2\\\/2018\\\/03\\\/radiologia-1.jpg\",\"width\":616,\"height\":317},{\"@type\":\"BreadcrumbList\",\"@id\":\"https:\\\/\\\/www.odonto.ufmg.br\\\/cenex\\\/editais\\\/concurso-para-criacao-de-uma-logomarca-logotipo-para-o-servico-de-radiologia-odontologica-e-imaginologia-da-fao-ufmg\\\/#breadcrumb\",\"itemListElement\":[{\"@type\":\"ListItem\",\"position\":1,\"name\":\"In\u00edcio\",\"item\":\"https:\\\/\\\/www.odonto.ufmg.br\\\/cenex\\\/cenex\\\/\"},{\"@type\":\"ListItem\",\"position\":2,\"name\":\"RESULTADO Concurso para a cria\u00e7\u00e3o de uma logomarca\\\/logotipo para o Servi\u00e7o de Radiologia Odontol\u00f3gica e Imaginologia da FAO\\\/UFMG\"}]},{\"@type\":\"WebSite\",\"@id\":\"https:\\\/\\\/www.odonto.ufmg.br\\\/cenex\\\/#website\",\"url\":\"https:\\\/\\\/www.odonto.ufmg.br\\\/cenex\\\/\",\"name\":\"CENEX Odonto\",\"description\":\"Centro de Extens\u00e3o - Faculdade de Odontologia UFMG\",\"publisher\":{\"@id\":\"https:\\\/\\\/www.odonto.ufmg.br\\\/cenex\\\/#organization\"},\"potentialAction\":[{\"@type\":\"SearchAction\",\"target\":{\"@type\":\"EntryPoint\",\"urlTemplate\":\"https:\\\/\\\/www.odonto.ufmg.br\\\/cenex\\\/?s={search_term_string}\"},\"query-input\":{\"@type\":\"PropertyValueSpecification\",\"valueRequired\":true,\"valueName\":\"search_term_string\"}}],\"inLanguage\":\"pt-BR\"},{\"@type\":\"Organization\",\"@id\":\"https:\\\/\\\/www.odonto.ufmg.br\\\/cenex\\\/#organization\",\"name\":\"Faculdade de Odontologia da UFMG\",\"url\":\"https:\\\/\\\/www.odonto.ufmg.br\\\/cenex\\\/\",\"logo\":{\"@type\":\"ImageObject\",\"inLanguage\":\"pt-BR\",\"@id\":\"https:\\\/\\\/www.odonto.ufmg.br\\\/cenex\\\/#\\\/schema\\\/logo\\\/image\\\/\",\"url\":\"http:\\\/\\\/www.odonto.ufmg.br\\\/cenex\\\/wp-content\\\/uploads\\\/sites\\\/2\\\/2015\\\/12\\\/logo_cenex.svg\",\"contentUrl\":\"http:\\\/\\\/www.odonto.ufmg.br\\\/cenex\\\/wp-content\\\/uploads\\\/sites\\\/2\\\/2015\\\/12\\\/logo_cenex.svg\",\"width\":1,\"height\":1,\"caption\":\"Faculdade de Odontologia da UFMG\"},\"image\":{\"@id\":\"https:\\\/\\\/www.odonto.ufmg.br\\\/cenex\\\/#\\\/schema\\\/logo\\\/image\\\/\"},\"sameAs\":[\"https:\\\/\\\/www.facebook.com\\\/cenexfao\\\/?locale=pt_BR\",\"https:\\\/\\\/www.instagram.com\\\/cenexfao\\\/\"]},{\"@type\":\"Person\",\"@id\":\"\",\"url\":\"https:\\\/\\\/www.odonto.ufmg.br\\\/cenex\\\/author\\\/\"}]}<\/script>\n<!-- \/ Yoast SEO plugin. -->","yoast_head_json":{"title":"RESULTADO Concurso para a cria\u00e7\u00e3o de uma logomarca\/logotipo para o Servi\u00e7o de Radiologia Odontol\u00f3gica e Imaginologia da FAO\/UFMG | CENEX Odonto","robots":{"index":"index","follow":"follow","max-snippet":"max-snippet:-1","max-image-preview":"max-image-preview:large","max-video-preview":"max-video-preview:-1"},"canonical":"https:\/\/www.odonto.ufmg.br\/cenex\/editais\/concurso-para-criacao-de-uma-logomarca-logotipo-para-o-servico-de-radiologia-odontologica-e-imaginologia-da-fao-ufmg\/","og_locale":"pt_BR","og_type":"article","og_title":"RESULTADO Concurso para a cria\u00e7\u00e3o de uma logomarca\/logotipo para o Servi\u00e7o de Radiologia Odontol\u00f3gica e Imaginologia da FAO\/UFMG | CENEX Odonto","og_description":"Comunicamos que a proposta apresentada pelo acad\u00eamico Renato V\u00edtor Vieira, matr\u00edcula 2012045108, foi a vencedora do &#8220;Concurso da Logomarca\/Logotipo do Servi\u00e7o de Radiologia da Faculdade de Odontologia da UFMG&#8221;. \u00a0 A entrega do certificado de premia\u00e7\u00e3o ser\u00e1 realizada no dia 20\/03\/2018. \u00a0 Conforme edital, as propostas receber\u00e3o certificado de participa\u00e7\u00e3o.","og_url":"https:\/\/www.odonto.ufmg.br\/cenex\/editais\/concurso-para-criacao-de-uma-logomarca-logotipo-para-o-servico-de-radiologia-odontologica-e-imaginologia-da-fao-ufmg\/","og_site_name":"CENEX Odonto","article_publisher":"https:\/\/www.facebook.com\/cenexfao\/?locale=pt_BR","article_published_time":"2018-03-07T14:15:24+00:00","article_modified_time":"2018-03-07T16:29:55+00:00","og_image":[{"width":616,"height":317,"url":"https:\/\/www.odonto.ufmg.br\/cenex\/wp-content\/uploads\/sites\/2\/2018\/03\/radiologia-1.jpg","type":"image\/jpeg"}],"twitter_card":"summary_large_image","twitter_misc":{"Escrito por":""},"schema":{"@context":"https:\/\/schema.org","@graph":[{"@type":"Article","@id":"https:\/\/www.odonto.ufmg.br\/cenex\/editais\/concurso-para-criacao-de-uma-logomarca-logotipo-para-o-servico-de-radiologia-odontologica-e-imaginologia-da-fao-ufmg\/#article","isPartOf":{"@id":"https:\/\/www.odonto.ufmg.br\/cenex\/editais\/concurso-para-criacao-de-uma-logomarca-logotipo-para-o-servico-de-radiologia-odontologica-e-imaginologia-da-fao-ufmg\/"},"author":{"name":"","@id":""},"headline":"RESULTADO Concurso para a cria\u00e7\u00e3o de uma logomarca\/logotipo para o Servi\u00e7o de Radiologia Odontol\u00f3gica e Imaginologia da FAO\/UFMG","datePublished":"2018-03-07T14:15:24+00:00","dateModified":"2018-03-07T16:29:55+00:00","mainEntityOfPage":{"@id":"https:\/\/www.odonto.ufmg.br\/cenex\/editais\/concurso-para-criacao-de-uma-logomarca-logotipo-para-o-servico-de-radiologia-odontologica-e-imaginologia-da-fao-ufmg\/"},"wordCount":77,"publisher":{"@id":"https:\/\/www.odonto.ufmg.br\/cenex\/#organization"},"image":{"@id":"https:\/\/www.odonto.ufmg.br\/cenex\/editais\/concurso-para-criacao-de-uma-logomarca-logotipo-para-o-servico-de-radiologia-odontologica-e-imaginologia-da-fao-ufmg\/#primaryimage"},"thumbnailUrl":"https:\/\/www.odonto.ufmg.br\/cenex\/wp-content\/uploads\/sites\/2\/2018\/03\/radiologia-1.jpg","articleSection":["ATA"],"inLanguage":"pt-BR"},{"@type":"WebPage","@id":"https:\/\/www.odonto.ufmg.br\/cenex\/editais\/concurso-para-criacao-de-uma-logomarca-logotipo-para-o-servico-de-radiologia-odontologica-e-imaginologia-da-fao-ufmg\/","url":"https:\/\/www.odonto.ufmg.br\/cenex\/editais\/concurso-para-criacao-de-uma-logomarca-logotipo-para-o-servico-de-radiologia-odontologica-e-imaginologia-da-fao-ufmg\/","name":"RESULTADO Concurso para a cria\u00e7\u00e3o de uma logomarca\/logotipo para o Servi\u00e7o de Radiologia Odontol\u00f3gica e Imaginologia da FAO\/UFMG | CENEX Odonto","isPartOf":{"@id":"https:\/\/www.odonto.ufmg.br\/cenex\/#website"},"primaryImageOfPage":{"@id":"https:\/\/www.odonto.ufmg.br\/cenex\/editais\/concurso-para-criacao-de-uma-logomarca-logotipo-para-o-servico-de-radiologia-odontologica-e-imaginologia-da-fao-ufmg\/#primaryimage"},"image":{"@id":"https:\/\/www.odonto.ufmg.br\/cenex\/editais\/concurso-para-criacao-de-uma-logomarca-logotipo-para-o-servico-de-radiologia-odontologica-e-imaginologia-da-fao-ufmg\/#primaryimage"},"thumbnailUrl":"https:\/\/www.odonto.ufmg.br\/cenex\/wp-content\/uploads\/sites\/2\/2018\/03\/radiologia-1.jpg","datePublished":"2018-03-07T14:15:24+00:00","dateModified":"2018-03-07T16:29:55+00:00","breadcrumb":{"@id":"https:\/\/www.odonto.ufmg.br\/cenex\/editais\/concurso-para-criacao-de-uma-logomarca-logotipo-para-o-servico-de-radiologia-odontologica-e-imaginologia-da-fao-ufmg\/#breadcrumb"},"inLanguage":"pt-BR","potentialAction":[{"@type":"ReadAction","target":["https:\/\/www.odonto.ufmg.br\/cenex\/editais\/concurso-para-criacao-de-uma-logomarca-logotipo-para-o-servico-de-radiologia-odontologica-e-imaginologia-da-fao-ufmg\/"]}]},{"@type":"ImageObject","inLanguage":"pt-BR","@id":"https:\/\/www.odonto.ufmg.br\/cenex\/editais\/concurso-para-criacao-de-uma-logomarca-logotipo-para-o-servico-de-radiologia-odontologica-e-imaginologia-da-fao-ufmg\/#primaryimage","url":"https:\/\/www.odonto.ufmg.br\/cenex\/wp-content\/uploads\/sites\/2\/2018\/03\/radiologia-1.jpg","contentUrl":"https:\/\/www.odonto.ufmg.br\/cenex\/wp-content\/uploads\/sites\/2\/2018\/03\/radiologia-1.jpg","width":616,"height":317},{"@type":"BreadcrumbList","@id":"https:\/\/www.odonto.ufmg.br\/cenex\/editais\/concurso-para-criacao-de-uma-logomarca-logotipo-para-o-servico-de-radiologia-odontologica-e-imaginologia-da-fao-ufmg\/#breadcrumb","itemListElement":[{"@type":"ListItem","position":1,"name":"In\u00edcio","item":"https:\/\/www.odonto.ufmg.br\/cenex\/cenex\/"},{"@type":"ListItem","position":2,"name":"RESULTADO Concurso para a cria\u00e7\u00e3o de uma logomarca\/logotipo para o Servi\u00e7o de Radiologia Odontol\u00f3gica e Imaginologia da FAO\/UFMG"}]},{"@type":"WebSite","@id":"https:\/\/www.odonto.ufmg.br\/cenex\/#website","url":"https:\/\/www.odonto.ufmg.br\/cenex\/","name":"CENEX Odonto","description":"Centro de Extens\u00e3o - Faculdade de Odontologia UFMG","publisher":{"@id":"https:\/\/www.odonto.ufmg.br\/cenex\/#organization"},"potentialAction":[{"@type":"SearchAction","target":{"@type":"EntryPoint","urlTemplate":"https:\/\/www.odonto.ufmg.br\/cenex\/?s={search_term_string}"},"query-input":{"@type":"PropertyValueSpecification","valueRequired":true,"valueName":"search_term_string"}}],"inLanguage":"pt-BR"},{"@type":"Organization","@id":"https:\/\/www.odonto.ufmg.br\/cenex\/#organization","name":"Faculdade de Odontologia da UFMG","url":"https:\/\/www.odonto.ufmg.br\/cenex\/","logo":{"@type":"ImageObject","inLanguage":"pt-BR","@id":"https:\/\/www.odonto.ufmg.br\/cenex\/#\/schema\/logo\/image\/","url":"http:\/\/www.odonto.ufmg.br\/cenex\/wp-content\/uploads\/sites\/2\/2015\/12\/logo_cenex.svg","contentUrl":"http:\/\/www.odonto.ufmg.br\/cenex\/wp-content\/uploads\/sites\/2\/2015\/12\/logo_cenex.svg","width":1,"height":1,"caption":"Faculdade de Odontologia da UFMG"},"image":{"@id":"https:\/\/www.odonto.ufmg.br\/cenex\/#\/schema\/logo\/image\/"},"sameAs":["https:\/\/www.facebook.com\/cenexfao\/?locale=pt_BR","https:\/\/www.instagram.com\/cenexfao\/"]},{"@type":"Person","@id":"","url":"https:\/\/www.odonto.ufmg.br\/cenex\/author\/"}]}},"_links":{"self":[{"href":"https:\/\/www.odonto.ufmg.br\/cenex\/wp-json\/wp\/v2\/posts\/6186","targetHints":{"allow":["GET"]}}],"collection":[{"href":"https:\/\/www.odonto.ufmg.br\/cenex\/wp-json\/wp\/v2\/posts"}],"about":[{"href":"https:\/\/www.odonto.ufmg.br\/cenex\/wp-json\/wp\/v2\/types\/post"}],"author":[{"embeddable":true,"href":"https:\/\/www.odonto.ufmg.br\/cenex\/wp-json\/wp\/v2\/users\/6"}],"replies":[{"embeddable":true,"href":"https:\/\/www.odonto.ufmg.br\/cenex\/wp-json\/wp\/v2\/comments?post=6186"}],"version-history":[{"count":5,"href":"https:\/\/www.odonto.ufmg.br\/cenex\/wp-json\/wp\/v2\/posts\/6186\/revisions"}],"predecessor-version":[{"id":6251,"href":"https:\/\/www.odonto.ufmg.br\/cenex\/wp-json\/wp\/v2\/posts\/6186\/revisions\/6251"}],"wp:featuredmedia":[{"embeddable":true,"href":"https:\/\/www.odonto.ufmg.br\/cenex\/wp-json\/wp\/v2\/media\/6194"}],"wp:attachment":[{"href":"https:\/\/www.odonto.ufmg.br\/cenex\/wp-json\/wp\/v2\/media?parent=6186"}],"wp:term":[{"taxonomy":"category","embeddable":true,"href":"https:\/\/www.odonto.ufmg.br\/cenex\/wp-json\/wp\/v2\/categories?post=6186"},{"taxonomy":"post_tag","embeddable":true,"href":"https:\/\/www.odonto.ufmg.br\/cenex\/wp-json\/wp\/v2\/tags?post=6186"}],"curies":[{"name":"wp","href":"https:\/\/api.w.org\/{rel}","templated":true}]}}