{"id":5681,"date":"2017-09-17T10:00:21","date_gmt":"2017-09-17T13:00:21","guid":{"rendered":"http:\/\/www.odonto.ufmg.br\/cenex\/?p=5681"},"modified":"2018-04-17T14:13:05","modified_gmt":"2018-04-17T17:13:05","slug":"mostra-inova-minas-fapemig-contara-um-projeto-de-extensao-da-faculdade-de-odontologia-da-ufmg","status":"publish","type":"post","link":"https:\/\/www.odonto.ufmg.br\/cenex\/ata\/mostra-inova-minas-fapemig-contara-um-projeto-de-extensao-da-faculdade-de-odontologia-da-ufmg\/","title":{"rendered":"Projeto de Extens\u00e3o da Faculdade de Odontologia da UFMG participou da Mostra Inova Minas Fapemig"},"content":{"rendered":"<p>O Projeto de Extens\u00e3o Reabilita\u00e7\u00e3o com pr\u00f3tese dent\u00e1ria na aten\u00e7\u00e3o interdisciplinar \u00e0 sa\u00fade de idosos com sequela de hansen\u00edase: um trabalho integrado com a terapia ocupacional, coordenado pela Professora Raquel Concei\u00e7\u00e3o Ferreira, foi um dos seis projetos selecionados para participar da Mostra Inova Minas Fapemig, que aconteceu nos dias 15, 16 e 17 de setembro de 2017, no Circuito Cultural da Pra\u00e7a da Liberdade, em Belo Horizonte.<\/p>\n<p>Segundo o presidente da FAPEMIG, Evaldo Vilela, o objetivo da mostra \u00e9 mostrar que Minas Gerais faz ci\u00eancia de alta qualidade, que traz impacto para a economia e resulta em oportunidades de renda.<\/p>\n<p>Confira a entrevista com represente do projeto neste link, <a href=\"https:\/\/www.youtube.com\/watch?feature=youtu.be&amp;v=W7SlgC1dftI&amp;app=desktop\">clique aqui<\/a>.<\/p>\n<p><a href=\"http:\/\/www.odonto.ufmg.br\/cenex\/ata\/mostra-inova-minas-fapemig-contara-um-projeto-de-extensao-da-faculdade-de-odontologia-da-ufmg\/attachment\/21743294_10209773518310891_3197981021477780327_n\/\" rel=\"attachment wp-att-5694\"><img decoding=\"async\" class=\"alignnone size-medium wp-image-5694\" src=\"http:\/\/www.odonto.ufmg.br\/cenex\/wp-content\/uploads\/sites\/2\/2017\/09\/21743294_10209773518310891_3197981021477780327_n-225x300.jpg\" alt=\"\" width=\"225\" height=\"300\" srcset=\"https:\/\/www.odonto.ufmg.br\/cenex\/wp-content\/uploads\/sites\/2\/2017\/09\/21743294_10209773518310891_3197981021477780327_n-225x300.jpg 225w, https:\/\/www.odonto.ufmg.br\/cenex\/wp-content\/uploads\/sites\/2\/2017\/09\/21743294_10209773518310891_3197981021477780327_n-60x80.jpg 60w, https:\/\/www.odonto.ufmg.br\/cenex\/wp-content\/uploads\/sites\/2\/2017\/09\/21743294_10209773518310891_3197981021477780327_n-529x705.jpg 529w, https:\/\/www.odonto.ufmg.br\/cenex\/wp-content\/uploads\/sites\/2\/2017\/09\/21743294_10209773518310891_3197981021477780327_n-450x600.jpg 450w, https:\/\/www.odonto.ufmg.br\/cenex\/wp-content\/uploads\/sites\/2\/2017\/09\/21743294_10209773518310891_3197981021477780327_n.jpg 720w\" sizes=\"(max-width: 225px) 100vw, 225px\" \/><\/a> <a href=\"http:\/\/www.odonto.ufmg.br\/cenex\/ata\/mostra-inova-minas-fapemig-contara-um-projeto-de-extensao-da-faculdade-de-odontologia-da-ufmg\/attachment\/21761356_10209773518270890_7802861315007991565_n\/\" rel=\"attachment wp-att-5695\"><img decoding=\"async\" class=\"alignnone size-medium wp-image-5695\" src=\"http:\/\/www.odonto.ufmg.br\/cenex\/wp-content\/uploads\/sites\/2\/2017\/09\/21761356_10209773518270890_7802861315007991565_n-225x300.jpg\" alt=\"\" width=\"225\" height=\"300\" srcset=\"https:\/\/www.odonto.ufmg.br\/cenex\/wp-content\/uploads\/sites\/2\/2017\/09\/21761356_10209773518270890_7802861315007991565_n-225x300.jpg 225w, https:\/\/www.odonto.ufmg.br\/cenex\/wp-content\/uploads\/sites\/2\/2017\/09\/21761356_10209773518270890_7802861315007991565_n-60x80.jpg 60w, https:\/\/www.odonto.ufmg.br\/cenex\/wp-content\/uploads\/sites\/2\/2017\/09\/21761356_10209773518270890_7802861315007991565_n-529x705.jpg 529w, https:\/\/www.odonto.ufmg.br\/cenex\/wp-content\/uploads\/sites\/2\/2017\/09\/21761356_10209773518270890_7802861315007991565_n-450x600.jpg 450w, https:\/\/www.odonto.ufmg.br\/cenex\/wp-content\/uploads\/sites\/2\/2017\/09\/21761356_10209773518270890_7802861315007991565_n.jpg 720w\" sizes=\"(max-width: 225px) 100vw, 225px\" \/><\/a> <a href=\"http:\/\/www.odonto.ufmg.br\/cenex\/ata\/mostra-inova-minas-fapemig-contara-um-projeto-de-extensao-da-faculdade-de-odontologia-da-ufmg\/attachment\/21752234_10209773518230889_9176421819366454607_n\/\" rel=\"attachment wp-att-5696\"><img decoding=\"async\" class=\"alignnone size-medium wp-image-5696\" src=\"http:\/\/www.odonto.ufmg.br\/cenex\/wp-content\/uploads\/sites\/2\/2017\/09\/21752234_10209773518230889_9176421819366454607_n-300x225.jpg\" alt=\"\" width=\"300\" height=\"225\" srcset=\"https:\/\/www.odonto.ufmg.br\/cenex\/wp-content\/uploads\/sites\/2\/2017\/09\/21752234_10209773518230889_9176421819366454607_n-300x225.jpg 300w, https:\/\/www.odonto.ufmg.br\/cenex\/wp-content\/uploads\/sites\/2\/2017\/09\/21752234_10209773518230889_9176421819366454607_n-80x60.jpg 80w, https:\/\/www.odonto.ufmg.br\/cenex\/wp-content\/uploads\/sites\/2\/2017\/09\/21752234_10209773518230889_9176421819366454607_n-768x576.jpg 768w, https:\/\/www.odonto.ufmg.br\/cenex\/wp-content\/uploads\/sites\/2\/2017\/09\/21752234_10209773518230889_9176421819366454607_n-705x529.jpg 705w, https:\/\/www.odonto.ufmg.br\/cenex\/wp-content\/uploads\/sites\/2\/2017\/09\/21752234_10209773518230889_9176421819366454607_n-450x338.jpg 450w, https:\/\/www.odonto.ufmg.br\/cenex\/wp-content\/uploads\/sites\/2\/2017\/09\/21752234_10209773518230889_9176421819366454607_n.jpg 960w\" sizes=\"(max-width: 300px) 100vw, 300px\" \/><\/a> <a href=\"http:\/\/www.odonto.ufmg.br\/cenex\/ata\/mostra-inova-minas-fapemig-contara-um-projeto-de-extensao-da-faculdade-de-odontologia-da-ufmg\/attachment\/21761514_10209773518150887_5275392231347231795_n\/\" rel=\"attachment wp-att-5697\"><img decoding=\"async\" class=\"alignnone size-medium wp-image-5697\" src=\"http:\/\/www.odonto.ufmg.br\/cenex\/wp-content\/uploads\/sites\/2\/2017\/09\/21761514_10209773518150887_5275392231347231795_n-300x225.jpg\" alt=\"\" width=\"300\" height=\"225\" srcset=\"https:\/\/www.odonto.ufmg.br\/cenex\/wp-content\/uploads\/sites\/2\/2017\/09\/21761514_10209773518150887_5275392231347231795_n-300x225.jpg 300w, https:\/\/www.odonto.ufmg.br\/cenex\/wp-content\/uploads\/sites\/2\/2017\/09\/21761514_10209773518150887_5275392231347231795_n-80x60.jpg 80w, https:\/\/www.odonto.ufmg.br\/cenex\/wp-content\/uploads\/sites\/2\/2017\/09\/21761514_10209773518150887_5275392231347231795_n-768x576.jpg 768w, https:\/\/www.odonto.ufmg.br\/cenex\/wp-content\/uploads\/sites\/2\/2017\/09\/21761514_10209773518150887_5275392231347231795_n-705x529.jpg 705w, https:\/\/www.odonto.ufmg.br\/cenex\/wp-content\/uploads\/sites\/2\/2017\/09\/21761514_10209773518150887_5275392231347231795_n-450x338.jpg 450w, https:\/\/www.odonto.ufmg.br\/cenex\/wp-content\/uploads\/sites\/2\/2017\/09\/21761514_10209773518150887_5275392231347231795_n.jpg 960w\" sizes=\"(max-width: 300px) 100vw, 300px\" \/><\/a><a href=\"http:\/\/www.odonto.ufmg.br\/cenex\/ata\/mostra-inova-minas-fapemig-contara-um-projeto-de-extensao-da-faculdade-de-odontologia-da-ufmg\/attachment\/21462688_10209774001762977_4750950502007529796_n\/\" rel=\"attachment wp-att-5698\"><img decoding=\"async\" class=\"alignnone size-medium wp-image-5698\" src=\"http:\/\/www.odonto.ufmg.br\/cenex\/wp-content\/uploads\/sites\/2\/2017\/09\/21462688_10209774001762977_4750950502007529796_n-300x225.jpg\" alt=\"\" width=\"300\" height=\"225\" srcset=\"https:\/\/www.odonto.ufmg.br\/cenex\/wp-content\/uploads\/sites\/2\/2017\/09\/21462688_10209774001762977_4750950502007529796_n-300x225.jpg 300w, https:\/\/www.odonto.ufmg.br\/cenex\/wp-content\/uploads\/sites\/2\/2017\/09\/21462688_10209774001762977_4750950502007529796_n-80x60.jpg 80w, https:\/\/www.odonto.ufmg.br\/cenex\/wp-content\/uploads\/sites\/2\/2017\/09\/21462688_10209774001762977_4750950502007529796_n-768x576.jpg 768w, https:\/\/www.odonto.ufmg.br\/cenex\/wp-content\/uploads\/sites\/2\/2017\/09\/21462688_10209774001762977_4750950502007529796_n-705x529.jpg 705w, https:\/\/www.odonto.ufmg.br\/cenex\/wp-content\/uploads\/sites\/2\/2017\/09\/21462688_10209774001762977_4750950502007529796_n-450x338.jpg 450w, https:\/\/www.odonto.ufmg.br\/cenex\/wp-content\/uploads\/sites\/2\/2017\/09\/21462688_10209774001762977_4750950502007529796_n.jpg 960w\" sizes=\"(max-width: 300px) 100vw, 300px\" \/><\/a><\/p>\n<p>Parab\u00e9ns a toda equipe do Projeto por esta conquista!<\/p>\n","protected":false},"excerpt":{"rendered":"<p>O Projeto de Extens\u00e3o Reabilita\u00e7\u00e3o com pr\u00f3tese dent\u00e1ria na aten\u00e7\u00e3o interdisciplinar \u00e0 sa\u00fade de idosos com sequela de hansen\u00edase: um trabalho integrado com a terapia ocupacional, coordenado pela Professora Raquel Concei\u00e7\u00e3o Ferreira, foi um dos seis projetos selecionados para participar da Mostra Inova Minas Fapemig, que aconteceu nos dias 15, 16 e 17 de setembro [&hellip;]<\/p>\n","protected":false},"author":6,"featured_media":5693,"comment_status":"closed","ping_status":"closed","sticky":false,"template":"","format":"standard","meta":{"inline_featured_image":false,"footnotes":""},"categories":[2],"tags":[],"class_list":["post-5681","post","type-post","status-publish","format-standard","has-post-thumbnail","hentry","category-ata"],"yoast_head":"<!-- This site is optimized with the Yoast SEO plugin v27.5 - https:\/\/yoast.com\/product\/yoast-seo-wordpress\/ -->\n<title>Projeto de Extens\u00e3o da Faculdade de Odontologia da UFMG participou da Mostra Inova Minas Fapemig | CENEX Odonto<\/title>\n<meta name=\"robots\" content=\"index, follow, max-snippet:-1, max-image-preview:large, max-video-preview:-1\" \/>\n<link rel=\"canonical\" href=\"https:\/\/www.odonto.ufmg.br\/cenex\/noticias\/mostra-inova-minas-fapemig-contara-um-projeto-de-extensao-da-faculdade-de-odontologia-da-ufmg\/\" \/>\n<meta property=\"og:locale\" content=\"pt_BR\" \/>\n<meta property=\"og:type\" content=\"article\" \/>\n<meta property=\"og:title\" content=\"Projeto de Extens\u00e3o da Faculdade de Odontologia da UFMG participou da Mostra Inova Minas Fapemig | CENEX Odonto\" \/>\n<meta property=\"og:description\" content=\"O Projeto de Extens\u00e3o Reabilita\u00e7\u00e3o com pr\u00f3tese dent\u00e1ria na aten\u00e7\u00e3o interdisciplinar \u00e0 sa\u00fade de idosos com sequela de hansen\u00edase: um trabalho integrado com a terapia ocupacional, coordenado pela Professora Raquel Concei\u00e7\u00e3o Ferreira, foi um dos seis projetos selecionados para participar da Mostra Inova Minas Fapemig, que aconteceu nos dias 15, 16 e 17 de setembro [&hellip;]\" \/>\n<meta property=\"og:url\" content=\"https:\/\/www.odonto.ufmg.br\/cenex\/noticias\/mostra-inova-minas-fapemig-contara-um-projeto-de-extensao-da-faculdade-de-odontologia-da-ufmg\/\" \/>\n<meta property=\"og:site_name\" content=\"CENEX Odonto\" \/>\n<meta property=\"article:publisher\" content=\"https:\/\/www.facebook.com\/cenexfao\/?locale=pt_BR\" \/>\n<meta property=\"article:published_time\" content=\"2017-09-17T13:00:21+00:00\" \/>\n<meta property=\"article:modified_time\" content=\"2018-04-17T17:13:05+00:00\" \/>\n<meta property=\"og:image\" content=\"https:\/\/www.odonto.ufmg.br\/cenex\/wp-content\/uploads\/sites\/2\/2017\/09\/21462503_10209773518750902_3736654396055087749_n.jpg\" \/>\n\t<meta property=\"og:image:width\" content=\"720\" \/>\n\t<meta property=\"og:image:height\" content=\"960\" \/>\n\t<meta property=\"og:image:type\" content=\"image\/jpeg\" \/>\n<meta name=\"twitter:card\" content=\"summary_large_image\" \/>\n<meta name=\"twitter:label1\" content=\"Escrito por\" \/>\n\t<meta name=\"twitter:data1\" content=\"\" \/>\n\t<meta name=\"twitter:label2\" content=\"Est. tempo de leitura\" \/>\n\t<meta name=\"twitter:data2\" content=\"1 minuto\" \/>\n<script type=\"application\/ld+json\" class=\"yoast-schema-graph\">{\"@context\":\"https:\\\/\\\/schema.org\",\"@graph\":[{\"@type\":\"Article\",\"@id\":\"https:\\\/\\\/www.odonto.ufmg.br\\\/cenex\\\/noticias\\\/mostra-inova-minas-fapemig-contara-um-projeto-de-extensao-da-faculdade-de-odontologia-da-ufmg\\\/#article\",\"isPartOf\":{\"@id\":\"https:\\\/\\\/www.odonto.ufmg.br\\\/cenex\\\/noticias\\\/mostra-inova-minas-fapemig-contara-um-projeto-de-extensao-da-faculdade-de-odontologia-da-ufmg\\\/\"},\"author\":{\"name\":\"\",\"@id\":\"\"},\"headline\":\"Projeto de Extens\u00e3o da Faculdade de Odontologia da UFMG participou da Mostra Inova Minas Fapemig\",\"datePublished\":\"2017-09-17T13:00:21+00:00\",\"dateModified\":\"2018-04-17T17:13:05+00:00\",\"mainEntityOfPage\":{\"@id\":\"https:\\\/\\\/www.odonto.ufmg.br\\\/cenex\\\/noticias\\\/mostra-inova-minas-fapemig-contara-um-projeto-de-extensao-da-faculdade-de-odontologia-da-ufmg\\\/\"},\"wordCount\":141,\"publisher\":{\"@id\":\"https:\\\/\\\/www.odonto.ufmg.br\\\/cenex\\\/#organization\"},\"image\":{\"@id\":\"https:\\\/\\\/www.odonto.ufmg.br\\\/cenex\\\/noticias\\\/mostra-inova-minas-fapemig-contara-um-projeto-de-extensao-da-faculdade-de-odontologia-da-ufmg\\\/#primaryimage\"},\"thumbnailUrl\":\"https:\\\/\\\/www.odonto.ufmg.br\\\/cenex\\\/wp-content\\\/uploads\\\/sites\\\/2\\\/2017\\\/09\\\/21462503_10209773518750902_3736654396055087749_n.jpg\",\"articleSection\":[\"ATA\"],\"inLanguage\":\"pt-BR\"},{\"@type\":\"WebPage\",\"@id\":\"https:\\\/\\\/www.odonto.ufmg.br\\\/cenex\\\/noticias\\\/mostra-inova-minas-fapemig-contara-um-projeto-de-extensao-da-faculdade-de-odontologia-da-ufmg\\\/\",\"url\":\"https:\\\/\\\/www.odonto.ufmg.br\\\/cenex\\\/noticias\\\/mostra-inova-minas-fapemig-contara-um-projeto-de-extensao-da-faculdade-de-odontologia-da-ufmg\\\/\",\"name\":\"Projeto de Extens\u00e3o da Faculdade de Odontologia da UFMG participou da Mostra Inova Minas Fapemig | CENEX Odonto\",\"isPartOf\":{\"@id\":\"https:\\\/\\\/www.odonto.ufmg.br\\\/cenex\\\/#website\"},\"primaryImageOfPage\":{\"@id\":\"https:\\\/\\\/www.odonto.ufmg.br\\\/cenex\\\/noticias\\\/mostra-inova-minas-fapemig-contara-um-projeto-de-extensao-da-faculdade-de-odontologia-da-ufmg\\\/#primaryimage\"},\"image\":{\"@id\":\"https:\\\/\\\/www.odonto.ufmg.br\\\/cenex\\\/noticias\\\/mostra-inova-minas-fapemig-contara-um-projeto-de-extensao-da-faculdade-de-odontologia-da-ufmg\\\/#primaryimage\"},\"thumbnailUrl\":\"https:\\\/\\\/www.odonto.ufmg.br\\\/cenex\\\/wp-content\\\/uploads\\\/sites\\\/2\\\/2017\\\/09\\\/21462503_10209773518750902_3736654396055087749_n.jpg\",\"datePublished\":\"2017-09-17T13:00:21+00:00\",\"dateModified\":\"2018-04-17T17:13:05+00:00\",\"breadcrumb\":{\"@id\":\"https:\\\/\\\/www.odonto.ufmg.br\\\/cenex\\\/noticias\\\/mostra-inova-minas-fapemig-contara-um-projeto-de-extensao-da-faculdade-de-odontologia-da-ufmg\\\/#breadcrumb\"},\"inLanguage\":\"pt-BR\",\"potentialAction\":[{\"@type\":\"ReadAction\",\"target\":[\"https:\\\/\\\/www.odonto.ufmg.br\\\/cenex\\\/noticias\\\/mostra-inova-minas-fapemig-contara-um-projeto-de-extensao-da-faculdade-de-odontologia-da-ufmg\\\/\"]}]},{\"@type\":\"ImageObject\",\"inLanguage\":\"pt-BR\",\"@id\":\"https:\\\/\\\/www.odonto.ufmg.br\\\/cenex\\\/noticias\\\/mostra-inova-minas-fapemig-contara-um-projeto-de-extensao-da-faculdade-de-odontologia-da-ufmg\\\/#primaryimage\",\"url\":\"https:\\\/\\\/www.odonto.ufmg.br\\\/cenex\\\/wp-content\\\/uploads\\\/sites\\\/2\\\/2017\\\/09\\\/21462503_10209773518750902_3736654396055087749_n.jpg\",\"contentUrl\":\"https:\\\/\\\/www.odonto.ufmg.br\\\/cenex\\\/wp-content\\\/uploads\\\/sites\\\/2\\\/2017\\\/09\\\/21462503_10209773518750902_3736654396055087749_n.jpg\",\"width\":720,\"height\":960},{\"@type\":\"BreadcrumbList\",\"@id\":\"https:\\\/\\\/www.odonto.ufmg.br\\\/cenex\\\/noticias\\\/mostra-inova-minas-fapemig-contara-um-projeto-de-extensao-da-faculdade-de-odontologia-da-ufmg\\\/#breadcrumb\",\"itemListElement\":[{\"@type\":\"ListItem\",\"position\":1,\"name\":\"In\u00edcio\",\"item\":\"https:\\\/\\\/www.odonto.ufmg.br\\\/cenex\\\/cenex\\\/\"},{\"@type\":\"ListItem\",\"position\":2,\"name\":\"Projeto de Extens\u00e3o da Faculdade de Odontologia da UFMG participou da Mostra Inova Minas Fapemig\"}]},{\"@type\":\"WebSite\",\"@id\":\"https:\\\/\\\/www.odonto.ufmg.br\\\/cenex\\\/#website\",\"url\":\"https:\\\/\\\/www.odonto.ufmg.br\\\/cenex\\\/\",\"name\":\"CENEX Odonto\",\"description\":\"Centro de Extens\u00e3o - Faculdade de Odontologia UFMG\",\"publisher\":{\"@id\":\"https:\\\/\\\/www.odonto.ufmg.br\\\/cenex\\\/#organization\"},\"potentialAction\":[{\"@type\":\"SearchAction\",\"target\":{\"@type\":\"EntryPoint\",\"urlTemplate\":\"https:\\\/\\\/www.odonto.ufmg.br\\\/cenex\\\/?s={search_term_string}\"},\"query-input\":{\"@type\":\"PropertyValueSpecification\",\"valueRequired\":true,\"valueName\":\"search_term_string\"}}],\"inLanguage\":\"pt-BR\"},{\"@type\":\"Organization\",\"@id\":\"https:\\\/\\\/www.odonto.ufmg.br\\\/cenex\\\/#organization\",\"name\":\"Faculdade de Odontologia da UFMG\",\"url\":\"https:\\\/\\\/www.odonto.ufmg.br\\\/cenex\\\/\",\"logo\":{\"@type\":\"ImageObject\",\"inLanguage\":\"pt-BR\",\"@id\":\"https:\\\/\\\/www.odonto.ufmg.br\\\/cenex\\\/#\\\/schema\\\/logo\\\/image\\\/\",\"url\":\"http:\\\/\\\/www.odonto.ufmg.br\\\/cenex\\\/wp-content\\\/uploads\\\/sites\\\/2\\\/2015\\\/12\\\/logo_cenex.svg\",\"contentUrl\":\"http:\\\/\\\/www.odonto.ufmg.br\\\/cenex\\\/wp-content\\\/uploads\\\/sites\\\/2\\\/2015\\\/12\\\/logo_cenex.svg\",\"width\":1,\"height\":1,\"caption\":\"Faculdade de Odontologia da UFMG\"},\"image\":{\"@id\":\"https:\\\/\\\/www.odonto.ufmg.br\\\/cenex\\\/#\\\/schema\\\/logo\\\/image\\\/\"},\"sameAs\":[\"https:\\\/\\\/www.facebook.com\\\/cenexfao\\\/?locale=pt_BR\",\"https:\\\/\\\/www.instagram.com\\\/cenexfao\\\/\"]},{\"@type\":\"Person\",\"@id\":\"\",\"url\":\"https:\\\/\\\/www.odonto.ufmg.br\\\/cenex\\\/author\\\/\"}]}<\/script>\n<!-- \/ Yoast SEO plugin. -->","yoast_head_json":{"title":"Projeto de Extens\u00e3o da Faculdade de Odontologia da UFMG participou da Mostra Inova Minas Fapemig | CENEX Odonto","robots":{"index":"index","follow":"follow","max-snippet":"max-snippet:-1","max-image-preview":"max-image-preview:large","max-video-preview":"max-video-preview:-1"},"canonical":"https:\/\/www.odonto.ufmg.br\/cenex\/noticias\/mostra-inova-minas-fapemig-contara-um-projeto-de-extensao-da-faculdade-de-odontologia-da-ufmg\/","og_locale":"pt_BR","og_type":"article","og_title":"Projeto de Extens\u00e3o da Faculdade de Odontologia da UFMG participou da Mostra Inova Minas Fapemig | CENEX Odonto","og_description":"O Projeto de Extens\u00e3o Reabilita\u00e7\u00e3o com pr\u00f3tese dent\u00e1ria na aten\u00e7\u00e3o interdisciplinar \u00e0 sa\u00fade de idosos com sequela de hansen\u00edase: um trabalho integrado com a terapia ocupacional, coordenado pela Professora Raquel Concei\u00e7\u00e3o Ferreira, foi um dos seis projetos selecionados para participar da Mostra Inova Minas Fapemig, que aconteceu nos dias 15, 16 e 17 de setembro [&hellip;]","og_url":"https:\/\/www.odonto.ufmg.br\/cenex\/noticias\/mostra-inova-minas-fapemig-contara-um-projeto-de-extensao-da-faculdade-de-odontologia-da-ufmg\/","og_site_name":"CENEX Odonto","article_publisher":"https:\/\/www.facebook.com\/cenexfao\/?locale=pt_BR","article_published_time":"2017-09-17T13:00:21+00:00","article_modified_time":"2018-04-17T17:13:05+00:00","og_image":[{"width":720,"height":960,"url":"https:\/\/www.odonto.ufmg.br\/cenex\/wp-content\/uploads\/sites\/2\/2017\/09\/21462503_10209773518750902_3736654396055087749_n.jpg","type":"image\/jpeg"}],"twitter_card":"summary_large_image","twitter_misc":{"Escrito por":"","Est. tempo de leitura":"1 minuto"},"schema":{"@context":"https:\/\/schema.org","@graph":[{"@type":"Article","@id":"https:\/\/www.odonto.ufmg.br\/cenex\/noticias\/mostra-inova-minas-fapemig-contara-um-projeto-de-extensao-da-faculdade-de-odontologia-da-ufmg\/#article","isPartOf":{"@id":"https:\/\/www.odonto.ufmg.br\/cenex\/noticias\/mostra-inova-minas-fapemig-contara-um-projeto-de-extensao-da-faculdade-de-odontologia-da-ufmg\/"},"author":{"name":"","@id":""},"headline":"Projeto de Extens\u00e3o da Faculdade de Odontologia da UFMG participou da Mostra Inova Minas Fapemig","datePublished":"2017-09-17T13:00:21+00:00","dateModified":"2018-04-17T17:13:05+00:00","mainEntityOfPage":{"@id":"https:\/\/www.odonto.ufmg.br\/cenex\/noticias\/mostra-inova-minas-fapemig-contara-um-projeto-de-extensao-da-faculdade-de-odontologia-da-ufmg\/"},"wordCount":141,"publisher":{"@id":"https:\/\/www.odonto.ufmg.br\/cenex\/#organization"},"image":{"@id":"https:\/\/www.odonto.ufmg.br\/cenex\/noticias\/mostra-inova-minas-fapemig-contara-um-projeto-de-extensao-da-faculdade-de-odontologia-da-ufmg\/#primaryimage"},"thumbnailUrl":"https:\/\/www.odonto.ufmg.br\/cenex\/wp-content\/uploads\/sites\/2\/2017\/09\/21462503_10209773518750902_3736654396055087749_n.jpg","articleSection":["ATA"],"inLanguage":"pt-BR"},{"@type":"WebPage","@id":"https:\/\/www.odonto.ufmg.br\/cenex\/noticias\/mostra-inova-minas-fapemig-contara-um-projeto-de-extensao-da-faculdade-de-odontologia-da-ufmg\/","url":"https:\/\/www.odonto.ufmg.br\/cenex\/noticias\/mostra-inova-minas-fapemig-contara-um-projeto-de-extensao-da-faculdade-de-odontologia-da-ufmg\/","name":"Projeto de Extens\u00e3o da Faculdade de Odontologia da UFMG participou da Mostra Inova Minas Fapemig | CENEX Odonto","isPartOf":{"@id":"https:\/\/www.odonto.ufmg.br\/cenex\/#website"},"primaryImageOfPage":{"@id":"https:\/\/www.odonto.ufmg.br\/cenex\/noticias\/mostra-inova-minas-fapemig-contara-um-projeto-de-extensao-da-faculdade-de-odontologia-da-ufmg\/#primaryimage"},"image":{"@id":"https:\/\/www.odonto.ufmg.br\/cenex\/noticias\/mostra-inova-minas-fapemig-contara-um-projeto-de-extensao-da-faculdade-de-odontologia-da-ufmg\/#primaryimage"},"thumbnailUrl":"https:\/\/www.odonto.ufmg.br\/cenex\/wp-content\/uploads\/sites\/2\/2017\/09\/21462503_10209773518750902_3736654396055087749_n.jpg","datePublished":"2017-09-17T13:00:21+00:00","dateModified":"2018-04-17T17:13:05+00:00","breadcrumb":{"@id":"https:\/\/www.odonto.ufmg.br\/cenex\/noticias\/mostra-inova-minas-fapemig-contara-um-projeto-de-extensao-da-faculdade-de-odontologia-da-ufmg\/#breadcrumb"},"inLanguage":"pt-BR","potentialAction":[{"@type":"ReadAction","target":["https:\/\/www.odonto.ufmg.br\/cenex\/noticias\/mostra-inova-minas-fapemig-contara-um-projeto-de-extensao-da-faculdade-de-odontologia-da-ufmg\/"]}]},{"@type":"ImageObject","inLanguage":"pt-BR","@id":"https:\/\/www.odonto.ufmg.br\/cenex\/noticias\/mostra-inova-minas-fapemig-contara-um-projeto-de-extensao-da-faculdade-de-odontologia-da-ufmg\/#primaryimage","url":"https:\/\/www.odonto.ufmg.br\/cenex\/wp-content\/uploads\/sites\/2\/2017\/09\/21462503_10209773518750902_3736654396055087749_n.jpg","contentUrl":"https:\/\/www.odonto.ufmg.br\/cenex\/wp-content\/uploads\/sites\/2\/2017\/09\/21462503_10209773518750902_3736654396055087749_n.jpg","width":720,"height":960},{"@type":"BreadcrumbList","@id":"https:\/\/www.odonto.ufmg.br\/cenex\/noticias\/mostra-inova-minas-fapemig-contara-um-projeto-de-extensao-da-faculdade-de-odontologia-da-ufmg\/#breadcrumb","itemListElement":[{"@type":"ListItem","position":1,"name":"In\u00edcio","item":"https:\/\/www.odonto.ufmg.br\/cenex\/cenex\/"},{"@type":"ListItem","position":2,"name":"Projeto de Extens\u00e3o da Faculdade de Odontologia da UFMG participou da Mostra Inova Minas Fapemig"}]},{"@type":"WebSite","@id":"https:\/\/www.odonto.ufmg.br\/cenex\/#website","url":"https:\/\/www.odonto.ufmg.br\/cenex\/","name":"CENEX Odonto","description":"Centro de Extens\u00e3o - Faculdade de Odontologia UFMG","publisher":{"@id":"https:\/\/www.odonto.ufmg.br\/cenex\/#organization"},"potentialAction":[{"@type":"SearchAction","target":{"@type":"EntryPoint","urlTemplate":"https:\/\/www.odonto.ufmg.br\/cenex\/?s={search_term_string}"},"query-input":{"@type":"PropertyValueSpecification","valueRequired":true,"valueName":"search_term_string"}}],"inLanguage":"pt-BR"},{"@type":"Organization","@id":"https:\/\/www.odonto.ufmg.br\/cenex\/#organization","name":"Faculdade de Odontologia da UFMG","url":"https:\/\/www.odonto.ufmg.br\/cenex\/","logo":{"@type":"ImageObject","inLanguage":"pt-BR","@id":"https:\/\/www.odonto.ufmg.br\/cenex\/#\/schema\/logo\/image\/","url":"http:\/\/www.odonto.ufmg.br\/cenex\/wp-content\/uploads\/sites\/2\/2015\/12\/logo_cenex.svg","contentUrl":"http:\/\/www.odonto.ufmg.br\/cenex\/wp-content\/uploads\/sites\/2\/2015\/12\/logo_cenex.svg","width":1,"height":1,"caption":"Faculdade de Odontologia da UFMG"},"image":{"@id":"https:\/\/www.odonto.ufmg.br\/cenex\/#\/schema\/logo\/image\/"},"sameAs":["https:\/\/www.facebook.com\/cenexfao\/?locale=pt_BR","https:\/\/www.instagram.com\/cenexfao\/"]},{"@type":"Person","@id":"","url":"https:\/\/www.odonto.ufmg.br\/cenex\/author\/"}]}},"_links":{"self":[{"href":"https:\/\/www.odonto.ufmg.br\/cenex\/wp-json\/wp\/v2\/posts\/5681","targetHints":{"allow":["GET"]}}],"collection":[{"href":"https:\/\/www.odonto.ufmg.br\/cenex\/wp-json\/wp\/v2\/posts"}],"about":[{"href":"https:\/\/www.odonto.ufmg.br\/cenex\/wp-json\/wp\/v2\/types\/post"}],"author":[{"embeddable":true,"href":"https:\/\/www.odonto.ufmg.br\/cenex\/wp-json\/wp\/v2\/users\/6"}],"replies":[{"embeddable":true,"href":"https:\/\/www.odonto.ufmg.br\/cenex\/wp-json\/wp\/v2\/comments?post=5681"}],"version-history":[{"count":9,"href":"https:\/\/www.odonto.ufmg.br\/cenex\/wp-json\/wp\/v2\/posts\/5681\/revisions"}],"predecessor-version":[{"id":5692,"href":"https:\/\/www.odonto.ufmg.br\/cenex\/wp-json\/wp\/v2\/posts\/5681\/revisions\/5692"}],"wp:featuredmedia":[{"embeddable":true,"href":"https:\/\/www.odonto.ufmg.br\/cenex\/wp-json\/wp\/v2\/media\/5693"}],"wp:attachment":[{"href":"https:\/\/www.odonto.ufmg.br\/cenex\/wp-json\/wp\/v2\/media?parent=5681"}],"wp:term":[{"taxonomy":"category","embeddable":true,"href":"https:\/\/www.odonto.ufmg.br\/cenex\/wp-json\/wp\/v2\/categories?post=5681"},{"taxonomy":"post_tag","embeddable":true,"href":"https:\/\/www.odonto.ufmg.br\/cenex\/wp-json\/wp\/v2\/tags?post=5681"}],"curies":[{"name":"wp","href":"https:\/\/api.w.org\/{rel}","templated":true}]}}