{"id":5670,"date":"2017-09-12T15:40:19","date_gmt":"2017-09-12T18:40:19","guid":{"rendered":"http:\/\/www.odonto.ufmg.br\/cenex\/?p=5670"},"modified":"2017-09-12T16:54:46","modified_gmt":"2017-09-12T19:54:46","slug":"selecao-para-o-projeto-de-extensao-reabilitacao-com-protese-dentaria-na-atencao-interdisciplinar-saude-de-idosos-com-sequela-de-hanseniase-um-trabalho-integrado-com-terapia-ocupacional","status":"publish","type":"post","link":"https:\/\/www.odonto.ufmg.br\/cenex\/ata\/selecao-para-o-projeto-de-extensao-reabilitacao-com-protese-dentaria-na-atencao-interdisciplinar-saude-de-idosos-com-sequela-de-hanseniase-um-trabalho-integrado-com-terapia-ocupacional\/","title":{"rendered":"Sele\u00e7\u00e3o de volunt\u00e1rios para o Projeto de Extens\u00e3o Reabilita\u00e7\u00e3o com pr\u00f3tese dent\u00e1ria na aten\u00e7\u00e3o interdisciplinar \u00e0 sa\u00fade de idosos com sequela de hansen\u00edase: um trabalho integrado com a Terapia Ocupacional"},"content":{"rendered":"<p>Est\u00e3o abertas as inscri\u00e7\u00f5es para sele\u00e7\u00e3o de dois volunt\u00e1rios para o Projeto de Extens\u00e3o Reabilita\u00e7\u00e3o com pr\u00f3tese dent\u00e1ria na aten\u00e7\u00e3o interdisciplinar \u00e0 sa\u00fade de idosos com sequela de hansen\u00edase: um trabalho integrado com a Terapia Ocupacional,\u00a0coordenado pela Profa. Raquel Concei\u00e7\u00e3o Ferreira.<\/p>\n<p>Para acessar o Edital <a href=\"http:\/\/www.odonto.ufmg.br\/cenex\/wp-content\/uploads\/sites\/2\/2017\/09\/EDITAL-068-17-Programa-Idosos-Vulner\u00e1veis-1.pdf\">clique aqui.<\/a><\/p>\n","protected":false},"excerpt":{"rendered":"<p>Est\u00e3o abertas as inscri\u00e7\u00f5es para sele\u00e7\u00e3o de dois volunt\u00e1rios para o Projeto de Extens\u00e3o Reabilita\u00e7\u00e3o com pr\u00f3tese dent\u00e1ria na aten\u00e7\u00e3o interdisciplinar \u00e0 sa\u00fade de idosos com sequela de hansen\u00edase: um trabalho integrado com a Terapia Ocupacional,\u00a0coordenado pela Profa. Raquel Concei\u00e7\u00e3o Ferreira. Para acessar o Edital clique aqui.<\/p>\n","protected":false},"author":6,"featured_media":0,"comment_status":"closed","ping_status":"closed","sticky":false,"template":"","format":"standard","meta":{"inline_featured_image":false,"footnotes":""},"categories":[2],"tags":[],"class_list":["post-5670","post","type-post","status-publish","format-standard","hentry","category-ata"],"yoast_head":"<!-- This site is optimized with the Yoast SEO plugin v27.5 - https:\/\/yoast.com\/product\/yoast-seo-wordpress\/ -->\n<title>Sele\u00e7\u00e3o de volunt\u00e1rios para o Projeto de Extens\u00e3o Reabilita\u00e7\u00e3o com pr\u00f3tese dent\u00e1ria na aten\u00e7\u00e3o interdisciplinar \u00e0 sa\u00fade de idosos com sequela de hansen\u00edase: um trabalho integrado com a Terapia Ocupacional | CENEX Odonto<\/title>\n<meta name=\"robots\" content=\"index, follow, max-snippet:-1, max-image-preview:large, max-video-preview:-1\" \/>\n<link rel=\"canonical\" href=\"https:\/\/www.odonto.ufmg.br\/cenex\/editais\/selecao-para-o-projeto-de-extensao-reabilitacao-com-protese-dentaria-na-atencao-interdisciplinar-saude-de-idosos-com-sequela-de-hanseniase-um-trabalho-integrado-com-terapia-ocupacional\/\" \/>\n<meta property=\"og:locale\" content=\"pt_BR\" \/>\n<meta property=\"og:type\" content=\"article\" \/>\n<meta property=\"og:title\" content=\"Sele\u00e7\u00e3o de volunt\u00e1rios para o Projeto de Extens\u00e3o Reabilita\u00e7\u00e3o com pr\u00f3tese dent\u00e1ria na aten\u00e7\u00e3o interdisciplinar \u00e0 sa\u00fade de idosos com sequela de hansen\u00edase: um trabalho integrado com a Terapia Ocupacional | CENEX Odonto\" \/>\n<meta property=\"og:description\" content=\"Est\u00e3o abertas as inscri\u00e7\u00f5es para sele\u00e7\u00e3o de dois volunt\u00e1rios para o Projeto de Extens\u00e3o Reabilita\u00e7\u00e3o com pr\u00f3tese dent\u00e1ria na aten\u00e7\u00e3o interdisciplinar \u00e0 sa\u00fade de idosos com sequela de hansen\u00edase: um trabalho integrado com a Terapia Ocupacional,\u00a0coordenado pela Profa. Raquel Concei\u00e7\u00e3o Ferreira. Para acessar o Edital clique aqui.\" \/>\n<meta property=\"og:url\" content=\"https:\/\/www.odonto.ufmg.br\/cenex\/editais\/selecao-para-o-projeto-de-extensao-reabilitacao-com-protese-dentaria-na-atencao-interdisciplinar-saude-de-idosos-com-sequela-de-hanseniase-um-trabalho-integrado-com-terapia-ocupacional\/\" \/>\n<meta property=\"og:site_name\" content=\"CENEX Odonto\" \/>\n<meta property=\"article:publisher\" content=\"https:\/\/www.facebook.com\/cenexfao\/?locale=pt_BR\" \/>\n<meta property=\"article:published_time\" content=\"2017-09-12T18:40:19+00:00\" \/>\n<meta property=\"article:modified_time\" content=\"2017-09-12T19:54:46+00:00\" \/>\n<meta property=\"og:image\" content=\"https:\/\/www.odonto.ufmg.br\/cenex\/wp-content\/uploads\/sites\/2\/2016\/01\/bloco-de-notas.jpg\" \/>\n\t<meta property=\"og:image:width\" content=\"1280\" \/>\n\t<meta property=\"og:image:height\" content=\"960\" \/>\n\t<meta property=\"og:image:type\" content=\"image\/jpeg\" \/>\n<meta name=\"twitter:card\" content=\"summary_large_image\" \/>\n<meta name=\"twitter:label1\" content=\"Escrito por\" \/>\n\t<meta name=\"twitter:data1\" content=\"\" \/>\n<script type=\"application\/ld+json\" class=\"yoast-schema-graph\">{\"@context\":\"https:\\\/\\\/schema.org\",\"@graph\":[{\"@type\":\"Article\",\"@id\":\"https:\\\/\\\/www.odonto.ufmg.br\\\/cenex\\\/editais\\\/selecao-para-o-projeto-de-extensao-reabilitacao-com-protese-dentaria-na-atencao-interdisciplinar-saude-de-idosos-com-sequela-de-hanseniase-um-trabalho-integrado-com-terapia-ocupacional\\\/#article\",\"isPartOf\":{\"@id\":\"https:\\\/\\\/www.odonto.ufmg.br\\\/cenex\\\/editais\\\/selecao-para-o-projeto-de-extensao-reabilitacao-com-protese-dentaria-na-atencao-interdisciplinar-saude-de-idosos-com-sequela-de-hanseniase-um-trabalho-integrado-com-terapia-ocupacional\\\/\"},\"author\":{\"name\":\"\",\"@id\":\"\"},\"headline\":\"Sele\u00e7\u00e3o de volunt\u00e1rios para o Projeto de Extens\u00e3o Reabilita\u00e7\u00e3o com pr\u00f3tese dent\u00e1ria na aten\u00e7\u00e3o interdisciplinar \u00e0 sa\u00fade de idosos com sequela de hansen\u00edase: um trabalho integrado com a Terapia Ocupacional\",\"datePublished\":\"2017-09-12T18:40:19+00:00\",\"dateModified\":\"2017-09-12T19:54:46+00:00\",\"mainEntityOfPage\":{\"@id\":\"https:\\\/\\\/www.odonto.ufmg.br\\\/cenex\\\/editais\\\/selecao-para-o-projeto-de-extensao-reabilitacao-com-protese-dentaria-na-atencao-interdisciplinar-saude-de-idosos-com-sequela-de-hanseniase-um-trabalho-integrado-com-terapia-ocupacional\\\/\"},\"wordCount\":97,\"publisher\":{\"@id\":\"https:\\\/\\\/www.odonto.ufmg.br\\\/cenex\\\/#organization\"},\"articleSection\":[\"ATA\"],\"inLanguage\":\"pt-BR\"},{\"@type\":\"WebPage\",\"@id\":\"https:\\\/\\\/www.odonto.ufmg.br\\\/cenex\\\/editais\\\/selecao-para-o-projeto-de-extensao-reabilitacao-com-protese-dentaria-na-atencao-interdisciplinar-saude-de-idosos-com-sequela-de-hanseniase-um-trabalho-integrado-com-terapia-ocupacional\\\/\",\"url\":\"https:\\\/\\\/www.odonto.ufmg.br\\\/cenex\\\/editais\\\/selecao-para-o-projeto-de-extensao-reabilitacao-com-protese-dentaria-na-atencao-interdisciplinar-saude-de-idosos-com-sequela-de-hanseniase-um-trabalho-integrado-com-terapia-ocupacional\\\/\",\"name\":\"Sele\u00e7\u00e3o de volunt\u00e1rios para o Projeto de Extens\u00e3o Reabilita\u00e7\u00e3o com pr\u00f3tese dent\u00e1ria na aten\u00e7\u00e3o interdisciplinar \u00e0 sa\u00fade de idosos com sequela de hansen\u00edase: um trabalho integrado com a Terapia Ocupacional | CENEX Odonto\",\"isPartOf\":{\"@id\":\"https:\\\/\\\/www.odonto.ufmg.br\\\/cenex\\\/#website\"},\"datePublished\":\"2017-09-12T18:40:19+00:00\",\"dateModified\":\"2017-09-12T19:54:46+00:00\",\"breadcrumb\":{\"@id\":\"https:\\\/\\\/www.odonto.ufmg.br\\\/cenex\\\/editais\\\/selecao-para-o-projeto-de-extensao-reabilitacao-com-protese-dentaria-na-atencao-interdisciplinar-saude-de-idosos-com-sequela-de-hanseniase-um-trabalho-integrado-com-terapia-ocupacional\\\/#breadcrumb\"},\"inLanguage\":\"pt-BR\",\"potentialAction\":[{\"@type\":\"ReadAction\",\"target\":[\"https:\\\/\\\/www.odonto.ufmg.br\\\/cenex\\\/editais\\\/selecao-para-o-projeto-de-extensao-reabilitacao-com-protese-dentaria-na-atencao-interdisciplinar-saude-de-idosos-com-sequela-de-hanseniase-um-trabalho-integrado-com-terapia-ocupacional\\\/\"]}]},{\"@type\":\"BreadcrumbList\",\"@id\":\"https:\\\/\\\/www.odonto.ufmg.br\\\/cenex\\\/editais\\\/selecao-para-o-projeto-de-extensao-reabilitacao-com-protese-dentaria-na-atencao-interdisciplinar-saude-de-idosos-com-sequela-de-hanseniase-um-trabalho-integrado-com-terapia-ocupacional\\\/#breadcrumb\",\"itemListElement\":[{\"@type\":\"ListItem\",\"position\":1,\"name\":\"In\u00edcio\",\"item\":\"https:\\\/\\\/www.odonto.ufmg.br\\\/cenex\\\/cenex\\\/\"},{\"@type\":\"ListItem\",\"position\":2,\"name\":\"Sele\u00e7\u00e3o de volunt\u00e1rios para o Projeto de Extens\u00e3o Reabilita\u00e7\u00e3o com pr\u00f3tese dent\u00e1ria na aten\u00e7\u00e3o interdisciplinar \u00e0 sa\u00fade de idosos com sequela de hansen\u00edase: um trabalho integrado com a Terapia Ocupacional\"}]},{\"@type\":\"WebSite\",\"@id\":\"https:\\\/\\\/www.odonto.ufmg.br\\\/cenex\\\/#website\",\"url\":\"https:\\\/\\\/www.odonto.ufmg.br\\\/cenex\\\/\",\"name\":\"CENEX Odonto\",\"description\":\"Centro de Extens\u00e3o - Faculdade de Odontologia UFMG\",\"publisher\":{\"@id\":\"https:\\\/\\\/www.odonto.ufmg.br\\\/cenex\\\/#organization\"},\"potentialAction\":[{\"@type\":\"SearchAction\",\"target\":{\"@type\":\"EntryPoint\",\"urlTemplate\":\"https:\\\/\\\/www.odonto.ufmg.br\\\/cenex\\\/?s={search_term_string}\"},\"query-input\":{\"@type\":\"PropertyValueSpecification\",\"valueRequired\":true,\"valueName\":\"search_term_string\"}}],\"inLanguage\":\"pt-BR\"},{\"@type\":\"Organization\",\"@id\":\"https:\\\/\\\/www.odonto.ufmg.br\\\/cenex\\\/#organization\",\"name\":\"Faculdade de Odontologia da UFMG\",\"url\":\"https:\\\/\\\/www.odonto.ufmg.br\\\/cenex\\\/\",\"logo\":{\"@type\":\"ImageObject\",\"inLanguage\":\"pt-BR\",\"@id\":\"https:\\\/\\\/www.odonto.ufmg.br\\\/cenex\\\/#\\\/schema\\\/logo\\\/image\\\/\",\"url\":\"http:\\\/\\\/www.odonto.ufmg.br\\\/cenex\\\/wp-content\\\/uploads\\\/sites\\\/2\\\/2015\\\/12\\\/logo_cenex.svg\",\"contentUrl\":\"http:\\\/\\\/www.odonto.ufmg.br\\\/cenex\\\/wp-content\\\/uploads\\\/sites\\\/2\\\/2015\\\/12\\\/logo_cenex.svg\",\"width\":1,\"height\":1,\"caption\":\"Faculdade de Odontologia da UFMG\"},\"image\":{\"@id\":\"https:\\\/\\\/www.odonto.ufmg.br\\\/cenex\\\/#\\\/schema\\\/logo\\\/image\\\/\"},\"sameAs\":[\"https:\\\/\\\/www.facebook.com\\\/cenexfao\\\/?locale=pt_BR\",\"https:\\\/\\\/www.instagram.com\\\/cenexfao\\\/\"]},{\"@type\":\"Person\",\"@id\":\"\",\"url\":\"https:\\\/\\\/www.odonto.ufmg.br\\\/cenex\\\/author\\\/\"}]}<\/script>\n<!-- \/ Yoast SEO plugin. -->","yoast_head_json":{"title":"Sele\u00e7\u00e3o de volunt\u00e1rios para o Projeto de Extens\u00e3o Reabilita\u00e7\u00e3o com pr\u00f3tese dent\u00e1ria na aten\u00e7\u00e3o interdisciplinar \u00e0 sa\u00fade de idosos com sequela de hansen\u00edase: um trabalho integrado com a Terapia Ocupacional | CENEX Odonto","robots":{"index":"index","follow":"follow","max-snippet":"max-snippet:-1","max-image-preview":"max-image-preview:large","max-video-preview":"max-video-preview:-1"},"canonical":"https:\/\/www.odonto.ufmg.br\/cenex\/editais\/selecao-para-o-projeto-de-extensao-reabilitacao-com-protese-dentaria-na-atencao-interdisciplinar-saude-de-idosos-com-sequela-de-hanseniase-um-trabalho-integrado-com-terapia-ocupacional\/","og_locale":"pt_BR","og_type":"article","og_title":"Sele\u00e7\u00e3o de volunt\u00e1rios para o Projeto de Extens\u00e3o Reabilita\u00e7\u00e3o com pr\u00f3tese dent\u00e1ria na aten\u00e7\u00e3o interdisciplinar \u00e0 sa\u00fade de idosos com sequela de hansen\u00edase: um trabalho integrado com a Terapia Ocupacional | CENEX Odonto","og_description":"Est\u00e3o abertas as inscri\u00e7\u00f5es para sele\u00e7\u00e3o de dois volunt\u00e1rios para o Projeto de Extens\u00e3o Reabilita\u00e7\u00e3o com pr\u00f3tese dent\u00e1ria na aten\u00e7\u00e3o interdisciplinar \u00e0 sa\u00fade de idosos com sequela de hansen\u00edase: um trabalho integrado com a Terapia Ocupacional,\u00a0coordenado pela Profa. Raquel Concei\u00e7\u00e3o Ferreira. Para acessar o Edital clique aqui.","og_url":"https:\/\/www.odonto.ufmg.br\/cenex\/editais\/selecao-para-o-projeto-de-extensao-reabilitacao-com-protese-dentaria-na-atencao-interdisciplinar-saude-de-idosos-com-sequela-de-hanseniase-um-trabalho-integrado-com-terapia-ocupacional\/","og_site_name":"CENEX Odonto","article_publisher":"https:\/\/www.facebook.com\/cenexfao\/?locale=pt_BR","article_published_time":"2017-09-12T18:40:19+00:00","article_modified_time":"2017-09-12T19:54:46+00:00","og_image":[{"width":1280,"height":960,"url":"https:\/\/www.odonto.ufmg.br\/cenex\/wp-content\/uploads\/sites\/2\/2016\/01\/bloco-de-notas.jpg","type":"image\/jpeg"}],"twitter_card":"summary_large_image","twitter_misc":{"Escrito por":""},"schema":{"@context":"https:\/\/schema.org","@graph":[{"@type":"Article","@id":"https:\/\/www.odonto.ufmg.br\/cenex\/editais\/selecao-para-o-projeto-de-extensao-reabilitacao-com-protese-dentaria-na-atencao-interdisciplinar-saude-de-idosos-com-sequela-de-hanseniase-um-trabalho-integrado-com-terapia-ocupacional\/#article","isPartOf":{"@id":"https:\/\/www.odonto.ufmg.br\/cenex\/editais\/selecao-para-o-projeto-de-extensao-reabilitacao-com-protese-dentaria-na-atencao-interdisciplinar-saude-de-idosos-com-sequela-de-hanseniase-um-trabalho-integrado-com-terapia-ocupacional\/"},"author":{"name":"","@id":""},"headline":"Sele\u00e7\u00e3o de volunt\u00e1rios para o Projeto de Extens\u00e3o Reabilita\u00e7\u00e3o com pr\u00f3tese dent\u00e1ria na aten\u00e7\u00e3o interdisciplinar \u00e0 sa\u00fade de idosos com sequela de hansen\u00edase: um trabalho integrado com a Terapia Ocupacional","datePublished":"2017-09-12T18:40:19+00:00","dateModified":"2017-09-12T19:54:46+00:00","mainEntityOfPage":{"@id":"https:\/\/www.odonto.ufmg.br\/cenex\/editais\/selecao-para-o-projeto-de-extensao-reabilitacao-com-protese-dentaria-na-atencao-interdisciplinar-saude-de-idosos-com-sequela-de-hanseniase-um-trabalho-integrado-com-terapia-ocupacional\/"},"wordCount":97,"publisher":{"@id":"https:\/\/www.odonto.ufmg.br\/cenex\/#organization"},"articleSection":["ATA"],"inLanguage":"pt-BR"},{"@type":"WebPage","@id":"https:\/\/www.odonto.ufmg.br\/cenex\/editais\/selecao-para-o-projeto-de-extensao-reabilitacao-com-protese-dentaria-na-atencao-interdisciplinar-saude-de-idosos-com-sequela-de-hanseniase-um-trabalho-integrado-com-terapia-ocupacional\/","url":"https:\/\/www.odonto.ufmg.br\/cenex\/editais\/selecao-para-o-projeto-de-extensao-reabilitacao-com-protese-dentaria-na-atencao-interdisciplinar-saude-de-idosos-com-sequela-de-hanseniase-um-trabalho-integrado-com-terapia-ocupacional\/","name":"Sele\u00e7\u00e3o de volunt\u00e1rios para o Projeto de Extens\u00e3o Reabilita\u00e7\u00e3o com pr\u00f3tese dent\u00e1ria na aten\u00e7\u00e3o interdisciplinar \u00e0 sa\u00fade de idosos com sequela de hansen\u00edase: um trabalho integrado com a Terapia Ocupacional | CENEX Odonto","isPartOf":{"@id":"https:\/\/www.odonto.ufmg.br\/cenex\/#website"},"datePublished":"2017-09-12T18:40:19+00:00","dateModified":"2017-09-12T19:54:46+00:00","breadcrumb":{"@id":"https:\/\/www.odonto.ufmg.br\/cenex\/editais\/selecao-para-o-projeto-de-extensao-reabilitacao-com-protese-dentaria-na-atencao-interdisciplinar-saude-de-idosos-com-sequela-de-hanseniase-um-trabalho-integrado-com-terapia-ocupacional\/#breadcrumb"},"inLanguage":"pt-BR","potentialAction":[{"@type":"ReadAction","target":["https:\/\/www.odonto.ufmg.br\/cenex\/editais\/selecao-para-o-projeto-de-extensao-reabilitacao-com-protese-dentaria-na-atencao-interdisciplinar-saude-de-idosos-com-sequela-de-hanseniase-um-trabalho-integrado-com-terapia-ocupacional\/"]}]},{"@type":"BreadcrumbList","@id":"https:\/\/www.odonto.ufmg.br\/cenex\/editais\/selecao-para-o-projeto-de-extensao-reabilitacao-com-protese-dentaria-na-atencao-interdisciplinar-saude-de-idosos-com-sequela-de-hanseniase-um-trabalho-integrado-com-terapia-ocupacional\/#breadcrumb","itemListElement":[{"@type":"ListItem","position":1,"name":"In\u00edcio","item":"https:\/\/www.odonto.ufmg.br\/cenex\/cenex\/"},{"@type":"ListItem","position":2,"name":"Sele\u00e7\u00e3o de volunt\u00e1rios para o Projeto de Extens\u00e3o Reabilita\u00e7\u00e3o com pr\u00f3tese dent\u00e1ria na aten\u00e7\u00e3o interdisciplinar \u00e0 sa\u00fade de idosos com sequela de hansen\u00edase: um trabalho integrado com a Terapia Ocupacional"}]},{"@type":"WebSite","@id":"https:\/\/www.odonto.ufmg.br\/cenex\/#website","url":"https:\/\/www.odonto.ufmg.br\/cenex\/","name":"CENEX Odonto","description":"Centro de Extens\u00e3o - Faculdade de Odontologia UFMG","publisher":{"@id":"https:\/\/www.odonto.ufmg.br\/cenex\/#organization"},"potentialAction":[{"@type":"SearchAction","target":{"@type":"EntryPoint","urlTemplate":"https:\/\/www.odonto.ufmg.br\/cenex\/?s={search_term_string}"},"query-input":{"@type":"PropertyValueSpecification","valueRequired":true,"valueName":"search_term_string"}}],"inLanguage":"pt-BR"},{"@type":"Organization","@id":"https:\/\/www.odonto.ufmg.br\/cenex\/#organization","name":"Faculdade de Odontologia da UFMG","url":"https:\/\/www.odonto.ufmg.br\/cenex\/","logo":{"@type":"ImageObject","inLanguage":"pt-BR","@id":"https:\/\/www.odonto.ufmg.br\/cenex\/#\/schema\/logo\/image\/","url":"http:\/\/www.odonto.ufmg.br\/cenex\/wp-content\/uploads\/sites\/2\/2015\/12\/logo_cenex.svg","contentUrl":"http:\/\/www.odonto.ufmg.br\/cenex\/wp-content\/uploads\/sites\/2\/2015\/12\/logo_cenex.svg","width":1,"height":1,"caption":"Faculdade de Odontologia da UFMG"},"image":{"@id":"https:\/\/www.odonto.ufmg.br\/cenex\/#\/schema\/logo\/image\/"},"sameAs":["https:\/\/www.facebook.com\/cenexfao\/?locale=pt_BR","https:\/\/www.instagram.com\/cenexfao\/"]},{"@type":"Person","@id":"","url":"https:\/\/www.odonto.ufmg.br\/cenex\/author\/"}]}},"_links":{"self":[{"href":"https:\/\/www.odonto.ufmg.br\/cenex\/wp-json\/wp\/v2\/posts\/5670","targetHints":{"allow":["GET"]}}],"collection":[{"href":"https:\/\/www.odonto.ufmg.br\/cenex\/wp-json\/wp\/v2\/posts"}],"about":[{"href":"https:\/\/www.odonto.ufmg.br\/cenex\/wp-json\/wp\/v2\/types\/post"}],"author":[{"embeddable":true,"href":"https:\/\/www.odonto.ufmg.br\/cenex\/wp-json\/wp\/v2\/users\/6"}],"replies":[{"embeddable":true,"href":"https:\/\/www.odonto.ufmg.br\/cenex\/wp-json\/wp\/v2\/comments?post=5670"}],"version-history":[{"count":3,"href":"https:\/\/www.odonto.ufmg.br\/cenex\/wp-json\/wp\/v2\/posts\/5670\/revisions"}],"predecessor-version":[{"id":5675,"href":"https:\/\/www.odonto.ufmg.br\/cenex\/wp-json\/wp\/v2\/posts\/5670\/revisions\/5675"}],"wp:attachment":[{"href":"https:\/\/www.odonto.ufmg.br\/cenex\/wp-json\/wp\/v2\/media?parent=5670"}],"wp:term":[{"taxonomy":"category","embeddable":true,"href":"https:\/\/www.odonto.ufmg.br\/cenex\/wp-json\/wp\/v2\/categories?post=5670"},{"taxonomy":"post_tag","embeddable":true,"href":"https:\/\/www.odonto.ufmg.br\/cenex\/wp-json\/wp\/v2\/tags?post=5670"}],"curies":[{"name":"wp","href":"https:\/\/api.w.org\/{rel}","templated":true}]}}