{"id":5659,"date":"2017-09-20T10:00:08","date_gmt":"2017-09-20T13:00:08","guid":{"rendered":"http:\/\/www.odonto.ufmg.br\/cenex\/?p=5659"},"modified":"2017-09-21T16:47:00","modified_gmt":"2017-09-21T19:47:00","slug":"i-circuito-de-seminarios-integrados-do-programa-traumatismos-dentarios-da-foufmg","status":"publish","type":"post","link":"https:\/\/www.odonto.ufmg.br\/cenex\/ata\/i-circuito-de-seminarios-integrados-do-programa-traumatismos-dentarios-da-foufmg\/","title":{"rendered":"I Circuito de Semin\u00e1rios Integrados do Programa Traumatismos Dent\u00e1rios da FOUFMG"},"content":{"rendered":"<p>No per\u00edodo de 30\/09\/2017 a 25\/11\/2017, no audit\u00f3rio da Faculdade de Odontologia da UFMG, ser\u00e1 realizado o Evento- I Circuito de Semin\u00e1rios Integrados do Programa Traumatismos Dent\u00e1rios da FOUFMG, coordenado pela Professora Juliana Vilela Bastos.<\/p>\n<p>Para consulta a PROGRAMA\u00c7\u00c3O, <a href=\"http:\/\/www.odonto.ufmg.br\/cenex\/wp-content\/uploads\/sites\/2\/2017\/09\/WhatsApp-Image-2017-09-20-at-23.55.05.jpeg\">clique aqui<\/a>.<\/p>\n<p>As inscri\u00e7\u00f5es ser\u00e3o realizadas pelo sistema IntraNet CENEX.<\/p>\n<p>Alunos UFMG, <a href=\"https:\/\/sistemas.odonto.ufmg.br\/cenex\/aluno\/mainAluno.php\">clique aqui<\/a>, ap\u00f3s efetuar login acessar o menu lateral a\u00e7\u00f5es de extens\u00e3o &gt; eventos.<\/p>\n<p>P\u00fablico externo, <a href=\"https:\/\/sistemas.odonto.ufmg.br\/externo\/alunoExt\/login.php\">clique aqui<\/a>.\u00a0ap\u00f3s efetuar login acessar o menu lateral a\u00e7\u00f5es de extens\u00e3o &gt; eventos.<\/p>\n<p>&nbsp;<\/p>\n","protected":false},"excerpt":{"rendered":"<p>No per\u00edodo de 30\/09\/2017 a 25\/11\/2017, no audit\u00f3rio da Faculdade de Odontologia da UFMG, ser\u00e1 realizado o Evento- I Circuito de Semin\u00e1rios Integrados do Programa Traumatismos Dent\u00e1rios da FOUFMG, coordenado pela Professora Juliana Vilela Bastos. Para consulta a PROGRAMA\u00c7\u00c3O, clique aqui. As inscri\u00e7\u00f5es ser\u00e3o realizadas pelo sistema IntraNet CENEX. Alunos UFMG, clique aqui, ap\u00f3s efetuar [&hellip;]<\/p>\n","protected":false},"author":6,"featured_media":5669,"comment_status":"closed","ping_status":"closed","sticky":false,"template":"","format":"standard","meta":{"inline_featured_image":false,"footnotes":""},"categories":[2],"tags":[],"class_list":["post-5659","post","type-post","status-publish","format-standard","has-post-thumbnail","hentry","category-ata"],"yoast_head":"<!-- This site is optimized with the Yoast SEO plugin v27.5 - https:\/\/yoast.com\/product\/yoast-seo-wordpress\/ -->\n<title>I Circuito de Semin\u00e1rios Integrados do Programa Traumatismos Dent\u00e1rios da FOUFMG | CENEX Odonto<\/title>\n<meta name=\"robots\" content=\"index, follow, max-snippet:-1, max-image-preview:large, max-video-preview:-1\" \/>\n<link rel=\"canonical\" href=\"https:\/\/www.odonto.ufmg.br\/cenex\/eventos\/i-circuito-de-seminarios-integrados-do-programa-traumatismos-dentarios-da-foufmg\/\" \/>\n<meta property=\"og:locale\" content=\"pt_BR\" \/>\n<meta property=\"og:type\" content=\"article\" \/>\n<meta property=\"og:title\" content=\"I Circuito de Semin\u00e1rios Integrados do Programa Traumatismos Dent\u00e1rios da FOUFMG | CENEX Odonto\" \/>\n<meta property=\"og:description\" content=\"No per\u00edodo de 30\/09\/2017 a 25\/11\/2017, no audit\u00f3rio da Faculdade de Odontologia da UFMG, ser\u00e1 realizado o Evento- I Circuito de Semin\u00e1rios Integrados do Programa Traumatismos Dent\u00e1rios da FOUFMG, coordenado pela Professora Juliana Vilela Bastos. Para consulta a PROGRAMA\u00c7\u00c3O, clique aqui. As inscri\u00e7\u00f5es ser\u00e3o realizadas pelo sistema IntraNet CENEX. Alunos UFMG, clique aqui, ap\u00f3s efetuar [&hellip;]\" \/>\n<meta property=\"og:url\" content=\"https:\/\/www.odonto.ufmg.br\/cenex\/eventos\/i-circuito-de-seminarios-integrados-do-programa-traumatismos-dentarios-da-foufmg\/\" \/>\n<meta property=\"og:site_name\" content=\"CENEX Odonto\" \/>\n<meta property=\"article:publisher\" content=\"https:\/\/www.facebook.com\/cenexfao\/?locale=pt_BR\" \/>\n<meta property=\"article:published_time\" content=\"2017-09-20T13:00:08+00:00\" \/>\n<meta property=\"article:modified_time\" content=\"2017-09-21T19:47:00+00:00\" \/>\n<meta property=\"og:image\" content=\"https:\/\/www.odonto.ufmg.br\/cenex\/wp-content\/uploads\/sites\/2\/2017\/09\/Folder-trauma.jpg\" \/>\n\t<meta property=\"og:image:width\" content=\"851\" \/>\n\t<meta property=\"og:image:height\" content=\"315\" \/>\n\t<meta property=\"og:image:type\" content=\"image\/jpeg\" \/>\n<meta name=\"twitter:card\" content=\"summary_large_image\" \/>\n<meta name=\"twitter:label1\" content=\"Escrito por\" \/>\n\t<meta name=\"twitter:data1\" content=\"\" \/>\n<script type=\"application\/ld+json\" class=\"yoast-schema-graph\">{\"@context\":\"https:\\\/\\\/schema.org\",\"@graph\":[{\"@type\":\"Article\",\"@id\":\"https:\\\/\\\/www.odonto.ufmg.br\\\/cenex\\\/eventos\\\/i-circuito-de-seminarios-integrados-do-programa-traumatismos-dentarios-da-foufmg\\\/#article\",\"isPartOf\":{\"@id\":\"https:\\\/\\\/www.odonto.ufmg.br\\\/cenex\\\/eventos\\\/i-circuito-de-seminarios-integrados-do-programa-traumatismos-dentarios-da-foufmg\\\/\"},\"author\":{\"name\":\"\",\"@id\":\"\"},\"headline\":\"I Circuito de Semin\u00e1rios Integrados do Programa Traumatismos Dent\u00e1rios da FOUFMG\",\"datePublished\":\"2017-09-20T13:00:08+00:00\",\"dateModified\":\"2017-09-21T19:47:00+00:00\",\"mainEntityOfPage\":{\"@id\":\"https:\\\/\\\/www.odonto.ufmg.br\\\/cenex\\\/eventos\\\/i-circuito-de-seminarios-integrados-do-programa-traumatismos-dentarios-da-foufmg\\\/\"},\"wordCount\":107,\"publisher\":{\"@id\":\"https:\\\/\\\/www.odonto.ufmg.br\\\/cenex\\\/#organization\"},\"image\":{\"@id\":\"https:\\\/\\\/www.odonto.ufmg.br\\\/cenex\\\/eventos\\\/i-circuito-de-seminarios-integrados-do-programa-traumatismos-dentarios-da-foufmg\\\/#primaryimage\"},\"thumbnailUrl\":\"https:\\\/\\\/www.odonto.ufmg.br\\\/cenex\\\/wp-content\\\/uploads\\\/sites\\\/2\\\/2017\\\/09\\\/Folder-trauma.jpg\",\"articleSection\":[\"ATA\"],\"inLanguage\":\"pt-BR\"},{\"@type\":\"WebPage\",\"@id\":\"https:\\\/\\\/www.odonto.ufmg.br\\\/cenex\\\/eventos\\\/i-circuito-de-seminarios-integrados-do-programa-traumatismos-dentarios-da-foufmg\\\/\",\"url\":\"https:\\\/\\\/www.odonto.ufmg.br\\\/cenex\\\/eventos\\\/i-circuito-de-seminarios-integrados-do-programa-traumatismos-dentarios-da-foufmg\\\/\",\"name\":\"I Circuito de Semin\u00e1rios Integrados do Programa Traumatismos Dent\u00e1rios da FOUFMG | CENEX Odonto\",\"isPartOf\":{\"@id\":\"https:\\\/\\\/www.odonto.ufmg.br\\\/cenex\\\/#website\"},\"primaryImageOfPage\":{\"@id\":\"https:\\\/\\\/www.odonto.ufmg.br\\\/cenex\\\/eventos\\\/i-circuito-de-seminarios-integrados-do-programa-traumatismos-dentarios-da-foufmg\\\/#primaryimage\"},\"image\":{\"@id\":\"https:\\\/\\\/www.odonto.ufmg.br\\\/cenex\\\/eventos\\\/i-circuito-de-seminarios-integrados-do-programa-traumatismos-dentarios-da-foufmg\\\/#primaryimage\"},\"thumbnailUrl\":\"https:\\\/\\\/www.odonto.ufmg.br\\\/cenex\\\/wp-content\\\/uploads\\\/sites\\\/2\\\/2017\\\/09\\\/Folder-trauma.jpg\",\"datePublished\":\"2017-09-20T13:00:08+00:00\",\"dateModified\":\"2017-09-21T19:47:00+00:00\",\"breadcrumb\":{\"@id\":\"https:\\\/\\\/www.odonto.ufmg.br\\\/cenex\\\/eventos\\\/i-circuito-de-seminarios-integrados-do-programa-traumatismos-dentarios-da-foufmg\\\/#breadcrumb\"},\"inLanguage\":\"pt-BR\",\"potentialAction\":[{\"@type\":\"ReadAction\",\"target\":[\"https:\\\/\\\/www.odonto.ufmg.br\\\/cenex\\\/eventos\\\/i-circuito-de-seminarios-integrados-do-programa-traumatismos-dentarios-da-foufmg\\\/\"]}]},{\"@type\":\"ImageObject\",\"inLanguage\":\"pt-BR\",\"@id\":\"https:\\\/\\\/www.odonto.ufmg.br\\\/cenex\\\/eventos\\\/i-circuito-de-seminarios-integrados-do-programa-traumatismos-dentarios-da-foufmg\\\/#primaryimage\",\"url\":\"https:\\\/\\\/www.odonto.ufmg.br\\\/cenex\\\/wp-content\\\/uploads\\\/sites\\\/2\\\/2017\\\/09\\\/Folder-trauma.jpg\",\"contentUrl\":\"https:\\\/\\\/www.odonto.ufmg.br\\\/cenex\\\/wp-content\\\/uploads\\\/sites\\\/2\\\/2017\\\/09\\\/Folder-trauma.jpg\",\"width\":851,\"height\":315},{\"@type\":\"BreadcrumbList\",\"@id\":\"https:\\\/\\\/www.odonto.ufmg.br\\\/cenex\\\/eventos\\\/i-circuito-de-seminarios-integrados-do-programa-traumatismos-dentarios-da-foufmg\\\/#breadcrumb\",\"itemListElement\":[{\"@type\":\"ListItem\",\"position\":1,\"name\":\"In\u00edcio\",\"item\":\"https:\\\/\\\/www.odonto.ufmg.br\\\/cenex\\\/cenex\\\/\"},{\"@type\":\"ListItem\",\"position\":2,\"name\":\"I Circuito de Semin\u00e1rios Integrados do Programa Traumatismos Dent\u00e1rios da FOUFMG\"}]},{\"@type\":\"WebSite\",\"@id\":\"https:\\\/\\\/www.odonto.ufmg.br\\\/cenex\\\/#website\",\"url\":\"https:\\\/\\\/www.odonto.ufmg.br\\\/cenex\\\/\",\"name\":\"CENEX Odonto\",\"description\":\"Centro de Extens\u00e3o - Faculdade de Odontologia UFMG\",\"publisher\":{\"@id\":\"https:\\\/\\\/www.odonto.ufmg.br\\\/cenex\\\/#organization\"},\"potentialAction\":[{\"@type\":\"SearchAction\",\"target\":{\"@type\":\"EntryPoint\",\"urlTemplate\":\"https:\\\/\\\/www.odonto.ufmg.br\\\/cenex\\\/?s={search_term_string}\"},\"query-input\":{\"@type\":\"PropertyValueSpecification\",\"valueRequired\":true,\"valueName\":\"search_term_string\"}}],\"inLanguage\":\"pt-BR\"},{\"@type\":\"Organization\",\"@id\":\"https:\\\/\\\/www.odonto.ufmg.br\\\/cenex\\\/#organization\",\"name\":\"Faculdade de Odontologia da UFMG\",\"url\":\"https:\\\/\\\/www.odonto.ufmg.br\\\/cenex\\\/\",\"logo\":{\"@type\":\"ImageObject\",\"inLanguage\":\"pt-BR\",\"@id\":\"https:\\\/\\\/www.odonto.ufmg.br\\\/cenex\\\/#\\\/schema\\\/logo\\\/image\\\/\",\"url\":\"http:\\\/\\\/www.odonto.ufmg.br\\\/cenex\\\/wp-content\\\/uploads\\\/sites\\\/2\\\/2015\\\/12\\\/logo_cenex.svg\",\"contentUrl\":\"http:\\\/\\\/www.odonto.ufmg.br\\\/cenex\\\/wp-content\\\/uploads\\\/sites\\\/2\\\/2015\\\/12\\\/logo_cenex.svg\",\"width\":1,\"height\":1,\"caption\":\"Faculdade de Odontologia da UFMG\"},\"image\":{\"@id\":\"https:\\\/\\\/www.odonto.ufmg.br\\\/cenex\\\/#\\\/schema\\\/logo\\\/image\\\/\"},\"sameAs\":[\"https:\\\/\\\/www.facebook.com\\\/cenexfao\\\/?locale=pt_BR\",\"https:\\\/\\\/www.instagram.com\\\/cenexfao\\\/\"]},{\"@type\":\"Person\",\"@id\":\"\",\"url\":\"https:\\\/\\\/www.odonto.ufmg.br\\\/cenex\\\/author\\\/\"}]}<\/script>\n<!-- \/ Yoast SEO plugin. -->","yoast_head_json":{"title":"I Circuito de Semin\u00e1rios Integrados do Programa Traumatismos Dent\u00e1rios da FOUFMG | CENEX Odonto","robots":{"index":"index","follow":"follow","max-snippet":"max-snippet:-1","max-image-preview":"max-image-preview:large","max-video-preview":"max-video-preview:-1"},"canonical":"https:\/\/www.odonto.ufmg.br\/cenex\/eventos\/i-circuito-de-seminarios-integrados-do-programa-traumatismos-dentarios-da-foufmg\/","og_locale":"pt_BR","og_type":"article","og_title":"I Circuito de Semin\u00e1rios Integrados do Programa Traumatismos Dent\u00e1rios da FOUFMG | CENEX Odonto","og_description":"No per\u00edodo de 30\/09\/2017 a 25\/11\/2017, no audit\u00f3rio da Faculdade de Odontologia da UFMG, ser\u00e1 realizado o Evento- I Circuito de Semin\u00e1rios Integrados do Programa Traumatismos Dent\u00e1rios da FOUFMG, coordenado pela Professora Juliana Vilela Bastos. Para consulta a PROGRAMA\u00c7\u00c3O, clique aqui. As inscri\u00e7\u00f5es ser\u00e3o realizadas pelo sistema IntraNet CENEX. Alunos UFMG, clique aqui, ap\u00f3s efetuar [&hellip;]","og_url":"https:\/\/www.odonto.ufmg.br\/cenex\/eventos\/i-circuito-de-seminarios-integrados-do-programa-traumatismos-dentarios-da-foufmg\/","og_site_name":"CENEX Odonto","article_publisher":"https:\/\/www.facebook.com\/cenexfao\/?locale=pt_BR","article_published_time":"2017-09-20T13:00:08+00:00","article_modified_time":"2017-09-21T19:47:00+00:00","og_image":[{"width":851,"height":315,"url":"https:\/\/www.odonto.ufmg.br\/cenex\/wp-content\/uploads\/sites\/2\/2017\/09\/Folder-trauma.jpg","type":"image\/jpeg"}],"twitter_card":"summary_large_image","twitter_misc":{"Escrito por":""},"schema":{"@context":"https:\/\/schema.org","@graph":[{"@type":"Article","@id":"https:\/\/www.odonto.ufmg.br\/cenex\/eventos\/i-circuito-de-seminarios-integrados-do-programa-traumatismos-dentarios-da-foufmg\/#article","isPartOf":{"@id":"https:\/\/www.odonto.ufmg.br\/cenex\/eventos\/i-circuito-de-seminarios-integrados-do-programa-traumatismos-dentarios-da-foufmg\/"},"author":{"name":"","@id":""},"headline":"I Circuito de Semin\u00e1rios Integrados do Programa Traumatismos Dent\u00e1rios da FOUFMG","datePublished":"2017-09-20T13:00:08+00:00","dateModified":"2017-09-21T19:47:00+00:00","mainEntityOfPage":{"@id":"https:\/\/www.odonto.ufmg.br\/cenex\/eventos\/i-circuito-de-seminarios-integrados-do-programa-traumatismos-dentarios-da-foufmg\/"},"wordCount":107,"publisher":{"@id":"https:\/\/www.odonto.ufmg.br\/cenex\/#organization"},"image":{"@id":"https:\/\/www.odonto.ufmg.br\/cenex\/eventos\/i-circuito-de-seminarios-integrados-do-programa-traumatismos-dentarios-da-foufmg\/#primaryimage"},"thumbnailUrl":"https:\/\/www.odonto.ufmg.br\/cenex\/wp-content\/uploads\/sites\/2\/2017\/09\/Folder-trauma.jpg","articleSection":["ATA"],"inLanguage":"pt-BR"},{"@type":"WebPage","@id":"https:\/\/www.odonto.ufmg.br\/cenex\/eventos\/i-circuito-de-seminarios-integrados-do-programa-traumatismos-dentarios-da-foufmg\/","url":"https:\/\/www.odonto.ufmg.br\/cenex\/eventos\/i-circuito-de-seminarios-integrados-do-programa-traumatismos-dentarios-da-foufmg\/","name":"I Circuito de Semin\u00e1rios Integrados do Programa Traumatismos Dent\u00e1rios da FOUFMG | CENEX Odonto","isPartOf":{"@id":"https:\/\/www.odonto.ufmg.br\/cenex\/#website"},"primaryImageOfPage":{"@id":"https:\/\/www.odonto.ufmg.br\/cenex\/eventos\/i-circuito-de-seminarios-integrados-do-programa-traumatismos-dentarios-da-foufmg\/#primaryimage"},"image":{"@id":"https:\/\/www.odonto.ufmg.br\/cenex\/eventos\/i-circuito-de-seminarios-integrados-do-programa-traumatismos-dentarios-da-foufmg\/#primaryimage"},"thumbnailUrl":"https:\/\/www.odonto.ufmg.br\/cenex\/wp-content\/uploads\/sites\/2\/2017\/09\/Folder-trauma.jpg","datePublished":"2017-09-20T13:00:08+00:00","dateModified":"2017-09-21T19:47:00+00:00","breadcrumb":{"@id":"https:\/\/www.odonto.ufmg.br\/cenex\/eventos\/i-circuito-de-seminarios-integrados-do-programa-traumatismos-dentarios-da-foufmg\/#breadcrumb"},"inLanguage":"pt-BR","potentialAction":[{"@type":"ReadAction","target":["https:\/\/www.odonto.ufmg.br\/cenex\/eventos\/i-circuito-de-seminarios-integrados-do-programa-traumatismos-dentarios-da-foufmg\/"]}]},{"@type":"ImageObject","inLanguage":"pt-BR","@id":"https:\/\/www.odonto.ufmg.br\/cenex\/eventos\/i-circuito-de-seminarios-integrados-do-programa-traumatismos-dentarios-da-foufmg\/#primaryimage","url":"https:\/\/www.odonto.ufmg.br\/cenex\/wp-content\/uploads\/sites\/2\/2017\/09\/Folder-trauma.jpg","contentUrl":"https:\/\/www.odonto.ufmg.br\/cenex\/wp-content\/uploads\/sites\/2\/2017\/09\/Folder-trauma.jpg","width":851,"height":315},{"@type":"BreadcrumbList","@id":"https:\/\/www.odonto.ufmg.br\/cenex\/eventos\/i-circuito-de-seminarios-integrados-do-programa-traumatismos-dentarios-da-foufmg\/#breadcrumb","itemListElement":[{"@type":"ListItem","position":1,"name":"In\u00edcio","item":"https:\/\/www.odonto.ufmg.br\/cenex\/cenex\/"},{"@type":"ListItem","position":2,"name":"I Circuito de Semin\u00e1rios Integrados do Programa Traumatismos Dent\u00e1rios da FOUFMG"}]},{"@type":"WebSite","@id":"https:\/\/www.odonto.ufmg.br\/cenex\/#website","url":"https:\/\/www.odonto.ufmg.br\/cenex\/","name":"CENEX Odonto","description":"Centro de Extens\u00e3o - Faculdade de Odontologia UFMG","publisher":{"@id":"https:\/\/www.odonto.ufmg.br\/cenex\/#organization"},"potentialAction":[{"@type":"SearchAction","target":{"@type":"EntryPoint","urlTemplate":"https:\/\/www.odonto.ufmg.br\/cenex\/?s={search_term_string}"},"query-input":{"@type":"PropertyValueSpecification","valueRequired":true,"valueName":"search_term_string"}}],"inLanguage":"pt-BR"},{"@type":"Organization","@id":"https:\/\/www.odonto.ufmg.br\/cenex\/#organization","name":"Faculdade de Odontologia da UFMG","url":"https:\/\/www.odonto.ufmg.br\/cenex\/","logo":{"@type":"ImageObject","inLanguage":"pt-BR","@id":"https:\/\/www.odonto.ufmg.br\/cenex\/#\/schema\/logo\/image\/","url":"http:\/\/www.odonto.ufmg.br\/cenex\/wp-content\/uploads\/sites\/2\/2015\/12\/logo_cenex.svg","contentUrl":"http:\/\/www.odonto.ufmg.br\/cenex\/wp-content\/uploads\/sites\/2\/2015\/12\/logo_cenex.svg","width":1,"height":1,"caption":"Faculdade de Odontologia da UFMG"},"image":{"@id":"https:\/\/www.odonto.ufmg.br\/cenex\/#\/schema\/logo\/image\/"},"sameAs":["https:\/\/www.facebook.com\/cenexfao\/?locale=pt_BR","https:\/\/www.instagram.com\/cenexfao\/"]},{"@type":"Person","@id":"","url":"https:\/\/www.odonto.ufmg.br\/cenex\/author\/"}]}},"_links":{"self":[{"href":"https:\/\/www.odonto.ufmg.br\/cenex\/wp-json\/wp\/v2\/posts\/5659","targetHints":{"allow":["GET"]}}],"collection":[{"href":"https:\/\/www.odonto.ufmg.br\/cenex\/wp-json\/wp\/v2\/posts"}],"about":[{"href":"https:\/\/www.odonto.ufmg.br\/cenex\/wp-json\/wp\/v2\/types\/post"}],"author":[{"embeddable":true,"href":"https:\/\/www.odonto.ufmg.br\/cenex\/wp-json\/wp\/v2\/users\/6"}],"replies":[{"embeddable":true,"href":"https:\/\/www.odonto.ufmg.br\/cenex\/wp-json\/wp\/v2\/comments?post=5659"}],"version-history":[{"count":6,"href":"https:\/\/www.odonto.ufmg.br\/cenex\/wp-json\/wp\/v2\/posts\/5659\/revisions"}],"predecessor-version":[{"id":5841,"href":"https:\/\/www.odonto.ufmg.br\/cenex\/wp-json\/wp\/v2\/posts\/5659\/revisions\/5841"}],"wp:featuredmedia":[{"embeddable":true,"href":"https:\/\/www.odonto.ufmg.br\/cenex\/wp-json\/wp\/v2\/media\/5669"}],"wp:attachment":[{"href":"https:\/\/www.odonto.ufmg.br\/cenex\/wp-json\/wp\/v2\/media?parent=5659"}],"wp:term":[{"taxonomy":"category","embeddable":true,"href":"https:\/\/www.odonto.ufmg.br\/cenex\/wp-json\/wp\/v2\/categories?post=5659"},{"taxonomy":"post_tag","embeddable":true,"href":"https:\/\/www.odonto.ufmg.br\/cenex\/wp-json\/wp\/v2\/tags?post=5659"}],"curies":[{"name":"wp","href":"https:\/\/api.w.org\/{rel}","templated":true}]}}