{"id":5455,"date":"2017-07-27T10:59:46","date_gmt":"2017-07-27T13:59:46","guid":{"rendered":"http:\/\/www.odonto.ufmg.br\/cenex\/?p=5455"},"modified":"2017-07-27T11:15:56","modified_gmt":"2017-07-27T14:15:56","slug":"i-simposio-tv-dental-news","status":"publish","type":"post","link":"https:\/\/www.odonto.ufmg.br\/cenex\/ata\/i-simposio-tv-dental-news\/","title":{"rendered":"I SIMP\u00d3SIO TV Dental News"},"content":{"rendered":"<p>Est\u00e3o abertas as inscri\u00e7\u00f5es para o I SIMP\u00d3SIO TV Dental News, coordenado pelo Prof. Guilherme Costa Carvalho e Silva, com o objetivo de promover um ciclo de atualiza\u00e7\u00e3o cient\u00edfica \u00e0 toda comunidade odontol\u00f3gica, de forma presencial e \u00e0 dist\u00e2ncia.<\/p>\n<p>O evento \u00e9 destinado aos estudantes de Odontologia, Cirurgi\u00f5es-Dentistas, Professores, TPDs, THDs, ASBs e interessados na Odontologia. Acontecer\u00e1 entre os dias 13 e 15 de setembro de 2017, na Faculdade de Odontologia da UFMG.<\/p>\n<p><a href=\"http:\/\/www.odonto.ufmg.br\/cenex\/wp-content\/uploads\/sites\/2\/2017\/07\/cARTAZ.jpg\">Confira a programa\u00e7\u00e3o.<\/a><\/p>\n<p><strong>INSCRI\u00c7\u00d5ES:<\/strong><\/p>\n<p>Alunos UFMG, <a href=\"https:\/\/sistemas.odonto.ufmg.br\/cenex\/aluno\/mainAluno.php\">clique aqui<\/a>, ap\u00f3s efetuar login acessar o menu lateral a\u00e7\u00f5es de extens\u00e3o &gt; eventos.<\/p>\n<p>Cirurgi\u00f5es-Dentistas, Professores, TPDs, THDs, ASBs e interessados na Odontologia, <a href=\"https:\/\/sistemas.odonto.ufmg.br\/externo\/alunoExt\/login.php\">clique aqui<\/a>.\u00a0ap\u00f3s efetuar login acessar o menu lateral a\u00e7\u00f5es de extens\u00e3o &gt; eventos.<\/p>\n<p>&nbsp;<\/p>\n","protected":false},"excerpt":{"rendered":"<p>Est\u00e3o abertas as inscri\u00e7\u00f5es para o I SIMP\u00d3SIO TV Dental News, coordenado pelo Prof. Guilherme Costa Carvalho e Silva, com o objetivo de promover um ciclo de atualiza\u00e7\u00e3o cient\u00edfica \u00e0 toda comunidade odontol\u00f3gica, de forma presencial e \u00e0 dist\u00e2ncia. O evento \u00e9 destinado aos estudantes de Odontologia, Cirurgi\u00f5es-Dentistas, Professores, TPDs, THDs, ASBs e interessados na [&hellip;]<\/p>\n","protected":false},"author":6,"featured_media":5458,"comment_status":"closed","ping_status":"closed","sticky":false,"template":"","format":"standard","meta":{"inline_featured_image":false,"footnotes":""},"categories":[2],"tags":[],"class_list":["post-5455","post","type-post","status-publish","format-standard","has-post-thumbnail","hentry","category-ata"],"yoast_head":"<!-- This site is optimized with the Yoast SEO plugin v27.5 - https:\/\/yoast.com\/product\/yoast-seo-wordpress\/ -->\n<title>I SIMP\u00d3SIO TV Dental News | CENEX Odonto<\/title>\n<meta name=\"robots\" content=\"index, follow, max-snippet:-1, max-image-preview:large, max-video-preview:-1\" \/>\n<link rel=\"canonical\" href=\"https:\/\/www.odonto.ufmg.br\/cenex\/eventos\/i-simposio-tv-dental-news\/\" \/>\n<meta property=\"og:locale\" content=\"pt_BR\" \/>\n<meta property=\"og:type\" content=\"article\" \/>\n<meta property=\"og:title\" content=\"I SIMP\u00d3SIO TV Dental News | CENEX Odonto\" \/>\n<meta property=\"og:description\" content=\"Est\u00e3o abertas as inscri\u00e7\u00f5es para o I SIMP\u00d3SIO TV Dental News, coordenado pelo Prof. Guilherme Costa Carvalho e Silva, com o objetivo de promover um ciclo de atualiza\u00e7\u00e3o cient\u00edfica \u00e0 toda comunidade odontol\u00f3gica, de forma presencial e \u00e0 dist\u00e2ncia. O evento \u00e9 destinado aos estudantes de Odontologia, Cirurgi\u00f5es-Dentistas, Professores, TPDs, THDs, ASBs e interessados na [&hellip;]\" \/>\n<meta property=\"og:url\" content=\"https:\/\/www.odonto.ufmg.br\/cenex\/eventos\/i-simposio-tv-dental-news\/\" \/>\n<meta property=\"og:site_name\" content=\"CENEX Odonto\" \/>\n<meta property=\"article:publisher\" content=\"https:\/\/www.facebook.com\/cenexfao\/?locale=pt_BR\" \/>\n<meta property=\"article:published_time\" content=\"2017-07-27T13:59:46+00:00\" \/>\n<meta property=\"article:modified_time\" content=\"2017-07-27T14:15:56+00:00\" \/>\n<meta property=\"og:image\" content=\"https:\/\/www.odonto.ufmg.br\/cenex\/wp-content\/uploads\/sites\/2\/2017\/07\/3362863.jpg\" \/>\n\t<meta property=\"og:image:width\" content=\"700\" \/>\n\t<meta property=\"og:image:height\" content=\"231\" \/>\n\t<meta property=\"og:image:type\" content=\"image\/jpeg\" \/>\n<meta name=\"twitter:card\" content=\"summary_large_image\" \/>\n<meta name=\"twitter:label1\" content=\"Escrito por\" \/>\n\t<meta name=\"twitter:data1\" content=\"\" \/>\n\t<meta name=\"twitter:label2\" content=\"Est. tempo de leitura\" \/>\n\t<meta name=\"twitter:data2\" content=\"1 minuto\" \/>\n<script type=\"application\/ld+json\" class=\"yoast-schema-graph\">{\"@context\":\"https:\\\/\\\/schema.org\",\"@graph\":[{\"@type\":\"Article\",\"@id\":\"https:\\\/\\\/www.odonto.ufmg.br\\\/cenex\\\/eventos\\\/i-simposio-tv-dental-news\\\/#article\",\"isPartOf\":{\"@id\":\"https:\\\/\\\/www.odonto.ufmg.br\\\/cenex\\\/eventos\\\/i-simposio-tv-dental-news\\\/\"},\"author\":{\"name\":\"\",\"@id\":\"\"},\"headline\":\"I SIMP\u00d3SIO TV Dental News\",\"datePublished\":\"2017-07-27T13:59:46+00:00\",\"dateModified\":\"2017-07-27T14:15:56+00:00\",\"mainEntityOfPage\":{\"@id\":\"https:\\\/\\\/www.odonto.ufmg.br\\\/cenex\\\/eventos\\\/i-simposio-tv-dental-news\\\/\"},\"wordCount\":134,\"publisher\":{\"@id\":\"https:\\\/\\\/www.odonto.ufmg.br\\\/cenex\\\/#organization\"},\"image\":{\"@id\":\"https:\\\/\\\/www.odonto.ufmg.br\\\/cenex\\\/eventos\\\/i-simposio-tv-dental-news\\\/#primaryimage\"},\"thumbnailUrl\":\"https:\\\/\\\/www.odonto.ufmg.br\\\/cenex\\\/wp-content\\\/uploads\\\/sites\\\/2\\\/2017\\\/07\\\/3362863.jpg\",\"articleSection\":[\"ATA\"],\"inLanguage\":\"pt-BR\"},{\"@type\":\"WebPage\",\"@id\":\"https:\\\/\\\/www.odonto.ufmg.br\\\/cenex\\\/eventos\\\/i-simposio-tv-dental-news\\\/\",\"url\":\"https:\\\/\\\/www.odonto.ufmg.br\\\/cenex\\\/eventos\\\/i-simposio-tv-dental-news\\\/\",\"name\":\"I SIMP\u00d3SIO TV Dental News | CENEX Odonto\",\"isPartOf\":{\"@id\":\"https:\\\/\\\/www.odonto.ufmg.br\\\/cenex\\\/#website\"},\"primaryImageOfPage\":{\"@id\":\"https:\\\/\\\/www.odonto.ufmg.br\\\/cenex\\\/eventos\\\/i-simposio-tv-dental-news\\\/#primaryimage\"},\"image\":{\"@id\":\"https:\\\/\\\/www.odonto.ufmg.br\\\/cenex\\\/eventos\\\/i-simposio-tv-dental-news\\\/#primaryimage\"},\"thumbnailUrl\":\"https:\\\/\\\/www.odonto.ufmg.br\\\/cenex\\\/wp-content\\\/uploads\\\/sites\\\/2\\\/2017\\\/07\\\/3362863.jpg\",\"datePublished\":\"2017-07-27T13:59:46+00:00\",\"dateModified\":\"2017-07-27T14:15:56+00:00\",\"breadcrumb\":{\"@id\":\"https:\\\/\\\/www.odonto.ufmg.br\\\/cenex\\\/eventos\\\/i-simposio-tv-dental-news\\\/#breadcrumb\"},\"inLanguage\":\"pt-BR\",\"potentialAction\":[{\"@type\":\"ReadAction\",\"target\":[\"https:\\\/\\\/www.odonto.ufmg.br\\\/cenex\\\/eventos\\\/i-simposio-tv-dental-news\\\/\"]}]},{\"@type\":\"ImageObject\",\"inLanguage\":\"pt-BR\",\"@id\":\"https:\\\/\\\/www.odonto.ufmg.br\\\/cenex\\\/eventos\\\/i-simposio-tv-dental-news\\\/#primaryimage\",\"url\":\"https:\\\/\\\/www.odonto.ufmg.br\\\/cenex\\\/wp-content\\\/uploads\\\/sites\\\/2\\\/2017\\\/07\\\/3362863.jpg\",\"contentUrl\":\"https:\\\/\\\/www.odonto.ufmg.br\\\/cenex\\\/wp-content\\\/uploads\\\/sites\\\/2\\\/2017\\\/07\\\/3362863.jpg\",\"width\":700,\"height\":231},{\"@type\":\"BreadcrumbList\",\"@id\":\"https:\\\/\\\/www.odonto.ufmg.br\\\/cenex\\\/eventos\\\/i-simposio-tv-dental-news\\\/#breadcrumb\",\"itemListElement\":[{\"@type\":\"ListItem\",\"position\":1,\"name\":\"In\u00edcio\",\"item\":\"https:\\\/\\\/www.odonto.ufmg.br\\\/cenex\\\/cenex\\\/\"},{\"@type\":\"ListItem\",\"position\":2,\"name\":\"I SIMP\u00d3SIO TV Dental News\"}]},{\"@type\":\"WebSite\",\"@id\":\"https:\\\/\\\/www.odonto.ufmg.br\\\/cenex\\\/#website\",\"url\":\"https:\\\/\\\/www.odonto.ufmg.br\\\/cenex\\\/\",\"name\":\"CENEX Odonto\",\"description\":\"Centro de Extens\u00e3o - Faculdade de Odontologia UFMG\",\"publisher\":{\"@id\":\"https:\\\/\\\/www.odonto.ufmg.br\\\/cenex\\\/#organization\"},\"potentialAction\":[{\"@type\":\"SearchAction\",\"target\":{\"@type\":\"EntryPoint\",\"urlTemplate\":\"https:\\\/\\\/www.odonto.ufmg.br\\\/cenex\\\/?s={search_term_string}\"},\"query-input\":{\"@type\":\"PropertyValueSpecification\",\"valueRequired\":true,\"valueName\":\"search_term_string\"}}],\"inLanguage\":\"pt-BR\"},{\"@type\":\"Organization\",\"@id\":\"https:\\\/\\\/www.odonto.ufmg.br\\\/cenex\\\/#organization\",\"name\":\"Faculdade de Odontologia da UFMG\",\"url\":\"https:\\\/\\\/www.odonto.ufmg.br\\\/cenex\\\/\",\"logo\":{\"@type\":\"ImageObject\",\"inLanguage\":\"pt-BR\",\"@id\":\"https:\\\/\\\/www.odonto.ufmg.br\\\/cenex\\\/#\\\/schema\\\/logo\\\/image\\\/\",\"url\":\"http:\\\/\\\/www.odonto.ufmg.br\\\/cenex\\\/wp-content\\\/uploads\\\/sites\\\/2\\\/2015\\\/12\\\/logo_cenex.svg\",\"contentUrl\":\"http:\\\/\\\/www.odonto.ufmg.br\\\/cenex\\\/wp-content\\\/uploads\\\/sites\\\/2\\\/2015\\\/12\\\/logo_cenex.svg\",\"width\":1,\"height\":1,\"caption\":\"Faculdade de Odontologia da UFMG\"},\"image\":{\"@id\":\"https:\\\/\\\/www.odonto.ufmg.br\\\/cenex\\\/#\\\/schema\\\/logo\\\/image\\\/\"},\"sameAs\":[\"https:\\\/\\\/www.facebook.com\\\/cenexfao\\\/?locale=pt_BR\",\"https:\\\/\\\/www.instagram.com\\\/cenexfao\\\/\"]},{\"@type\":\"Person\",\"@id\":\"\",\"url\":\"https:\\\/\\\/www.odonto.ufmg.br\\\/cenex\\\/author\\\/\"}]}<\/script>\n<!-- \/ Yoast SEO plugin. -->","yoast_head_json":{"title":"I SIMP\u00d3SIO TV Dental News | CENEX Odonto","robots":{"index":"index","follow":"follow","max-snippet":"max-snippet:-1","max-image-preview":"max-image-preview:large","max-video-preview":"max-video-preview:-1"},"canonical":"https:\/\/www.odonto.ufmg.br\/cenex\/eventos\/i-simposio-tv-dental-news\/","og_locale":"pt_BR","og_type":"article","og_title":"I SIMP\u00d3SIO TV Dental News | CENEX Odonto","og_description":"Est\u00e3o abertas as inscri\u00e7\u00f5es para o I SIMP\u00d3SIO TV Dental News, coordenado pelo Prof. Guilherme Costa Carvalho e Silva, com o objetivo de promover um ciclo de atualiza\u00e7\u00e3o cient\u00edfica \u00e0 toda comunidade odontol\u00f3gica, de forma presencial e \u00e0 dist\u00e2ncia. O evento \u00e9 destinado aos estudantes de Odontologia, Cirurgi\u00f5es-Dentistas, Professores, TPDs, THDs, ASBs e interessados na [&hellip;]","og_url":"https:\/\/www.odonto.ufmg.br\/cenex\/eventos\/i-simposio-tv-dental-news\/","og_site_name":"CENEX Odonto","article_publisher":"https:\/\/www.facebook.com\/cenexfao\/?locale=pt_BR","article_published_time":"2017-07-27T13:59:46+00:00","article_modified_time":"2017-07-27T14:15:56+00:00","og_image":[{"width":700,"height":231,"url":"https:\/\/www.odonto.ufmg.br\/cenex\/wp-content\/uploads\/sites\/2\/2017\/07\/3362863.jpg","type":"image\/jpeg"}],"twitter_card":"summary_large_image","twitter_misc":{"Escrito por":"","Est. tempo de leitura":"1 minuto"},"schema":{"@context":"https:\/\/schema.org","@graph":[{"@type":"Article","@id":"https:\/\/www.odonto.ufmg.br\/cenex\/eventos\/i-simposio-tv-dental-news\/#article","isPartOf":{"@id":"https:\/\/www.odonto.ufmg.br\/cenex\/eventos\/i-simposio-tv-dental-news\/"},"author":{"name":"","@id":""},"headline":"I SIMP\u00d3SIO TV Dental News","datePublished":"2017-07-27T13:59:46+00:00","dateModified":"2017-07-27T14:15:56+00:00","mainEntityOfPage":{"@id":"https:\/\/www.odonto.ufmg.br\/cenex\/eventos\/i-simposio-tv-dental-news\/"},"wordCount":134,"publisher":{"@id":"https:\/\/www.odonto.ufmg.br\/cenex\/#organization"},"image":{"@id":"https:\/\/www.odonto.ufmg.br\/cenex\/eventos\/i-simposio-tv-dental-news\/#primaryimage"},"thumbnailUrl":"https:\/\/www.odonto.ufmg.br\/cenex\/wp-content\/uploads\/sites\/2\/2017\/07\/3362863.jpg","articleSection":["ATA"],"inLanguage":"pt-BR"},{"@type":"WebPage","@id":"https:\/\/www.odonto.ufmg.br\/cenex\/eventos\/i-simposio-tv-dental-news\/","url":"https:\/\/www.odonto.ufmg.br\/cenex\/eventos\/i-simposio-tv-dental-news\/","name":"I SIMP\u00d3SIO TV Dental News | CENEX Odonto","isPartOf":{"@id":"https:\/\/www.odonto.ufmg.br\/cenex\/#website"},"primaryImageOfPage":{"@id":"https:\/\/www.odonto.ufmg.br\/cenex\/eventos\/i-simposio-tv-dental-news\/#primaryimage"},"image":{"@id":"https:\/\/www.odonto.ufmg.br\/cenex\/eventos\/i-simposio-tv-dental-news\/#primaryimage"},"thumbnailUrl":"https:\/\/www.odonto.ufmg.br\/cenex\/wp-content\/uploads\/sites\/2\/2017\/07\/3362863.jpg","datePublished":"2017-07-27T13:59:46+00:00","dateModified":"2017-07-27T14:15:56+00:00","breadcrumb":{"@id":"https:\/\/www.odonto.ufmg.br\/cenex\/eventos\/i-simposio-tv-dental-news\/#breadcrumb"},"inLanguage":"pt-BR","potentialAction":[{"@type":"ReadAction","target":["https:\/\/www.odonto.ufmg.br\/cenex\/eventos\/i-simposio-tv-dental-news\/"]}]},{"@type":"ImageObject","inLanguage":"pt-BR","@id":"https:\/\/www.odonto.ufmg.br\/cenex\/eventos\/i-simposio-tv-dental-news\/#primaryimage","url":"https:\/\/www.odonto.ufmg.br\/cenex\/wp-content\/uploads\/sites\/2\/2017\/07\/3362863.jpg","contentUrl":"https:\/\/www.odonto.ufmg.br\/cenex\/wp-content\/uploads\/sites\/2\/2017\/07\/3362863.jpg","width":700,"height":231},{"@type":"BreadcrumbList","@id":"https:\/\/www.odonto.ufmg.br\/cenex\/eventos\/i-simposio-tv-dental-news\/#breadcrumb","itemListElement":[{"@type":"ListItem","position":1,"name":"In\u00edcio","item":"https:\/\/www.odonto.ufmg.br\/cenex\/cenex\/"},{"@type":"ListItem","position":2,"name":"I SIMP\u00d3SIO TV Dental News"}]},{"@type":"WebSite","@id":"https:\/\/www.odonto.ufmg.br\/cenex\/#website","url":"https:\/\/www.odonto.ufmg.br\/cenex\/","name":"CENEX Odonto","description":"Centro de Extens\u00e3o - Faculdade de Odontologia UFMG","publisher":{"@id":"https:\/\/www.odonto.ufmg.br\/cenex\/#organization"},"potentialAction":[{"@type":"SearchAction","target":{"@type":"EntryPoint","urlTemplate":"https:\/\/www.odonto.ufmg.br\/cenex\/?s={search_term_string}"},"query-input":{"@type":"PropertyValueSpecification","valueRequired":true,"valueName":"search_term_string"}}],"inLanguage":"pt-BR"},{"@type":"Organization","@id":"https:\/\/www.odonto.ufmg.br\/cenex\/#organization","name":"Faculdade de Odontologia da UFMG","url":"https:\/\/www.odonto.ufmg.br\/cenex\/","logo":{"@type":"ImageObject","inLanguage":"pt-BR","@id":"https:\/\/www.odonto.ufmg.br\/cenex\/#\/schema\/logo\/image\/","url":"http:\/\/www.odonto.ufmg.br\/cenex\/wp-content\/uploads\/sites\/2\/2015\/12\/logo_cenex.svg","contentUrl":"http:\/\/www.odonto.ufmg.br\/cenex\/wp-content\/uploads\/sites\/2\/2015\/12\/logo_cenex.svg","width":1,"height":1,"caption":"Faculdade de Odontologia da UFMG"},"image":{"@id":"https:\/\/www.odonto.ufmg.br\/cenex\/#\/schema\/logo\/image\/"},"sameAs":["https:\/\/www.facebook.com\/cenexfao\/?locale=pt_BR","https:\/\/www.instagram.com\/cenexfao\/"]},{"@type":"Person","@id":"","url":"https:\/\/www.odonto.ufmg.br\/cenex\/author\/"}]}},"_links":{"self":[{"href":"https:\/\/www.odonto.ufmg.br\/cenex\/wp-json\/wp\/v2\/posts\/5455","targetHints":{"allow":["GET"]}}],"collection":[{"href":"https:\/\/www.odonto.ufmg.br\/cenex\/wp-json\/wp\/v2\/posts"}],"about":[{"href":"https:\/\/www.odonto.ufmg.br\/cenex\/wp-json\/wp\/v2\/types\/post"}],"author":[{"embeddable":true,"href":"https:\/\/www.odonto.ufmg.br\/cenex\/wp-json\/wp\/v2\/users\/6"}],"replies":[{"embeddable":true,"href":"https:\/\/www.odonto.ufmg.br\/cenex\/wp-json\/wp\/v2\/comments?post=5455"}],"version-history":[{"count":6,"href":"https:\/\/www.odonto.ufmg.br\/cenex\/wp-json\/wp\/v2\/posts\/5455\/revisions"}],"predecessor-version":[{"id":5704,"href":"https:\/\/www.odonto.ufmg.br\/cenex\/wp-json\/wp\/v2\/posts\/5455\/revisions\/5704"}],"wp:featuredmedia":[{"embeddable":true,"href":"https:\/\/www.odonto.ufmg.br\/cenex\/wp-json\/wp\/v2\/media\/5458"}],"wp:attachment":[{"href":"https:\/\/www.odonto.ufmg.br\/cenex\/wp-json\/wp\/v2\/media?parent=5455"}],"wp:term":[{"taxonomy":"category","embeddable":true,"href":"https:\/\/www.odonto.ufmg.br\/cenex\/wp-json\/wp\/v2\/categories?post=5455"},{"taxonomy":"post_tag","embeddable":true,"href":"https:\/\/www.odonto.ufmg.br\/cenex\/wp-json\/wp\/v2\/tags?post=5455"}],"curies":[{"name":"wp","href":"https:\/\/api.w.org\/{rel}","templated":true}]}}