{"id":4492,"date":"2020-06-15T15:00:32","date_gmt":"2020-06-15T18:00:32","guid":{"rendered":"http:\/\/www.odonto.ufmg.br\/cenex\/?p=4492"},"modified":"2020-06-16T18:40:20","modified_gmt":"2020-06-16T21:40:20","slug":"abertas-as-inscricoes-para-o-projeto-de-extensao-escolas-saudaveis-formacao-de-promotores-de-saude","status":"publish","type":"post","link":"https:\/\/www.odonto.ufmg.br\/cenex\/ata\/abertas-as-inscricoes-para-o-projeto-de-extensao-escolas-saudaveis-formacao-de-promotores-de-saude\/","title":{"rendered":"RESULTADO PROJETO ESCOLAS SAUD\u00c1VEIS \u2013 Forma\u00e7\u00e3o de Promotores de Sa\u00fade PROGRAMA PROMO\u00c7\u00c3O DE SA\u00daDE BUCAL"},"content":{"rendered":"<p><strong>RESULTADO<\/strong><\/p>\n<p>As professoras e membros representantes da P\u00f3s-gradua\u00e7\u00e3o, Andrea Maria Duarte Vagas e Najara Barbosa da Rocha, juntamente com a professora e coordenadora do projeto Escolas Saud\u00e1veis, Viviane Elis\u00e2ngela Gomes, divulgaram essa semana o resultado do <strong>EDITAL 05\/2020. <\/strong><\/p>\n<p>Para acessar a lista de selecionados, clique <a href=\"http:\/\/www.odonto.ufmg.br\/cenex\/wp-content\/uploads\/sites\/2\/2020\/06\/RESULTADO_EDITAL_05_2020_final.pdf\">aqui<\/a>.<\/p>\n<p>&nbsp;<\/p>\n<p><strong>CHAMADA<\/strong><\/p>\n<p>O Colegiado de P\u00f3s-Gradua\u00e7\u00e3o e o Centro de Extens\u00e3o da Faculdade de Odontologia da UFMG, fazem saber que estar\u00e3o abertas, at\u00e9 o dia 09 de junho de 2020, as inscri\u00e7\u00f5es para o Projeto de Extens\u00e3o <strong>\u201cESCOLAS SAUD\u00c1VEIS \u2013 Forma\u00e7\u00e3o de Promotores de Sa\u00fade &#8211; PROGRAMA PROMO\u00c7\u00c3O DE SA\u00daDE BUCAL\u201d<\/strong>, coordenado pela Profa. Viviane Elis\u00e2ngela Gomes.<\/p>\n<p>Ser\u00e3o preenchidas 02 vagas, sendo uma vaga de bolsa para alunos 2\u00ba ao 8\u00ba per\u00edodos de gradua\u00e7\u00e3o em Odontologia e outra vaga de bolsa para alunos do Mestrado Profissional em Odontologia em Sa\u00fade P\u00fablica da FAO\/UFMG.<\/p>\n<p>A proposta prev\u00ea a participa\u00e7\u00e3o integrada de graduandos\u00a0 e mestrandos, al\u00e9m de atua\u00e7\u00e3o pautada prioritariamente no enfrentamento \u00e0 pandemia da Covid-19.<\/p>\n<p>Para acessar o <strong>EDITAL 05\/2020<\/strong>, <a href=\"http:\/\/www.odonto.ufmg.br\/cenex\/wp-content\/uploads\/sites\/2\/2019\/07\/EDITAL_05_2020_1-Projeto_Escolas_Saudaveis_Formacao_Extensao_PG-01-06-20.pdf\">clique aqui<\/a>.<\/p>\n","protected":false},"excerpt":{"rendered":"<p>RESULTADO As professoras e membros representantes da P\u00f3s-gradua\u00e7\u00e3o, Andrea Maria Duarte Vagas e Najara Barbosa da Rocha, juntamente com a professora e coordenadora do projeto Escolas Saud\u00e1veis, Viviane Elis\u00e2ngela Gomes, divulgaram essa semana o resultado do EDITAL 05\/2020. Para acessar a lista de selecionados, clique aqui. &nbsp; CHAMADA O Colegiado de P\u00f3s-Gradua\u00e7\u00e3o e o Centro [&hellip;]<\/p>\n","protected":false},"author":1,"featured_media":4494,"comment_status":"closed","ping_status":"closed","sticky":false,"template":"","format":"standard","meta":{"inline_featured_image":false,"footnotes":""},"categories":[2],"tags":[],"class_list":["post-4492","post","type-post","status-publish","format-standard","has-post-thumbnail","hentry","category-ata"],"yoast_head":"<!-- This site is optimized with the Yoast SEO plugin v27.5 - https:\/\/yoast.com\/product\/yoast-seo-wordpress\/ -->\n<title>RESULTADO PROJETO ESCOLAS SAUD\u00c1VEIS \u2013 Forma\u00e7\u00e3o de Promotores de Sa\u00fade PROGRAMA PROMO\u00c7\u00c3O DE SA\u00daDE BUCAL | CENEX Odonto<\/title>\n<meta name=\"robots\" content=\"index, follow, max-snippet:-1, max-image-preview:large, max-video-preview:-1\" \/>\n<link rel=\"canonical\" href=\"https:\/\/www.odonto.ufmg.br\/cenex\/noticias\/abertas-as-inscricoes-para-o-projeto-de-extensao-escolas-saudaveis-formacao-de-promotores-de-saude\/\" \/>\n<meta property=\"og:locale\" content=\"pt_BR\" \/>\n<meta property=\"og:type\" content=\"article\" \/>\n<meta property=\"og:title\" content=\"RESULTADO PROJETO ESCOLAS SAUD\u00c1VEIS \u2013 Forma\u00e7\u00e3o de Promotores de Sa\u00fade PROGRAMA PROMO\u00c7\u00c3O DE SA\u00daDE BUCAL | CENEX Odonto\" \/>\n<meta property=\"og:description\" content=\"RESULTADO As professoras e membros representantes da P\u00f3s-gradua\u00e7\u00e3o, Andrea Maria Duarte Vagas e Najara Barbosa da Rocha, juntamente com a professora e coordenadora do projeto Escolas Saud\u00e1veis, Viviane Elis\u00e2ngela Gomes, divulgaram essa semana o resultado do EDITAL 05\/2020. Para acessar a lista de selecionados, clique aqui. &nbsp; CHAMADA O Colegiado de P\u00f3s-Gradua\u00e7\u00e3o e o Centro [&hellip;]\" \/>\n<meta property=\"og:url\" content=\"https:\/\/www.odonto.ufmg.br\/cenex\/noticias\/abertas-as-inscricoes-para-o-projeto-de-extensao-escolas-saudaveis-formacao-de-promotores-de-saude\/\" \/>\n<meta property=\"og:site_name\" content=\"CENEX Odonto\" \/>\n<meta property=\"article:publisher\" content=\"https:\/\/www.facebook.com\/cenexfao\/?locale=pt_BR\" \/>\n<meta property=\"article:published_time\" content=\"2020-06-15T18:00:32+00:00\" \/>\n<meta property=\"article:modified_time\" content=\"2020-06-16T21:40:20+00:00\" \/>\n<meta property=\"og:image\" content=\"https:\/\/www.odonto.ufmg.br\/cenex\/wp-content\/uploads\/sites\/2\/2016\/08\/Escolas-saud\u00e1veis-imagem.jpg\" \/>\n\t<meta property=\"og:image:width\" content=\"960\" \/>\n\t<meta property=\"og:image:height\" content=\"400\" \/>\n\t<meta property=\"og:image:type\" content=\"image\/jpeg\" \/>\n<meta name=\"author\" content=\"Faculdade de Odontologia UFMG\" \/>\n<meta name=\"twitter:card\" content=\"summary_large_image\" \/>\n<meta name=\"twitter:label1\" content=\"Escrito por\" \/>\n\t<meta name=\"twitter:data1\" content=\"Faculdade de Odontologia UFMG\" \/>\n\t<meta name=\"twitter:label2\" content=\"Est. tempo de leitura\" \/>\n\t<meta name=\"twitter:data2\" content=\"1 minuto\" \/>\n<script type=\"application\/ld+json\" class=\"yoast-schema-graph\">{\"@context\":\"https:\\\/\\\/schema.org\",\"@graph\":[{\"@type\":\"Article\",\"@id\":\"https:\\\/\\\/www.odonto.ufmg.br\\\/cenex\\\/noticias\\\/abertas-as-inscricoes-para-o-projeto-de-extensao-escolas-saudaveis-formacao-de-promotores-de-saude\\\/#article\",\"isPartOf\":{\"@id\":\"https:\\\/\\\/www.odonto.ufmg.br\\\/cenex\\\/noticias\\\/abertas-as-inscricoes-para-o-projeto-de-extensao-escolas-saudaveis-formacao-de-promotores-de-saude\\\/\"},\"author\":{\"name\":\"Faculdade de Odontologia UFMG\",\"@id\":\"https:\\\/\\\/www.odonto.ufmg.br\\\/cenex\\\/#\\\/schema\\\/person\\\/8c31067ef949cf5efe6c3ef4f6f51797\"},\"headline\":\"RESULTADO PROJETO ESCOLAS SAUD\u00c1VEIS \u2013 Forma\u00e7\u00e3o de Promotores de Sa\u00fade PROGRAMA PROMO\u00c7\u00c3O DE SA\u00daDE BUCAL\",\"datePublished\":\"2020-06-15T18:00:32+00:00\",\"dateModified\":\"2020-06-16T21:40:20+00:00\",\"mainEntityOfPage\":{\"@id\":\"https:\\\/\\\/www.odonto.ufmg.br\\\/cenex\\\/noticias\\\/abertas-as-inscricoes-para-o-projeto-de-extensao-escolas-saudaveis-formacao-de-promotores-de-saude\\\/\"},\"wordCount\":202,\"publisher\":{\"@id\":\"https:\\\/\\\/www.odonto.ufmg.br\\\/cenex\\\/#organization\"},\"image\":{\"@id\":\"https:\\\/\\\/www.odonto.ufmg.br\\\/cenex\\\/noticias\\\/abertas-as-inscricoes-para-o-projeto-de-extensao-escolas-saudaveis-formacao-de-promotores-de-saude\\\/#primaryimage\"},\"thumbnailUrl\":\"https:\\\/\\\/www.odonto.ufmg.br\\\/cenex\\\/wp-content\\\/uploads\\\/sites\\\/2\\\/2016\\\/08\\\/Escolas-saud\u00e1veis-imagem.jpg\",\"articleSection\":[\"ATA\"],\"inLanguage\":\"pt-BR\"},{\"@type\":\"WebPage\",\"@id\":\"https:\\\/\\\/www.odonto.ufmg.br\\\/cenex\\\/noticias\\\/abertas-as-inscricoes-para-o-projeto-de-extensao-escolas-saudaveis-formacao-de-promotores-de-saude\\\/\",\"url\":\"https:\\\/\\\/www.odonto.ufmg.br\\\/cenex\\\/noticias\\\/abertas-as-inscricoes-para-o-projeto-de-extensao-escolas-saudaveis-formacao-de-promotores-de-saude\\\/\",\"name\":\"RESULTADO PROJETO ESCOLAS SAUD\u00c1VEIS \u2013 Forma\u00e7\u00e3o de Promotores de Sa\u00fade PROGRAMA PROMO\u00c7\u00c3O DE SA\u00daDE BUCAL | CENEX Odonto\",\"isPartOf\":{\"@id\":\"https:\\\/\\\/www.odonto.ufmg.br\\\/cenex\\\/#website\"},\"primaryImageOfPage\":{\"@id\":\"https:\\\/\\\/www.odonto.ufmg.br\\\/cenex\\\/noticias\\\/abertas-as-inscricoes-para-o-projeto-de-extensao-escolas-saudaveis-formacao-de-promotores-de-saude\\\/#primaryimage\"},\"image\":{\"@id\":\"https:\\\/\\\/www.odonto.ufmg.br\\\/cenex\\\/noticias\\\/abertas-as-inscricoes-para-o-projeto-de-extensao-escolas-saudaveis-formacao-de-promotores-de-saude\\\/#primaryimage\"},\"thumbnailUrl\":\"https:\\\/\\\/www.odonto.ufmg.br\\\/cenex\\\/wp-content\\\/uploads\\\/sites\\\/2\\\/2016\\\/08\\\/Escolas-saud\u00e1veis-imagem.jpg\",\"datePublished\":\"2020-06-15T18:00:32+00:00\",\"dateModified\":\"2020-06-16T21:40:20+00:00\",\"breadcrumb\":{\"@id\":\"https:\\\/\\\/www.odonto.ufmg.br\\\/cenex\\\/noticias\\\/abertas-as-inscricoes-para-o-projeto-de-extensao-escolas-saudaveis-formacao-de-promotores-de-saude\\\/#breadcrumb\"},\"inLanguage\":\"pt-BR\",\"potentialAction\":[{\"@type\":\"ReadAction\",\"target\":[\"https:\\\/\\\/www.odonto.ufmg.br\\\/cenex\\\/noticias\\\/abertas-as-inscricoes-para-o-projeto-de-extensao-escolas-saudaveis-formacao-de-promotores-de-saude\\\/\"]}]},{\"@type\":\"ImageObject\",\"inLanguage\":\"pt-BR\",\"@id\":\"https:\\\/\\\/www.odonto.ufmg.br\\\/cenex\\\/noticias\\\/abertas-as-inscricoes-para-o-projeto-de-extensao-escolas-saudaveis-formacao-de-promotores-de-saude\\\/#primaryimage\",\"url\":\"https:\\\/\\\/www.odonto.ufmg.br\\\/cenex\\\/wp-content\\\/uploads\\\/sites\\\/2\\\/2016\\\/08\\\/Escolas-saud\u00e1veis-imagem.jpg\",\"contentUrl\":\"https:\\\/\\\/www.odonto.ufmg.br\\\/cenex\\\/wp-content\\\/uploads\\\/sites\\\/2\\\/2016\\\/08\\\/Escolas-saud\u00e1veis-imagem.jpg\",\"width\":960,\"height\":400},{\"@type\":\"BreadcrumbList\",\"@id\":\"https:\\\/\\\/www.odonto.ufmg.br\\\/cenex\\\/noticias\\\/abertas-as-inscricoes-para-o-projeto-de-extensao-escolas-saudaveis-formacao-de-promotores-de-saude\\\/#breadcrumb\",\"itemListElement\":[{\"@type\":\"ListItem\",\"position\":1,\"name\":\"In\u00edcio\",\"item\":\"https:\\\/\\\/www.odonto.ufmg.br\\\/cenex\\\/cenex\\\/\"},{\"@type\":\"ListItem\",\"position\":2,\"name\":\"RESULTADO PROJETO ESCOLAS SAUD\u00c1VEIS \u2013 Forma\u00e7\u00e3o de Promotores de Sa\u00fade PROGRAMA PROMO\u00c7\u00c3O DE SA\u00daDE BUCAL\"}]},{\"@type\":\"WebSite\",\"@id\":\"https:\\\/\\\/www.odonto.ufmg.br\\\/cenex\\\/#website\",\"url\":\"https:\\\/\\\/www.odonto.ufmg.br\\\/cenex\\\/\",\"name\":\"CENEX Odonto\",\"description\":\"Centro de Extens\u00e3o - Faculdade de Odontologia UFMG\",\"publisher\":{\"@id\":\"https:\\\/\\\/www.odonto.ufmg.br\\\/cenex\\\/#organization\"},\"potentialAction\":[{\"@type\":\"SearchAction\",\"target\":{\"@type\":\"EntryPoint\",\"urlTemplate\":\"https:\\\/\\\/www.odonto.ufmg.br\\\/cenex\\\/?s={search_term_string}\"},\"query-input\":{\"@type\":\"PropertyValueSpecification\",\"valueRequired\":true,\"valueName\":\"search_term_string\"}}],\"inLanguage\":\"pt-BR\"},{\"@type\":\"Organization\",\"@id\":\"https:\\\/\\\/www.odonto.ufmg.br\\\/cenex\\\/#organization\",\"name\":\"Faculdade de Odontologia da UFMG\",\"url\":\"https:\\\/\\\/www.odonto.ufmg.br\\\/cenex\\\/\",\"logo\":{\"@type\":\"ImageObject\",\"inLanguage\":\"pt-BR\",\"@id\":\"https:\\\/\\\/www.odonto.ufmg.br\\\/cenex\\\/#\\\/schema\\\/logo\\\/image\\\/\",\"url\":\"http:\\\/\\\/www.odonto.ufmg.br\\\/cenex\\\/wp-content\\\/uploads\\\/sites\\\/2\\\/2015\\\/12\\\/logo_cenex.svg\",\"contentUrl\":\"http:\\\/\\\/www.odonto.ufmg.br\\\/cenex\\\/wp-content\\\/uploads\\\/sites\\\/2\\\/2015\\\/12\\\/logo_cenex.svg\",\"width\":1,\"height\":1,\"caption\":\"Faculdade de Odontologia da UFMG\"},\"image\":{\"@id\":\"https:\\\/\\\/www.odonto.ufmg.br\\\/cenex\\\/#\\\/schema\\\/logo\\\/image\\\/\"},\"sameAs\":[\"https:\\\/\\\/www.facebook.com\\\/cenexfao\\\/?locale=pt_BR\",\"https:\\\/\\\/www.instagram.com\\\/cenexfao\\\/\"]},{\"@type\":\"Person\",\"@id\":\"https:\\\/\\\/www.odonto.ufmg.br\\\/cenex\\\/#\\\/schema\\\/person\\\/8c31067ef949cf5efe6c3ef4f6f51797\",\"name\":\"Faculdade de Odontologia UFMG\",\"url\":\"https:\\\/\\\/www.odonto.ufmg.br\\\/cenex\\\/author\\\/sites\\\/\"}]}<\/script>\n<!-- \/ Yoast SEO plugin. -->","yoast_head_json":{"title":"RESULTADO PROJETO ESCOLAS SAUD\u00c1VEIS \u2013 Forma\u00e7\u00e3o de Promotores de Sa\u00fade PROGRAMA PROMO\u00c7\u00c3O DE SA\u00daDE BUCAL | CENEX Odonto","robots":{"index":"index","follow":"follow","max-snippet":"max-snippet:-1","max-image-preview":"max-image-preview:large","max-video-preview":"max-video-preview:-1"},"canonical":"https:\/\/www.odonto.ufmg.br\/cenex\/noticias\/abertas-as-inscricoes-para-o-projeto-de-extensao-escolas-saudaveis-formacao-de-promotores-de-saude\/","og_locale":"pt_BR","og_type":"article","og_title":"RESULTADO PROJETO ESCOLAS SAUD\u00c1VEIS \u2013 Forma\u00e7\u00e3o de Promotores de Sa\u00fade PROGRAMA PROMO\u00c7\u00c3O DE SA\u00daDE BUCAL | CENEX Odonto","og_description":"RESULTADO As professoras e membros representantes da P\u00f3s-gradua\u00e7\u00e3o, Andrea Maria Duarte Vagas e Najara Barbosa da Rocha, juntamente com a professora e coordenadora do projeto Escolas Saud\u00e1veis, Viviane Elis\u00e2ngela Gomes, divulgaram essa semana o resultado do EDITAL 05\/2020. Para acessar a lista de selecionados, clique aqui. &nbsp; CHAMADA O Colegiado de P\u00f3s-Gradua\u00e7\u00e3o e o Centro [&hellip;]","og_url":"https:\/\/www.odonto.ufmg.br\/cenex\/noticias\/abertas-as-inscricoes-para-o-projeto-de-extensao-escolas-saudaveis-formacao-de-promotores-de-saude\/","og_site_name":"CENEX Odonto","article_publisher":"https:\/\/www.facebook.com\/cenexfao\/?locale=pt_BR","article_published_time":"2020-06-15T18:00:32+00:00","article_modified_time":"2020-06-16T21:40:20+00:00","og_image":[{"width":960,"height":400,"url":"https:\/\/www.odonto.ufmg.br\/cenex\/wp-content\/uploads\/sites\/2\/2016\/08\/Escolas-saud\u00e1veis-imagem.jpg","type":"image\/jpeg"}],"author":"Faculdade de Odontologia UFMG","twitter_card":"summary_large_image","twitter_misc":{"Escrito por":"Faculdade de Odontologia UFMG","Est. tempo de leitura":"1 minuto"},"schema":{"@context":"https:\/\/schema.org","@graph":[{"@type":"Article","@id":"https:\/\/www.odonto.ufmg.br\/cenex\/noticias\/abertas-as-inscricoes-para-o-projeto-de-extensao-escolas-saudaveis-formacao-de-promotores-de-saude\/#article","isPartOf":{"@id":"https:\/\/www.odonto.ufmg.br\/cenex\/noticias\/abertas-as-inscricoes-para-o-projeto-de-extensao-escolas-saudaveis-formacao-de-promotores-de-saude\/"},"author":{"name":"Faculdade de Odontologia UFMG","@id":"https:\/\/www.odonto.ufmg.br\/cenex\/#\/schema\/person\/8c31067ef949cf5efe6c3ef4f6f51797"},"headline":"RESULTADO PROJETO ESCOLAS SAUD\u00c1VEIS \u2013 Forma\u00e7\u00e3o de Promotores de Sa\u00fade PROGRAMA PROMO\u00c7\u00c3O DE SA\u00daDE BUCAL","datePublished":"2020-06-15T18:00:32+00:00","dateModified":"2020-06-16T21:40:20+00:00","mainEntityOfPage":{"@id":"https:\/\/www.odonto.ufmg.br\/cenex\/noticias\/abertas-as-inscricoes-para-o-projeto-de-extensao-escolas-saudaveis-formacao-de-promotores-de-saude\/"},"wordCount":202,"publisher":{"@id":"https:\/\/www.odonto.ufmg.br\/cenex\/#organization"},"image":{"@id":"https:\/\/www.odonto.ufmg.br\/cenex\/noticias\/abertas-as-inscricoes-para-o-projeto-de-extensao-escolas-saudaveis-formacao-de-promotores-de-saude\/#primaryimage"},"thumbnailUrl":"https:\/\/www.odonto.ufmg.br\/cenex\/wp-content\/uploads\/sites\/2\/2016\/08\/Escolas-saud\u00e1veis-imagem.jpg","articleSection":["ATA"],"inLanguage":"pt-BR"},{"@type":"WebPage","@id":"https:\/\/www.odonto.ufmg.br\/cenex\/noticias\/abertas-as-inscricoes-para-o-projeto-de-extensao-escolas-saudaveis-formacao-de-promotores-de-saude\/","url":"https:\/\/www.odonto.ufmg.br\/cenex\/noticias\/abertas-as-inscricoes-para-o-projeto-de-extensao-escolas-saudaveis-formacao-de-promotores-de-saude\/","name":"RESULTADO PROJETO ESCOLAS SAUD\u00c1VEIS \u2013 Forma\u00e7\u00e3o de Promotores de Sa\u00fade PROGRAMA PROMO\u00c7\u00c3O DE SA\u00daDE BUCAL | CENEX Odonto","isPartOf":{"@id":"https:\/\/www.odonto.ufmg.br\/cenex\/#website"},"primaryImageOfPage":{"@id":"https:\/\/www.odonto.ufmg.br\/cenex\/noticias\/abertas-as-inscricoes-para-o-projeto-de-extensao-escolas-saudaveis-formacao-de-promotores-de-saude\/#primaryimage"},"image":{"@id":"https:\/\/www.odonto.ufmg.br\/cenex\/noticias\/abertas-as-inscricoes-para-o-projeto-de-extensao-escolas-saudaveis-formacao-de-promotores-de-saude\/#primaryimage"},"thumbnailUrl":"https:\/\/www.odonto.ufmg.br\/cenex\/wp-content\/uploads\/sites\/2\/2016\/08\/Escolas-saud\u00e1veis-imagem.jpg","datePublished":"2020-06-15T18:00:32+00:00","dateModified":"2020-06-16T21:40:20+00:00","breadcrumb":{"@id":"https:\/\/www.odonto.ufmg.br\/cenex\/noticias\/abertas-as-inscricoes-para-o-projeto-de-extensao-escolas-saudaveis-formacao-de-promotores-de-saude\/#breadcrumb"},"inLanguage":"pt-BR","potentialAction":[{"@type":"ReadAction","target":["https:\/\/www.odonto.ufmg.br\/cenex\/noticias\/abertas-as-inscricoes-para-o-projeto-de-extensao-escolas-saudaveis-formacao-de-promotores-de-saude\/"]}]},{"@type":"ImageObject","inLanguage":"pt-BR","@id":"https:\/\/www.odonto.ufmg.br\/cenex\/noticias\/abertas-as-inscricoes-para-o-projeto-de-extensao-escolas-saudaveis-formacao-de-promotores-de-saude\/#primaryimage","url":"https:\/\/www.odonto.ufmg.br\/cenex\/wp-content\/uploads\/sites\/2\/2016\/08\/Escolas-saud\u00e1veis-imagem.jpg","contentUrl":"https:\/\/www.odonto.ufmg.br\/cenex\/wp-content\/uploads\/sites\/2\/2016\/08\/Escolas-saud\u00e1veis-imagem.jpg","width":960,"height":400},{"@type":"BreadcrumbList","@id":"https:\/\/www.odonto.ufmg.br\/cenex\/noticias\/abertas-as-inscricoes-para-o-projeto-de-extensao-escolas-saudaveis-formacao-de-promotores-de-saude\/#breadcrumb","itemListElement":[{"@type":"ListItem","position":1,"name":"In\u00edcio","item":"https:\/\/www.odonto.ufmg.br\/cenex\/cenex\/"},{"@type":"ListItem","position":2,"name":"RESULTADO PROJETO ESCOLAS SAUD\u00c1VEIS \u2013 Forma\u00e7\u00e3o de Promotores de Sa\u00fade PROGRAMA PROMO\u00c7\u00c3O DE SA\u00daDE BUCAL"}]},{"@type":"WebSite","@id":"https:\/\/www.odonto.ufmg.br\/cenex\/#website","url":"https:\/\/www.odonto.ufmg.br\/cenex\/","name":"CENEX Odonto","description":"Centro de Extens\u00e3o - Faculdade de Odontologia UFMG","publisher":{"@id":"https:\/\/www.odonto.ufmg.br\/cenex\/#organization"},"potentialAction":[{"@type":"SearchAction","target":{"@type":"EntryPoint","urlTemplate":"https:\/\/www.odonto.ufmg.br\/cenex\/?s={search_term_string}"},"query-input":{"@type":"PropertyValueSpecification","valueRequired":true,"valueName":"search_term_string"}}],"inLanguage":"pt-BR"},{"@type":"Organization","@id":"https:\/\/www.odonto.ufmg.br\/cenex\/#organization","name":"Faculdade de Odontologia da UFMG","url":"https:\/\/www.odonto.ufmg.br\/cenex\/","logo":{"@type":"ImageObject","inLanguage":"pt-BR","@id":"https:\/\/www.odonto.ufmg.br\/cenex\/#\/schema\/logo\/image\/","url":"http:\/\/www.odonto.ufmg.br\/cenex\/wp-content\/uploads\/sites\/2\/2015\/12\/logo_cenex.svg","contentUrl":"http:\/\/www.odonto.ufmg.br\/cenex\/wp-content\/uploads\/sites\/2\/2015\/12\/logo_cenex.svg","width":1,"height":1,"caption":"Faculdade de Odontologia da UFMG"},"image":{"@id":"https:\/\/www.odonto.ufmg.br\/cenex\/#\/schema\/logo\/image\/"},"sameAs":["https:\/\/www.facebook.com\/cenexfao\/?locale=pt_BR","https:\/\/www.instagram.com\/cenexfao\/"]},{"@type":"Person","@id":"https:\/\/www.odonto.ufmg.br\/cenex\/#\/schema\/person\/8c31067ef949cf5efe6c3ef4f6f51797","name":"Faculdade de Odontologia UFMG","url":"https:\/\/www.odonto.ufmg.br\/cenex\/author\/sites\/"}]}},"_links":{"self":[{"href":"https:\/\/www.odonto.ufmg.br\/cenex\/wp-json\/wp\/v2\/posts\/4492","targetHints":{"allow":["GET"]}}],"collection":[{"href":"https:\/\/www.odonto.ufmg.br\/cenex\/wp-json\/wp\/v2\/posts"}],"about":[{"href":"https:\/\/www.odonto.ufmg.br\/cenex\/wp-json\/wp\/v2\/types\/post"}],"author":[{"embeddable":true,"href":"https:\/\/www.odonto.ufmg.br\/cenex\/wp-json\/wp\/v2\/users\/1"}],"replies":[{"embeddable":true,"href":"https:\/\/www.odonto.ufmg.br\/cenex\/wp-json\/wp\/v2\/comments?post=4492"}],"version-history":[{"count":19,"href":"https:\/\/www.odonto.ufmg.br\/cenex\/wp-json\/wp\/v2\/posts\/4492\/revisions"}],"predecessor-version":[{"id":11696,"href":"https:\/\/www.odonto.ufmg.br\/cenex\/wp-json\/wp\/v2\/posts\/4492\/revisions\/11696"}],"wp:featuredmedia":[{"embeddable":true,"href":"https:\/\/www.odonto.ufmg.br\/cenex\/wp-json\/wp\/v2\/media\/4494"}],"wp:attachment":[{"href":"https:\/\/www.odonto.ufmg.br\/cenex\/wp-json\/wp\/v2\/media?parent=4492"}],"wp:term":[{"taxonomy":"category","embeddable":true,"href":"https:\/\/www.odonto.ufmg.br\/cenex\/wp-json\/wp\/v2\/categories?post=4492"},{"taxonomy":"post_tag","embeddable":true,"href":"https:\/\/www.odonto.ufmg.br\/cenex\/wp-json\/wp\/v2\/tags?post=4492"}],"curies":[{"name":"wp","href":"https:\/\/api.w.org\/{rel}","templated":true}]}}