{"id":4484,"date":"2017-02-08T17:02:28","date_gmt":"2017-02-08T19:02:28","guid":{"rendered":"http:\/\/www.odonto.ufmg.br\/cenex\/?p=4484"},"modified":"2017-02-08T17:52:55","modified_gmt":"2017-02-08T19:52:55","slug":"inscricoes-voluntarios-projeto-de-extensao-atendimento-de-suporte-odontologico-ao-paciente-com-cancer-e-irradiado-em-regiao-da-cabeca-e-pescoco","status":"publish","type":"post","link":"https:\/\/www.odonto.ufmg.br\/cenex\/ata\/inscricoes-voluntarios-projeto-de-extensao-atendimento-de-suporte-odontologico-ao-paciente-com-cancer-e-irradiado-em-regiao-da-cabeca-e-pescoco\/","title":{"rendered":"Sele\u00e7\u00e3o de bolsistas e volunt\u00e1rios para o Projeto de Extens\u00e3o &#8220;Atendimento de suporte odontol\u00f3gico ao paciente com c\u00e2ncer e irradiado em regi\u00e3o da cabe\u00e7a e pesco\u00e7o&#8221;"},"content":{"rendered":"<p><strong>RESULTADO SELE\u00c7\u00c3O<\/strong><\/p>\n<p>O coordenador do\u00a0Projeto de Extens\u00e3o &#8220;Atendimento de suporte odontol\u00f3gico ao paciente com c\u00e2ncer e irradiado em regi\u00e3o da cabe\u00e7a e pesco\u00e7o&#8221;, Prof. Vagner Rodrigues Santos, divulgou na presente data o resultado da sele\u00e7\u00e3o de bolsistas e volunt\u00e1rios. Para visualizar o resultado, <a href=\"http:\/\/www.odonto.ufmg.br\/cenex\/wp-content\/uploads\/sites\/2\/2017\/01\/PROJETO-ONCOLOGIA-SELE%C3%87%C3%83O-DE-BOLSISTAS-2017.pdf\">clique aqui.<\/a><\/p>\n<p>Informamos que os alunos bolsistas selecionados dever\u00e3o\u00a0seguir o tutorial de implementa\u00e7\u00e3o das bolsas, para o documento <a href=\"http:\/\/www.odonto.ufmg.br\/cenex\/wp-content\/uploads\/sites\/2\/2017\/01\/TUTORIAL-IMPLEMENTA%C3%87%C3%83O-DAS-BOLSAS-DE-EXTENS%C3%83O.pdf\">clique aqui<\/a>.<\/p>\n<p>O prazo para implementa\u00e7\u00e3o da bolsas de fevereiro \u00e9 o dia <strong>10\/02\/2017.<\/strong><\/p>\n<p><strong>EDITAL<\/strong><\/p>\n<p>Estar\u00e3o abertas, no per\u00edodo de 25 de janeiro a 06 de fevereiro de 2017, \u00e0s inscri\u00e7\u00f5es para sele\u00e7\u00e3o quatro bolsistas de extens\u00e3o e quinze volunt\u00e1rios (7\u00ba ao 9\u00ba per\u00edodos)\u00a0para atuarem no Projeto de Extens\u00e3o &#8220;Atendimento de suporte odontol\u00f3gico ao paciente com c\u00e2ncer e irradiado em regi\u00e3o da cabe\u00e7a e pesco\u00e7o&#8221;, coordenado pelo prof. Vagner Rodrigues Santos.<\/p>\n<p>Para visualizar o Edital N\u00ba002\/2017, <a href=\"http:\/\/www.odonto.ufmg.br\/cenex\/wp-content\/uploads\/sites\/2\/2016\/08\/EDITAL-02-2017-Bolsistas-Oncologia.pdf\">clique aqui.<\/a><\/p>\n","protected":false},"excerpt":{"rendered":"<p>RESULTADO SELE\u00c7\u00c3O O coordenador do\u00a0Projeto de Extens\u00e3o &#8220;Atendimento de suporte odontol\u00f3gico ao paciente com c\u00e2ncer e irradiado em regi\u00e3o da cabe\u00e7a e pesco\u00e7o&#8221;, Prof. Vagner Rodrigues Santos, divulgou na presente data o resultado da sele\u00e7\u00e3o de bolsistas e volunt\u00e1rios. Para visualizar o resultado, clique aqui. Informamos que os alunos bolsistas selecionados dever\u00e3o\u00a0seguir o tutorial de [&hellip;]<\/p>\n","protected":false},"author":6,"featured_media":5092,"comment_status":"closed","ping_status":"closed","sticky":false,"template":"","format":"standard","meta":{"inline_featured_image":false,"footnotes":""},"categories":[2],"tags":[],"class_list":["post-4484","post","type-post","status-publish","format-standard","has-post-thumbnail","hentry","category-ata"],"yoast_head":"<!-- This site is optimized with the Yoast SEO plugin v27.5 - https:\/\/yoast.com\/product\/yoast-seo-wordpress\/ -->\n<title>Sele\u00e7\u00e3o de bolsistas e volunt\u00e1rios para o Projeto de Extens\u00e3o &quot;Atendimento de suporte odontol\u00f3gico ao paciente com c\u00e2ncer e irradiado em regi\u00e3o da cabe\u00e7a e pesco\u00e7o&quot; | CENEX Odonto<\/title>\n<meta name=\"robots\" content=\"index, follow, max-snippet:-1, max-image-preview:large, max-video-preview:-1\" \/>\n<link rel=\"canonical\" href=\"https:\/\/www.odonto.ufmg.br\/cenex\/editais\/inscricoes-voluntarios-projeto-de-extensao-atendimento-de-suporte-odontologico-ao-paciente-com-cancer-e-irradiado-em-regiao-da-cabeca-e-pescoco\/\" \/>\n<meta property=\"og:locale\" content=\"pt_BR\" \/>\n<meta property=\"og:type\" content=\"article\" \/>\n<meta property=\"og:title\" content=\"Sele\u00e7\u00e3o de bolsistas e volunt\u00e1rios para o Projeto de Extens\u00e3o &quot;Atendimento de suporte odontol\u00f3gico ao paciente com c\u00e2ncer e irradiado em regi\u00e3o da cabe\u00e7a e pesco\u00e7o&quot; | CENEX Odonto\" \/>\n<meta property=\"og:description\" content=\"RESULTADO SELE\u00c7\u00c3O O coordenador do\u00a0Projeto de Extens\u00e3o &#8220;Atendimento de suporte odontol\u00f3gico ao paciente com c\u00e2ncer e irradiado em regi\u00e3o da cabe\u00e7a e pesco\u00e7o&#8221;, Prof. Vagner Rodrigues Santos, divulgou na presente data o resultado da sele\u00e7\u00e3o de bolsistas e volunt\u00e1rios. Para visualizar o resultado, clique aqui. Informamos que os alunos bolsistas selecionados dever\u00e3o\u00a0seguir o tutorial de [&hellip;]\" \/>\n<meta property=\"og:url\" content=\"https:\/\/www.odonto.ufmg.br\/cenex\/editais\/inscricoes-voluntarios-projeto-de-extensao-atendimento-de-suporte-odontologico-ao-paciente-com-cancer-e-irradiado-em-regiao-da-cabeca-e-pescoco\/\" \/>\n<meta property=\"og:site_name\" content=\"CENEX Odonto\" \/>\n<meta property=\"article:publisher\" content=\"https:\/\/www.facebook.com\/cenexfao\/?locale=pt_BR\" \/>\n<meta property=\"article:published_time\" content=\"2017-02-08T19:02:28+00:00\" \/>\n<meta property=\"article:modified_time\" content=\"2017-02-08T19:52:55+00:00\" \/>\n<meta property=\"og:image\" content=\"https:\/\/www.odonto.ufmg.br\/cenex\/wp-content\/uploads\/sites\/2\/2016\/01\/oNCOLOGIA.jpg\" \/>\n\t<meta property=\"og:image:width\" content=\"1198\" \/>\n\t<meta property=\"og:image:height\" content=\"501\" \/>\n\t<meta property=\"og:image:type\" content=\"image\/jpeg\" \/>\n<meta name=\"twitter:card\" content=\"summary_large_image\" \/>\n<meta name=\"twitter:label1\" content=\"Escrito por\" \/>\n\t<meta name=\"twitter:data1\" content=\"\" \/>\n\t<meta name=\"twitter:label2\" content=\"Est. tempo de leitura\" \/>\n\t<meta name=\"twitter:data2\" content=\"1 minuto\" \/>\n<script type=\"application\/ld+json\" class=\"yoast-schema-graph\">{\"@context\":\"https:\\\/\\\/schema.org\",\"@graph\":[{\"@type\":\"Article\",\"@id\":\"https:\\\/\\\/www.odonto.ufmg.br\\\/cenex\\\/editais\\\/inscricoes-voluntarios-projeto-de-extensao-atendimento-de-suporte-odontologico-ao-paciente-com-cancer-e-irradiado-em-regiao-da-cabeca-e-pescoco\\\/#article\",\"isPartOf\":{\"@id\":\"https:\\\/\\\/www.odonto.ufmg.br\\\/cenex\\\/editais\\\/inscricoes-voluntarios-projeto-de-extensao-atendimento-de-suporte-odontologico-ao-paciente-com-cancer-e-irradiado-em-regiao-da-cabeca-e-pescoco\\\/\"},\"author\":{\"name\":\"\",\"@id\":\"\"},\"headline\":\"Sele\u00e7\u00e3o de bolsistas e volunt\u00e1rios para o Projeto de Extens\u00e3o &#8220;Atendimento de suporte odontol\u00f3gico ao paciente com c\u00e2ncer e irradiado em regi\u00e3o da cabe\u00e7a e pesco\u00e7o&#8221;\",\"datePublished\":\"2017-02-08T19:02:28+00:00\",\"dateModified\":\"2017-02-08T19:52:55+00:00\",\"mainEntityOfPage\":{\"@id\":\"https:\\\/\\\/www.odonto.ufmg.br\\\/cenex\\\/editais\\\/inscricoes-voluntarios-projeto-de-extensao-atendimento-de-suporte-odontologico-ao-paciente-com-cancer-e-irradiado-em-regiao-da-cabeca-e-pescoco\\\/\"},\"wordCount\":194,\"publisher\":{\"@id\":\"https:\\\/\\\/www.odonto.ufmg.br\\\/cenex\\\/#organization\"},\"image\":{\"@id\":\"https:\\\/\\\/www.odonto.ufmg.br\\\/cenex\\\/editais\\\/inscricoes-voluntarios-projeto-de-extensao-atendimento-de-suporte-odontologico-ao-paciente-com-cancer-e-irradiado-em-regiao-da-cabeca-e-pescoco\\\/#primaryimage\"},\"thumbnailUrl\":\"https:\\\/\\\/www.odonto.ufmg.br\\\/cenex\\\/wp-content\\\/uploads\\\/sites\\\/2\\\/2016\\\/01\\\/oNCOLOGIA.jpg\",\"articleSection\":[\"ATA\"],\"inLanguage\":\"pt-BR\"},{\"@type\":\"WebPage\",\"@id\":\"https:\\\/\\\/www.odonto.ufmg.br\\\/cenex\\\/editais\\\/inscricoes-voluntarios-projeto-de-extensao-atendimento-de-suporte-odontologico-ao-paciente-com-cancer-e-irradiado-em-regiao-da-cabeca-e-pescoco\\\/\",\"url\":\"https:\\\/\\\/www.odonto.ufmg.br\\\/cenex\\\/editais\\\/inscricoes-voluntarios-projeto-de-extensao-atendimento-de-suporte-odontologico-ao-paciente-com-cancer-e-irradiado-em-regiao-da-cabeca-e-pescoco\\\/\",\"name\":\"Sele\u00e7\u00e3o de bolsistas e volunt\u00e1rios para o Projeto de Extens\u00e3o \\\"Atendimento de suporte odontol\u00f3gico ao paciente com c\u00e2ncer e irradiado em regi\u00e3o da cabe\u00e7a e pesco\u00e7o\\\" | CENEX Odonto\",\"isPartOf\":{\"@id\":\"https:\\\/\\\/www.odonto.ufmg.br\\\/cenex\\\/#website\"},\"primaryImageOfPage\":{\"@id\":\"https:\\\/\\\/www.odonto.ufmg.br\\\/cenex\\\/editais\\\/inscricoes-voluntarios-projeto-de-extensao-atendimento-de-suporte-odontologico-ao-paciente-com-cancer-e-irradiado-em-regiao-da-cabeca-e-pescoco\\\/#primaryimage\"},\"image\":{\"@id\":\"https:\\\/\\\/www.odonto.ufmg.br\\\/cenex\\\/editais\\\/inscricoes-voluntarios-projeto-de-extensao-atendimento-de-suporte-odontologico-ao-paciente-com-cancer-e-irradiado-em-regiao-da-cabeca-e-pescoco\\\/#primaryimage\"},\"thumbnailUrl\":\"https:\\\/\\\/www.odonto.ufmg.br\\\/cenex\\\/wp-content\\\/uploads\\\/sites\\\/2\\\/2016\\\/01\\\/oNCOLOGIA.jpg\",\"datePublished\":\"2017-02-08T19:02:28+00:00\",\"dateModified\":\"2017-02-08T19:52:55+00:00\",\"breadcrumb\":{\"@id\":\"https:\\\/\\\/www.odonto.ufmg.br\\\/cenex\\\/editais\\\/inscricoes-voluntarios-projeto-de-extensao-atendimento-de-suporte-odontologico-ao-paciente-com-cancer-e-irradiado-em-regiao-da-cabeca-e-pescoco\\\/#breadcrumb\"},\"inLanguage\":\"pt-BR\",\"potentialAction\":[{\"@type\":\"ReadAction\",\"target\":[\"https:\\\/\\\/www.odonto.ufmg.br\\\/cenex\\\/editais\\\/inscricoes-voluntarios-projeto-de-extensao-atendimento-de-suporte-odontologico-ao-paciente-com-cancer-e-irradiado-em-regiao-da-cabeca-e-pescoco\\\/\"]}]},{\"@type\":\"ImageObject\",\"inLanguage\":\"pt-BR\",\"@id\":\"https:\\\/\\\/www.odonto.ufmg.br\\\/cenex\\\/editais\\\/inscricoes-voluntarios-projeto-de-extensao-atendimento-de-suporte-odontologico-ao-paciente-com-cancer-e-irradiado-em-regiao-da-cabeca-e-pescoco\\\/#primaryimage\",\"url\":\"https:\\\/\\\/www.odonto.ufmg.br\\\/cenex\\\/wp-content\\\/uploads\\\/sites\\\/2\\\/2016\\\/01\\\/oNCOLOGIA.jpg\",\"contentUrl\":\"https:\\\/\\\/www.odonto.ufmg.br\\\/cenex\\\/wp-content\\\/uploads\\\/sites\\\/2\\\/2016\\\/01\\\/oNCOLOGIA.jpg\",\"width\":1198,\"height\":501},{\"@type\":\"BreadcrumbList\",\"@id\":\"https:\\\/\\\/www.odonto.ufmg.br\\\/cenex\\\/editais\\\/inscricoes-voluntarios-projeto-de-extensao-atendimento-de-suporte-odontologico-ao-paciente-com-cancer-e-irradiado-em-regiao-da-cabeca-e-pescoco\\\/#breadcrumb\",\"itemListElement\":[{\"@type\":\"ListItem\",\"position\":1,\"name\":\"In\u00edcio\",\"item\":\"https:\\\/\\\/www.odonto.ufmg.br\\\/cenex\\\/cenex\\\/\"},{\"@type\":\"ListItem\",\"position\":2,\"name\":\"Sele\u00e7\u00e3o de bolsistas e volunt\u00e1rios para o Projeto de Extens\u00e3o &#8220;Atendimento de suporte odontol\u00f3gico ao paciente com c\u00e2ncer e irradiado em regi\u00e3o da cabe\u00e7a e pesco\u00e7o&#8221;\"}]},{\"@type\":\"WebSite\",\"@id\":\"https:\\\/\\\/www.odonto.ufmg.br\\\/cenex\\\/#website\",\"url\":\"https:\\\/\\\/www.odonto.ufmg.br\\\/cenex\\\/\",\"name\":\"CENEX Odonto\",\"description\":\"Centro de Extens\u00e3o - Faculdade de Odontologia UFMG\",\"publisher\":{\"@id\":\"https:\\\/\\\/www.odonto.ufmg.br\\\/cenex\\\/#organization\"},\"potentialAction\":[{\"@type\":\"SearchAction\",\"target\":{\"@type\":\"EntryPoint\",\"urlTemplate\":\"https:\\\/\\\/www.odonto.ufmg.br\\\/cenex\\\/?s={search_term_string}\"},\"query-input\":{\"@type\":\"PropertyValueSpecification\",\"valueRequired\":true,\"valueName\":\"search_term_string\"}}],\"inLanguage\":\"pt-BR\"},{\"@type\":\"Organization\",\"@id\":\"https:\\\/\\\/www.odonto.ufmg.br\\\/cenex\\\/#organization\",\"name\":\"Faculdade de Odontologia da UFMG\",\"url\":\"https:\\\/\\\/www.odonto.ufmg.br\\\/cenex\\\/\",\"logo\":{\"@type\":\"ImageObject\",\"inLanguage\":\"pt-BR\",\"@id\":\"https:\\\/\\\/www.odonto.ufmg.br\\\/cenex\\\/#\\\/schema\\\/logo\\\/image\\\/\",\"url\":\"http:\\\/\\\/www.odonto.ufmg.br\\\/cenex\\\/wp-content\\\/uploads\\\/sites\\\/2\\\/2015\\\/12\\\/logo_cenex.svg\",\"contentUrl\":\"http:\\\/\\\/www.odonto.ufmg.br\\\/cenex\\\/wp-content\\\/uploads\\\/sites\\\/2\\\/2015\\\/12\\\/logo_cenex.svg\",\"width\":1,\"height\":1,\"caption\":\"Faculdade de Odontologia da UFMG\"},\"image\":{\"@id\":\"https:\\\/\\\/www.odonto.ufmg.br\\\/cenex\\\/#\\\/schema\\\/logo\\\/image\\\/\"},\"sameAs\":[\"https:\\\/\\\/www.facebook.com\\\/cenexfao\\\/?locale=pt_BR\",\"https:\\\/\\\/www.instagram.com\\\/cenexfao\\\/\"]},{\"@type\":\"Person\",\"@id\":\"\",\"url\":\"https:\\\/\\\/www.odonto.ufmg.br\\\/cenex\\\/author\\\/\"}]}<\/script>\n<!-- \/ Yoast SEO plugin. -->","yoast_head_json":{"title":"Sele\u00e7\u00e3o de bolsistas e volunt\u00e1rios para o Projeto de Extens\u00e3o \"Atendimento de suporte odontol\u00f3gico ao paciente com c\u00e2ncer e irradiado em regi\u00e3o da cabe\u00e7a e pesco\u00e7o\" | CENEX Odonto","robots":{"index":"index","follow":"follow","max-snippet":"max-snippet:-1","max-image-preview":"max-image-preview:large","max-video-preview":"max-video-preview:-1"},"canonical":"https:\/\/www.odonto.ufmg.br\/cenex\/editais\/inscricoes-voluntarios-projeto-de-extensao-atendimento-de-suporte-odontologico-ao-paciente-com-cancer-e-irradiado-em-regiao-da-cabeca-e-pescoco\/","og_locale":"pt_BR","og_type":"article","og_title":"Sele\u00e7\u00e3o de bolsistas e volunt\u00e1rios para o Projeto de Extens\u00e3o \"Atendimento de suporte odontol\u00f3gico ao paciente com c\u00e2ncer e irradiado em regi\u00e3o da cabe\u00e7a e pesco\u00e7o\" | CENEX Odonto","og_description":"RESULTADO SELE\u00c7\u00c3O O coordenador do\u00a0Projeto de Extens\u00e3o &#8220;Atendimento de suporte odontol\u00f3gico ao paciente com c\u00e2ncer e irradiado em regi\u00e3o da cabe\u00e7a e pesco\u00e7o&#8221;, Prof. Vagner Rodrigues Santos, divulgou na presente data o resultado da sele\u00e7\u00e3o de bolsistas e volunt\u00e1rios. Para visualizar o resultado, clique aqui. Informamos que os alunos bolsistas selecionados dever\u00e3o\u00a0seguir o tutorial de [&hellip;]","og_url":"https:\/\/www.odonto.ufmg.br\/cenex\/editais\/inscricoes-voluntarios-projeto-de-extensao-atendimento-de-suporte-odontologico-ao-paciente-com-cancer-e-irradiado-em-regiao-da-cabeca-e-pescoco\/","og_site_name":"CENEX Odonto","article_publisher":"https:\/\/www.facebook.com\/cenexfao\/?locale=pt_BR","article_published_time":"2017-02-08T19:02:28+00:00","article_modified_time":"2017-02-08T19:52:55+00:00","og_image":[{"width":1198,"height":501,"url":"https:\/\/www.odonto.ufmg.br\/cenex\/wp-content\/uploads\/sites\/2\/2016\/01\/oNCOLOGIA.jpg","type":"image\/jpeg"}],"twitter_card":"summary_large_image","twitter_misc":{"Escrito por":"","Est. tempo de leitura":"1 minuto"},"schema":{"@context":"https:\/\/schema.org","@graph":[{"@type":"Article","@id":"https:\/\/www.odonto.ufmg.br\/cenex\/editais\/inscricoes-voluntarios-projeto-de-extensao-atendimento-de-suporte-odontologico-ao-paciente-com-cancer-e-irradiado-em-regiao-da-cabeca-e-pescoco\/#article","isPartOf":{"@id":"https:\/\/www.odonto.ufmg.br\/cenex\/editais\/inscricoes-voluntarios-projeto-de-extensao-atendimento-de-suporte-odontologico-ao-paciente-com-cancer-e-irradiado-em-regiao-da-cabeca-e-pescoco\/"},"author":{"name":"","@id":""},"headline":"Sele\u00e7\u00e3o de bolsistas e volunt\u00e1rios para o Projeto de Extens\u00e3o &#8220;Atendimento de suporte odontol\u00f3gico ao paciente com c\u00e2ncer e irradiado em regi\u00e3o da cabe\u00e7a e pesco\u00e7o&#8221;","datePublished":"2017-02-08T19:02:28+00:00","dateModified":"2017-02-08T19:52:55+00:00","mainEntityOfPage":{"@id":"https:\/\/www.odonto.ufmg.br\/cenex\/editais\/inscricoes-voluntarios-projeto-de-extensao-atendimento-de-suporte-odontologico-ao-paciente-com-cancer-e-irradiado-em-regiao-da-cabeca-e-pescoco\/"},"wordCount":194,"publisher":{"@id":"https:\/\/www.odonto.ufmg.br\/cenex\/#organization"},"image":{"@id":"https:\/\/www.odonto.ufmg.br\/cenex\/editais\/inscricoes-voluntarios-projeto-de-extensao-atendimento-de-suporte-odontologico-ao-paciente-com-cancer-e-irradiado-em-regiao-da-cabeca-e-pescoco\/#primaryimage"},"thumbnailUrl":"https:\/\/www.odonto.ufmg.br\/cenex\/wp-content\/uploads\/sites\/2\/2016\/01\/oNCOLOGIA.jpg","articleSection":["ATA"],"inLanguage":"pt-BR"},{"@type":"WebPage","@id":"https:\/\/www.odonto.ufmg.br\/cenex\/editais\/inscricoes-voluntarios-projeto-de-extensao-atendimento-de-suporte-odontologico-ao-paciente-com-cancer-e-irradiado-em-regiao-da-cabeca-e-pescoco\/","url":"https:\/\/www.odonto.ufmg.br\/cenex\/editais\/inscricoes-voluntarios-projeto-de-extensao-atendimento-de-suporte-odontologico-ao-paciente-com-cancer-e-irradiado-em-regiao-da-cabeca-e-pescoco\/","name":"Sele\u00e7\u00e3o de bolsistas e volunt\u00e1rios para o Projeto de Extens\u00e3o \"Atendimento de suporte odontol\u00f3gico ao paciente com c\u00e2ncer e irradiado em regi\u00e3o da cabe\u00e7a e pesco\u00e7o\" | CENEX Odonto","isPartOf":{"@id":"https:\/\/www.odonto.ufmg.br\/cenex\/#website"},"primaryImageOfPage":{"@id":"https:\/\/www.odonto.ufmg.br\/cenex\/editais\/inscricoes-voluntarios-projeto-de-extensao-atendimento-de-suporte-odontologico-ao-paciente-com-cancer-e-irradiado-em-regiao-da-cabeca-e-pescoco\/#primaryimage"},"image":{"@id":"https:\/\/www.odonto.ufmg.br\/cenex\/editais\/inscricoes-voluntarios-projeto-de-extensao-atendimento-de-suporte-odontologico-ao-paciente-com-cancer-e-irradiado-em-regiao-da-cabeca-e-pescoco\/#primaryimage"},"thumbnailUrl":"https:\/\/www.odonto.ufmg.br\/cenex\/wp-content\/uploads\/sites\/2\/2016\/01\/oNCOLOGIA.jpg","datePublished":"2017-02-08T19:02:28+00:00","dateModified":"2017-02-08T19:52:55+00:00","breadcrumb":{"@id":"https:\/\/www.odonto.ufmg.br\/cenex\/editais\/inscricoes-voluntarios-projeto-de-extensao-atendimento-de-suporte-odontologico-ao-paciente-com-cancer-e-irradiado-em-regiao-da-cabeca-e-pescoco\/#breadcrumb"},"inLanguage":"pt-BR","potentialAction":[{"@type":"ReadAction","target":["https:\/\/www.odonto.ufmg.br\/cenex\/editais\/inscricoes-voluntarios-projeto-de-extensao-atendimento-de-suporte-odontologico-ao-paciente-com-cancer-e-irradiado-em-regiao-da-cabeca-e-pescoco\/"]}]},{"@type":"ImageObject","inLanguage":"pt-BR","@id":"https:\/\/www.odonto.ufmg.br\/cenex\/editais\/inscricoes-voluntarios-projeto-de-extensao-atendimento-de-suporte-odontologico-ao-paciente-com-cancer-e-irradiado-em-regiao-da-cabeca-e-pescoco\/#primaryimage","url":"https:\/\/www.odonto.ufmg.br\/cenex\/wp-content\/uploads\/sites\/2\/2016\/01\/oNCOLOGIA.jpg","contentUrl":"https:\/\/www.odonto.ufmg.br\/cenex\/wp-content\/uploads\/sites\/2\/2016\/01\/oNCOLOGIA.jpg","width":1198,"height":501},{"@type":"BreadcrumbList","@id":"https:\/\/www.odonto.ufmg.br\/cenex\/editais\/inscricoes-voluntarios-projeto-de-extensao-atendimento-de-suporte-odontologico-ao-paciente-com-cancer-e-irradiado-em-regiao-da-cabeca-e-pescoco\/#breadcrumb","itemListElement":[{"@type":"ListItem","position":1,"name":"In\u00edcio","item":"https:\/\/www.odonto.ufmg.br\/cenex\/cenex\/"},{"@type":"ListItem","position":2,"name":"Sele\u00e7\u00e3o de bolsistas e volunt\u00e1rios para o Projeto de Extens\u00e3o &#8220;Atendimento de suporte odontol\u00f3gico ao paciente com c\u00e2ncer e irradiado em regi\u00e3o da cabe\u00e7a e pesco\u00e7o&#8221;"}]},{"@type":"WebSite","@id":"https:\/\/www.odonto.ufmg.br\/cenex\/#website","url":"https:\/\/www.odonto.ufmg.br\/cenex\/","name":"CENEX Odonto","description":"Centro de Extens\u00e3o - Faculdade de Odontologia UFMG","publisher":{"@id":"https:\/\/www.odonto.ufmg.br\/cenex\/#organization"},"potentialAction":[{"@type":"SearchAction","target":{"@type":"EntryPoint","urlTemplate":"https:\/\/www.odonto.ufmg.br\/cenex\/?s={search_term_string}"},"query-input":{"@type":"PropertyValueSpecification","valueRequired":true,"valueName":"search_term_string"}}],"inLanguage":"pt-BR"},{"@type":"Organization","@id":"https:\/\/www.odonto.ufmg.br\/cenex\/#organization","name":"Faculdade de Odontologia da UFMG","url":"https:\/\/www.odonto.ufmg.br\/cenex\/","logo":{"@type":"ImageObject","inLanguage":"pt-BR","@id":"https:\/\/www.odonto.ufmg.br\/cenex\/#\/schema\/logo\/image\/","url":"http:\/\/www.odonto.ufmg.br\/cenex\/wp-content\/uploads\/sites\/2\/2015\/12\/logo_cenex.svg","contentUrl":"http:\/\/www.odonto.ufmg.br\/cenex\/wp-content\/uploads\/sites\/2\/2015\/12\/logo_cenex.svg","width":1,"height":1,"caption":"Faculdade de Odontologia da UFMG"},"image":{"@id":"https:\/\/www.odonto.ufmg.br\/cenex\/#\/schema\/logo\/image\/"},"sameAs":["https:\/\/www.facebook.com\/cenexfao\/?locale=pt_BR","https:\/\/www.instagram.com\/cenexfao\/"]},{"@type":"Person","@id":"","url":"https:\/\/www.odonto.ufmg.br\/cenex\/author\/"}]}},"_links":{"self":[{"href":"https:\/\/www.odonto.ufmg.br\/cenex\/wp-json\/wp\/v2\/posts\/4484","targetHints":{"allow":["GET"]}}],"collection":[{"href":"https:\/\/www.odonto.ufmg.br\/cenex\/wp-json\/wp\/v2\/posts"}],"about":[{"href":"https:\/\/www.odonto.ufmg.br\/cenex\/wp-json\/wp\/v2\/types\/post"}],"author":[{"embeddable":true,"href":"https:\/\/www.odonto.ufmg.br\/cenex\/wp-json\/wp\/v2\/users\/6"}],"replies":[{"embeddable":true,"href":"https:\/\/www.odonto.ufmg.br\/cenex\/wp-json\/wp\/v2\/comments?post=4484"}],"version-history":[{"count":13,"href":"https:\/\/www.odonto.ufmg.br\/cenex\/wp-json\/wp\/v2\/posts\/4484\/revisions"}],"predecessor-version":[{"id":4950,"href":"https:\/\/www.odonto.ufmg.br\/cenex\/wp-json\/wp\/v2\/posts\/4484\/revisions\/4950"}],"wp:featuredmedia":[{"embeddable":true,"href":"https:\/\/www.odonto.ufmg.br\/cenex\/wp-json\/wp\/v2\/media\/5092"}],"wp:attachment":[{"href":"https:\/\/www.odonto.ufmg.br\/cenex\/wp-json\/wp\/v2\/media?parent=4484"}],"wp:term":[{"taxonomy":"category","embeddable":true,"href":"https:\/\/www.odonto.ufmg.br\/cenex\/wp-json\/wp\/v2\/categories?post=4484"},{"taxonomy":"post_tag","embeddable":true,"href":"https:\/\/www.odonto.ufmg.br\/cenex\/wp-json\/wp\/v2\/tags?post=4484"}],"curies":[{"name":"wp","href":"https:\/\/api.w.org\/{rel}","templated":true}]}}