{"id":4350,"date":"2019-08-13T00:00:27","date_gmt":"2019-08-13T03:00:27","guid":{"rendered":"http:\/\/www.odonto.ufmg.br\/cenex\/?p=4350"},"modified":"2019-08-13T16:30:34","modified_gmt":"2019-08-13T19:30:34","slug":"abertas-as-inscricoes-para-voluntarios-do-projeto-de-extensao-promocao-de-saude-bucal-para-adolescentes","status":"publish","type":"post","link":"https:\/\/www.odonto.ufmg.br\/cenex\/ata\/abertas-as-inscricoes-para-voluntarios-do-projeto-de-extensao-promocao-de-saude-bucal-para-adolescentes\/","title":{"rendered":"RESULTADO &#8211; Projeto de Extens\u00e3o Promo\u00e7\u00e3o de Sa\u00fade Bucal para Adolescentes"},"content":{"rendered":"<p>RESULTADO<\/p>\n<p>Foi divulgado o resultado da chamada do \u201cProjeto de Extens\u00e3o Promo\u00e7\u00e3o de Sa\u00fade Bucal para Adolescentes\u201d, coordenado pela Profa. Andr\u00e9a Clemente Palmier.<\/p>\n<p>Confira a <a href=\"http:\/\/www.odonto.ufmg.br\/cenex\/wp-content\/uploads\/sites\/2\/2019\/07\/Resultado_selecao_voluntarios.pdf\" target=\"_blank\" rel=\"noopener noreferrer\">lista<\/a><\/p>\n<p>&nbsp;<\/p>\n<p>CHAMADA<\/p>\n<p>Est\u00e3o abertas as inscri\u00e7\u00f5es para sele\u00e7\u00e3o de 20 volunt\u00e1rios para o Projeto de Extens\u00e3o Promo\u00e7\u00e3o de Sa\u00fade Bucal para Adolescentes (2\u00ba\/2019), coordenado pela Profa. Andr\u00e9a Clemente Palmier.<\/p>\n<p>Maiores informa\u00e7\u00f5es poder\u00e3o ser visualizadas na CHAMADA, <a href=\"http:\/\/www.odonto.ufmg.br\/cenex\/wp-content\/uploads\/sites\/2\/2018\/02\/CHAMADA-074-2019-ProjetoAdolescente.pdf\">clique aqui.<\/a><\/p>\n","protected":false},"excerpt":{"rendered":"<p>RESULTADO Foi divulgado o resultado da chamada do \u201cProjeto de Extens\u00e3o Promo\u00e7\u00e3o de Sa\u00fade Bucal para Adolescentes\u201d, coordenado pela Profa. Andr\u00e9a Clemente Palmier. Confira a lista &nbsp; CHAMADA Est\u00e3o abertas as inscri\u00e7\u00f5es para sele\u00e7\u00e3o de 20 volunt\u00e1rios para o Projeto de Extens\u00e3o Promo\u00e7\u00e3o de Sa\u00fade Bucal para Adolescentes (2\u00ba\/2019), coordenado pela Profa. Andr\u00e9a Clemente Palmier. [&hellip;]<\/p>\n","protected":false},"author":6,"featured_media":4382,"comment_status":"closed","ping_status":"closed","sticky":false,"template":"","format":"standard","meta":{"inline_featured_image":false,"footnotes":""},"categories":[2],"tags":[],"class_list":["post-4350","post","type-post","status-publish","format-standard","has-post-thumbnail","hentry","category-ata"],"yoast_head":"<!-- This site is optimized with the Yoast SEO plugin v27.5 - https:\/\/yoast.com\/product\/yoast-seo-wordpress\/ -->\n<title>RESULTADO - Projeto de Extens\u00e3o Promo\u00e7\u00e3o de Sa\u00fade Bucal para Adolescentes | CENEX Odonto<\/title>\n<meta name=\"robots\" content=\"index, follow, max-snippet:-1, max-image-preview:large, max-video-preview:-1\" \/>\n<link rel=\"canonical\" href=\"https:\/\/www.odonto.ufmg.br\/cenex\/editais\/abertas-as-inscricoes-para-voluntarios-do-projeto-de-extensao-promocao-de-saude-bucal-para-adolescentes\/\" \/>\n<meta property=\"og:locale\" content=\"pt_BR\" \/>\n<meta property=\"og:type\" content=\"article\" \/>\n<meta property=\"og:title\" content=\"RESULTADO - Projeto de Extens\u00e3o Promo\u00e7\u00e3o de Sa\u00fade Bucal para Adolescentes | CENEX Odonto\" \/>\n<meta property=\"og:description\" content=\"RESULTADO Foi divulgado o resultado da chamada do \u201cProjeto de Extens\u00e3o Promo\u00e7\u00e3o de Sa\u00fade Bucal para Adolescentes\u201d, coordenado pela Profa. Andr\u00e9a Clemente Palmier. Confira a lista &nbsp; CHAMADA Est\u00e3o abertas as inscri\u00e7\u00f5es para sele\u00e7\u00e3o de 20 volunt\u00e1rios para o Projeto de Extens\u00e3o Promo\u00e7\u00e3o de Sa\u00fade Bucal para Adolescentes (2\u00ba\/2019), coordenado pela Profa. Andr\u00e9a Clemente Palmier. [&hellip;]\" \/>\n<meta property=\"og:url\" content=\"https:\/\/www.odonto.ufmg.br\/cenex\/editais\/abertas-as-inscricoes-para-voluntarios-do-projeto-de-extensao-promocao-de-saude-bucal-para-adolescentes\/\" \/>\n<meta property=\"og:site_name\" content=\"CENEX Odonto\" \/>\n<meta property=\"article:publisher\" content=\"https:\/\/www.facebook.com\/cenexfao\/?locale=pt_BR\" \/>\n<meta property=\"article:published_time\" content=\"2019-08-13T03:00:27+00:00\" \/>\n<meta property=\"article:modified_time\" content=\"2019-08-13T19:30:34+00:00\" \/>\n<meta property=\"og:image\" content=\"https:\/\/www.odonto.ufmg.br\/cenex\/wp-content\/uploads\/sites\/2\/2016\/06\/13507100_648641391953169_3199761139229780999_n.jpg\" \/>\n\t<meta property=\"og:image:width\" content=\"500\" \/>\n\t<meta property=\"og:image:height\" content=\"323\" \/>\n\t<meta property=\"og:image:type\" content=\"image\/jpeg\" \/>\n<meta name=\"twitter:card\" content=\"summary_large_image\" \/>\n<meta name=\"twitter:label1\" content=\"Escrito por\" \/>\n\t<meta name=\"twitter:data1\" content=\"\" \/>\n<script type=\"application\/ld+json\" class=\"yoast-schema-graph\">{\"@context\":\"https:\\\/\\\/schema.org\",\"@graph\":[{\"@type\":\"Article\",\"@id\":\"https:\\\/\\\/www.odonto.ufmg.br\\\/cenex\\\/editais\\\/abertas-as-inscricoes-para-voluntarios-do-projeto-de-extensao-promocao-de-saude-bucal-para-adolescentes\\\/#article\",\"isPartOf\":{\"@id\":\"https:\\\/\\\/www.odonto.ufmg.br\\\/cenex\\\/editais\\\/abertas-as-inscricoes-para-voluntarios-do-projeto-de-extensao-promocao-de-saude-bucal-para-adolescentes\\\/\"},\"author\":{\"name\":\"\",\"@id\":\"\"},\"headline\":\"RESULTADO &#8211; Projeto de Extens\u00e3o Promo\u00e7\u00e3o de Sa\u00fade Bucal para Adolescentes\",\"datePublished\":\"2019-08-13T03:00:27+00:00\",\"dateModified\":\"2019-08-13T19:30:34+00:00\",\"mainEntityOfPage\":{\"@id\":\"https:\\\/\\\/www.odonto.ufmg.br\\\/cenex\\\/editais\\\/abertas-as-inscricoes-para-voluntarios-do-projeto-de-extensao-promocao-de-saude-bucal-para-adolescentes\\\/\"},\"wordCount\":90,\"publisher\":{\"@id\":\"https:\\\/\\\/www.odonto.ufmg.br\\\/cenex\\\/#organization\"},\"image\":{\"@id\":\"https:\\\/\\\/www.odonto.ufmg.br\\\/cenex\\\/editais\\\/abertas-as-inscricoes-para-voluntarios-do-projeto-de-extensao-promocao-de-saude-bucal-para-adolescentes\\\/#primaryimage\"},\"thumbnailUrl\":\"https:\\\/\\\/www.odonto.ufmg.br\\\/cenex\\\/wp-content\\\/uploads\\\/sites\\\/2\\\/2016\\\/06\\\/13507100_648641391953169_3199761139229780999_n.jpg\",\"articleSection\":[\"ATA\"],\"inLanguage\":\"pt-BR\"},{\"@type\":\"WebPage\",\"@id\":\"https:\\\/\\\/www.odonto.ufmg.br\\\/cenex\\\/editais\\\/abertas-as-inscricoes-para-voluntarios-do-projeto-de-extensao-promocao-de-saude-bucal-para-adolescentes\\\/\",\"url\":\"https:\\\/\\\/www.odonto.ufmg.br\\\/cenex\\\/editais\\\/abertas-as-inscricoes-para-voluntarios-do-projeto-de-extensao-promocao-de-saude-bucal-para-adolescentes\\\/\",\"name\":\"RESULTADO - Projeto de Extens\u00e3o Promo\u00e7\u00e3o de Sa\u00fade Bucal para Adolescentes | CENEX Odonto\",\"isPartOf\":{\"@id\":\"https:\\\/\\\/www.odonto.ufmg.br\\\/cenex\\\/#website\"},\"primaryImageOfPage\":{\"@id\":\"https:\\\/\\\/www.odonto.ufmg.br\\\/cenex\\\/editais\\\/abertas-as-inscricoes-para-voluntarios-do-projeto-de-extensao-promocao-de-saude-bucal-para-adolescentes\\\/#primaryimage\"},\"image\":{\"@id\":\"https:\\\/\\\/www.odonto.ufmg.br\\\/cenex\\\/editais\\\/abertas-as-inscricoes-para-voluntarios-do-projeto-de-extensao-promocao-de-saude-bucal-para-adolescentes\\\/#primaryimage\"},\"thumbnailUrl\":\"https:\\\/\\\/www.odonto.ufmg.br\\\/cenex\\\/wp-content\\\/uploads\\\/sites\\\/2\\\/2016\\\/06\\\/13507100_648641391953169_3199761139229780999_n.jpg\",\"datePublished\":\"2019-08-13T03:00:27+00:00\",\"dateModified\":\"2019-08-13T19:30:34+00:00\",\"breadcrumb\":{\"@id\":\"https:\\\/\\\/www.odonto.ufmg.br\\\/cenex\\\/editais\\\/abertas-as-inscricoes-para-voluntarios-do-projeto-de-extensao-promocao-de-saude-bucal-para-adolescentes\\\/#breadcrumb\"},\"inLanguage\":\"pt-BR\",\"potentialAction\":[{\"@type\":\"ReadAction\",\"target\":[\"https:\\\/\\\/www.odonto.ufmg.br\\\/cenex\\\/editais\\\/abertas-as-inscricoes-para-voluntarios-do-projeto-de-extensao-promocao-de-saude-bucal-para-adolescentes\\\/\"]}]},{\"@type\":\"ImageObject\",\"inLanguage\":\"pt-BR\",\"@id\":\"https:\\\/\\\/www.odonto.ufmg.br\\\/cenex\\\/editais\\\/abertas-as-inscricoes-para-voluntarios-do-projeto-de-extensao-promocao-de-saude-bucal-para-adolescentes\\\/#primaryimage\",\"url\":\"https:\\\/\\\/www.odonto.ufmg.br\\\/cenex\\\/wp-content\\\/uploads\\\/sites\\\/2\\\/2016\\\/06\\\/13507100_648641391953169_3199761139229780999_n.jpg\",\"contentUrl\":\"https:\\\/\\\/www.odonto.ufmg.br\\\/cenex\\\/wp-content\\\/uploads\\\/sites\\\/2\\\/2016\\\/06\\\/13507100_648641391953169_3199761139229780999_n.jpg\",\"width\":500,\"height\":323},{\"@type\":\"BreadcrumbList\",\"@id\":\"https:\\\/\\\/www.odonto.ufmg.br\\\/cenex\\\/editais\\\/abertas-as-inscricoes-para-voluntarios-do-projeto-de-extensao-promocao-de-saude-bucal-para-adolescentes\\\/#breadcrumb\",\"itemListElement\":[{\"@type\":\"ListItem\",\"position\":1,\"name\":\"In\u00edcio\",\"item\":\"https:\\\/\\\/www.odonto.ufmg.br\\\/cenex\\\/cenex\\\/\"},{\"@type\":\"ListItem\",\"position\":2,\"name\":\"RESULTADO &#8211; Projeto de Extens\u00e3o Promo\u00e7\u00e3o de Sa\u00fade Bucal para Adolescentes\"}]},{\"@type\":\"WebSite\",\"@id\":\"https:\\\/\\\/www.odonto.ufmg.br\\\/cenex\\\/#website\",\"url\":\"https:\\\/\\\/www.odonto.ufmg.br\\\/cenex\\\/\",\"name\":\"CENEX Odonto\",\"description\":\"Centro de Extens\u00e3o - Faculdade de Odontologia UFMG\",\"publisher\":{\"@id\":\"https:\\\/\\\/www.odonto.ufmg.br\\\/cenex\\\/#organization\"},\"potentialAction\":[{\"@type\":\"SearchAction\",\"target\":{\"@type\":\"EntryPoint\",\"urlTemplate\":\"https:\\\/\\\/www.odonto.ufmg.br\\\/cenex\\\/?s={search_term_string}\"},\"query-input\":{\"@type\":\"PropertyValueSpecification\",\"valueRequired\":true,\"valueName\":\"search_term_string\"}}],\"inLanguage\":\"pt-BR\"},{\"@type\":\"Organization\",\"@id\":\"https:\\\/\\\/www.odonto.ufmg.br\\\/cenex\\\/#organization\",\"name\":\"Faculdade de Odontologia da UFMG\",\"url\":\"https:\\\/\\\/www.odonto.ufmg.br\\\/cenex\\\/\",\"logo\":{\"@type\":\"ImageObject\",\"inLanguage\":\"pt-BR\",\"@id\":\"https:\\\/\\\/www.odonto.ufmg.br\\\/cenex\\\/#\\\/schema\\\/logo\\\/image\\\/\",\"url\":\"http:\\\/\\\/www.odonto.ufmg.br\\\/cenex\\\/wp-content\\\/uploads\\\/sites\\\/2\\\/2015\\\/12\\\/logo_cenex.svg\",\"contentUrl\":\"http:\\\/\\\/www.odonto.ufmg.br\\\/cenex\\\/wp-content\\\/uploads\\\/sites\\\/2\\\/2015\\\/12\\\/logo_cenex.svg\",\"width\":1,\"height\":1,\"caption\":\"Faculdade de Odontologia da UFMG\"},\"image\":{\"@id\":\"https:\\\/\\\/www.odonto.ufmg.br\\\/cenex\\\/#\\\/schema\\\/logo\\\/image\\\/\"},\"sameAs\":[\"https:\\\/\\\/www.facebook.com\\\/cenexfao\\\/?locale=pt_BR\",\"https:\\\/\\\/www.instagram.com\\\/cenexfao\\\/\"]},{\"@type\":\"Person\",\"@id\":\"\",\"url\":\"https:\\\/\\\/www.odonto.ufmg.br\\\/cenex\\\/author\\\/\"}]}<\/script>\n<!-- \/ Yoast SEO plugin. -->","yoast_head_json":{"title":"RESULTADO - Projeto de Extens\u00e3o Promo\u00e7\u00e3o de Sa\u00fade Bucal para Adolescentes | CENEX Odonto","robots":{"index":"index","follow":"follow","max-snippet":"max-snippet:-1","max-image-preview":"max-image-preview:large","max-video-preview":"max-video-preview:-1"},"canonical":"https:\/\/www.odonto.ufmg.br\/cenex\/editais\/abertas-as-inscricoes-para-voluntarios-do-projeto-de-extensao-promocao-de-saude-bucal-para-adolescentes\/","og_locale":"pt_BR","og_type":"article","og_title":"RESULTADO - Projeto de Extens\u00e3o Promo\u00e7\u00e3o de Sa\u00fade Bucal para Adolescentes | CENEX Odonto","og_description":"RESULTADO Foi divulgado o resultado da chamada do \u201cProjeto de Extens\u00e3o Promo\u00e7\u00e3o de Sa\u00fade Bucal para Adolescentes\u201d, coordenado pela Profa. Andr\u00e9a Clemente Palmier. Confira a lista &nbsp; CHAMADA Est\u00e3o abertas as inscri\u00e7\u00f5es para sele\u00e7\u00e3o de 20 volunt\u00e1rios para o Projeto de Extens\u00e3o Promo\u00e7\u00e3o de Sa\u00fade Bucal para Adolescentes (2\u00ba\/2019), coordenado pela Profa. Andr\u00e9a Clemente Palmier. [&hellip;]","og_url":"https:\/\/www.odonto.ufmg.br\/cenex\/editais\/abertas-as-inscricoes-para-voluntarios-do-projeto-de-extensao-promocao-de-saude-bucal-para-adolescentes\/","og_site_name":"CENEX Odonto","article_publisher":"https:\/\/www.facebook.com\/cenexfao\/?locale=pt_BR","article_published_time":"2019-08-13T03:00:27+00:00","article_modified_time":"2019-08-13T19:30:34+00:00","og_image":[{"width":500,"height":323,"url":"https:\/\/www.odonto.ufmg.br\/cenex\/wp-content\/uploads\/sites\/2\/2016\/06\/13507100_648641391953169_3199761139229780999_n.jpg","type":"image\/jpeg"}],"twitter_card":"summary_large_image","twitter_misc":{"Escrito por":""},"schema":{"@context":"https:\/\/schema.org","@graph":[{"@type":"Article","@id":"https:\/\/www.odonto.ufmg.br\/cenex\/editais\/abertas-as-inscricoes-para-voluntarios-do-projeto-de-extensao-promocao-de-saude-bucal-para-adolescentes\/#article","isPartOf":{"@id":"https:\/\/www.odonto.ufmg.br\/cenex\/editais\/abertas-as-inscricoes-para-voluntarios-do-projeto-de-extensao-promocao-de-saude-bucal-para-adolescentes\/"},"author":{"name":"","@id":""},"headline":"RESULTADO &#8211; Projeto de Extens\u00e3o Promo\u00e7\u00e3o de Sa\u00fade Bucal para Adolescentes","datePublished":"2019-08-13T03:00:27+00:00","dateModified":"2019-08-13T19:30:34+00:00","mainEntityOfPage":{"@id":"https:\/\/www.odonto.ufmg.br\/cenex\/editais\/abertas-as-inscricoes-para-voluntarios-do-projeto-de-extensao-promocao-de-saude-bucal-para-adolescentes\/"},"wordCount":90,"publisher":{"@id":"https:\/\/www.odonto.ufmg.br\/cenex\/#organization"},"image":{"@id":"https:\/\/www.odonto.ufmg.br\/cenex\/editais\/abertas-as-inscricoes-para-voluntarios-do-projeto-de-extensao-promocao-de-saude-bucal-para-adolescentes\/#primaryimage"},"thumbnailUrl":"https:\/\/www.odonto.ufmg.br\/cenex\/wp-content\/uploads\/sites\/2\/2016\/06\/13507100_648641391953169_3199761139229780999_n.jpg","articleSection":["ATA"],"inLanguage":"pt-BR"},{"@type":"WebPage","@id":"https:\/\/www.odonto.ufmg.br\/cenex\/editais\/abertas-as-inscricoes-para-voluntarios-do-projeto-de-extensao-promocao-de-saude-bucal-para-adolescentes\/","url":"https:\/\/www.odonto.ufmg.br\/cenex\/editais\/abertas-as-inscricoes-para-voluntarios-do-projeto-de-extensao-promocao-de-saude-bucal-para-adolescentes\/","name":"RESULTADO - Projeto de Extens\u00e3o Promo\u00e7\u00e3o de Sa\u00fade Bucal para Adolescentes | CENEX Odonto","isPartOf":{"@id":"https:\/\/www.odonto.ufmg.br\/cenex\/#website"},"primaryImageOfPage":{"@id":"https:\/\/www.odonto.ufmg.br\/cenex\/editais\/abertas-as-inscricoes-para-voluntarios-do-projeto-de-extensao-promocao-de-saude-bucal-para-adolescentes\/#primaryimage"},"image":{"@id":"https:\/\/www.odonto.ufmg.br\/cenex\/editais\/abertas-as-inscricoes-para-voluntarios-do-projeto-de-extensao-promocao-de-saude-bucal-para-adolescentes\/#primaryimage"},"thumbnailUrl":"https:\/\/www.odonto.ufmg.br\/cenex\/wp-content\/uploads\/sites\/2\/2016\/06\/13507100_648641391953169_3199761139229780999_n.jpg","datePublished":"2019-08-13T03:00:27+00:00","dateModified":"2019-08-13T19:30:34+00:00","breadcrumb":{"@id":"https:\/\/www.odonto.ufmg.br\/cenex\/editais\/abertas-as-inscricoes-para-voluntarios-do-projeto-de-extensao-promocao-de-saude-bucal-para-adolescentes\/#breadcrumb"},"inLanguage":"pt-BR","potentialAction":[{"@type":"ReadAction","target":["https:\/\/www.odonto.ufmg.br\/cenex\/editais\/abertas-as-inscricoes-para-voluntarios-do-projeto-de-extensao-promocao-de-saude-bucal-para-adolescentes\/"]}]},{"@type":"ImageObject","inLanguage":"pt-BR","@id":"https:\/\/www.odonto.ufmg.br\/cenex\/editais\/abertas-as-inscricoes-para-voluntarios-do-projeto-de-extensao-promocao-de-saude-bucal-para-adolescentes\/#primaryimage","url":"https:\/\/www.odonto.ufmg.br\/cenex\/wp-content\/uploads\/sites\/2\/2016\/06\/13507100_648641391953169_3199761139229780999_n.jpg","contentUrl":"https:\/\/www.odonto.ufmg.br\/cenex\/wp-content\/uploads\/sites\/2\/2016\/06\/13507100_648641391953169_3199761139229780999_n.jpg","width":500,"height":323},{"@type":"BreadcrumbList","@id":"https:\/\/www.odonto.ufmg.br\/cenex\/editais\/abertas-as-inscricoes-para-voluntarios-do-projeto-de-extensao-promocao-de-saude-bucal-para-adolescentes\/#breadcrumb","itemListElement":[{"@type":"ListItem","position":1,"name":"In\u00edcio","item":"https:\/\/www.odonto.ufmg.br\/cenex\/cenex\/"},{"@type":"ListItem","position":2,"name":"RESULTADO &#8211; Projeto de Extens\u00e3o Promo\u00e7\u00e3o de Sa\u00fade Bucal para Adolescentes"}]},{"@type":"WebSite","@id":"https:\/\/www.odonto.ufmg.br\/cenex\/#website","url":"https:\/\/www.odonto.ufmg.br\/cenex\/","name":"CENEX Odonto","description":"Centro de Extens\u00e3o - Faculdade de Odontologia UFMG","publisher":{"@id":"https:\/\/www.odonto.ufmg.br\/cenex\/#organization"},"potentialAction":[{"@type":"SearchAction","target":{"@type":"EntryPoint","urlTemplate":"https:\/\/www.odonto.ufmg.br\/cenex\/?s={search_term_string}"},"query-input":{"@type":"PropertyValueSpecification","valueRequired":true,"valueName":"search_term_string"}}],"inLanguage":"pt-BR"},{"@type":"Organization","@id":"https:\/\/www.odonto.ufmg.br\/cenex\/#organization","name":"Faculdade de Odontologia da UFMG","url":"https:\/\/www.odonto.ufmg.br\/cenex\/","logo":{"@type":"ImageObject","inLanguage":"pt-BR","@id":"https:\/\/www.odonto.ufmg.br\/cenex\/#\/schema\/logo\/image\/","url":"http:\/\/www.odonto.ufmg.br\/cenex\/wp-content\/uploads\/sites\/2\/2015\/12\/logo_cenex.svg","contentUrl":"http:\/\/www.odonto.ufmg.br\/cenex\/wp-content\/uploads\/sites\/2\/2015\/12\/logo_cenex.svg","width":1,"height":1,"caption":"Faculdade de Odontologia da UFMG"},"image":{"@id":"https:\/\/www.odonto.ufmg.br\/cenex\/#\/schema\/logo\/image\/"},"sameAs":["https:\/\/www.facebook.com\/cenexfao\/?locale=pt_BR","https:\/\/www.instagram.com\/cenexfao\/"]},{"@type":"Person","@id":"","url":"https:\/\/www.odonto.ufmg.br\/cenex\/author\/"}]}},"_links":{"self":[{"href":"https:\/\/www.odonto.ufmg.br\/cenex\/wp-json\/wp\/v2\/posts\/4350","targetHints":{"allow":["GET"]}}],"collection":[{"href":"https:\/\/www.odonto.ufmg.br\/cenex\/wp-json\/wp\/v2\/posts"}],"about":[{"href":"https:\/\/www.odonto.ufmg.br\/cenex\/wp-json\/wp\/v2\/types\/post"}],"author":[{"embeddable":true,"href":"https:\/\/www.odonto.ufmg.br\/cenex\/wp-json\/wp\/v2\/users\/6"}],"replies":[{"embeddable":true,"href":"https:\/\/www.odonto.ufmg.br\/cenex\/wp-json\/wp\/v2\/comments?post=4350"}],"version-history":[{"count":17,"href":"https:\/\/www.odonto.ufmg.br\/cenex\/wp-json\/wp\/v2\/posts\/4350\/revisions"}],"predecessor-version":[{"id":9482,"href":"https:\/\/www.odonto.ufmg.br\/cenex\/wp-json\/wp\/v2\/posts\/4350\/revisions\/9482"}],"wp:featuredmedia":[{"embeddable":true,"href":"https:\/\/www.odonto.ufmg.br\/cenex\/wp-json\/wp\/v2\/media\/4382"}],"wp:attachment":[{"href":"https:\/\/www.odonto.ufmg.br\/cenex\/wp-json\/wp\/v2\/media?parent=4350"}],"wp:term":[{"taxonomy":"category","embeddable":true,"href":"https:\/\/www.odonto.ufmg.br\/cenex\/wp-json\/wp\/v2\/categories?post=4350"},{"taxonomy":"post_tag","embeddable":true,"href":"https:\/\/www.odonto.ufmg.br\/cenex\/wp-json\/wp\/v2\/tags?post=4350"}],"curies":[{"name":"wp","href":"https:\/\/api.w.org\/{rel}","templated":true}]}}