{"id":4303,"date":"2016-06-13T15:40:31","date_gmt":"2016-06-13T18:40:31","guid":{"rendered":"http:\/\/www.odonto.ufmg.br\/cenex\/?p=4303"},"modified":"2016-06-14T10:18:48","modified_gmt":"2016-06-14T13:18:48","slug":"divulgado-edital-para-selecao-de-voluntarios-projeto-de-extensao-odontologia-hospitalar-ferias","status":"publish","type":"post","link":"https:\/\/www.odonto.ufmg.br\/cenex\/ata\/divulgado-edital-para-selecao-de-voluntarios-projeto-de-extensao-odontologia-hospitalar-ferias\/","title":{"rendered":"Divulgado Edital para sele\u00e7\u00e3o de volunt\u00e1rios Projeto de Extens\u00e3o Odontologia Hospitalar (F\u00e9rias)"},"content":{"rendered":"<p>Est\u00e3o abertas, at\u00e9 o dia 17\/06\/2016, inscri\u00e7\u00e3o para sele\u00e7\u00e3o de 04 alunos volunt\u00e1rios do 7\u00ba ao 10\u00ba per\u00edodo do Curso de Gradua\u00e7\u00e3o em Odontologia, para atuarem no Projeto de Extens\u00e3o Odontologia Hospitalar, coordenado pela Profa. Denise Travassos, no per\u00edodo de 29\/06 a 29\/07\/2016.<\/p>\n<p>Para acessar o edital <a href=\"http:\/\/www.odonto.ufmg.br\/cenex\/wp-content\/uploads\/sites\/2\/2016\/06\/EDITAL-042-2016-Odontologia-Hospitalar-1.pdf\">clique aqui<\/a>.<\/p>\n<p>&nbsp;<\/p>\n","protected":false},"excerpt":{"rendered":"<p>Est\u00e3o abertas, at\u00e9 o dia 17\/06\/2016, inscri\u00e7\u00e3o para sele\u00e7\u00e3o de 04 alunos volunt\u00e1rios do 7\u00ba ao 10\u00ba per\u00edodo do Curso de Gradua\u00e7\u00e3o em Odontologia, para atuarem no Projeto de Extens\u00e3o Odontologia Hospitalar, coordenado pela Profa. Denise Travassos, no per\u00edodo de 29\/06 a 29\/07\/2016. Para acessar o edital clique aqui. &nbsp;<\/p>\n","protected":false},"author":6,"featured_media":4305,"comment_status":"closed","ping_status":"closed","sticky":false,"template":"","format":"standard","meta":{"inline_featured_image":false,"footnotes":""},"categories":[2],"tags":[],"class_list":["post-4303","post","type-post","status-publish","format-standard","has-post-thumbnail","hentry","category-ata"],"yoast_head":"<!-- This site is optimized with the Yoast SEO plugin v27.5 - https:\/\/yoast.com\/product\/yoast-seo-wordpress\/ -->\n<title>Divulgado Edital para sele\u00e7\u00e3o de volunt\u00e1rios Projeto de Extens\u00e3o Odontologia Hospitalar (F\u00e9rias) | CENEX Odonto<\/title>\n<meta name=\"robots\" content=\"index, follow, max-snippet:-1, max-image-preview:large, max-video-preview:-1\" \/>\n<link rel=\"canonical\" href=\"https:\/\/www.odonto.ufmg.br\/cenex\/editais\/divulgado-edital-para-selecao-de-voluntarios-projeto-de-extensao-odontologia-hospitalar-ferias\/\" \/>\n<meta property=\"og:locale\" content=\"pt_BR\" \/>\n<meta property=\"og:type\" content=\"article\" \/>\n<meta property=\"og:title\" content=\"Divulgado Edital para sele\u00e7\u00e3o de volunt\u00e1rios Projeto de Extens\u00e3o Odontologia Hospitalar (F\u00e9rias) | CENEX Odonto\" \/>\n<meta property=\"og:description\" content=\"Est\u00e3o abertas, at\u00e9 o dia 17\/06\/2016, inscri\u00e7\u00e3o para sele\u00e7\u00e3o de 04 alunos volunt\u00e1rios do 7\u00ba ao 10\u00ba per\u00edodo do Curso de Gradua\u00e7\u00e3o em Odontologia, para atuarem no Projeto de Extens\u00e3o Odontologia Hospitalar, coordenado pela Profa. Denise Travassos, no per\u00edodo de 29\/06 a 29\/07\/2016. Para acessar o edital clique aqui. &nbsp;\" \/>\n<meta property=\"og:url\" content=\"https:\/\/www.odonto.ufmg.br\/cenex\/editais\/divulgado-edital-para-selecao-de-voluntarios-projeto-de-extensao-odontologia-hospitalar-ferias\/\" \/>\n<meta property=\"og:site_name\" content=\"CENEX Odonto\" \/>\n<meta property=\"article:publisher\" content=\"https:\/\/www.facebook.com\/cenexfao\/?locale=pt_BR\" \/>\n<meta property=\"article:published_time\" content=\"2016-06-13T18:40:31+00:00\" \/>\n<meta property=\"article:modified_time\" content=\"2016-06-14T13:18:48+00:00\" \/>\n<meta property=\"og:image\" content=\"https:\/\/www.odonto.ufmg.br\/cenex\/wp-content\/uploads\/sites\/2\/2016\/06\/UFMG-hg-20110812.jpg\" \/>\n\t<meta property=\"og:image:width\" content=\"450\" \/>\n\t<meta property=\"og:image:height\" content=\"338\" \/>\n\t<meta property=\"og:image:type\" content=\"image\/jpeg\" \/>\n<meta name=\"twitter:card\" content=\"summary_large_image\" \/>\n<meta name=\"twitter:label1\" content=\"Escrito por\" \/>\n\t<meta name=\"twitter:data1\" content=\"\" \/>\n<script type=\"application\/ld+json\" class=\"yoast-schema-graph\">{\"@context\":\"https:\\\/\\\/schema.org\",\"@graph\":[{\"@type\":\"Article\",\"@id\":\"https:\\\/\\\/www.odonto.ufmg.br\\\/cenex\\\/editais\\\/divulgado-edital-para-selecao-de-voluntarios-projeto-de-extensao-odontologia-hospitalar-ferias\\\/#article\",\"isPartOf\":{\"@id\":\"https:\\\/\\\/www.odonto.ufmg.br\\\/cenex\\\/editais\\\/divulgado-edital-para-selecao-de-voluntarios-projeto-de-extensao-odontologia-hospitalar-ferias\\\/\"},\"author\":{\"name\":\"\",\"@id\":\"\"},\"headline\":\"Divulgado Edital para sele\u00e7\u00e3o de volunt\u00e1rios Projeto de Extens\u00e3o Odontologia Hospitalar (F\u00e9rias)\",\"datePublished\":\"2016-06-13T18:40:31+00:00\",\"dateModified\":\"2016-06-14T13:18:48+00:00\",\"mainEntityOfPage\":{\"@id\":\"https:\\\/\\\/www.odonto.ufmg.br\\\/cenex\\\/editais\\\/divulgado-edital-para-selecao-de-voluntarios-projeto-de-extensao-odontologia-hospitalar-ferias\\\/\"},\"wordCount\":68,\"publisher\":{\"@id\":\"https:\\\/\\\/www.odonto.ufmg.br\\\/cenex\\\/#organization\"},\"image\":{\"@id\":\"https:\\\/\\\/www.odonto.ufmg.br\\\/cenex\\\/editais\\\/divulgado-edital-para-selecao-de-voluntarios-projeto-de-extensao-odontologia-hospitalar-ferias\\\/#primaryimage\"},\"thumbnailUrl\":\"https:\\\/\\\/www.odonto.ufmg.br\\\/cenex\\\/wp-content\\\/uploads\\\/sites\\\/2\\\/2016\\\/06\\\/UFMG-hg-20110812.jpg\",\"articleSection\":[\"ATA\"],\"inLanguage\":\"pt-BR\"},{\"@type\":\"WebPage\",\"@id\":\"https:\\\/\\\/www.odonto.ufmg.br\\\/cenex\\\/editais\\\/divulgado-edital-para-selecao-de-voluntarios-projeto-de-extensao-odontologia-hospitalar-ferias\\\/\",\"url\":\"https:\\\/\\\/www.odonto.ufmg.br\\\/cenex\\\/editais\\\/divulgado-edital-para-selecao-de-voluntarios-projeto-de-extensao-odontologia-hospitalar-ferias\\\/\",\"name\":\"Divulgado Edital para sele\u00e7\u00e3o de volunt\u00e1rios Projeto de Extens\u00e3o Odontologia Hospitalar (F\u00e9rias) | CENEX Odonto\",\"isPartOf\":{\"@id\":\"https:\\\/\\\/www.odonto.ufmg.br\\\/cenex\\\/#website\"},\"primaryImageOfPage\":{\"@id\":\"https:\\\/\\\/www.odonto.ufmg.br\\\/cenex\\\/editais\\\/divulgado-edital-para-selecao-de-voluntarios-projeto-de-extensao-odontologia-hospitalar-ferias\\\/#primaryimage\"},\"image\":{\"@id\":\"https:\\\/\\\/www.odonto.ufmg.br\\\/cenex\\\/editais\\\/divulgado-edital-para-selecao-de-voluntarios-projeto-de-extensao-odontologia-hospitalar-ferias\\\/#primaryimage\"},\"thumbnailUrl\":\"https:\\\/\\\/www.odonto.ufmg.br\\\/cenex\\\/wp-content\\\/uploads\\\/sites\\\/2\\\/2016\\\/06\\\/UFMG-hg-20110812.jpg\",\"datePublished\":\"2016-06-13T18:40:31+00:00\",\"dateModified\":\"2016-06-14T13:18:48+00:00\",\"breadcrumb\":{\"@id\":\"https:\\\/\\\/www.odonto.ufmg.br\\\/cenex\\\/editais\\\/divulgado-edital-para-selecao-de-voluntarios-projeto-de-extensao-odontologia-hospitalar-ferias\\\/#breadcrumb\"},\"inLanguage\":\"pt-BR\",\"potentialAction\":[{\"@type\":\"ReadAction\",\"target\":[\"https:\\\/\\\/www.odonto.ufmg.br\\\/cenex\\\/editais\\\/divulgado-edital-para-selecao-de-voluntarios-projeto-de-extensao-odontologia-hospitalar-ferias\\\/\"]}]},{\"@type\":\"ImageObject\",\"inLanguage\":\"pt-BR\",\"@id\":\"https:\\\/\\\/www.odonto.ufmg.br\\\/cenex\\\/editais\\\/divulgado-edital-para-selecao-de-voluntarios-projeto-de-extensao-odontologia-hospitalar-ferias\\\/#primaryimage\",\"url\":\"https:\\\/\\\/www.odonto.ufmg.br\\\/cenex\\\/wp-content\\\/uploads\\\/sites\\\/2\\\/2016\\\/06\\\/UFMG-hg-20110812.jpg\",\"contentUrl\":\"https:\\\/\\\/www.odonto.ufmg.br\\\/cenex\\\/wp-content\\\/uploads\\\/sites\\\/2\\\/2016\\\/06\\\/UFMG-hg-20110812.jpg\",\"width\":450,\"height\":338},{\"@type\":\"BreadcrumbList\",\"@id\":\"https:\\\/\\\/www.odonto.ufmg.br\\\/cenex\\\/editais\\\/divulgado-edital-para-selecao-de-voluntarios-projeto-de-extensao-odontologia-hospitalar-ferias\\\/#breadcrumb\",\"itemListElement\":[{\"@type\":\"ListItem\",\"position\":1,\"name\":\"In\u00edcio\",\"item\":\"https:\\\/\\\/www.odonto.ufmg.br\\\/cenex\\\/cenex\\\/\"},{\"@type\":\"ListItem\",\"position\":2,\"name\":\"Divulgado Edital para sele\u00e7\u00e3o de volunt\u00e1rios Projeto de Extens\u00e3o Odontologia Hospitalar (F\u00e9rias)\"}]},{\"@type\":\"WebSite\",\"@id\":\"https:\\\/\\\/www.odonto.ufmg.br\\\/cenex\\\/#website\",\"url\":\"https:\\\/\\\/www.odonto.ufmg.br\\\/cenex\\\/\",\"name\":\"CENEX Odonto\",\"description\":\"Centro de Extens\u00e3o - Faculdade de Odontologia UFMG\",\"publisher\":{\"@id\":\"https:\\\/\\\/www.odonto.ufmg.br\\\/cenex\\\/#organization\"},\"potentialAction\":[{\"@type\":\"SearchAction\",\"target\":{\"@type\":\"EntryPoint\",\"urlTemplate\":\"https:\\\/\\\/www.odonto.ufmg.br\\\/cenex\\\/?s={search_term_string}\"},\"query-input\":{\"@type\":\"PropertyValueSpecification\",\"valueRequired\":true,\"valueName\":\"search_term_string\"}}],\"inLanguage\":\"pt-BR\"},{\"@type\":\"Organization\",\"@id\":\"https:\\\/\\\/www.odonto.ufmg.br\\\/cenex\\\/#organization\",\"name\":\"Faculdade de Odontologia da UFMG\",\"url\":\"https:\\\/\\\/www.odonto.ufmg.br\\\/cenex\\\/\",\"logo\":{\"@type\":\"ImageObject\",\"inLanguage\":\"pt-BR\",\"@id\":\"https:\\\/\\\/www.odonto.ufmg.br\\\/cenex\\\/#\\\/schema\\\/logo\\\/image\\\/\",\"url\":\"http:\\\/\\\/www.odonto.ufmg.br\\\/cenex\\\/wp-content\\\/uploads\\\/sites\\\/2\\\/2015\\\/12\\\/logo_cenex.svg\",\"contentUrl\":\"http:\\\/\\\/www.odonto.ufmg.br\\\/cenex\\\/wp-content\\\/uploads\\\/sites\\\/2\\\/2015\\\/12\\\/logo_cenex.svg\",\"width\":1,\"height\":1,\"caption\":\"Faculdade de Odontologia da UFMG\"},\"image\":{\"@id\":\"https:\\\/\\\/www.odonto.ufmg.br\\\/cenex\\\/#\\\/schema\\\/logo\\\/image\\\/\"},\"sameAs\":[\"https:\\\/\\\/www.facebook.com\\\/cenexfao\\\/?locale=pt_BR\",\"https:\\\/\\\/www.instagram.com\\\/cenexfao\\\/\"]},{\"@type\":\"Person\",\"@id\":\"\",\"url\":\"https:\\\/\\\/www.odonto.ufmg.br\\\/cenex\\\/author\\\/\"}]}<\/script>\n<!-- \/ Yoast SEO plugin. -->","yoast_head_json":{"title":"Divulgado Edital para sele\u00e7\u00e3o de volunt\u00e1rios Projeto de Extens\u00e3o Odontologia Hospitalar (F\u00e9rias) | CENEX Odonto","robots":{"index":"index","follow":"follow","max-snippet":"max-snippet:-1","max-image-preview":"max-image-preview:large","max-video-preview":"max-video-preview:-1"},"canonical":"https:\/\/www.odonto.ufmg.br\/cenex\/editais\/divulgado-edital-para-selecao-de-voluntarios-projeto-de-extensao-odontologia-hospitalar-ferias\/","og_locale":"pt_BR","og_type":"article","og_title":"Divulgado Edital para sele\u00e7\u00e3o de volunt\u00e1rios Projeto de Extens\u00e3o Odontologia Hospitalar (F\u00e9rias) | CENEX Odonto","og_description":"Est\u00e3o abertas, at\u00e9 o dia 17\/06\/2016, inscri\u00e7\u00e3o para sele\u00e7\u00e3o de 04 alunos volunt\u00e1rios do 7\u00ba ao 10\u00ba per\u00edodo do Curso de Gradua\u00e7\u00e3o em Odontologia, para atuarem no Projeto de Extens\u00e3o Odontologia Hospitalar, coordenado pela Profa. Denise Travassos, no per\u00edodo de 29\/06 a 29\/07\/2016. Para acessar o edital clique aqui. &nbsp;","og_url":"https:\/\/www.odonto.ufmg.br\/cenex\/editais\/divulgado-edital-para-selecao-de-voluntarios-projeto-de-extensao-odontologia-hospitalar-ferias\/","og_site_name":"CENEX Odonto","article_publisher":"https:\/\/www.facebook.com\/cenexfao\/?locale=pt_BR","article_published_time":"2016-06-13T18:40:31+00:00","article_modified_time":"2016-06-14T13:18:48+00:00","og_image":[{"width":450,"height":338,"url":"https:\/\/www.odonto.ufmg.br\/cenex\/wp-content\/uploads\/sites\/2\/2016\/06\/UFMG-hg-20110812.jpg","type":"image\/jpeg"}],"twitter_card":"summary_large_image","twitter_misc":{"Escrito por":""},"schema":{"@context":"https:\/\/schema.org","@graph":[{"@type":"Article","@id":"https:\/\/www.odonto.ufmg.br\/cenex\/editais\/divulgado-edital-para-selecao-de-voluntarios-projeto-de-extensao-odontologia-hospitalar-ferias\/#article","isPartOf":{"@id":"https:\/\/www.odonto.ufmg.br\/cenex\/editais\/divulgado-edital-para-selecao-de-voluntarios-projeto-de-extensao-odontologia-hospitalar-ferias\/"},"author":{"name":"","@id":""},"headline":"Divulgado Edital para sele\u00e7\u00e3o de volunt\u00e1rios Projeto de Extens\u00e3o Odontologia Hospitalar (F\u00e9rias)","datePublished":"2016-06-13T18:40:31+00:00","dateModified":"2016-06-14T13:18:48+00:00","mainEntityOfPage":{"@id":"https:\/\/www.odonto.ufmg.br\/cenex\/editais\/divulgado-edital-para-selecao-de-voluntarios-projeto-de-extensao-odontologia-hospitalar-ferias\/"},"wordCount":68,"publisher":{"@id":"https:\/\/www.odonto.ufmg.br\/cenex\/#organization"},"image":{"@id":"https:\/\/www.odonto.ufmg.br\/cenex\/editais\/divulgado-edital-para-selecao-de-voluntarios-projeto-de-extensao-odontologia-hospitalar-ferias\/#primaryimage"},"thumbnailUrl":"https:\/\/www.odonto.ufmg.br\/cenex\/wp-content\/uploads\/sites\/2\/2016\/06\/UFMG-hg-20110812.jpg","articleSection":["ATA"],"inLanguage":"pt-BR"},{"@type":"WebPage","@id":"https:\/\/www.odonto.ufmg.br\/cenex\/editais\/divulgado-edital-para-selecao-de-voluntarios-projeto-de-extensao-odontologia-hospitalar-ferias\/","url":"https:\/\/www.odonto.ufmg.br\/cenex\/editais\/divulgado-edital-para-selecao-de-voluntarios-projeto-de-extensao-odontologia-hospitalar-ferias\/","name":"Divulgado Edital para sele\u00e7\u00e3o de volunt\u00e1rios Projeto de Extens\u00e3o Odontologia Hospitalar (F\u00e9rias) | CENEX Odonto","isPartOf":{"@id":"https:\/\/www.odonto.ufmg.br\/cenex\/#website"},"primaryImageOfPage":{"@id":"https:\/\/www.odonto.ufmg.br\/cenex\/editais\/divulgado-edital-para-selecao-de-voluntarios-projeto-de-extensao-odontologia-hospitalar-ferias\/#primaryimage"},"image":{"@id":"https:\/\/www.odonto.ufmg.br\/cenex\/editais\/divulgado-edital-para-selecao-de-voluntarios-projeto-de-extensao-odontologia-hospitalar-ferias\/#primaryimage"},"thumbnailUrl":"https:\/\/www.odonto.ufmg.br\/cenex\/wp-content\/uploads\/sites\/2\/2016\/06\/UFMG-hg-20110812.jpg","datePublished":"2016-06-13T18:40:31+00:00","dateModified":"2016-06-14T13:18:48+00:00","breadcrumb":{"@id":"https:\/\/www.odonto.ufmg.br\/cenex\/editais\/divulgado-edital-para-selecao-de-voluntarios-projeto-de-extensao-odontologia-hospitalar-ferias\/#breadcrumb"},"inLanguage":"pt-BR","potentialAction":[{"@type":"ReadAction","target":["https:\/\/www.odonto.ufmg.br\/cenex\/editais\/divulgado-edital-para-selecao-de-voluntarios-projeto-de-extensao-odontologia-hospitalar-ferias\/"]}]},{"@type":"ImageObject","inLanguage":"pt-BR","@id":"https:\/\/www.odonto.ufmg.br\/cenex\/editais\/divulgado-edital-para-selecao-de-voluntarios-projeto-de-extensao-odontologia-hospitalar-ferias\/#primaryimage","url":"https:\/\/www.odonto.ufmg.br\/cenex\/wp-content\/uploads\/sites\/2\/2016\/06\/UFMG-hg-20110812.jpg","contentUrl":"https:\/\/www.odonto.ufmg.br\/cenex\/wp-content\/uploads\/sites\/2\/2016\/06\/UFMG-hg-20110812.jpg","width":450,"height":338},{"@type":"BreadcrumbList","@id":"https:\/\/www.odonto.ufmg.br\/cenex\/editais\/divulgado-edital-para-selecao-de-voluntarios-projeto-de-extensao-odontologia-hospitalar-ferias\/#breadcrumb","itemListElement":[{"@type":"ListItem","position":1,"name":"In\u00edcio","item":"https:\/\/www.odonto.ufmg.br\/cenex\/cenex\/"},{"@type":"ListItem","position":2,"name":"Divulgado Edital para sele\u00e7\u00e3o de volunt\u00e1rios Projeto de Extens\u00e3o Odontologia Hospitalar (F\u00e9rias)"}]},{"@type":"WebSite","@id":"https:\/\/www.odonto.ufmg.br\/cenex\/#website","url":"https:\/\/www.odonto.ufmg.br\/cenex\/","name":"CENEX Odonto","description":"Centro de Extens\u00e3o - Faculdade de Odontologia UFMG","publisher":{"@id":"https:\/\/www.odonto.ufmg.br\/cenex\/#organization"},"potentialAction":[{"@type":"SearchAction","target":{"@type":"EntryPoint","urlTemplate":"https:\/\/www.odonto.ufmg.br\/cenex\/?s={search_term_string}"},"query-input":{"@type":"PropertyValueSpecification","valueRequired":true,"valueName":"search_term_string"}}],"inLanguage":"pt-BR"},{"@type":"Organization","@id":"https:\/\/www.odonto.ufmg.br\/cenex\/#organization","name":"Faculdade de Odontologia da UFMG","url":"https:\/\/www.odonto.ufmg.br\/cenex\/","logo":{"@type":"ImageObject","inLanguage":"pt-BR","@id":"https:\/\/www.odonto.ufmg.br\/cenex\/#\/schema\/logo\/image\/","url":"http:\/\/www.odonto.ufmg.br\/cenex\/wp-content\/uploads\/sites\/2\/2015\/12\/logo_cenex.svg","contentUrl":"http:\/\/www.odonto.ufmg.br\/cenex\/wp-content\/uploads\/sites\/2\/2015\/12\/logo_cenex.svg","width":1,"height":1,"caption":"Faculdade de Odontologia da UFMG"},"image":{"@id":"https:\/\/www.odonto.ufmg.br\/cenex\/#\/schema\/logo\/image\/"},"sameAs":["https:\/\/www.facebook.com\/cenexfao\/?locale=pt_BR","https:\/\/www.instagram.com\/cenexfao\/"]},{"@type":"Person","@id":"","url":"https:\/\/www.odonto.ufmg.br\/cenex\/author\/"}]}},"_links":{"self":[{"href":"https:\/\/www.odonto.ufmg.br\/cenex\/wp-json\/wp\/v2\/posts\/4303","targetHints":{"allow":["GET"]}}],"collection":[{"href":"https:\/\/www.odonto.ufmg.br\/cenex\/wp-json\/wp\/v2\/posts"}],"about":[{"href":"https:\/\/www.odonto.ufmg.br\/cenex\/wp-json\/wp\/v2\/types\/post"}],"author":[{"embeddable":true,"href":"https:\/\/www.odonto.ufmg.br\/cenex\/wp-json\/wp\/v2\/users\/6"}],"replies":[{"embeddable":true,"href":"https:\/\/www.odonto.ufmg.br\/cenex\/wp-json\/wp\/v2\/comments?post=4303"}],"version-history":[{"count":2,"href":"https:\/\/www.odonto.ufmg.br\/cenex\/wp-json\/wp\/v2\/posts\/4303\/revisions"}],"predecessor-version":[{"id":4308,"href":"https:\/\/www.odonto.ufmg.br\/cenex\/wp-json\/wp\/v2\/posts\/4303\/revisions\/4308"}],"wp:featuredmedia":[{"embeddable":true,"href":"https:\/\/www.odonto.ufmg.br\/cenex\/wp-json\/wp\/v2\/media\/4305"}],"wp:attachment":[{"href":"https:\/\/www.odonto.ufmg.br\/cenex\/wp-json\/wp\/v2\/media?parent=4303"}],"wp:term":[{"taxonomy":"category","embeddable":true,"href":"https:\/\/www.odonto.ufmg.br\/cenex\/wp-json\/wp\/v2\/categories?post=4303"},{"taxonomy":"post_tag","embeddable":true,"href":"https:\/\/www.odonto.ufmg.br\/cenex\/wp-json\/wp\/v2\/tags?post=4303"}],"curies":[{"name":"wp","href":"https:\/\/api.w.org\/{rel}","templated":true}]}}