{"id":3986,"date":"2016-04-01T11:58:47","date_gmt":"2016-04-01T14:58:47","guid":{"rendered":"http:\/\/www.odonto.ufmg.br\/cenex\/?p=3986"},"modified":"2016-10-06T10:12:20","modified_gmt":"2016-10-06T13:12:20","slug":"7-congresso-brasileiro-de-extensao-universitaria-inovacao-e-emancipacao","status":"publish","type":"post","link":"https:\/\/www.odonto.ufmg.br\/cenex\/ata\/7-congresso-brasileiro-de-extensao-universitaria-inovacao-e-emancipacao\/","title":{"rendered":"7\u00b0 Congresso Brasileiro de Extens\u00e3o Universit\u00e1ria INOVA\u00c7\u00c3O E EMANCIPA\u00c7\u00c3O"},"content":{"rendered":"<p>Maior encontro brasileiro de extens\u00e3o universit\u00e1ria em Institui\u00e7\u00f5es P\u00fablicas de Ensino Superior, o CBEU re\u00fane professores, t\u00e9cnicos e alunos que integram o quadro de a\u00e7\u00f5es extensionistas atrav\u00e9s das Universidades.<br \/>\nA primeira edi\u00e7\u00e3o do evento foi realizada no ano de 2002, em Jo\u00e3o Pessoa \u2013 PB e, desde ent\u00e3o, \u00e9 promovido bienalmente por uma institui\u00e7\u00e3o de ensino com forte atua\u00e7\u00e3o na \u00e1rea.<br \/>\nEm 2016, uma a\u00e7\u00e3o conjunta entre a Articula\u00e7\u00e3o Nacional de Extens\u00e3o Popular (ANEPOP) e a Pr\u00f3-reitoria de Extens\u00e3o da UFOP tornou a Universidade Federal de Ouro Preto \u2013 MG sede da 7\u00aa edi\u00e7\u00e3o do encontro. Entre os dias 07 e 09 de setembro, ser\u00e1 oferecida uma diversificada programa\u00e7\u00e3o envolvendo confer\u00eancias, mesas-redondas, minicursos, oficinas, rodas de conversa, comunica\u00e7\u00f5es orais e apresenta\u00e7\u00f5es de p\u00f4steres.<br \/>\nE antecedendo a programa\u00e7\u00e3o do 7\u00ba CBEU, acontece nos dias 05 e 06 de setembro o 40\u00ba Encontro Nacional do F\u00f3rum de Pr\u00f3-Reitores de Extens\u00e3o das Institui\u00e7\u00f5es P\u00fablicas de Educa\u00e7\u00e3o Superior (FORPROEX), com a participa\u00e7\u00e3o de coletivos vinculados \u00e0 tem\u00e1tica da Educa\u00e7\u00e3o Popular ocupando a Tenda Paulo Freire.<br \/>\nCom a tem\u00e1tica \u201cINOVA\u00c7\u00c3O E EMANCIPA\u00c7\u00c3O: valores humanos, tecnol\u00f3gicos e ambientais\u201d, o 7\u00ba CBEU prop\u00f5e a aproxima\u00e7\u00e3o de ideias, modificando paradigmas, apresentando novos m\u00e9todos e processos.<br \/>\nEmancipar \u00e9 inovar em dire\u00e7\u00e3o \u00e0 liberdade, e o evento abrir\u00e1 as portas para dialogar os valores que orientam essas ideias no \u00e2mbito da extens\u00e3o. Na medida em que a extens\u00e3o universit\u00e1ria se organiza e se fortalece nas institui\u00e7\u00f5es de ensino superior, torna-se necess\u00e1rio dedicarmo-nos com maior intensidade \u00e0 discuss\u00e3o desses valores.<br \/>\nPortanto, o 7\u00ba CBEU se torna o espa\u00e7o adequado para formalizar esse debate nas \u00e1reas de atua\u00e7\u00e3o da extens\u00e3o brasileira.<br \/>\nAs inscri\u00e7\u00f5es para o congresso podem ser realizadas at\u00e9 o dia 30\/04 pelo site http:\/\/www.cbeu.eventsystem.com.br\/.<\/p>\n<p>&nbsp;<\/p>\n<p>Fonte:\u00a0http:\/\/www.cbeu.eventsystem.com.br\/datas<\/p>\n","protected":false},"excerpt":{"rendered":"<p>Maior encontro brasileiro de extens\u00e3o universit\u00e1ria em Institui\u00e7\u00f5es P\u00fablicas de Ensino Superior, o CBEU re\u00fane professores, t\u00e9cnicos e alunos que integram o quadro de a\u00e7\u00f5es extensionistas atrav\u00e9s das Universidades. A primeira edi\u00e7\u00e3o do evento foi realizada no ano de 2002, em Jo\u00e3o Pessoa \u2013 PB e, desde ent\u00e3o, \u00e9 promovido bienalmente por uma institui\u00e7\u00e3o de [&hellip;]<\/p>\n","protected":false},"author":7,"featured_media":3988,"comment_status":"closed","ping_status":"closed","sticky":false,"template":"","format":"link","meta":{"inline_featured_image":false,"footnotes":""},"categories":[2],"tags":[],"class_list":["post-3986","post","type-post","status-publish","format-link","has-post-thumbnail","hentry","category-ata","post_format-post-format-link"],"yoast_head":"<!-- This site is optimized with the Yoast SEO plugin v27.5 - https:\/\/yoast.com\/product\/yoast-seo-wordpress\/ -->\n<title>7\u00b0 Congresso Brasileiro de Extens\u00e3o Universit\u00e1ria INOVA\u00c7\u00c3O E EMANCIPA\u00c7\u00c3O | CENEX Odonto<\/title>\n<meta name=\"robots\" content=\"index, follow, max-snippet:-1, max-image-preview:large, max-video-preview:-1\" \/>\n<link rel=\"canonical\" href=\"https:\/\/www.odonto.ufmg.br\/cenex\/noticias\/7-congresso-brasileiro-de-extensao-universitaria-inovacao-e-emancipacao\/\" \/>\n<meta property=\"og:locale\" content=\"pt_BR\" \/>\n<meta property=\"og:type\" content=\"article\" \/>\n<meta property=\"og:title\" content=\"7\u00b0 Congresso Brasileiro de Extens\u00e3o Universit\u00e1ria INOVA\u00c7\u00c3O E EMANCIPA\u00c7\u00c3O | CENEX Odonto\" \/>\n<meta property=\"og:description\" content=\"Maior encontro brasileiro de extens\u00e3o universit\u00e1ria em Institui\u00e7\u00f5es P\u00fablicas de Ensino Superior, o CBEU re\u00fane professores, t\u00e9cnicos e alunos que integram o quadro de a\u00e7\u00f5es extensionistas atrav\u00e9s das Universidades. A primeira edi\u00e7\u00e3o do evento foi realizada no ano de 2002, em Jo\u00e3o Pessoa \u2013 PB e, desde ent\u00e3o, \u00e9 promovido bienalmente por uma institui\u00e7\u00e3o de [&hellip;]\" \/>\n<meta property=\"og:url\" content=\"https:\/\/www.odonto.ufmg.br\/cenex\/noticias\/7-congresso-brasileiro-de-extensao-universitaria-inovacao-e-emancipacao\/\" \/>\n<meta property=\"og:site_name\" content=\"CENEX Odonto\" \/>\n<meta property=\"article:publisher\" content=\"https:\/\/www.facebook.com\/cenexfao\/?locale=pt_BR\" \/>\n<meta property=\"article:published_time\" content=\"2016-04-01T14:58:47+00:00\" \/>\n<meta property=\"article:modified_time\" content=\"2016-10-06T13:12:20+00:00\" \/>\n<meta property=\"og:image\" content=\"https:\/\/www.odonto.ufmg.br\/cenex\/wp-content\/uploads\/sites\/2\/2016\/04\/ouropreto.jpg\" \/>\n\t<meta property=\"og:image:width\" content=\"1280\" \/>\n\t<meta property=\"og:image:height\" content=\"799\" \/>\n\t<meta property=\"og:image:type\" content=\"image\/jpeg\" \/>\n<meta name=\"twitter:card\" content=\"summary_large_image\" \/>\n<meta name=\"twitter:label1\" content=\"Escrito por\" \/>\n\t<meta name=\"twitter:data1\" content=\"\" \/>\n\t<meta name=\"twitter:label2\" content=\"Est. tempo de leitura\" \/>\n\t<meta name=\"twitter:data2\" content=\"2 minutos\" \/>\n<script type=\"application\/ld+json\" class=\"yoast-schema-graph\">{\"@context\":\"https:\\\/\\\/schema.org\",\"@graph\":[{\"@type\":\"Article\",\"@id\":\"https:\\\/\\\/www.odonto.ufmg.br\\\/cenex\\\/noticias\\\/7-congresso-brasileiro-de-extensao-universitaria-inovacao-e-emancipacao\\\/#article\",\"isPartOf\":{\"@id\":\"https:\\\/\\\/www.odonto.ufmg.br\\\/cenex\\\/noticias\\\/7-congresso-brasileiro-de-extensao-universitaria-inovacao-e-emancipacao\\\/\"},\"author\":{\"name\":\"\",\"@id\":\"\"},\"headline\":\"7\u00b0 Congresso Brasileiro de Extens\u00e3o Universit\u00e1ria INOVA\u00c7\u00c3O E EMANCIPA\u00c7\u00c3O\",\"datePublished\":\"2016-04-01T14:58:47+00:00\",\"dateModified\":\"2016-10-06T13:12:20+00:00\",\"mainEntityOfPage\":{\"@id\":\"https:\\\/\\\/www.odonto.ufmg.br\\\/cenex\\\/noticias\\\/7-congresso-brasileiro-de-extensao-universitaria-inovacao-e-emancipacao\\\/\"},\"wordCount\":343,\"publisher\":{\"@id\":\"https:\\\/\\\/www.odonto.ufmg.br\\\/cenex\\\/#organization\"},\"image\":{\"@id\":\"https:\\\/\\\/www.odonto.ufmg.br\\\/cenex\\\/noticias\\\/7-congresso-brasileiro-de-extensao-universitaria-inovacao-e-emancipacao\\\/#primaryimage\"},\"thumbnailUrl\":\"https:\\\/\\\/www.odonto.ufmg.br\\\/cenex\\\/wp-content\\\/uploads\\\/sites\\\/2\\\/2016\\\/04\\\/ouropreto.jpg\",\"articleSection\":[\"ATA\"],\"inLanguage\":\"pt-BR\"},{\"@type\":\"WebPage\",\"@id\":\"https:\\\/\\\/www.odonto.ufmg.br\\\/cenex\\\/noticias\\\/7-congresso-brasileiro-de-extensao-universitaria-inovacao-e-emancipacao\\\/\",\"url\":\"https:\\\/\\\/www.odonto.ufmg.br\\\/cenex\\\/noticias\\\/7-congresso-brasileiro-de-extensao-universitaria-inovacao-e-emancipacao\\\/\",\"name\":\"7\u00b0 Congresso Brasileiro de Extens\u00e3o Universit\u00e1ria INOVA\u00c7\u00c3O E EMANCIPA\u00c7\u00c3O | CENEX Odonto\",\"isPartOf\":{\"@id\":\"https:\\\/\\\/www.odonto.ufmg.br\\\/cenex\\\/#website\"},\"primaryImageOfPage\":{\"@id\":\"https:\\\/\\\/www.odonto.ufmg.br\\\/cenex\\\/noticias\\\/7-congresso-brasileiro-de-extensao-universitaria-inovacao-e-emancipacao\\\/#primaryimage\"},\"image\":{\"@id\":\"https:\\\/\\\/www.odonto.ufmg.br\\\/cenex\\\/noticias\\\/7-congresso-brasileiro-de-extensao-universitaria-inovacao-e-emancipacao\\\/#primaryimage\"},\"thumbnailUrl\":\"https:\\\/\\\/www.odonto.ufmg.br\\\/cenex\\\/wp-content\\\/uploads\\\/sites\\\/2\\\/2016\\\/04\\\/ouropreto.jpg\",\"datePublished\":\"2016-04-01T14:58:47+00:00\",\"dateModified\":\"2016-10-06T13:12:20+00:00\",\"breadcrumb\":{\"@id\":\"https:\\\/\\\/www.odonto.ufmg.br\\\/cenex\\\/noticias\\\/7-congresso-brasileiro-de-extensao-universitaria-inovacao-e-emancipacao\\\/#breadcrumb\"},\"inLanguage\":\"pt-BR\",\"potentialAction\":[{\"@type\":\"ReadAction\",\"target\":[\"https:\\\/\\\/www.odonto.ufmg.br\\\/cenex\\\/noticias\\\/7-congresso-brasileiro-de-extensao-universitaria-inovacao-e-emancipacao\\\/\"]}]},{\"@type\":\"ImageObject\",\"inLanguage\":\"pt-BR\",\"@id\":\"https:\\\/\\\/www.odonto.ufmg.br\\\/cenex\\\/noticias\\\/7-congresso-brasileiro-de-extensao-universitaria-inovacao-e-emancipacao\\\/#primaryimage\",\"url\":\"https:\\\/\\\/www.odonto.ufmg.br\\\/cenex\\\/wp-content\\\/uploads\\\/sites\\\/2\\\/2016\\\/04\\\/ouropreto.jpg\",\"contentUrl\":\"https:\\\/\\\/www.odonto.ufmg.br\\\/cenex\\\/wp-content\\\/uploads\\\/sites\\\/2\\\/2016\\\/04\\\/ouropreto.jpg\",\"width\":1280,\"height\":799},{\"@type\":\"BreadcrumbList\",\"@id\":\"https:\\\/\\\/www.odonto.ufmg.br\\\/cenex\\\/noticias\\\/7-congresso-brasileiro-de-extensao-universitaria-inovacao-e-emancipacao\\\/#breadcrumb\",\"itemListElement\":[{\"@type\":\"ListItem\",\"position\":1,\"name\":\"In\u00edcio\",\"item\":\"https:\\\/\\\/www.odonto.ufmg.br\\\/cenex\\\/cenex\\\/\"},{\"@type\":\"ListItem\",\"position\":2,\"name\":\"7\u00b0 Congresso Brasileiro de Extens\u00e3o Universit\u00e1ria INOVA\u00c7\u00c3O E EMANCIPA\u00c7\u00c3O\"}]},{\"@type\":\"WebSite\",\"@id\":\"https:\\\/\\\/www.odonto.ufmg.br\\\/cenex\\\/#website\",\"url\":\"https:\\\/\\\/www.odonto.ufmg.br\\\/cenex\\\/\",\"name\":\"CENEX Odonto\",\"description\":\"Centro de Extens\u00e3o - Faculdade de Odontologia UFMG\",\"publisher\":{\"@id\":\"https:\\\/\\\/www.odonto.ufmg.br\\\/cenex\\\/#organization\"},\"potentialAction\":[{\"@type\":\"SearchAction\",\"target\":{\"@type\":\"EntryPoint\",\"urlTemplate\":\"https:\\\/\\\/www.odonto.ufmg.br\\\/cenex\\\/?s={search_term_string}\"},\"query-input\":{\"@type\":\"PropertyValueSpecification\",\"valueRequired\":true,\"valueName\":\"search_term_string\"}}],\"inLanguage\":\"pt-BR\"},{\"@type\":\"Organization\",\"@id\":\"https:\\\/\\\/www.odonto.ufmg.br\\\/cenex\\\/#organization\",\"name\":\"Faculdade de Odontologia da UFMG\",\"url\":\"https:\\\/\\\/www.odonto.ufmg.br\\\/cenex\\\/\",\"logo\":{\"@type\":\"ImageObject\",\"inLanguage\":\"pt-BR\",\"@id\":\"https:\\\/\\\/www.odonto.ufmg.br\\\/cenex\\\/#\\\/schema\\\/logo\\\/image\\\/\",\"url\":\"http:\\\/\\\/www.odonto.ufmg.br\\\/cenex\\\/wp-content\\\/uploads\\\/sites\\\/2\\\/2015\\\/12\\\/logo_cenex.svg\",\"contentUrl\":\"http:\\\/\\\/www.odonto.ufmg.br\\\/cenex\\\/wp-content\\\/uploads\\\/sites\\\/2\\\/2015\\\/12\\\/logo_cenex.svg\",\"width\":1,\"height\":1,\"caption\":\"Faculdade de Odontologia da UFMG\"},\"image\":{\"@id\":\"https:\\\/\\\/www.odonto.ufmg.br\\\/cenex\\\/#\\\/schema\\\/logo\\\/image\\\/\"},\"sameAs\":[\"https:\\\/\\\/www.facebook.com\\\/cenexfao\\\/?locale=pt_BR\",\"https:\\\/\\\/www.instagram.com\\\/cenexfao\\\/\"]},{\"@type\":\"Person\",\"@id\":\"\",\"url\":\"https:\\\/\\\/www.odonto.ufmg.br\\\/cenex\\\/author\\\/\"}]}<\/script>\n<!-- \/ Yoast SEO plugin. -->","yoast_head_json":{"title":"7\u00b0 Congresso Brasileiro de Extens\u00e3o Universit\u00e1ria INOVA\u00c7\u00c3O E EMANCIPA\u00c7\u00c3O | CENEX Odonto","robots":{"index":"index","follow":"follow","max-snippet":"max-snippet:-1","max-image-preview":"max-image-preview:large","max-video-preview":"max-video-preview:-1"},"canonical":"https:\/\/www.odonto.ufmg.br\/cenex\/noticias\/7-congresso-brasileiro-de-extensao-universitaria-inovacao-e-emancipacao\/","og_locale":"pt_BR","og_type":"article","og_title":"7\u00b0 Congresso Brasileiro de Extens\u00e3o Universit\u00e1ria INOVA\u00c7\u00c3O E EMANCIPA\u00c7\u00c3O | CENEX Odonto","og_description":"Maior encontro brasileiro de extens\u00e3o universit\u00e1ria em Institui\u00e7\u00f5es P\u00fablicas de Ensino Superior, o CBEU re\u00fane professores, t\u00e9cnicos e alunos que integram o quadro de a\u00e7\u00f5es extensionistas atrav\u00e9s das Universidades. A primeira edi\u00e7\u00e3o do evento foi realizada no ano de 2002, em Jo\u00e3o Pessoa \u2013 PB e, desde ent\u00e3o, \u00e9 promovido bienalmente por uma institui\u00e7\u00e3o de [&hellip;]","og_url":"https:\/\/www.odonto.ufmg.br\/cenex\/noticias\/7-congresso-brasileiro-de-extensao-universitaria-inovacao-e-emancipacao\/","og_site_name":"CENEX Odonto","article_publisher":"https:\/\/www.facebook.com\/cenexfao\/?locale=pt_BR","article_published_time":"2016-04-01T14:58:47+00:00","article_modified_time":"2016-10-06T13:12:20+00:00","og_image":[{"width":1280,"height":799,"url":"https:\/\/www.odonto.ufmg.br\/cenex\/wp-content\/uploads\/sites\/2\/2016\/04\/ouropreto.jpg","type":"image\/jpeg"}],"twitter_card":"summary_large_image","twitter_misc":{"Escrito por":"","Est. tempo de leitura":"2 minutos"},"schema":{"@context":"https:\/\/schema.org","@graph":[{"@type":"Article","@id":"https:\/\/www.odonto.ufmg.br\/cenex\/noticias\/7-congresso-brasileiro-de-extensao-universitaria-inovacao-e-emancipacao\/#article","isPartOf":{"@id":"https:\/\/www.odonto.ufmg.br\/cenex\/noticias\/7-congresso-brasileiro-de-extensao-universitaria-inovacao-e-emancipacao\/"},"author":{"name":"","@id":""},"headline":"7\u00b0 Congresso Brasileiro de Extens\u00e3o Universit\u00e1ria INOVA\u00c7\u00c3O E EMANCIPA\u00c7\u00c3O","datePublished":"2016-04-01T14:58:47+00:00","dateModified":"2016-10-06T13:12:20+00:00","mainEntityOfPage":{"@id":"https:\/\/www.odonto.ufmg.br\/cenex\/noticias\/7-congresso-brasileiro-de-extensao-universitaria-inovacao-e-emancipacao\/"},"wordCount":343,"publisher":{"@id":"https:\/\/www.odonto.ufmg.br\/cenex\/#organization"},"image":{"@id":"https:\/\/www.odonto.ufmg.br\/cenex\/noticias\/7-congresso-brasileiro-de-extensao-universitaria-inovacao-e-emancipacao\/#primaryimage"},"thumbnailUrl":"https:\/\/www.odonto.ufmg.br\/cenex\/wp-content\/uploads\/sites\/2\/2016\/04\/ouropreto.jpg","articleSection":["ATA"],"inLanguage":"pt-BR"},{"@type":"WebPage","@id":"https:\/\/www.odonto.ufmg.br\/cenex\/noticias\/7-congresso-brasileiro-de-extensao-universitaria-inovacao-e-emancipacao\/","url":"https:\/\/www.odonto.ufmg.br\/cenex\/noticias\/7-congresso-brasileiro-de-extensao-universitaria-inovacao-e-emancipacao\/","name":"7\u00b0 Congresso Brasileiro de Extens\u00e3o Universit\u00e1ria INOVA\u00c7\u00c3O E EMANCIPA\u00c7\u00c3O | CENEX Odonto","isPartOf":{"@id":"https:\/\/www.odonto.ufmg.br\/cenex\/#website"},"primaryImageOfPage":{"@id":"https:\/\/www.odonto.ufmg.br\/cenex\/noticias\/7-congresso-brasileiro-de-extensao-universitaria-inovacao-e-emancipacao\/#primaryimage"},"image":{"@id":"https:\/\/www.odonto.ufmg.br\/cenex\/noticias\/7-congresso-brasileiro-de-extensao-universitaria-inovacao-e-emancipacao\/#primaryimage"},"thumbnailUrl":"https:\/\/www.odonto.ufmg.br\/cenex\/wp-content\/uploads\/sites\/2\/2016\/04\/ouropreto.jpg","datePublished":"2016-04-01T14:58:47+00:00","dateModified":"2016-10-06T13:12:20+00:00","breadcrumb":{"@id":"https:\/\/www.odonto.ufmg.br\/cenex\/noticias\/7-congresso-brasileiro-de-extensao-universitaria-inovacao-e-emancipacao\/#breadcrumb"},"inLanguage":"pt-BR","potentialAction":[{"@type":"ReadAction","target":["https:\/\/www.odonto.ufmg.br\/cenex\/noticias\/7-congresso-brasileiro-de-extensao-universitaria-inovacao-e-emancipacao\/"]}]},{"@type":"ImageObject","inLanguage":"pt-BR","@id":"https:\/\/www.odonto.ufmg.br\/cenex\/noticias\/7-congresso-brasileiro-de-extensao-universitaria-inovacao-e-emancipacao\/#primaryimage","url":"https:\/\/www.odonto.ufmg.br\/cenex\/wp-content\/uploads\/sites\/2\/2016\/04\/ouropreto.jpg","contentUrl":"https:\/\/www.odonto.ufmg.br\/cenex\/wp-content\/uploads\/sites\/2\/2016\/04\/ouropreto.jpg","width":1280,"height":799},{"@type":"BreadcrumbList","@id":"https:\/\/www.odonto.ufmg.br\/cenex\/noticias\/7-congresso-brasileiro-de-extensao-universitaria-inovacao-e-emancipacao\/#breadcrumb","itemListElement":[{"@type":"ListItem","position":1,"name":"In\u00edcio","item":"https:\/\/www.odonto.ufmg.br\/cenex\/cenex\/"},{"@type":"ListItem","position":2,"name":"7\u00b0 Congresso Brasileiro de Extens\u00e3o Universit\u00e1ria INOVA\u00c7\u00c3O E EMANCIPA\u00c7\u00c3O"}]},{"@type":"WebSite","@id":"https:\/\/www.odonto.ufmg.br\/cenex\/#website","url":"https:\/\/www.odonto.ufmg.br\/cenex\/","name":"CENEX Odonto","description":"Centro de Extens\u00e3o - Faculdade de Odontologia UFMG","publisher":{"@id":"https:\/\/www.odonto.ufmg.br\/cenex\/#organization"},"potentialAction":[{"@type":"SearchAction","target":{"@type":"EntryPoint","urlTemplate":"https:\/\/www.odonto.ufmg.br\/cenex\/?s={search_term_string}"},"query-input":{"@type":"PropertyValueSpecification","valueRequired":true,"valueName":"search_term_string"}}],"inLanguage":"pt-BR"},{"@type":"Organization","@id":"https:\/\/www.odonto.ufmg.br\/cenex\/#organization","name":"Faculdade de Odontologia da UFMG","url":"https:\/\/www.odonto.ufmg.br\/cenex\/","logo":{"@type":"ImageObject","inLanguage":"pt-BR","@id":"https:\/\/www.odonto.ufmg.br\/cenex\/#\/schema\/logo\/image\/","url":"http:\/\/www.odonto.ufmg.br\/cenex\/wp-content\/uploads\/sites\/2\/2015\/12\/logo_cenex.svg","contentUrl":"http:\/\/www.odonto.ufmg.br\/cenex\/wp-content\/uploads\/sites\/2\/2015\/12\/logo_cenex.svg","width":1,"height":1,"caption":"Faculdade de Odontologia da UFMG"},"image":{"@id":"https:\/\/www.odonto.ufmg.br\/cenex\/#\/schema\/logo\/image\/"},"sameAs":["https:\/\/www.facebook.com\/cenexfao\/?locale=pt_BR","https:\/\/www.instagram.com\/cenexfao\/"]},{"@type":"Person","@id":"","url":"https:\/\/www.odonto.ufmg.br\/cenex\/author\/"}]}},"_links":{"self":[{"href":"https:\/\/www.odonto.ufmg.br\/cenex\/wp-json\/wp\/v2\/posts\/3986","targetHints":{"allow":["GET"]}}],"collection":[{"href":"https:\/\/www.odonto.ufmg.br\/cenex\/wp-json\/wp\/v2\/posts"}],"about":[{"href":"https:\/\/www.odonto.ufmg.br\/cenex\/wp-json\/wp\/v2\/types\/post"}],"author":[{"embeddable":true,"href":"https:\/\/www.odonto.ufmg.br\/cenex\/wp-json\/wp\/v2\/users\/7"}],"replies":[{"embeddable":true,"href":"https:\/\/www.odonto.ufmg.br\/cenex\/wp-json\/wp\/v2\/comments?post=3986"}],"version-history":[{"count":1,"href":"https:\/\/www.odonto.ufmg.br\/cenex\/wp-json\/wp\/v2\/posts\/3986\/revisions"}],"predecessor-version":[{"id":3987,"href":"https:\/\/www.odonto.ufmg.br\/cenex\/wp-json\/wp\/v2\/posts\/3986\/revisions\/3987"}],"wp:featuredmedia":[{"embeddable":true,"href":"https:\/\/www.odonto.ufmg.br\/cenex\/wp-json\/wp\/v2\/media\/3988"}],"wp:attachment":[{"href":"https:\/\/www.odonto.ufmg.br\/cenex\/wp-json\/wp\/v2\/media?parent=3986"}],"wp:term":[{"taxonomy":"category","embeddable":true,"href":"https:\/\/www.odonto.ufmg.br\/cenex\/wp-json\/wp\/v2\/categories?post=3986"},{"taxonomy":"post_tag","embeddable":true,"href":"https:\/\/www.odonto.ufmg.br\/cenex\/wp-json\/wp\/v2\/tags?post=3986"}],"curies":[{"name":"wp","href":"https:\/\/api.w.org\/{rel}","templated":true}]}}