{"id":16137,"date":"2024-03-01T12:10:02","date_gmt":"2024-03-01T15:10:02","guid":{"rendered":"https:\/\/www.odonto.ufmg.br\/cenex\/?p=16137"},"modified":"2024-03-01T11:49:14","modified_gmt":"2024-03-01T14:49:14","slug":"selecao-de-voluntarios-para-o-projeto-de-extensao-projeto-de-extensao-tal-mae-tal-filho-promocao-de-saude-bucal-para-gestantes","status":"publish","type":"post","link":"https:\/\/www.odonto.ufmg.br\/cenex\/ata\/selecao-de-voluntarios-para-o-projeto-de-extensao-projeto-de-extensao-tal-mae-tal-filho-promocao-de-saude-bucal-para-gestantes\/","title":{"rendered":"Sele\u00e7\u00e3o de volunt\u00e1rios para o Projeto de Extens\u00e3o &#8220;Projeto de extens\u00e3o Tal M\u00e3e, Tal Filho \u2013 Promo\u00e7\u00e3o de Sa\u00fade Bucal para Gestantes&#8221;"},"content":{"rendered":"<p><strong>CHAMADA<\/strong><\/p>\n<p>Est\u00e3o abertas as inscri\u00e7\u00f5es para a sele\u00e7\u00e3o de volunt\u00e1rios para o projeto &#8220;Projeto de extens\u00e3o Tal M\u00e3e, Tal Filho \u2013 Promo\u00e7\u00e3o de Sa\u00fade Bucal para Gestantes&#8221;, coordenado pela professora L\u00edvia Zina.<\/p>\n<p><a href=\"http:\/\/www.odonto.ufmg.br\/cenex\/wp-content\/uploads\/sites\/2\/2024\/03\/CHAMADA-CENEX-29-24-2.pdf\">Acesse a chamada aqui!<\/a><\/p>\n","protected":false},"excerpt":{"rendered":"<p>CHAMADA Est\u00e3o abertas as inscri\u00e7\u00f5es para a sele\u00e7\u00e3o de volunt\u00e1rios para o projeto &#8220;Projeto de extens\u00e3o Tal M\u00e3e, Tal Filho \u2013 Promo\u00e7\u00e3o de Sa\u00fade Bucal para Gestantes&#8221;, coordenado pela professora L\u00edvia Zina. Acesse a chamada aqui!<\/p>\n","protected":false},"author":61,"featured_media":10032,"comment_status":"closed","ping_status":"closed","sticky":false,"template":"","format":"standard","meta":{"inline_featured_image":false,"footnotes":""},"categories":[2],"tags":[],"class_list":["post-16137","post","type-post","status-publish","format-standard","has-post-thumbnail","hentry","category-ata"],"yoast_head":"<!-- This site is optimized with the Yoast SEO plugin v27.5 - https:\/\/yoast.com\/product\/yoast-seo-wordpress\/ -->\n<title>Sele\u00e7\u00e3o de volunt\u00e1rios para o Projeto de Extens\u00e3o &quot;Projeto de extens\u00e3o Tal M\u00e3e, Tal Filho \u2013 Promo\u00e7\u00e3o de Sa\u00fade Bucal para Gestantes&quot; | CENEX Odonto<\/title>\n<meta name=\"robots\" content=\"index, follow, max-snippet:-1, max-image-preview:large, max-video-preview:-1\" \/>\n<link rel=\"canonical\" href=\"https:\/\/www.odonto.ufmg.br\/cenex\/noticias-2\/selecao-de-voluntarios-para-o-projeto-de-extensao-projeto-de-extensao-tal-mae-tal-filho-promocao-de-saude-bucal-para-gestantes\/\" \/>\n<meta property=\"og:locale\" content=\"pt_BR\" \/>\n<meta property=\"og:type\" content=\"article\" \/>\n<meta property=\"og:title\" content=\"Sele\u00e7\u00e3o de volunt\u00e1rios para o Projeto de Extens\u00e3o &quot;Projeto de extens\u00e3o Tal M\u00e3e, Tal Filho \u2013 Promo\u00e7\u00e3o de Sa\u00fade Bucal para Gestantes&quot; | CENEX Odonto\" \/>\n<meta property=\"og:description\" content=\"CHAMADA Est\u00e3o abertas as inscri\u00e7\u00f5es para a sele\u00e7\u00e3o de volunt\u00e1rios para o projeto &#8220;Projeto de extens\u00e3o Tal M\u00e3e, Tal Filho \u2013 Promo\u00e7\u00e3o de Sa\u00fade Bucal para Gestantes&#8221;, coordenado pela professora L\u00edvia Zina. Acesse a chamada aqui!\" \/>\n<meta property=\"og:url\" content=\"https:\/\/www.odonto.ufmg.br\/cenex\/noticias-2\/selecao-de-voluntarios-para-o-projeto-de-extensao-projeto-de-extensao-tal-mae-tal-filho-promocao-de-saude-bucal-para-gestantes\/\" \/>\n<meta property=\"og:site_name\" content=\"CENEX Odonto\" \/>\n<meta property=\"article:publisher\" content=\"https:\/\/www.facebook.com\/cenexfao\/?locale=pt_BR\" \/>\n<meta property=\"article:published_time\" content=\"2024-03-01T15:10:02+00:00\" \/>\n<meta property=\"og:image\" content=\"https:\/\/www.odonto.ufmg.br\/cenex\/wp-content\/uploads\/sites\/2\/2019\/09\/cenex_oportunidade_site.png\" \/>\n\t<meta property=\"og:image:width\" content=\"937\" \/>\n\t<meta property=\"og:image:height\" content=\"469\" \/>\n\t<meta property=\"og:image:type\" content=\"image\/png\" \/>\n<meta name=\"author\" content=\"erika\" \/>\n<meta name=\"twitter:card\" content=\"summary_large_image\" \/>\n<meta name=\"twitter:label1\" content=\"Escrito por\" \/>\n\t<meta name=\"twitter:data1\" content=\"erika\" \/>\n\t<meta name=\"twitter:label2\" content=\"Est. tempo de leitura\" \/>\n\t<meta name=\"twitter:data2\" content=\"1 minuto\" \/>\n<script type=\"application\/ld+json\" class=\"yoast-schema-graph\">{\"@context\":\"https:\\\/\\\/schema.org\",\"@graph\":[{\"@type\":\"Article\",\"@id\":\"https:\\\/\\\/www.odonto.ufmg.br\\\/cenex\\\/noticias-2\\\/selecao-de-voluntarios-para-o-projeto-de-extensao-projeto-de-extensao-tal-mae-tal-filho-promocao-de-saude-bucal-para-gestantes\\\/#article\",\"isPartOf\":{\"@id\":\"https:\\\/\\\/www.odonto.ufmg.br\\\/cenex\\\/noticias-2\\\/selecao-de-voluntarios-para-o-projeto-de-extensao-projeto-de-extensao-tal-mae-tal-filho-promocao-de-saude-bucal-para-gestantes\\\/\"},\"author\":{\"name\":\"erika\",\"@id\":\"https:\\\/\\\/www.odonto.ufmg.br\\\/cenex\\\/#\\\/schema\\\/person\\\/dccb069d39ea7d26fc053143b2c3d962\"},\"headline\":\"Sele\u00e7\u00e3o de volunt\u00e1rios para o Projeto de Extens\u00e3o &#8220;Projeto de extens\u00e3o Tal M\u00e3e, Tal Filho \u2013 Promo\u00e7\u00e3o de Sa\u00fade Bucal para Gestantes&#8221;\",\"datePublished\":\"2024-03-01T15:10:02+00:00\",\"mainEntityOfPage\":{\"@id\":\"https:\\\/\\\/www.odonto.ufmg.br\\\/cenex\\\/noticias-2\\\/selecao-de-voluntarios-para-o-projeto-de-extensao-projeto-de-extensao-tal-mae-tal-filho-promocao-de-saude-bucal-para-gestantes\\\/\"},\"wordCount\":72,\"publisher\":{\"@id\":\"https:\\\/\\\/www.odonto.ufmg.br\\\/cenex\\\/#organization\"},\"image\":{\"@id\":\"https:\\\/\\\/www.odonto.ufmg.br\\\/cenex\\\/noticias-2\\\/selecao-de-voluntarios-para-o-projeto-de-extensao-projeto-de-extensao-tal-mae-tal-filho-promocao-de-saude-bucal-para-gestantes\\\/#primaryimage\"},\"thumbnailUrl\":\"https:\\\/\\\/www.odonto.ufmg.br\\\/cenex\\\/wp-content\\\/uploads\\\/sites\\\/2\\\/2019\\\/09\\\/cenex_oportunidade_site.png\",\"articleSection\":[\"ATA\"],\"inLanguage\":\"pt-BR\"},{\"@type\":\"WebPage\",\"@id\":\"https:\\\/\\\/www.odonto.ufmg.br\\\/cenex\\\/noticias-2\\\/selecao-de-voluntarios-para-o-projeto-de-extensao-projeto-de-extensao-tal-mae-tal-filho-promocao-de-saude-bucal-para-gestantes\\\/\",\"url\":\"https:\\\/\\\/www.odonto.ufmg.br\\\/cenex\\\/noticias-2\\\/selecao-de-voluntarios-para-o-projeto-de-extensao-projeto-de-extensao-tal-mae-tal-filho-promocao-de-saude-bucal-para-gestantes\\\/\",\"name\":\"Sele\u00e7\u00e3o de volunt\u00e1rios para o Projeto de Extens\u00e3o \\\"Projeto de extens\u00e3o Tal M\u00e3e, Tal Filho \u2013 Promo\u00e7\u00e3o de Sa\u00fade Bucal para Gestantes\\\" | CENEX Odonto\",\"isPartOf\":{\"@id\":\"https:\\\/\\\/www.odonto.ufmg.br\\\/cenex\\\/#website\"},\"primaryImageOfPage\":{\"@id\":\"https:\\\/\\\/www.odonto.ufmg.br\\\/cenex\\\/noticias-2\\\/selecao-de-voluntarios-para-o-projeto-de-extensao-projeto-de-extensao-tal-mae-tal-filho-promocao-de-saude-bucal-para-gestantes\\\/#primaryimage\"},\"image\":{\"@id\":\"https:\\\/\\\/www.odonto.ufmg.br\\\/cenex\\\/noticias-2\\\/selecao-de-voluntarios-para-o-projeto-de-extensao-projeto-de-extensao-tal-mae-tal-filho-promocao-de-saude-bucal-para-gestantes\\\/#primaryimage\"},\"thumbnailUrl\":\"https:\\\/\\\/www.odonto.ufmg.br\\\/cenex\\\/wp-content\\\/uploads\\\/sites\\\/2\\\/2019\\\/09\\\/cenex_oportunidade_site.png\",\"datePublished\":\"2024-03-01T15:10:02+00:00\",\"breadcrumb\":{\"@id\":\"https:\\\/\\\/www.odonto.ufmg.br\\\/cenex\\\/noticias-2\\\/selecao-de-voluntarios-para-o-projeto-de-extensao-projeto-de-extensao-tal-mae-tal-filho-promocao-de-saude-bucal-para-gestantes\\\/#breadcrumb\"},\"inLanguage\":\"pt-BR\",\"potentialAction\":[{\"@type\":\"ReadAction\",\"target\":[\"https:\\\/\\\/www.odonto.ufmg.br\\\/cenex\\\/noticias-2\\\/selecao-de-voluntarios-para-o-projeto-de-extensao-projeto-de-extensao-tal-mae-tal-filho-promocao-de-saude-bucal-para-gestantes\\\/\"]}]},{\"@type\":\"ImageObject\",\"inLanguage\":\"pt-BR\",\"@id\":\"https:\\\/\\\/www.odonto.ufmg.br\\\/cenex\\\/noticias-2\\\/selecao-de-voluntarios-para-o-projeto-de-extensao-projeto-de-extensao-tal-mae-tal-filho-promocao-de-saude-bucal-para-gestantes\\\/#primaryimage\",\"url\":\"https:\\\/\\\/www.odonto.ufmg.br\\\/cenex\\\/wp-content\\\/uploads\\\/sites\\\/2\\\/2019\\\/09\\\/cenex_oportunidade_site.png\",\"contentUrl\":\"https:\\\/\\\/www.odonto.ufmg.br\\\/cenex\\\/wp-content\\\/uploads\\\/sites\\\/2\\\/2019\\\/09\\\/cenex_oportunidade_site.png\",\"width\":937,\"height\":469},{\"@type\":\"BreadcrumbList\",\"@id\":\"https:\\\/\\\/www.odonto.ufmg.br\\\/cenex\\\/noticias-2\\\/selecao-de-voluntarios-para-o-projeto-de-extensao-projeto-de-extensao-tal-mae-tal-filho-promocao-de-saude-bucal-para-gestantes\\\/#breadcrumb\",\"itemListElement\":[{\"@type\":\"ListItem\",\"position\":1,\"name\":\"In\u00edcio\",\"item\":\"https:\\\/\\\/www.odonto.ufmg.br\\\/cenex\\\/cenex\\\/\"},{\"@type\":\"ListItem\",\"position\":2,\"name\":\"Sele\u00e7\u00e3o de volunt\u00e1rios para o Projeto de Extens\u00e3o &#8220;Projeto de extens\u00e3o Tal M\u00e3e, Tal Filho \u2013 Promo\u00e7\u00e3o de Sa\u00fade Bucal para Gestantes&#8221;\"}]},{\"@type\":\"WebSite\",\"@id\":\"https:\\\/\\\/www.odonto.ufmg.br\\\/cenex\\\/#website\",\"url\":\"https:\\\/\\\/www.odonto.ufmg.br\\\/cenex\\\/\",\"name\":\"CENEX Odonto\",\"description\":\"Centro de Extens\u00e3o - Faculdade de Odontologia UFMG\",\"publisher\":{\"@id\":\"https:\\\/\\\/www.odonto.ufmg.br\\\/cenex\\\/#organization\"},\"potentialAction\":[{\"@type\":\"SearchAction\",\"target\":{\"@type\":\"EntryPoint\",\"urlTemplate\":\"https:\\\/\\\/www.odonto.ufmg.br\\\/cenex\\\/?s={search_term_string}\"},\"query-input\":{\"@type\":\"PropertyValueSpecification\",\"valueRequired\":true,\"valueName\":\"search_term_string\"}}],\"inLanguage\":\"pt-BR\"},{\"@type\":\"Organization\",\"@id\":\"https:\\\/\\\/www.odonto.ufmg.br\\\/cenex\\\/#organization\",\"name\":\"Faculdade de Odontologia da UFMG\",\"url\":\"https:\\\/\\\/www.odonto.ufmg.br\\\/cenex\\\/\",\"logo\":{\"@type\":\"ImageObject\",\"inLanguage\":\"pt-BR\",\"@id\":\"https:\\\/\\\/www.odonto.ufmg.br\\\/cenex\\\/#\\\/schema\\\/logo\\\/image\\\/\",\"url\":\"http:\\\/\\\/www.odonto.ufmg.br\\\/cenex\\\/wp-content\\\/uploads\\\/sites\\\/2\\\/2015\\\/12\\\/logo_cenex.svg\",\"contentUrl\":\"http:\\\/\\\/www.odonto.ufmg.br\\\/cenex\\\/wp-content\\\/uploads\\\/sites\\\/2\\\/2015\\\/12\\\/logo_cenex.svg\",\"width\":1,\"height\":1,\"caption\":\"Faculdade de Odontologia da UFMG\"},\"image\":{\"@id\":\"https:\\\/\\\/www.odonto.ufmg.br\\\/cenex\\\/#\\\/schema\\\/logo\\\/image\\\/\"},\"sameAs\":[\"https:\\\/\\\/www.facebook.com\\\/cenexfao\\\/?locale=pt_BR\",\"https:\\\/\\\/www.instagram.com\\\/cenexfao\\\/\"]},{\"@type\":\"Person\",\"@id\":\"https:\\\/\\\/www.odonto.ufmg.br\\\/cenex\\\/#\\\/schema\\\/person\\\/dccb069d39ea7d26fc053143b2c3d962\",\"name\":\"erika\",\"url\":\"https:\\\/\\\/www.odonto.ufmg.br\\\/cenex\\\/author\\\/erika\\\/\"}]}<\/script>\n<!-- \/ Yoast SEO plugin. -->","yoast_head_json":{"title":"Sele\u00e7\u00e3o de volunt\u00e1rios para o Projeto de Extens\u00e3o \"Projeto de extens\u00e3o Tal M\u00e3e, Tal Filho \u2013 Promo\u00e7\u00e3o de Sa\u00fade Bucal para Gestantes\" | CENEX Odonto","robots":{"index":"index","follow":"follow","max-snippet":"max-snippet:-1","max-image-preview":"max-image-preview:large","max-video-preview":"max-video-preview:-1"},"canonical":"https:\/\/www.odonto.ufmg.br\/cenex\/noticias-2\/selecao-de-voluntarios-para-o-projeto-de-extensao-projeto-de-extensao-tal-mae-tal-filho-promocao-de-saude-bucal-para-gestantes\/","og_locale":"pt_BR","og_type":"article","og_title":"Sele\u00e7\u00e3o de volunt\u00e1rios para o Projeto de Extens\u00e3o \"Projeto de extens\u00e3o Tal M\u00e3e, Tal Filho \u2013 Promo\u00e7\u00e3o de Sa\u00fade Bucal para Gestantes\" | CENEX Odonto","og_description":"CHAMADA Est\u00e3o abertas as inscri\u00e7\u00f5es para a sele\u00e7\u00e3o de volunt\u00e1rios para o projeto &#8220;Projeto de extens\u00e3o Tal M\u00e3e, Tal Filho \u2013 Promo\u00e7\u00e3o de Sa\u00fade Bucal para Gestantes&#8221;, coordenado pela professora L\u00edvia Zina. Acesse a chamada aqui!","og_url":"https:\/\/www.odonto.ufmg.br\/cenex\/noticias-2\/selecao-de-voluntarios-para-o-projeto-de-extensao-projeto-de-extensao-tal-mae-tal-filho-promocao-de-saude-bucal-para-gestantes\/","og_site_name":"CENEX Odonto","article_publisher":"https:\/\/www.facebook.com\/cenexfao\/?locale=pt_BR","article_published_time":"2024-03-01T15:10:02+00:00","og_image":[{"width":937,"height":469,"url":"https:\/\/www.odonto.ufmg.br\/cenex\/wp-content\/uploads\/sites\/2\/2019\/09\/cenex_oportunidade_site.png","type":"image\/png"}],"author":"erika","twitter_card":"summary_large_image","twitter_misc":{"Escrito por":"erika","Est. tempo de leitura":"1 minuto"},"schema":{"@context":"https:\/\/schema.org","@graph":[{"@type":"Article","@id":"https:\/\/www.odonto.ufmg.br\/cenex\/noticias-2\/selecao-de-voluntarios-para-o-projeto-de-extensao-projeto-de-extensao-tal-mae-tal-filho-promocao-de-saude-bucal-para-gestantes\/#article","isPartOf":{"@id":"https:\/\/www.odonto.ufmg.br\/cenex\/noticias-2\/selecao-de-voluntarios-para-o-projeto-de-extensao-projeto-de-extensao-tal-mae-tal-filho-promocao-de-saude-bucal-para-gestantes\/"},"author":{"name":"erika","@id":"https:\/\/www.odonto.ufmg.br\/cenex\/#\/schema\/person\/dccb069d39ea7d26fc053143b2c3d962"},"headline":"Sele\u00e7\u00e3o de volunt\u00e1rios para o Projeto de Extens\u00e3o &#8220;Projeto de extens\u00e3o Tal M\u00e3e, Tal Filho \u2013 Promo\u00e7\u00e3o de Sa\u00fade Bucal para Gestantes&#8221;","datePublished":"2024-03-01T15:10:02+00:00","mainEntityOfPage":{"@id":"https:\/\/www.odonto.ufmg.br\/cenex\/noticias-2\/selecao-de-voluntarios-para-o-projeto-de-extensao-projeto-de-extensao-tal-mae-tal-filho-promocao-de-saude-bucal-para-gestantes\/"},"wordCount":72,"publisher":{"@id":"https:\/\/www.odonto.ufmg.br\/cenex\/#organization"},"image":{"@id":"https:\/\/www.odonto.ufmg.br\/cenex\/noticias-2\/selecao-de-voluntarios-para-o-projeto-de-extensao-projeto-de-extensao-tal-mae-tal-filho-promocao-de-saude-bucal-para-gestantes\/#primaryimage"},"thumbnailUrl":"https:\/\/www.odonto.ufmg.br\/cenex\/wp-content\/uploads\/sites\/2\/2019\/09\/cenex_oportunidade_site.png","articleSection":["ATA"],"inLanguage":"pt-BR"},{"@type":"WebPage","@id":"https:\/\/www.odonto.ufmg.br\/cenex\/noticias-2\/selecao-de-voluntarios-para-o-projeto-de-extensao-projeto-de-extensao-tal-mae-tal-filho-promocao-de-saude-bucal-para-gestantes\/","url":"https:\/\/www.odonto.ufmg.br\/cenex\/noticias-2\/selecao-de-voluntarios-para-o-projeto-de-extensao-projeto-de-extensao-tal-mae-tal-filho-promocao-de-saude-bucal-para-gestantes\/","name":"Sele\u00e7\u00e3o de volunt\u00e1rios para o Projeto de Extens\u00e3o \"Projeto de extens\u00e3o Tal M\u00e3e, Tal Filho \u2013 Promo\u00e7\u00e3o de Sa\u00fade Bucal para Gestantes\" | CENEX Odonto","isPartOf":{"@id":"https:\/\/www.odonto.ufmg.br\/cenex\/#website"},"primaryImageOfPage":{"@id":"https:\/\/www.odonto.ufmg.br\/cenex\/noticias-2\/selecao-de-voluntarios-para-o-projeto-de-extensao-projeto-de-extensao-tal-mae-tal-filho-promocao-de-saude-bucal-para-gestantes\/#primaryimage"},"image":{"@id":"https:\/\/www.odonto.ufmg.br\/cenex\/noticias-2\/selecao-de-voluntarios-para-o-projeto-de-extensao-projeto-de-extensao-tal-mae-tal-filho-promocao-de-saude-bucal-para-gestantes\/#primaryimage"},"thumbnailUrl":"https:\/\/www.odonto.ufmg.br\/cenex\/wp-content\/uploads\/sites\/2\/2019\/09\/cenex_oportunidade_site.png","datePublished":"2024-03-01T15:10:02+00:00","breadcrumb":{"@id":"https:\/\/www.odonto.ufmg.br\/cenex\/noticias-2\/selecao-de-voluntarios-para-o-projeto-de-extensao-projeto-de-extensao-tal-mae-tal-filho-promocao-de-saude-bucal-para-gestantes\/#breadcrumb"},"inLanguage":"pt-BR","potentialAction":[{"@type":"ReadAction","target":["https:\/\/www.odonto.ufmg.br\/cenex\/noticias-2\/selecao-de-voluntarios-para-o-projeto-de-extensao-projeto-de-extensao-tal-mae-tal-filho-promocao-de-saude-bucal-para-gestantes\/"]}]},{"@type":"ImageObject","inLanguage":"pt-BR","@id":"https:\/\/www.odonto.ufmg.br\/cenex\/noticias-2\/selecao-de-voluntarios-para-o-projeto-de-extensao-projeto-de-extensao-tal-mae-tal-filho-promocao-de-saude-bucal-para-gestantes\/#primaryimage","url":"https:\/\/www.odonto.ufmg.br\/cenex\/wp-content\/uploads\/sites\/2\/2019\/09\/cenex_oportunidade_site.png","contentUrl":"https:\/\/www.odonto.ufmg.br\/cenex\/wp-content\/uploads\/sites\/2\/2019\/09\/cenex_oportunidade_site.png","width":937,"height":469},{"@type":"BreadcrumbList","@id":"https:\/\/www.odonto.ufmg.br\/cenex\/noticias-2\/selecao-de-voluntarios-para-o-projeto-de-extensao-projeto-de-extensao-tal-mae-tal-filho-promocao-de-saude-bucal-para-gestantes\/#breadcrumb","itemListElement":[{"@type":"ListItem","position":1,"name":"In\u00edcio","item":"https:\/\/www.odonto.ufmg.br\/cenex\/cenex\/"},{"@type":"ListItem","position":2,"name":"Sele\u00e7\u00e3o de volunt\u00e1rios para o Projeto de Extens\u00e3o &#8220;Projeto de extens\u00e3o Tal M\u00e3e, Tal Filho \u2013 Promo\u00e7\u00e3o de Sa\u00fade Bucal para Gestantes&#8221;"}]},{"@type":"WebSite","@id":"https:\/\/www.odonto.ufmg.br\/cenex\/#website","url":"https:\/\/www.odonto.ufmg.br\/cenex\/","name":"CENEX Odonto","description":"Centro de Extens\u00e3o - Faculdade de Odontologia UFMG","publisher":{"@id":"https:\/\/www.odonto.ufmg.br\/cenex\/#organization"},"potentialAction":[{"@type":"SearchAction","target":{"@type":"EntryPoint","urlTemplate":"https:\/\/www.odonto.ufmg.br\/cenex\/?s={search_term_string}"},"query-input":{"@type":"PropertyValueSpecification","valueRequired":true,"valueName":"search_term_string"}}],"inLanguage":"pt-BR"},{"@type":"Organization","@id":"https:\/\/www.odonto.ufmg.br\/cenex\/#organization","name":"Faculdade de Odontologia da UFMG","url":"https:\/\/www.odonto.ufmg.br\/cenex\/","logo":{"@type":"ImageObject","inLanguage":"pt-BR","@id":"https:\/\/www.odonto.ufmg.br\/cenex\/#\/schema\/logo\/image\/","url":"http:\/\/www.odonto.ufmg.br\/cenex\/wp-content\/uploads\/sites\/2\/2015\/12\/logo_cenex.svg","contentUrl":"http:\/\/www.odonto.ufmg.br\/cenex\/wp-content\/uploads\/sites\/2\/2015\/12\/logo_cenex.svg","width":1,"height":1,"caption":"Faculdade de Odontologia da UFMG"},"image":{"@id":"https:\/\/www.odonto.ufmg.br\/cenex\/#\/schema\/logo\/image\/"},"sameAs":["https:\/\/www.facebook.com\/cenexfao\/?locale=pt_BR","https:\/\/www.instagram.com\/cenexfao\/"]},{"@type":"Person","@id":"https:\/\/www.odonto.ufmg.br\/cenex\/#\/schema\/person\/dccb069d39ea7d26fc053143b2c3d962","name":"erika","url":"https:\/\/www.odonto.ufmg.br\/cenex\/author\/erika\/"}]}},"_links":{"self":[{"href":"https:\/\/www.odonto.ufmg.br\/cenex\/wp-json\/wp\/v2\/posts\/16137","targetHints":{"allow":["GET"]}}],"collection":[{"href":"https:\/\/www.odonto.ufmg.br\/cenex\/wp-json\/wp\/v2\/posts"}],"about":[{"href":"https:\/\/www.odonto.ufmg.br\/cenex\/wp-json\/wp\/v2\/types\/post"}],"author":[{"embeddable":true,"href":"https:\/\/www.odonto.ufmg.br\/cenex\/wp-json\/wp\/v2\/users\/61"}],"replies":[{"embeddable":true,"href":"https:\/\/www.odonto.ufmg.br\/cenex\/wp-json\/wp\/v2\/comments?post=16137"}],"version-history":[{"count":3,"href":"https:\/\/www.odonto.ufmg.br\/cenex\/wp-json\/wp\/v2\/posts\/16137\/revisions"}],"predecessor-version":[{"id":16140,"href":"https:\/\/www.odonto.ufmg.br\/cenex\/wp-json\/wp\/v2\/posts\/16137\/revisions\/16140"}],"wp:featuredmedia":[{"embeddable":true,"href":"https:\/\/www.odonto.ufmg.br\/cenex\/wp-json\/wp\/v2\/media\/10032"}],"wp:attachment":[{"href":"https:\/\/www.odonto.ufmg.br\/cenex\/wp-json\/wp\/v2\/media?parent=16137"}],"wp:term":[{"taxonomy":"category","embeddable":true,"href":"https:\/\/www.odonto.ufmg.br\/cenex\/wp-json\/wp\/v2\/categories?post=16137"},{"taxonomy":"post_tag","embeddable":true,"href":"https:\/\/www.odonto.ufmg.br\/cenex\/wp-json\/wp\/v2\/tags?post=16137"}],"curies":[{"name":"wp","href":"https:\/\/api.w.org\/{rel}","templated":true}]}}