{"id":12938,"date":"2021-03-24T17:30:15","date_gmt":"2021-03-24T20:30:15","guid":{"rendered":"http:\/\/www.odonto.ufmg.br\/cenex\/?p=12938"},"modified":"2021-03-24T17:41:03","modified_gmt":"2021-03-24T20:41:03","slug":"eleicao-de-representante-dos-coordenadores-de-acoes-ativas-de-extensao-da-fao-ufmg-para-compor-o-centro-de-extensao-da-fao-ufmg","status":"publish","type":"post","link":"https:\/\/www.odonto.ufmg.br\/cenex\/ata\/eleicao-de-representante-dos-coordenadores-de-acoes-ativas-de-extensao-da-fao-ufmg-para-compor-o-centro-de-extensao-da-fao-ufmg\/","title":{"rendered":"Resultado Elei\u00e7\u00e3o de Representante dos coordenadores de a\u00e7\u00f5es ativas de Extens\u00e3o da FAO\/UFMG para compor o Centro de Extens\u00e3o da FAO\/UFMG"},"content":{"rendered":"<p><strong>24\/03\/2021 &#8211; RESULTADO<\/strong><\/p>\n<p>Encerrou, \u00e0s 17 horas do dia 24\/03\/2021, a Elei\u00e7\u00e3o de Representante dos coordenadores de a\u00e7\u00f5es ativas de Extens\u00e3o da FAO\/UFMG para compor o Centro de Extens\u00e3o da FAO\/UFMG, conforme EDITAL 08\/2021.<\/p>\n<p>Para visualizar o resultado,\u00a0<a href=\"https:\/\/www.odonto.ufmg.br\/cenex\/ata\/eleicao-de-representante-dos-coordenadores-de-acoes-ativas-de-extensao-da-fao-ufmg-para-compor-o-centro-de-extensao-da-fao-ufmg\/attachment\/resultado-_-eleicao-rep-coordenadoress_cenex-docx\/\">clique aqui<\/a>.<\/p>\n<p><strong>16\/03\/2021 &#8211; <em>RETIFICA\u00c7\u00c3O EDITAL 08\/2021 &#8211; Elei\u00e7\u00e3o de Representante dos Servidores T\u00e9cnico-Administrativo em Educa\u00e7\u00e3o junto ao Centro de Extens\u00e3o da Faculdade de Odontologia da UFMG<\/em><\/strong><\/p>\n<p>O Diretor da Faculdade de Odontologia da UFMG, no uso de suas atribui\u00e7\u00f5es legais, resolve <a href=\"http:\/\/www.odonto.ufmg.br\/cenex\/wp-content\/uploads\/sites\/2\/2021\/03\/2021-EDITAL-08-RETIFICACAO.pdf\"><strong>retificar o Edital Dir FAO 08\/2021<\/strong><\/a>, de 08 de mar\u00e7o de 2021:<\/p>\n<p>Onde se l\u00ea:<br \/>\n5. Os eleitores poder\u00e3o votar em apenas 01 (uma) chapa e ser\u00e1 eleita a chapa mais votada;<\/p>\n<p>L\u00ea-se:<br \/>\n5. Os eleitores poder\u00e3o votar em at\u00e9 03 (tr\u00eas) chapas e ser\u00e3o eleitas as 03 (tr\u00eas) chapas mais votadas;<\/p>\n<p><strong>12\/03\/2021 &#8211; <em>ENCERRAMENTO INSCRI\u00c7\u00d5ES &#8211; Elei\u00e7\u00e3o de Representante dos Servidores T\u00e9cnico-Administrativo em Educa\u00e7\u00e3o junto ao Centro de Extens\u00e3o da Faculdade de Odontologia da UFMG<\/em><\/strong><\/p>\n<p>Encerrou \u00e0s 15h00min de hoje, 12 de mar\u00e7o de 2021, a inscri\u00e7\u00e3o de Chapas para Elei\u00e7\u00e3o de Representante dos coordenadores de a\u00e7\u00f5es ativas de Extens\u00e3o da FAO\/UFMG para compor o Centro de Extens\u00e3o da FAO\/UFMG, conforme EDITAL 08\/2021 na \u00edntegra, <a href=\"https:\/\/www.odonto.ufmg.br\/cenex\/ata\/eleicao-de-representante-dos-coordenadores-de-acoes-ativas-de-extensao-da-fao-ufmg-para-compor-o-centro-de-extensao-da-fao-ufmg\/attachment\/2021-edital-08-representante-professores-conselho-cenex-2\/\">clique aqui.<\/a><\/p>\n<p>TERMO DE ENCERRAMENTO DE INSCRI\u00c7\u00c3O, <a href=\"https:\/\/www.odonto.ufmg.br\/cenex\/ata\/eleicao-de-representante-dos-coordenadores-de-acoes-ativas-de-extensao-da-fao-ufmg-para-compor-o-centro-de-extensao-da-fao-ufmg\/attachment\/edital-08-2021-termo-encerramento-inscricoes-docentes-cenex-2\/\">clique aqui<\/a>.<\/p>\n<p>A elei\u00e7\u00e3o ser\u00e1 no dia<strong> 24\/03\/2021<\/strong>, de 08 \u00e0s 17 horas, pelo Sistema de Consulta Eleitoral da UFMG. S\u00e3o eleitores os coordenadores de a\u00e7\u00f5es de Extens\u00e3o ativas da FAO\/UFMG, conforme lista emitida a partir do SIEX\/UFMG.<\/p>\n<p><strong>08\/03\/2021<\/strong><\/p>\n<p><strong><em>EDITAL 08\/2021 &#8211; Elei\u00e7\u00e3o de Representante dos Servidores T\u00e9cnico-Administrativo em Educa\u00e7\u00e3o junto ao Centro de Extens\u00e3o da Faculdade de Odontologia da UFMG<\/em><\/strong><\/p>\n<p>Estar\u00e3o abertas, a partir de hoje, 08\/03\/2021, as inscri\u00e7\u00f5es para o preenchimento de\u00a0<strong>01 (uma) vaga<\/strong>\u00a001 (uma) vaga para Titular e Suplente para representante dos Servidores T\u00e9cnico-Administrativo em Educa\u00e7\u00e3o junto ao Centro de Extens\u00e3o da Faculdade de Odontologia da UFMG.<\/p>\n<p>Para visualizar o <strong><u>EDITAL 07\/2021<\/u><\/strong> na \u00edntegra,\u00a0<a href=\"http:\/\/www.odonto.ufmg.br\/cenex\/wp-content\/uploads\/sites\/2\/2019\/04\/2019-EDITAL-09-represent.-coordenadores-docentes-CENEX.pdf\">clique aqui<\/a>.<\/p>\n<p>A inscri\u00e7\u00e3o de candidatos \u00e0 referida vaga dever\u00e1 ser formalizada no CENEX, em forma de chapa, no per\u00edodo de\u00a0<strong>08\/03\/2021\u00a0<\/strong>at\u00e9 as 15h00min do dia\u00a0<strong>12\/03\/2021, <\/strong>por meio do Termo de Inscri\u00e7\u00e3o devidamente preenchido, assinado e enviado para o e-mail da Secretaria do CENEX da FAO UFMG, <a href=\"mailto:odonto-cenex@ufmg.br\">odonto-cenex@ufmg.br<\/a><strong>.<\/strong><\/p>\n<p><a href=\"http:\/\/www.odonto.ufmg.br\/cenex\/wp-content\/uploads\/sites\/2\/2021\/03\/Termo-Inscricao-eleicao-docentes-CENEX.docx\">TERMO DE INSCRI\u00c7\u00c3O<\/a><\/p>\n<p><a href=\"http:\/\/www.odonto.ufmg.br\/cenex\/wp-content\/uploads\/sites\/2\/2021\/03\/Declaracao-de-aceite-do-cargo-docentes-CENEX.docx\">DECLARA\u00c7\u00c3O DE ACEITE<\/a><\/p>\n<p>A elei\u00e7\u00e3o ser\u00e1 realizada no dia\u00a0<strong>24\/03\/2021 <\/strong>das 08h00min \u00e0s 17hmin, pelo Sistema de consulta Eleitoral da UFMG.<\/p>\n<p>&nbsp;<\/p>\n<p>&nbsp;<\/p>\n","protected":false},"excerpt":{"rendered":"<p>24\/03\/2021 &#8211; RESULTADO Encerrou, \u00e0s 17 horas do dia 24\/03\/2021, a Elei\u00e7\u00e3o de Representante dos coordenadores de a\u00e7\u00f5es ativas de Extens\u00e3o da FAO\/UFMG para compor o Centro de Extens\u00e3o da FAO\/UFMG, conforme EDITAL 08\/2021. Para visualizar o resultado,\u00a0clique aqui. 16\/03\/2021 &#8211; RETIFICA\u00c7\u00c3O EDITAL 08\/2021 &#8211; Elei\u00e7\u00e3o de Representante dos Servidores T\u00e9cnico-Administrativo em Educa\u00e7\u00e3o junto ao [&hellip;]<\/p>\n","protected":false},"author":6,"featured_media":10336,"comment_status":"closed","ping_status":"closed","sticky":false,"template":"","format":"standard","meta":{"inline_featured_image":false,"footnotes":""},"categories":[2],"tags":[],"class_list":["post-12938","post","type-post","status-publish","format-standard","has-post-thumbnail","hentry","category-ata"],"yoast_head":"<!-- This site is optimized with the Yoast SEO plugin v27.5 - https:\/\/yoast.com\/product\/yoast-seo-wordpress\/ -->\n<title>Resultado Elei\u00e7\u00e3o de Representante dos coordenadores de a\u00e7\u00f5es ativas de Extens\u00e3o da FAO\/UFMG para compor o Centro de Extens\u00e3o da FAO\/UFMG | CENEX Odonto<\/title>\n<meta name=\"robots\" content=\"index, follow, max-snippet:-1, max-image-preview:large, max-video-preview:-1\" \/>\n<link rel=\"canonical\" href=\"https:\/\/www.odonto.ufmg.br\/cenex\/ata\/eleicao-de-representante-dos-coordenadores-de-acoes-ativas-de-extensao-da-fao-ufmg-para-compor-o-centro-de-extensao-da-fao-ufmg\/\" \/>\n<meta property=\"og:locale\" content=\"pt_BR\" \/>\n<meta property=\"og:type\" content=\"article\" \/>\n<meta property=\"og:title\" content=\"Resultado Elei\u00e7\u00e3o de Representante dos coordenadores de a\u00e7\u00f5es ativas de Extens\u00e3o da FAO\/UFMG para compor o Centro de Extens\u00e3o da FAO\/UFMG | CENEX Odonto\" \/>\n<meta property=\"og:description\" content=\"24\/03\/2021 &#8211; RESULTADO Encerrou, \u00e0s 17 horas do dia 24\/03\/2021, a Elei\u00e7\u00e3o de Representante dos coordenadores de a\u00e7\u00f5es ativas de Extens\u00e3o da FAO\/UFMG para compor o Centro de Extens\u00e3o da FAO\/UFMG, conforme EDITAL 08\/2021. Para visualizar o resultado,\u00a0clique aqui. 16\/03\/2021 &#8211; RETIFICA\u00c7\u00c3O EDITAL 08\/2021 &#8211; Elei\u00e7\u00e3o de Representante dos Servidores T\u00e9cnico-Administrativo em Educa\u00e7\u00e3o junto ao [&hellip;]\" \/>\n<meta property=\"og:url\" content=\"https:\/\/www.odonto.ufmg.br\/cenex\/ata\/eleicao-de-representante-dos-coordenadores-de-acoes-ativas-de-extensao-da-fao-ufmg-para-compor-o-centro-de-extensao-da-fao-ufmg\/\" \/>\n<meta property=\"og:site_name\" content=\"CENEX Odonto\" \/>\n<meta property=\"article:publisher\" content=\"https:\/\/www.facebook.com\/cenexfao\/?locale=pt_BR\" \/>\n<meta property=\"article:published_time\" content=\"2021-03-24T20:30:15+00:00\" \/>\n<meta property=\"article:modified_time\" content=\"2021-03-24T20:41:03+00:00\" \/>\n<meta property=\"og:image\" content=\"https:\/\/www.odonto.ufmg.br\/cenex\/wp-content\/uploads\/sites\/2\/2019\/11\/cenex_aviso_site.jpg\" \/>\n\t<meta property=\"og:image:width\" content=\"937\" \/>\n\t<meta property=\"og:image:height\" content=\"469\" \/>\n\t<meta property=\"og:image:type\" content=\"image\/jpeg\" \/>\n<meta name=\"twitter:card\" content=\"summary_large_image\" \/>\n<meta name=\"twitter:label1\" content=\"Escrito por\" \/>\n\t<meta name=\"twitter:data1\" content=\"\" \/>\n\t<meta name=\"twitter:label2\" content=\"Est. tempo de leitura\" \/>\n\t<meta name=\"twitter:data2\" content=\"2 minutos\" \/>\n<script type=\"application\/ld+json\" class=\"yoast-schema-graph\">{\"@context\":\"https:\\\/\\\/schema.org\",\"@graph\":[{\"@type\":\"Article\",\"@id\":\"https:\\\/\\\/www.odonto.ufmg.br\\\/cenex\\\/ata\\\/eleicao-de-representante-dos-coordenadores-de-acoes-ativas-de-extensao-da-fao-ufmg-para-compor-o-centro-de-extensao-da-fao-ufmg\\\/#article\",\"isPartOf\":{\"@id\":\"https:\\\/\\\/www.odonto.ufmg.br\\\/cenex\\\/ata\\\/eleicao-de-representante-dos-coordenadores-de-acoes-ativas-de-extensao-da-fao-ufmg-para-compor-o-centro-de-extensao-da-fao-ufmg\\\/\"},\"author\":{\"name\":\"\",\"@id\":\"\"},\"headline\":\"Resultado Elei\u00e7\u00e3o de Representante dos coordenadores de a\u00e7\u00f5es ativas de Extens\u00e3o da FAO\\\/UFMG para compor o Centro de Extens\u00e3o da FAO\\\/UFMG\",\"datePublished\":\"2021-03-24T20:30:15+00:00\",\"dateModified\":\"2021-03-24T20:41:03+00:00\",\"mainEntityOfPage\":{\"@id\":\"https:\\\/\\\/www.odonto.ufmg.br\\\/cenex\\\/ata\\\/eleicao-de-representante-dos-coordenadores-de-acoes-ativas-de-extensao-da-fao-ufmg-para-compor-o-centro-de-extensao-da-fao-ufmg\\\/\"},\"wordCount\":443,\"publisher\":{\"@id\":\"https:\\\/\\\/www.odonto.ufmg.br\\\/cenex\\\/#organization\"},\"image\":{\"@id\":\"https:\\\/\\\/www.odonto.ufmg.br\\\/cenex\\\/ata\\\/eleicao-de-representante-dos-coordenadores-de-acoes-ativas-de-extensao-da-fao-ufmg-para-compor-o-centro-de-extensao-da-fao-ufmg\\\/#primaryimage\"},\"thumbnailUrl\":\"https:\\\/\\\/www.odonto.ufmg.br\\\/cenex\\\/wp-content\\\/uploads\\\/sites\\\/2\\\/2019\\\/11\\\/cenex_aviso_site.jpg\",\"articleSection\":[\"ATA\"],\"inLanguage\":\"pt-BR\"},{\"@type\":\"WebPage\",\"@id\":\"https:\\\/\\\/www.odonto.ufmg.br\\\/cenex\\\/ata\\\/eleicao-de-representante-dos-coordenadores-de-acoes-ativas-de-extensao-da-fao-ufmg-para-compor-o-centro-de-extensao-da-fao-ufmg\\\/\",\"url\":\"https:\\\/\\\/www.odonto.ufmg.br\\\/cenex\\\/ata\\\/eleicao-de-representante-dos-coordenadores-de-acoes-ativas-de-extensao-da-fao-ufmg-para-compor-o-centro-de-extensao-da-fao-ufmg\\\/\",\"name\":\"Resultado Elei\u00e7\u00e3o de Representante dos coordenadores de a\u00e7\u00f5es ativas de Extens\u00e3o da FAO\\\/UFMG para compor o Centro de Extens\u00e3o da FAO\\\/UFMG | CENEX Odonto\",\"isPartOf\":{\"@id\":\"https:\\\/\\\/www.odonto.ufmg.br\\\/cenex\\\/#website\"},\"primaryImageOfPage\":{\"@id\":\"https:\\\/\\\/www.odonto.ufmg.br\\\/cenex\\\/ata\\\/eleicao-de-representante-dos-coordenadores-de-acoes-ativas-de-extensao-da-fao-ufmg-para-compor-o-centro-de-extensao-da-fao-ufmg\\\/#primaryimage\"},\"image\":{\"@id\":\"https:\\\/\\\/www.odonto.ufmg.br\\\/cenex\\\/ata\\\/eleicao-de-representante-dos-coordenadores-de-acoes-ativas-de-extensao-da-fao-ufmg-para-compor-o-centro-de-extensao-da-fao-ufmg\\\/#primaryimage\"},\"thumbnailUrl\":\"https:\\\/\\\/www.odonto.ufmg.br\\\/cenex\\\/wp-content\\\/uploads\\\/sites\\\/2\\\/2019\\\/11\\\/cenex_aviso_site.jpg\",\"datePublished\":\"2021-03-24T20:30:15+00:00\",\"dateModified\":\"2021-03-24T20:41:03+00:00\",\"breadcrumb\":{\"@id\":\"https:\\\/\\\/www.odonto.ufmg.br\\\/cenex\\\/ata\\\/eleicao-de-representante-dos-coordenadores-de-acoes-ativas-de-extensao-da-fao-ufmg-para-compor-o-centro-de-extensao-da-fao-ufmg\\\/#breadcrumb\"},\"inLanguage\":\"pt-BR\",\"potentialAction\":[{\"@type\":\"ReadAction\",\"target\":[\"https:\\\/\\\/www.odonto.ufmg.br\\\/cenex\\\/ata\\\/eleicao-de-representante-dos-coordenadores-de-acoes-ativas-de-extensao-da-fao-ufmg-para-compor-o-centro-de-extensao-da-fao-ufmg\\\/\"]}]},{\"@type\":\"ImageObject\",\"inLanguage\":\"pt-BR\",\"@id\":\"https:\\\/\\\/www.odonto.ufmg.br\\\/cenex\\\/ata\\\/eleicao-de-representante-dos-coordenadores-de-acoes-ativas-de-extensao-da-fao-ufmg-para-compor-o-centro-de-extensao-da-fao-ufmg\\\/#primaryimage\",\"url\":\"https:\\\/\\\/www.odonto.ufmg.br\\\/cenex\\\/wp-content\\\/uploads\\\/sites\\\/2\\\/2019\\\/11\\\/cenex_aviso_site.jpg\",\"contentUrl\":\"https:\\\/\\\/www.odonto.ufmg.br\\\/cenex\\\/wp-content\\\/uploads\\\/sites\\\/2\\\/2019\\\/11\\\/cenex_aviso_site.jpg\",\"width\":937,\"height\":469},{\"@type\":\"BreadcrumbList\",\"@id\":\"https:\\\/\\\/www.odonto.ufmg.br\\\/cenex\\\/ata\\\/eleicao-de-representante-dos-coordenadores-de-acoes-ativas-de-extensao-da-fao-ufmg-para-compor-o-centro-de-extensao-da-fao-ufmg\\\/#breadcrumb\",\"itemListElement\":[{\"@type\":\"ListItem\",\"position\":1,\"name\":\"In\u00edcio\",\"item\":\"https:\\\/\\\/www.odonto.ufmg.br\\\/cenex\\\/cenex\\\/\"},{\"@type\":\"ListItem\",\"position\":2,\"name\":\"Resultado Elei\u00e7\u00e3o de Representante dos coordenadores de a\u00e7\u00f5es ativas de Extens\u00e3o da FAO\\\/UFMG para compor o Centro de Extens\u00e3o da FAO\\\/UFMG\"}]},{\"@type\":\"WebSite\",\"@id\":\"https:\\\/\\\/www.odonto.ufmg.br\\\/cenex\\\/#website\",\"url\":\"https:\\\/\\\/www.odonto.ufmg.br\\\/cenex\\\/\",\"name\":\"CENEX Odonto\",\"description\":\"Centro de Extens\u00e3o - Faculdade de Odontologia UFMG\",\"publisher\":{\"@id\":\"https:\\\/\\\/www.odonto.ufmg.br\\\/cenex\\\/#organization\"},\"potentialAction\":[{\"@type\":\"SearchAction\",\"target\":{\"@type\":\"EntryPoint\",\"urlTemplate\":\"https:\\\/\\\/www.odonto.ufmg.br\\\/cenex\\\/?s={search_term_string}\"},\"query-input\":{\"@type\":\"PropertyValueSpecification\",\"valueRequired\":true,\"valueName\":\"search_term_string\"}}],\"inLanguage\":\"pt-BR\"},{\"@type\":\"Organization\",\"@id\":\"https:\\\/\\\/www.odonto.ufmg.br\\\/cenex\\\/#organization\",\"name\":\"Faculdade de Odontologia da UFMG\",\"url\":\"https:\\\/\\\/www.odonto.ufmg.br\\\/cenex\\\/\",\"logo\":{\"@type\":\"ImageObject\",\"inLanguage\":\"pt-BR\",\"@id\":\"https:\\\/\\\/www.odonto.ufmg.br\\\/cenex\\\/#\\\/schema\\\/logo\\\/image\\\/\",\"url\":\"http:\\\/\\\/www.odonto.ufmg.br\\\/cenex\\\/wp-content\\\/uploads\\\/sites\\\/2\\\/2015\\\/12\\\/logo_cenex.svg\",\"contentUrl\":\"http:\\\/\\\/www.odonto.ufmg.br\\\/cenex\\\/wp-content\\\/uploads\\\/sites\\\/2\\\/2015\\\/12\\\/logo_cenex.svg\",\"width\":1,\"height\":1,\"caption\":\"Faculdade de Odontologia da UFMG\"},\"image\":{\"@id\":\"https:\\\/\\\/www.odonto.ufmg.br\\\/cenex\\\/#\\\/schema\\\/logo\\\/image\\\/\"},\"sameAs\":[\"https:\\\/\\\/www.facebook.com\\\/cenexfao\\\/?locale=pt_BR\",\"https:\\\/\\\/www.instagram.com\\\/cenexfao\\\/\"]},{\"@type\":\"Person\",\"@id\":\"\",\"url\":\"https:\\\/\\\/www.odonto.ufmg.br\\\/cenex\\\/author\\\/\"}]}<\/script>\n<!-- \/ Yoast SEO plugin. -->","yoast_head_json":{"title":"Resultado Elei\u00e7\u00e3o de Representante dos coordenadores de a\u00e7\u00f5es ativas de Extens\u00e3o da FAO\/UFMG para compor o Centro de Extens\u00e3o da FAO\/UFMG | CENEX Odonto","robots":{"index":"index","follow":"follow","max-snippet":"max-snippet:-1","max-image-preview":"max-image-preview:large","max-video-preview":"max-video-preview:-1"},"canonical":"https:\/\/www.odonto.ufmg.br\/cenex\/ata\/eleicao-de-representante-dos-coordenadores-de-acoes-ativas-de-extensao-da-fao-ufmg-para-compor-o-centro-de-extensao-da-fao-ufmg\/","og_locale":"pt_BR","og_type":"article","og_title":"Resultado Elei\u00e7\u00e3o de Representante dos coordenadores de a\u00e7\u00f5es ativas de Extens\u00e3o da FAO\/UFMG para compor o Centro de Extens\u00e3o da FAO\/UFMG | CENEX Odonto","og_description":"24\/03\/2021 &#8211; RESULTADO Encerrou, \u00e0s 17 horas do dia 24\/03\/2021, a Elei\u00e7\u00e3o de Representante dos coordenadores de a\u00e7\u00f5es ativas de Extens\u00e3o da FAO\/UFMG para compor o Centro de Extens\u00e3o da FAO\/UFMG, conforme EDITAL 08\/2021. Para visualizar o resultado,\u00a0clique aqui. 16\/03\/2021 &#8211; RETIFICA\u00c7\u00c3O EDITAL 08\/2021 &#8211; Elei\u00e7\u00e3o de Representante dos Servidores T\u00e9cnico-Administrativo em Educa\u00e7\u00e3o junto ao [&hellip;]","og_url":"https:\/\/www.odonto.ufmg.br\/cenex\/ata\/eleicao-de-representante-dos-coordenadores-de-acoes-ativas-de-extensao-da-fao-ufmg-para-compor-o-centro-de-extensao-da-fao-ufmg\/","og_site_name":"CENEX Odonto","article_publisher":"https:\/\/www.facebook.com\/cenexfao\/?locale=pt_BR","article_published_time":"2021-03-24T20:30:15+00:00","article_modified_time":"2021-03-24T20:41:03+00:00","og_image":[{"width":937,"height":469,"url":"https:\/\/www.odonto.ufmg.br\/cenex\/wp-content\/uploads\/sites\/2\/2019\/11\/cenex_aviso_site.jpg","type":"image\/jpeg"}],"twitter_card":"summary_large_image","twitter_misc":{"Escrito por":"","Est. tempo de leitura":"2 minutos"},"schema":{"@context":"https:\/\/schema.org","@graph":[{"@type":"Article","@id":"https:\/\/www.odonto.ufmg.br\/cenex\/ata\/eleicao-de-representante-dos-coordenadores-de-acoes-ativas-de-extensao-da-fao-ufmg-para-compor-o-centro-de-extensao-da-fao-ufmg\/#article","isPartOf":{"@id":"https:\/\/www.odonto.ufmg.br\/cenex\/ata\/eleicao-de-representante-dos-coordenadores-de-acoes-ativas-de-extensao-da-fao-ufmg-para-compor-o-centro-de-extensao-da-fao-ufmg\/"},"author":{"name":"","@id":""},"headline":"Resultado Elei\u00e7\u00e3o de Representante dos coordenadores de a\u00e7\u00f5es ativas de Extens\u00e3o da FAO\/UFMG para compor o Centro de Extens\u00e3o da FAO\/UFMG","datePublished":"2021-03-24T20:30:15+00:00","dateModified":"2021-03-24T20:41:03+00:00","mainEntityOfPage":{"@id":"https:\/\/www.odonto.ufmg.br\/cenex\/ata\/eleicao-de-representante-dos-coordenadores-de-acoes-ativas-de-extensao-da-fao-ufmg-para-compor-o-centro-de-extensao-da-fao-ufmg\/"},"wordCount":443,"publisher":{"@id":"https:\/\/www.odonto.ufmg.br\/cenex\/#organization"},"image":{"@id":"https:\/\/www.odonto.ufmg.br\/cenex\/ata\/eleicao-de-representante-dos-coordenadores-de-acoes-ativas-de-extensao-da-fao-ufmg-para-compor-o-centro-de-extensao-da-fao-ufmg\/#primaryimage"},"thumbnailUrl":"https:\/\/www.odonto.ufmg.br\/cenex\/wp-content\/uploads\/sites\/2\/2019\/11\/cenex_aviso_site.jpg","articleSection":["ATA"],"inLanguage":"pt-BR"},{"@type":"WebPage","@id":"https:\/\/www.odonto.ufmg.br\/cenex\/ata\/eleicao-de-representante-dos-coordenadores-de-acoes-ativas-de-extensao-da-fao-ufmg-para-compor-o-centro-de-extensao-da-fao-ufmg\/","url":"https:\/\/www.odonto.ufmg.br\/cenex\/ata\/eleicao-de-representante-dos-coordenadores-de-acoes-ativas-de-extensao-da-fao-ufmg-para-compor-o-centro-de-extensao-da-fao-ufmg\/","name":"Resultado Elei\u00e7\u00e3o de Representante dos coordenadores de a\u00e7\u00f5es ativas de Extens\u00e3o da FAO\/UFMG para compor o Centro de Extens\u00e3o da FAO\/UFMG | CENEX Odonto","isPartOf":{"@id":"https:\/\/www.odonto.ufmg.br\/cenex\/#website"},"primaryImageOfPage":{"@id":"https:\/\/www.odonto.ufmg.br\/cenex\/ata\/eleicao-de-representante-dos-coordenadores-de-acoes-ativas-de-extensao-da-fao-ufmg-para-compor-o-centro-de-extensao-da-fao-ufmg\/#primaryimage"},"image":{"@id":"https:\/\/www.odonto.ufmg.br\/cenex\/ata\/eleicao-de-representante-dos-coordenadores-de-acoes-ativas-de-extensao-da-fao-ufmg-para-compor-o-centro-de-extensao-da-fao-ufmg\/#primaryimage"},"thumbnailUrl":"https:\/\/www.odonto.ufmg.br\/cenex\/wp-content\/uploads\/sites\/2\/2019\/11\/cenex_aviso_site.jpg","datePublished":"2021-03-24T20:30:15+00:00","dateModified":"2021-03-24T20:41:03+00:00","breadcrumb":{"@id":"https:\/\/www.odonto.ufmg.br\/cenex\/ata\/eleicao-de-representante-dos-coordenadores-de-acoes-ativas-de-extensao-da-fao-ufmg-para-compor-o-centro-de-extensao-da-fao-ufmg\/#breadcrumb"},"inLanguage":"pt-BR","potentialAction":[{"@type":"ReadAction","target":["https:\/\/www.odonto.ufmg.br\/cenex\/ata\/eleicao-de-representante-dos-coordenadores-de-acoes-ativas-de-extensao-da-fao-ufmg-para-compor-o-centro-de-extensao-da-fao-ufmg\/"]}]},{"@type":"ImageObject","inLanguage":"pt-BR","@id":"https:\/\/www.odonto.ufmg.br\/cenex\/ata\/eleicao-de-representante-dos-coordenadores-de-acoes-ativas-de-extensao-da-fao-ufmg-para-compor-o-centro-de-extensao-da-fao-ufmg\/#primaryimage","url":"https:\/\/www.odonto.ufmg.br\/cenex\/wp-content\/uploads\/sites\/2\/2019\/11\/cenex_aviso_site.jpg","contentUrl":"https:\/\/www.odonto.ufmg.br\/cenex\/wp-content\/uploads\/sites\/2\/2019\/11\/cenex_aviso_site.jpg","width":937,"height":469},{"@type":"BreadcrumbList","@id":"https:\/\/www.odonto.ufmg.br\/cenex\/ata\/eleicao-de-representante-dos-coordenadores-de-acoes-ativas-de-extensao-da-fao-ufmg-para-compor-o-centro-de-extensao-da-fao-ufmg\/#breadcrumb","itemListElement":[{"@type":"ListItem","position":1,"name":"In\u00edcio","item":"https:\/\/www.odonto.ufmg.br\/cenex\/cenex\/"},{"@type":"ListItem","position":2,"name":"Resultado Elei\u00e7\u00e3o de Representante dos coordenadores de a\u00e7\u00f5es ativas de Extens\u00e3o da FAO\/UFMG para compor o Centro de Extens\u00e3o da FAO\/UFMG"}]},{"@type":"WebSite","@id":"https:\/\/www.odonto.ufmg.br\/cenex\/#website","url":"https:\/\/www.odonto.ufmg.br\/cenex\/","name":"CENEX Odonto","description":"Centro de Extens\u00e3o - Faculdade de Odontologia UFMG","publisher":{"@id":"https:\/\/www.odonto.ufmg.br\/cenex\/#organization"},"potentialAction":[{"@type":"SearchAction","target":{"@type":"EntryPoint","urlTemplate":"https:\/\/www.odonto.ufmg.br\/cenex\/?s={search_term_string}"},"query-input":{"@type":"PropertyValueSpecification","valueRequired":true,"valueName":"search_term_string"}}],"inLanguage":"pt-BR"},{"@type":"Organization","@id":"https:\/\/www.odonto.ufmg.br\/cenex\/#organization","name":"Faculdade de Odontologia da UFMG","url":"https:\/\/www.odonto.ufmg.br\/cenex\/","logo":{"@type":"ImageObject","inLanguage":"pt-BR","@id":"https:\/\/www.odonto.ufmg.br\/cenex\/#\/schema\/logo\/image\/","url":"http:\/\/www.odonto.ufmg.br\/cenex\/wp-content\/uploads\/sites\/2\/2015\/12\/logo_cenex.svg","contentUrl":"http:\/\/www.odonto.ufmg.br\/cenex\/wp-content\/uploads\/sites\/2\/2015\/12\/logo_cenex.svg","width":1,"height":1,"caption":"Faculdade de Odontologia da UFMG"},"image":{"@id":"https:\/\/www.odonto.ufmg.br\/cenex\/#\/schema\/logo\/image\/"},"sameAs":["https:\/\/www.facebook.com\/cenexfao\/?locale=pt_BR","https:\/\/www.instagram.com\/cenexfao\/"]},{"@type":"Person","@id":"","url":"https:\/\/www.odonto.ufmg.br\/cenex\/author\/"}]}},"_links":{"self":[{"href":"https:\/\/www.odonto.ufmg.br\/cenex\/wp-json\/wp\/v2\/posts\/12938","targetHints":{"allow":["GET"]}}],"collection":[{"href":"https:\/\/www.odonto.ufmg.br\/cenex\/wp-json\/wp\/v2\/posts"}],"about":[{"href":"https:\/\/www.odonto.ufmg.br\/cenex\/wp-json\/wp\/v2\/types\/post"}],"author":[{"embeddable":true,"href":"https:\/\/www.odonto.ufmg.br\/cenex\/wp-json\/wp\/v2\/users\/6"}],"replies":[{"embeddable":true,"href":"https:\/\/www.odonto.ufmg.br\/cenex\/wp-json\/wp\/v2\/comments?post=12938"}],"version-history":[{"count":10,"href":"https:\/\/www.odonto.ufmg.br\/cenex\/wp-json\/wp\/v2\/posts\/12938\/revisions"}],"predecessor-version":[{"id":13270,"href":"https:\/\/www.odonto.ufmg.br\/cenex\/wp-json\/wp\/v2\/posts\/12938\/revisions\/13270"}],"wp:featuredmedia":[{"embeddable":true,"href":"https:\/\/www.odonto.ufmg.br\/cenex\/wp-json\/wp\/v2\/media\/10336"}],"wp:attachment":[{"href":"https:\/\/www.odonto.ufmg.br\/cenex\/wp-json\/wp\/v2\/media?parent=12938"}],"wp:term":[{"taxonomy":"category","embeddable":true,"href":"https:\/\/www.odonto.ufmg.br\/cenex\/wp-json\/wp\/v2\/categories?post=12938"},{"taxonomy":"post_tag","embeddable":true,"href":"https:\/\/www.odonto.ufmg.br\/cenex\/wp-json\/wp\/v2\/tags?post=12938"}],"curies":[{"name":"wp","href":"https:\/\/api.w.org\/{rel}","templated":true}]}}