{"id":10356,"date":"2019-11-14T16:13:37","date_gmt":"2019-11-14T19:13:37","guid":{"rendered":"http:\/\/www.odonto.ufmg.br\/cenex\/?p=10356"},"modified":"2019-11-18T15:06:34","modified_gmt":"2019-11-18T18:06:34","slug":"paopt-promove-o-ii-juri-simulado-usar-ou-nao-o-anestesico-com-vasoconstrictor","status":"publish","type":"post","link":"https:\/\/www.odonto.ufmg.br\/cenex\/ata\/paopt-promove-o-ii-juri-simulado-usar-ou-nao-o-anestesico-com-vasoconstrictor\/","title":{"rendered":"PAOPT promove o II J\u00daRI SIMULADO &#8211; &#8220;Usar ou n\u00e3o o anest\u00e9sico com vasoconstrictor?&#8221;"},"content":{"rendered":"<p>O Programa de Assist\u00eancia Odontol\u00f3gica a Pacientes de Transplante da Universidade Federal de Minas Gerais (PAOPT \u2013 UFMG) promovem o II J\u00fari Simulado junto com o Departamento de Cl\u00ednica da Faculdade de Medicina (FM \u2013 UFMG) no dia 28 de novembro, \u00e0s 18h45, no audit\u00f3rio H\u00e9lio de Senna Figueiredo.<\/p>\n<p>Nesse evento, participar\u00e3o alunos da vinculados ao PAOPT e do curso de Medicina que ser\u00e3o divididos em dois lados: um defende o uso do anest\u00e9sico sem o vasoconstrictor e o outro defende o uso do anest\u00e9sico com o vasoconstrictor. Al\u00e9m deles, docentes da FAO comp\u00f5em a banca junto com os alunos e um profissional da \u00e1rea do Direito instruir\u00e1 todos os integrantes para a boa condu\u00e7\u00e3o da pe\u00e7a.<\/p>\n<p>A comunidade Acad\u00eamica da FAO e as institui\u00e7\u00f5es convidadas poder\u00e3o participar como plateia, mediante inscri\u00e7\u00e3o. Com isso, eles podem manifestar apoio ao lado de sua escolha durante atividade.<\/p>\n<p>No final da apresenta\u00e7\u00e3o, ap\u00f3s decis\u00e3o do J\u00fari Popular o J\u00fari T\u00e9cnico se manifestar\u00e1 sob a senten\u00e7a.<\/p>\n<p>&nbsp;<\/p>\n<p style=\"text-align: left\"><strong>Inscri\u00e7\u00f5es<\/strong><\/p>\n<p>As inscri\u00e7\u00f5es est\u00e3o abertas e ser\u00e3o realizadas via INTRANET.<\/p>\n<p>Comunidade externa inscrever-se como ALUNO EXTERNO.<\/p>\n","protected":false},"excerpt":{"rendered":"<p>O Programa de Assist\u00eancia Odontol\u00f3gica a Pacientes de Transplante da Universidade Federal de Minas Gerais (PAOPT \u2013 UFMG) promovem o II J\u00fari Simulado junto com o Departamento de Cl\u00ednica da Faculdade de Medicina (FM \u2013 UFMG) no dia 28 de novembro, \u00e0s 18h45, no audit\u00f3rio H\u00e9lio de Senna Figueiredo. Nesse evento, participar\u00e3o alunos da vinculados [&hellip;]<\/p>\n","protected":false},"author":1,"featured_media":10364,"comment_status":"closed","ping_status":"closed","sticky":false,"template":"","format":"standard","meta":{"inline_featured_image":false,"footnotes":""},"categories":[2],"tags":[],"class_list":["post-10356","post","type-post","status-publish","format-standard","has-post-thumbnail","hentry","category-ata"],"yoast_head":"<!-- This site is optimized with the Yoast SEO plugin v27.5 - https:\/\/yoast.com\/product\/yoast-seo-wordpress\/ -->\n<title>PAOPT promove o II J\u00daRI SIMULADO - &quot;Usar ou n\u00e3o o anest\u00e9sico com vasoconstrictor?&quot; | CENEX Odonto<\/title>\n<meta name=\"robots\" content=\"index, follow, max-snippet:-1, max-image-preview:large, max-video-preview:-1\" \/>\n<link rel=\"canonical\" href=\"https:\/\/www.odonto.ufmg.br\/cenex\/noticias\/paopt-promove-o-ii-juri-simulado-usar-ou-nao-o-anestesico-com-vasoconstrictor\/\" \/>\n<meta property=\"og:locale\" content=\"pt_BR\" \/>\n<meta property=\"og:type\" content=\"article\" \/>\n<meta property=\"og:title\" content=\"PAOPT promove o II J\u00daRI SIMULADO - &quot;Usar ou n\u00e3o o anest\u00e9sico com vasoconstrictor?&quot; | CENEX Odonto\" \/>\n<meta property=\"og:description\" content=\"O Programa de Assist\u00eancia Odontol\u00f3gica a Pacientes de Transplante da Universidade Federal de Minas Gerais (PAOPT \u2013 UFMG) promovem o II J\u00fari Simulado junto com o Departamento de Cl\u00ednica da Faculdade de Medicina (FM \u2013 UFMG) no dia 28 de novembro, \u00e0s 18h45, no audit\u00f3rio H\u00e9lio de Senna Figueiredo. Nesse evento, participar\u00e3o alunos da vinculados [&hellip;]\" \/>\n<meta property=\"og:url\" content=\"https:\/\/www.odonto.ufmg.br\/cenex\/noticias\/paopt-promove-o-ii-juri-simulado-usar-ou-nao-o-anestesico-com-vasoconstrictor\/\" \/>\n<meta property=\"og:site_name\" content=\"CENEX Odonto\" \/>\n<meta property=\"article:publisher\" content=\"https:\/\/www.facebook.com\/cenexfao\/?locale=pt_BR\" \/>\n<meta property=\"article:published_time\" content=\"2019-11-14T19:13:37+00:00\" \/>\n<meta property=\"article:modified_time\" content=\"2019-11-18T18:06:34+00:00\" \/>\n<meta property=\"og:image\" content=\"https:\/\/www.odonto.ufmg.br\/cenex\/wp-content\/uploads\/sites\/2\/2019\/11\/II-JURI-SIMULADO-EDITADO.png\" \/>\n\t<meta property=\"og:image:width\" content=\"820\" \/>\n\t<meta property=\"og:image:height\" content=\"312\" \/>\n\t<meta property=\"og:image:type\" content=\"image\/png\" \/>\n<meta name=\"author\" content=\"Faculdade de Odontologia UFMG\" \/>\n<meta name=\"twitter:card\" content=\"summary_large_image\" \/>\n<meta name=\"twitter:label1\" content=\"Escrito por\" \/>\n\t<meta name=\"twitter:data1\" content=\"Faculdade de Odontologia UFMG\" \/>\n\t<meta name=\"twitter:label2\" content=\"Est. tempo de leitura\" \/>\n\t<meta name=\"twitter:data2\" content=\"1 minuto\" \/>\n<script type=\"application\/ld+json\" class=\"yoast-schema-graph\">{\"@context\":\"https:\\\/\\\/schema.org\",\"@graph\":[{\"@type\":\"Article\",\"@id\":\"https:\\\/\\\/www.odonto.ufmg.br\\\/cenex\\\/noticias\\\/paopt-promove-o-ii-juri-simulado-usar-ou-nao-o-anestesico-com-vasoconstrictor\\\/#article\",\"isPartOf\":{\"@id\":\"https:\\\/\\\/www.odonto.ufmg.br\\\/cenex\\\/noticias\\\/paopt-promove-o-ii-juri-simulado-usar-ou-nao-o-anestesico-com-vasoconstrictor\\\/\"},\"author\":{\"name\":\"Faculdade de Odontologia UFMG\",\"@id\":\"https:\\\/\\\/www.odonto.ufmg.br\\\/cenex\\\/#\\\/schema\\\/person\\\/8c31067ef949cf5efe6c3ef4f6f51797\"},\"headline\":\"PAOPT promove o II J\u00daRI SIMULADO &#8211; &#8220;Usar ou n\u00e3o o anest\u00e9sico com vasoconstrictor?&#8221;\",\"datePublished\":\"2019-11-14T19:13:37+00:00\",\"dateModified\":\"2019-11-18T18:06:34+00:00\",\"mainEntityOfPage\":{\"@id\":\"https:\\\/\\\/www.odonto.ufmg.br\\\/cenex\\\/noticias\\\/paopt-promove-o-ii-juri-simulado-usar-ou-nao-o-anestesico-com-vasoconstrictor\\\/\"},\"wordCount\":222,\"publisher\":{\"@id\":\"https:\\\/\\\/www.odonto.ufmg.br\\\/cenex\\\/#organization\"},\"image\":{\"@id\":\"https:\\\/\\\/www.odonto.ufmg.br\\\/cenex\\\/noticias\\\/paopt-promove-o-ii-juri-simulado-usar-ou-nao-o-anestesico-com-vasoconstrictor\\\/#primaryimage\"},\"thumbnailUrl\":\"https:\\\/\\\/www.odonto.ufmg.br\\\/cenex\\\/wp-content\\\/uploads\\\/sites\\\/2\\\/2019\\\/11\\\/II-JURI-SIMULADO-EDITADO.png\",\"articleSection\":[\"ATA\"],\"inLanguage\":\"pt-BR\"},{\"@type\":\"WebPage\",\"@id\":\"https:\\\/\\\/www.odonto.ufmg.br\\\/cenex\\\/noticias\\\/paopt-promove-o-ii-juri-simulado-usar-ou-nao-o-anestesico-com-vasoconstrictor\\\/\",\"url\":\"https:\\\/\\\/www.odonto.ufmg.br\\\/cenex\\\/noticias\\\/paopt-promove-o-ii-juri-simulado-usar-ou-nao-o-anestesico-com-vasoconstrictor\\\/\",\"name\":\"PAOPT promove o II J\u00daRI SIMULADO - \\\"Usar ou n\u00e3o o anest\u00e9sico com vasoconstrictor?\\\" | CENEX Odonto\",\"isPartOf\":{\"@id\":\"https:\\\/\\\/www.odonto.ufmg.br\\\/cenex\\\/#website\"},\"primaryImageOfPage\":{\"@id\":\"https:\\\/\\\/www.odonto.ufmg.br\\\/cenex\\\/noticias\\\/paopt-promove-o-ii-juri-simulado-usar-ou-nao-o-anestesico-com-vasoconstrictor\\\/#primaryimage\"},\"image\":{\"@id\":\"https:\\\/\\\/www.odonto.ufmg.br\\\/cenex\\\/noticias\\\/paopt-promove-o-ii-juri-simulado-usar-ou-nao-o-anestesico-com-vasoconstrictor\\\/#primaryimage\"},\"thumbnailUrl\":\"https:\\\/\\\/www.odonto.ufmg.br\\\/cenex\\\/wp-content\\\/uploads\\\/sites\\\/2\\\/2019\\\/11\\\/II-JURI-SIMULADO-EDITADO.png\",\"datePublished\":\"2019-11-14T19:13:37+00:00\",\"dateModified\":\"2019-11-18T18:06:34+00:00\",\"breadcrumb\":{\"@id\":\"https:\\\/\\\/www.odonto.ufmg.br\\\/cenex\\\/noticias\\\/paopt-promove-o-ii-juri-simulado-usar-ou-nao-o-anestesico-com-vasoconstrictor\\\/#breadcrumb\"},\"inLanguage\":\"pt-BR\",\"potentialAction\":[{\"@type\":\"ReadAction\",\"target\":[\"https:\\\/\\\/www.odonto.ufmg.br\\\/cenex\\\/noticias\\\/paopt-promove-o-ii-juri-simulado-usar-ou-nao-o-anestesico-com-vasoconstrictor\\\/\"]}]},{\"@type\":\"ImageObject\",\"inLanguage\":\"pt-BR\",\"@id\":\"https:\\\/\\\/www.odonto.ufmg.br\\\/cenex\\\/noticias\\\/paopt-promove-o-ii-juri-simulado-usar-ou-nao-o-anestesico-com-vasoconstrictor\\\/#primaryimage\",\"url\":\"https:\\\/\\\/www.odonto.ufmg.br\\\/cenex\\\/wp-content\\\/uploads\\\/sites\\\/2\\\/2019\\\/11\\\/II-JURI-SIMULADO-EDITADO.png\",\"contentUrl\":\"https:\\\/\\\/www.odonto.ufmg.br\\\/cenex\\\/wp-content\\\/uploads\\\/sites\\\/2\\\/2019\\\/11\\\/II-JURI-SIMULADO-EDITADO.png\",\"width\":820,\"height\":312},{\"@type\":\"BreadcrumbList\",\"@id\":\"https:\\\/\\\/www.odonto.ufmg.br\\\/cenex\\\/noticias\\\/paopt-promove-o-ii-juri-simulado-usar-ou-nao-o-anestesico-com-vasoconstrictor\\\/#breadcrumb\",\"itemListElement\":[{\"@type\":\"ListItem\",\"position\":1,\"name\":\"In\u00edcio\",\"item\":\"https:\\\/\\\/www.odonto.ufmg.br\\\/cenex\\\/cenex\\\/\"},{\"@type\":\"ListItem\",\"position\":2,\"name\":\"PAOPT promove o II J\u00daRI SIMULADO &#8211; &#8220;Usar ou n\u00e3o o anest\u00e9sico com vasoconstrictor?&#8221;\"}]},{\"@type\":\"WebSite\",\"@id\":\"https:\\\/\\\/www.odonto.ufmg.br\\\/cenex\\\/#website\",\"url\":\"https:\\\/\\\/www.odonto.ufmg.br\\\/cenex\\\/\",\"name\":\"CENEX Odonto\",\"description\":\"Centro de Extens\u00e3o - Faculdade de Odontologia UFMG\",\"publisher\":{\"@id\":\"https:\\\/\\\/www.odonto.ufmg.br\\\/cenex\\\/#organization\"},\"potentialAction\":[{\"@type\":\"SearchAction\",\"target\":{\"@type\":\"EntryPoint\",\"urlTemplate\":\"https:\\\/\\\/www.odonto.ufmg.br\\\/cenex\\\/?s={search_term_string}\"},\"query-input\":{\"@type\":\"PropertyValueSpecification\",\"valueRequired\":true,\"valueName\":\"search_term_string\"}}],\"inLanguage\":\"pt-BR\"},{\"@type\":\"Organization\",\"@id\":\"https:\\\/\\\/www.odonto.ufmg.br\\\/cenex\\\/#organization\",\"name\":\"Faculdade de Odontologia da UFMG\",\"url\":\"https:\\\/\\\/www.odonto.ufmg.br\\\/cenex\\\/\",\"logo\":{\"@type\":\"ImageObject\",\"inLanguage\":\"pt-BR\",\"@id\":\"https:\\\/\\\/www.odonto.ufmg.br\\\/cenex\\\/#\\\/schema\\\/logo\\\/image\\\/\",\"url\":\"http:\\\/\\\/www.odonto.ufmg.br\\\/cenex\\\/wp-content\\\/uploads\\\/sites\\\/2\\\/2015\\\/12\\\/logo_cenex.svg\",\"contentUrl\":\"http:\\\/\\\/www.odonto.ufmg.br\\\/cenex\\\/wp-content\\\/uploads\\\/sites\\\/2\\\/2015\\\/12\\\/logo_cenex.svg\",\"width\":1,\"height\":1,\"caption\":\"Faculdade de Odontologia da UFMG\"},\"image\":{\"@id\":\"https:\\\/\\\/www.odonto.ufmg.br\\\/cenex\\\/#\\\/schema\\\/logo\\\/image\\\/\"},\"sameAs\":[\"https:\\\/\\\/www.facebook.com\\\/cenexfao\\\/?locale=pt_BR\",\"https:\\\/\\\/www.instagram.com\\\/cenexfao\\\/\"]},{\"@type\":\"Person\",\"@id\":\"https:\\\/\\\/www.odonto.ufmg.br\\\/cenex\\\/#\\\/schema\\\/person\\\/8c31067ef949cf5efe6c3ef4f6f51797\",\"name\":\"Faculdade de Odontologia UFMG\",\"url\":\"https:\\\/\\\/www.odonto.ufmg.br\\\/cenex\\\/author\\\/sites\\\/\"}]}<\/script>\n<!-- \/ Yoast SEO plugin. -->","yoast_head_json":{"title":"PAOPT promove o II J\u00daRI SIMULADO - \"Usar ou n\u00e3o o anest\u00e9sico com vasoconstrictor?\" | CENEX Odonto","robots":{"index":"index","follow":"follow","max-snippet":"max-snippet:-1","max-image-preview":"max-image-preview:large","max-video-preview":"max-video-preview:-1"},"canonical":"https:\/\/www.odonto.ufmg.br\/cenex\/noticias\/paopt-promove-o-ii-juri-simulado-usar-ou-nao-o-anestesico-com-vasoconstrictor\/","og_locale":"pt_BR","og_type":"article","og_title":"PAOPT promove o II J\u00daRI SIMULADO - \"Usar ou n\u00e3o o anest\u00e9sico com vasoconstrictor?\" | CENEX Odonto","og_description":"O Programa de Assist\u00eancia Odontol\u00f3gica a Pacientes de Transplante da Universidade Federal de Minas Gerais (PAOPT \u2013 UFMG) promovem o II J\u00fari Simulado junto com o Departamento de Cl\u00ednica da Faculdade de Medicina (FM \u2013 UFMG) no dia 28 de novembro, \u00e0s 18h45, no audit\u00f3rio H\u00e9lio de Senna Figueiredo. Nesse evento, participar\u00e3o alunos da vinculados [&hellip;]","og_url":"https:\/\/www.odonto.ufmg.br\/cenex\/noticias\/paopt-promove-o-ii-juri-simulado-usar-ou-nao-o-anestesico-com-vasoconstrictor\/","og_site_name":"CENEX Odonto","article_publisher":"https:\/\/www.facebook.com\/cenexfao\/?locale=pt_BR","article_published_time":"2019-11-14T19:13:37+00:00","article_modified_time":"2019-11-18T18:06:34+00:00","og_image":[{"width":820,"height":312,"url":"https:\/\/www.odonto.ufmg.br\/cenex\/wp-content\/uploads\/sites\/2\/2019\/11\/II-JURI-SIMULADO-EDITADO.png","type":"image\/png"}],"author":"Faculdade de Odontologia UFMG","twitter_card":"summary_large_image","twitter_misc":{"Escrito por":"Faculdade de Odontologia UFMG","Est. tempo de leitura":"1 minuto"},"schema":{"@context":"https:\/\/schema.org","@graph":[{"@type":"Article","@id":"https:\/\/www.odonto.ufmg.br\/cenex\/noticias\/paopt-promove-o-ii-juri-simulado-usar-ou-nao-o-anestesico-com-vasoconstrictor\/#article","isPartOf":{"@id":"https:\/\/www.odonto.ufmg.br\/cenex\/noticias\/paopt-promove-o-ii-juri-simulado-usar-ou-nao-o-anestesico-com-vasoconstrictor\/"},"author":{"name":"Faculdade de Odontologia UFMG","@id":"https:\/\/www.odonto.ufmg.br\/cenex\/#\/schema\/person\/8c31067ef949cf5efe6c3ef4f6f51797"},"headline":"PAOPT promove o II J\u00daRI SIMULADO &#8211; &#8220;Usar ou n\u00e3o o anest\u00e9sico com vasoconstrictor?&#8221;","datePublished":"2019-11-14T19:13:37+00:00","dateModified":"2019-11-18T18:06:34+00:00","mainEntityOfPage":{"@id":"https:\/\/www.odonto.ufmg.br\/cenex\/noticias\/paopt-promove-o-ii-juri-simulado-usar-ou-nao-o-anestesico-com-vasoconstrictor\/"},"wordCount":222,"publisher":{"@id":"https:\/\/www.odonto.ufmg.br\/cenex\/#organization"},"image":{"@id":"https:\/\/www.odonto.ufmg.br\/cenex\/noticias\/paopt-promove-o-ii-juri-simulado-usar-ou-nao-o-anestesico-com-vasoconstrictor\/#primaryimage"},"thumbnailUrl":"https:\/\/www.odonto.ufmg.br\/cenex\/wp-content\/uploads\/sites\/2\/2019\/11\/II-JURI-SIMULADO-EDITADO.png","articleSection":["ATA"],"inLanguage":"pt-BR"},{"@type":"WebPage","@id":"https:\/\/www.odonto.ufmg.br\/cenex\/noticias\/paopt-promove-o-ii-juri-simulado-usar-ou-nao-o-anestesico-com-vasoconstrictor\/","url":"https:\/\/www.odonto.ufmg.br\/cenex\/noticias\/paopt-promove-o-ii-juri-simulado-usar-ou-nao-o-anestesico-com-vasoconstrictor\/","name":"PAOPT promove o II J\u00daRI SIMULADO - \"Usar ou n\u00e3o o anest\u00e9sico com vasoconstrictor?\" | CENEX Odonto","isPartOf":{"@id":"https:\/\/www.odonto.ufmg.br\/cenex\/#website"},"primaryImageOfPage":{"@id":"https:\/\/www.odonto.ufmg.br\/cenex\/noticias\/paopt-promove-o-ii-juri-simulado-usar-ou-nao-o-anestesico-com-vasoconstrictor\/#primaryimage"},"image":{"@id":"https:\/\/www.odonto.ufmg.br\/cenex\/noticias\/paopt-promove-o-ii-juri-simulado-usar-ou-nao-o-anestesico-com-vasoconstrictor\/#primaryimage"},"thumbnailUrl":"https:\/\/www.odonto.ufmg.br\/cenex\/wp-content\/uploads\/sites\/2\/2019\/11\/II-JURI-SIMULADO-EDITADO.png","datePublished":"2019-11-14T19:13:37+00:00","dateModified":"2019-11-18T18:06:34+00:00","breadcrumb":{"@id":"https:\/\/www.odonto.ufmg.br\/cenex\/noticias\/paopt-promove-o-ii-juri-simulado-usar-ou-nao-o-anestesico-com-vasoconstrictor\/#breadcrumb"},"inLanguage":"pt-BR","potentialAction":[{"@type":"ReadAction","target":["https:\/\/www.odonto.ufmg.br\/cenex\/noticias\/paopt-promove-o-ii-juri-simulado-usar-ou-nao-o-anestesico-com-vasoconstrictor\/"]}]},{"@type":"ImageObject","inLanguage":"pt-BR","@id":"https:\/\/www.odonto.ufmg.br\/cenex\/noticias\/paopt-promove-o-ii-juri-simulado-usar-ou-nao-o-anestesico-com-vasoconstrictor\/#primaryimage","url":"https:\/\/www.odonto.ufmg.br\/cenex\/wp-content\/uploads\/sites\/2\/2019\/11\/II-JURI-SIMULADO-EDITADO.png","contentUrl":"https:\/\/www.odonto.ufmg.br\/cenex\/wp-content\/uploads\/sites\/2\/2019\/11\/II-JURI-SIMULADO-EDITADO.png","width":820,"height":312},{"@type":"BreadcrumbList","@id":"https:\/\/www.odonto.ufmg.br\/cenex\/noticias\/paopt-promove-o-ii-juri-simulado-usar-ou-nao-o-anestesico-com-vasoconstrictor\/#breadcrumb","itemListElement":[{"@type":"ListItem","position":1,"name":"In\u00edcio","item":"https:\/\/www.odonto.ufmg.br\/cenex\/cenex\/"},{"@type":"ListItem","position":2,"name":"PAOPT promove o II J\u00daRI SIMULADO &#8211; &#8220;Usar ou n\u00e3o o anest\u00e9sico com vasoconstrictor?&#8221;"}]},{"@type":"WebSite","@id":"https:\/\/www.odonto.ufmg.br\/cenex\/#website","url":"https:\/\/www.odonto.ufmg.br\/cenex\/","name":"CENEX Odonto","description":"Centro de Extens\u00e3o - Faculdade de Odontologia UFMG","publisher":{"@id":"https:\/\/www.odonto.ufmg.br\/cenex\/#organization"},"potentialAction":[{"@type":"SearchAction","target":{"@type":"EntryPoint","urlTemplate":"https:\/\/www.odonto.ufmg.br\/cenex\/?s={search_term_string}"},"query-input":{"@type":"PropertyValueSpecification","valueRequired":true,"valueName":"search_term_string"}}],"inLanguage":"pt-BR"},{"@type":"Organization","@id":"https:\/\/www.odonto.ufmg.br\/cenex\/#organization","name":"Faculdade de Odontologia da UFMG","url":"https:\/\/www.odonto.ufmg.br\/cenex\/","logo":{"@type":"ImageObject","inLanguage":"pt-BR","@id":"https:\/\/www.odonto.ufmg.br\/cenex\/#\/schema\/logo\/image\/","url":"http:\/\/www.odonto.ufmg.br\/cenex\/wp-content\/uploads\/sites\/2\/2015\/12\/logo_cenex.svg","contentUrl":"http:\/\/www.odonto.ufmg.br\/cenex\/wp-content\/uploads\/sites\/2\/2015\/12\/logo_cenex.svg","width":1,"height":1,"caption":"Faculdade de Odontologia da UFMG"},"image":{"@id":"https:\/\/www.odonto.ufmg.br\/cenex\/#\/schema\/logo\/image\/"},"sameAs":["https:\/\/www.facebook.com\/cenexfao\/?locale=pt_BR","https:\/\/www.instagram.com\/cenexfao\/"]},{"@type":"Person","@id":"https:\/\/www.odonto.ufmg.br\/cenex\/#\/schema\/person\/8c31067ef949cf5efe6c3ef4f6f51797","name":"Faculdade de Odontologia UFMG","url":"https:\/\/www.odonto.ufmg.br\/cenex\/author\/sites\/"}]}},"_links":{"self":[{"href":"https:\/\/www.odonto.ufmg.br\/cenex\/wp-json\/wp\/v2\/posts\/10356","targetHints":{"allow":["GET"]}}],"collection":[{"href":"https:\/\/www.odonto.ufmg.br\/cenex\/wp-json\/wp\/v2\/posts"}],"about":[{"href":"https:\/\/www.odonto.ufmg.br\/cenex\/wp-json\/wp\/v2\/types\/post"}],"author":[{"embeddable":true,"href":"https:\/\/www.odonto.ufmg.br\/cenex\/wp-json\/wp\/v2\/users\/1"}],"replies":[{"embeddable":true,"href":"https:\/\/www.odonto.ufmg.br\/cenex\/wp-json\/wp\/v2\/comments?post=10356"}],"version-history":[{"count":3,"href":"https:\/\/www.odonto.ufmg.br\/cenex\/wp-json\/wp\/v2\/posts\/10356\/revisions"}],"predecessor-version":[{"id":10359,"href":"https:\/\/www.odonto.ufmg.br\/cenex\/wp-json\/wp\/v2\/posts\/10356\/revisions\/10359"}],"wp:featuredmedia":[{"embeddable":true,"href":"https:\/\/www.odonto.ufmg.br\/cenex\/wp-json\/wp\/v2\/media\/10364"}],"wp:attachment":[{"href":"https:\/\/www.odonto.ufmg.br\/cenex\/wp-json\/wp\/v2\/media?parent=10356"}],"wp:term":[{"taxonomy":"category","embeddable":true,"href":"https:\/\/www.odonto.ufmg.br\/cenex\/wp-json\/wp\/v2\/categories?post=10356"},{"taxonomy":"post_tag","embeddable":true,"href":"https:\/\/www.odonto.ufmg.br\/cenex\/wp-json\/wp\/v2\/tags?post=10356"}],"curies":[{"name":"wp","href":"https:\/\/api.w.org\/{rel}","templated":true}]}}