{"id":5169,"date":"2022-06-07T17:07:27","date_gmt":"2022-06-07T20:07:27","guid":{"rendered":"https:\/\/www.odonto.ufmg.br\/biblioteca\/?p=5169"},"modified":"2022-06-07T18:05:05","modified_gmt":"2022-06-07T21:05:05","slug":"atencao","status":"publish","type":"post","link":"https:\/\/www.odonto.ufmg.br\/biblioteca\/biblioteca-fao\/atencao\/","title":{"rendered":"Aten\u00e7\u00e3o usu\u00e1rios"},"content":{"rendered":"<p style=\"text-align: justify\"><span style=\"color: #000000\">Em virtude da greve dos t\u00e9cnicos administrativos das IFES,\u00a0 informamos que a partir de quarta-feira, dia 08\/06, a Biblioteca da FAOUFMG estar\u00e1 fechada por tempo indeterminado. <\/span><\/p>\n<p style=\"text-align: justify\"><span style=\"color: #000000\">Obs: Durante o per\u00edodo de greve, os alunos n\u00e3o ser\u00e3o penalizados com as multas geradas pelo atraso na entrega de livros da Biblioteca da FAO.<\/span><\/p>\n<p>E-mail para contato:\u00a0 <span class=\"qu\" role=\"gridcell\"><span class=\"go\">bib@odonto.ufmg.br<\/span><\/span><\/p>\n","protected":false},"excerpt":{"rendered":"<p>Em virtude da greve dos t\u00e9cnicos administrativos das IFES,\u00a0 informamos que a partir de quarta-feira, dia 08\/06, a Biblioteca da FAOUFMG estar\u00e1 fechada por tempo indeterminado. Obs: Durante o per\u00edodo de greve, os alunos n\u00e3o ser\u00e3o penalizados com as multas geradas pelo atraso na entrega de livros da Biblioteca da FAO. E-mail para contato:\u00a0 bib@odonto.ufmg.br<\/p>\n","protected":false},"author":35,"featured_media":0,"comment_status":"closed","ping_status":"closed","sticky":false,"template":"","format":"standard","meta":{"inline_featured_image":false,"footnotes":""},"categories":[2],"tags":[],"class_list":["post-5169","post","type-post","status-publish","format-standard","hentry","category-biblioteca-fao"],"yoast_head":"<!-- This site is optimized with the Yoast SEO plugin v27.5 - https:\/\/yoast.com\/product\/yoast-seo-wordpress\/ -->\n<title>Aten\u00e7\u00e3o usu\u00e1rios - Biblioteca Professora Helena Helo\u00edsa Paix\u00e3o<\/title>\n<meta name=\"robots\" content=\"index, follow, max-snippet:-1, max-image-preview:large, max-video-preview:-1\" \/>\n<link rel=\"canonical\" href=\"https:\/\/www.odonto.ufmg.br\/biblioteca\/biblioteca-fao\/atencao\/\" \/>\n<meta property=\"og:locale\" content=\"pt_BR\" \/>\n<meta property=\"og:type\" content=\"article\" \/>\n<meta property=\"og:title\" content=\"Aten\u00e7\u00e3o usu\u00e1rios - Biblioteca Professora Helena Helo\u00edsa Paix\u00e3o\" \/>\n<meta property=\"og:description\" content=\"Em virtude da greve dos t\u00e9cnicos administrativos das IFES,\u00a0 informamos que a partir de quarta-feira, dia 08\/06, a Biblioteca da FAOUFMG estar\u00e1 fechada por tempo indeterminado. Obs: Durante o per\u00edodo de greve, os alunos n\u00e3o ser\u00e3o penalizados com as multas geradas pelo atraso na entrega de livros da Biblioteca da FAO. E-mail para contato:\u00a0 bib@odonto.ufmg.br\" \/>\n<meta property=\"og:url\" content=\"https:\/\/www.odonto.ufmg.br\/biblioteca\/biblioteca-fao\/atencao\/\" \/>\n<meta property=\"og:site_name\" content=\"Biblioteca Professora Helena Helo\u00edsa Paix\u00e3o\" \/>\n<meta property=\"article:published_time\" content=\"2022-06-07T20:07:27+00:00\" \/>\n<meta property=\"article:modified_time\" content=\"2022-06-07T21:05:05+00:00\" \/>\n<meta name=\"author\" content=\"valeria\" \/>\n<meta name=\"twitter:card\" content=\"summary_large_image\" \/>\n<meta name=\"twitter:label1\" content=\"Escrito por\" \/>\n\t<meta name=\"twitter:data1\" content=\"valeria\" \/>\n<script type=\"application\/ld+json\" class=\"yoast-schema-graph\">{\"@context\":\"https:\\\/\\\/schema.org\",\"@graph\":[{\"@type\":\"Article\",\"@id\":\"https:\\\/\\\/www.odonto.ufmg.br\\\/biblioteca\\\/biblioteca-fao\\\/atencao\\\/#article\",\"isPartOf\":{\"@id\":\"https:\\\/\\\/www.odonto.ufmg.br\\\/biblioteca\\\/biblioteca-fao\\\/atencao\\\/\"},\"author\":{\"name\":\"valeria\",\"@id\":\"https:\\\/\\\/www.odonto.ufmg.br\\\/biblioteca\\\/#\\\/schema\\\/person\\\/65f670c1badff0a7fd8e8fb2bcccaea5\"},\"headline\":\"Aten\u00e7\u00e3o usu\u00e1rios\",\"datePublished\":\"2022-06-07T20:07:27+00:00\",\"dateModified\":\"2022-06-07T21:05:05+00:00\",\"mainEntityOfPage\":{\"@id\":\"https:\\\/\\\/www.odonto.ufmg.br\\\/biblioteca\\\/biblioteca-fao\\\/atencao\\\/\"},\"wordCount\":65,\"articleSection\":[\"Biblioteca FAO\"],\"inLanguage\":\"pt-BR\"},{\"@type\":\"WebPage\",\"@id\":\"https:\\\/\\\/www.odonto.ufmg.br\\\/biblioteca\\\/biblioteca-fao\\\/atencao\\\/\",\"url\":\"https:\\\/\\\/www.odonto.ufmg.br\\\/biblioteca\\\/biblioteca-fao\\\/atencao\\\/\",\"name\":\"Aten\u00e7\u00e3o usu\u00e1rios - Biblioteca Professora Helena Helo\u00edsa Paix\u00e3o\",\"isPartOf\":{\"@id\":\"https:\\\/\\\/www.odonto.ufmg.br\\\/biblioteca\\\/#website\"},\"datePublished\":\"2022-06-07T20:07:27+00:00\",\"dateModified\":\"2022-06-07T21:05:05+00:00\",\"author\":{\"@id\":\"https:\\\/\\\/www.odonto.ufmg.br\\\/biblioteca\\\/#\\\/schema\\\/person\\\/65f670c1badff0a7fd8e8fb2bcccaea5\"},\"breadcrumb\":{\"@id\":\"https:\\\/\\\/www.odonto.ufmg.br\\\/biblioteca\\\/biblioteca-fao\\\/atencao\\\/#breadcrumb\"},\"inLanguage\":\"pt-BR\",\"potentialAction\":[{\"@type\":\"ReadAction\",\"target\":[\"https:\\\/\\\/www.odonto.ufmg.br\\\/biblioteca\\\/biblioteca-fao\\\/atencao\\\/\"]}]},{\"@type\":\"BreadcrumbList\",\"@id\":\"https:\\\/\\\/www.odonto.ufmg.br\\\/biblioteca\\\/biblioteca-fao\\\/atencao\\\/#breadcrumb\",\"itemListElement\":[{\"@type\":\"ListItem\",\"position\":1,\"name\":\"In\u00edcio\",\"item\":\"https:\\\/\\\/www.odonto.ufmg.br\\\/biblioteca\\\/inicio2\\\/\"},{\"@type\":\"ListItem\",\"position\":2,\"name\":\"Aten\u00e7\u00e3o usu\u00e1rios\"}]},{\"@type\":\"WebSite\",\"@id\":\"https:\\\/\\\/www.odonto.ufmg.br\\\/biblioteca\\\/#website\",\"url\":\"https:\\\/\\\/www.odonto.ufmg.br\\\/biblioteca\\\/\",\"name\":\"Biblioteca Professora Helena Helo\u00edsa Paix\u00e3o\",\"description\":\"Faculdade de Odontologia UFMG\",\"potentialAction\":[{\"@type\":\"SearchAction\",\"target\":{\"@type\":\"EntryPoint\",\"urlTemplate\":\"https:\\\/\\\/www.odonto.ufmg.br\\\/biblioteca\\\/?s={search_term_string}\"},\"query-input\":{\"@type\":\"PropertyValueSpecification\",\"valueRequired\":true,\"valueName\":\"search_term_string\"}}],\"inLanguage\":\"pt-BR\"},{\"@type\":\"Person\",\"@id\":\"https:\\\/\\\/www.odonto.ufmg.br\\\/biblioteca\\\/#\\\/schema\\\/person\\\/65f670c1badff0a7fd8e8fb2bcccaea5\",\"name\":\"valeria\",\"image\":{\"@type\":\"ImageObject\",\"inLanguage\":\"pt-BR\",\"@id\":\"https:\\\/\\\/secure.gravatar.com\\\/avatar\\\/d3c8c20c4d8e201645413123b1a7b038cb949da9bddf09f67b80a5a14a92e6fa?s=96&r=pg\",\"url\":\"https:\\\/\\\/secure.gravatar.com\\\/avatar\\\/d3c8c20c4d8e201645413123b1a7b038cb949da9bddf09f67b80a5a14a92e6fa?s=96&r=pg\",\"contentUrl\":\"https:\\\/\\\/secure.gravatar.com\\\/avatar\\\/d3c8c20c4d8e201645413123b1a7b038cb949da9bddf09f67b80a5a14a92e6fa?s=96&r=pg\",\"caption\":\"valeria\"},\"url\":\"https:\\\/\\\/www.odonto.ufmg.br\\\/biblioteca\\\/author\\\/valeria\\\/\"}]}<\/script>\n<!-- \/ Yoast SEO plugin. -->","yoast_head_json":{"title":"Aten\u00e7\u00e3o usu\u00e1rios - Biblioteca Professora Helena Helo\u00edsa Paix\u00e3o","robots":{"index":"index","follow":"follow","max-snippet":"max-snippet:-1","max-image-preview":"max-image-preview:large","max-video-preview":"max-video-preview:-1"},"canonical":"https:\/\/www.odonto.ufmg.br\/biblioteca\/biblioteca-fao\/atencao\/","og_locale":"pt_BR","og_type":"article","og_title":"Aten\u00e7\u00e3o usu\u00e1rios - Biblioteca Professora Helena Helo\u00edsa Paix\u00e3o","og_description":"Em virtude da greve dos t\u00e9cnicos administrativos das IFES,\u00a0 informamos que a partir de quarta-feira, dia 08\/06, a Biblioteca da FAOUFMG estar\u00e1 fechada por tempo indeterminado. Obs: Durante o per\u00edodo de greve, os alunos n\u00e3o ser\u00e3o penalizados com as multas geradas pelo atraso na entrega de livros da Biblioteca da FAO. E-mail para contato:\u00a0 bib@odonto.ufmg.br","og_url":"https:\/\/www.odonto.ufmg.br\/biblioteca\/biblioteca-fao\/atencao\/","og_site_name":"Biblioteca Professora Helena Helo\u00edsa Paix\u00e3o","article_published_time":"2022-06-07T20:07:27+00:00","article_modified_time":"2022-06-07T21:05:05+00:00","author":"valeria","twitter_card":"summary_large_image","twitter_misc":{"Escrito por":"valeria"},"schema":{"@context":"https:\/\/schema.org","@graph":[{"@type":"Article","@id":"https:\/\/www.odonto.ufmg.br\/biblioteca\/biblioteca-fao\/atencao\/#article","isPartOf":{"@id":"https:\/\/www.odonto.ufmg.br\/biblioteca\/biblioteca-fao\/atencao\/"},"author":{"name":"valeria","@id":"https:\/\/www.odonto.ufmg.br\/biblioteca\/#\/schema\/person\/65f670c1badff0a7fd8e8fb2bcccaea5"},"headline":"Aten\u00e7\u00e3o usu\u00e1rios","datePublished":"2022-06-07T20:07:27+00:00","dateModified":"2022-06-07T21:05:05+00:00","mainEntityOfPage":{"@id":"https:\/\/www.odonto.ufmg.br\/biblioteca\/biblioteca-fao\/atencao\/"},"wordCount":65,"articleSection":["Biblioteca FAO"],"inLanguage":"pt-BR"},{"@type":"WebPage","@id":"https:\/\/www.odonto.ufmg.br\/biblioteca\/biblioteca-fao\/atencao\/","url":"https:\/\/www.odonto.ufmg.br\/biblioteca\/biblioteca-fao\/atencao\/","name":"Aten\u00e7\u00e3o usu\u00e1rios - Biblioteca Professora Helena Helo\u00edsa Paix\u00e3o","isPartOf":{"@id":"https:\/\/www.odonto.ufmg.br\/biblioteca\/#website"},"datePublished":"2022-06-07T20:07:27+00:00","dateModified":"2022-06-07T21:05:05+00:00","author":{"@id":"https:\/\/www.odonto.ufmg.br\/biblioteca\/#\/schema\/person\/65f670c1badff0a7fd8e8fb2bcccaea5"},"breadcrumb":{"@id":"https:\/\/www.odonto.ufmg.br\/biblioteca\/biblioteca-fao\/atencao\/#breadcrumb"},"inLanguage":"pt-BR","potentialAction":[{"@type":"ReadAction","target":["https:\/\/www.odonto.ufmg.br\/biblioteca\/biblioteca-fao\/atencao\/"]}]},{"@type":"BreadcrumbList","@id":"https:\/\/www.odonto.ufmg.br\/biblioteca\/biblioteca-fao\/atencao\/#breadcrumb","itemListElement":[{"@type":"ListItem","position":1,"name":"In\u00edcio","item":"https:\/\/www.odonto.ufmg.br\/biblioteca\/inicio2\/"},{"@type":"ListItem","position":2,"name":"Aten\u00e7\u00e3o usu\u00e1rios"}]},{"@type":"WebSite","@id":"https:\/\/www.odonto.ufmg.br\/biblioteca\/#website","url":"https:\/\/www.odonto.ufmg.br\/biblioteca\/","name":"Biblioteca Professora Helena Helo\u00edsa Paix\u00e3o","description":"Faculdade de Odontologia UFMG","potentialAction":[{"@type":"SearchAction","target":{"@type":"EntryPoint","urlTemplate":"https:\/\/www.odonto.ufmg.br\/biblioteca\/?s={search_term_string}"},"query-input":{"@type":"PropertyValueSpecification","valueRequired":true,"valueName":"search_term_string"}}],"inLanguage":"pt-BR"},{"@type":"Person","@id":"https:\/\/www.odonto.ufmg.br\/biblioteca\/#\/schema\/person\/65f670c1badff0a7fd8e8fb2bcccaea5","name":"valeria","image":{"@type":"ImageObject","inLanguage":"pt-BR","@id":"https:\/\/secure.gravatar.com\/avatar\/d3c8c20c4d8e201645413123b1a7b038cb949da9bddf09f67b80a5a14a92e6fa?s=96&r=pg","url":"https:\/\/secure.gravatar.com\/avatar\/d3c8c20c4d8e201645413123b1a7b038cb949da9bddf09f67b80a5a14a92e6fa?s=96&r=pg","contentUrl":"https:\/\/secure.gravatar.com\/avatar\/d3c8c20c4d8e201645413123b1a7b038cb949da9bddf09f67b80a5a14a92e6fa?s=96&r=pg","caption":"valeria"},"url":"https:\/\/www.odonto.ufmg.br\/biblioteca\/author\/valeria\/"}]}},"_links":{"self":[{"href":"https:\/\/www.odonto.ufmg.br\/biblioteca\/wp-json\/wp\/v2\/posts\/5169","targetHints":{"allow":["GET"]}}],"collection":[{"href":"https:\/\/www.odonto.ufmg.br\/biblioteca\/wp-json\/wp\/v2\/posts"}],"about":[{"href":"https:\/\/www.odonto.ufmg.br\/biblioteca\/wp-json\/wp\/v2\/types\/post"}],"author":[{"embeddable":true,"href":"https:\/\/www.odonto.ufmg.br\/biblioteca\/wp-json\/wp\/v2\/users\/35"}],"replies":[{"embeddable":true,"href":"https:\/\/www.odonto.ufmg.br\/biblioteca\/wp-json\/wp\/v2\/comments?post=5169"}],"version-history":[{"count":5,"href":"https:\/\/www.odonto.ufmg.br\/biblioteca\/wp-json\/wp\/v2\/posts\/5169\/revisions"}],"predecessor-version":[{"id":5172,"href":"https:\/\/www.odonto.ufmg.br\/biblioteca\/wp-json\/wp\/v2\/posts\/5169\/revisions\/5172"}],"wp:attachment":[{"href":"https:\/\/www.odonto.ufmg.br\/biblioteca\/wp-json\/wp\/v2\/media?parent=5169"}],"wp:term":[{"taxonomy":"category","embeddable":true,"href":"https:\/\/www.odonto.ufmg.br\/biblioteca\/wp-json\/wp\/v2\/categories?post=5169"},{"taxonomy":"post_tag","embeddable":true,"href":"https:\/\/www.odonto.ufmg.br\/biblioteca\/wp-json\/wp\/v2\/tags?post=5169"}],"curies":[{"name":"wp","href":"https:\/\/api.w.org\/{rel}","templated":true}]}}